{"id":95630,"date":"2024-09-26T11:05:16","date_gmt":"2024-09-26T01:05:16","guid":{"rendered":"https:\/\/graziamagazine.com\/?post_type=articles&#038;p=259457"},"modified":"2024-09-26T11:34:49","modified_gmt":"2024-09-26T01:34:49","slug":"kendall-jenner-paris-fashion-week-outfits","status":"publish","type":"articles","link":"https:\/\/graziamagazine.com\/us\/articles\/kendall-jenner-paris-fashion-week-outfits\/","title":{"rendered":"Kendall Jenner Is The Picture Of Old Hollywood Glamour In Paris"},"content":{"rendered":"<figure id=\"attachment_259460\" aria-describedby=\"caption-attachment-259460\" style=\"width: 1707px\" class=\"wp-caption alignnone\"><img loading=\"lazy\" decoding=\"async\" class=\"size-full wp-image-259460\" src=\"https:\/\/graziamagazine.com\/wp-content\/uploads\/2024\/09\/GettyImages-2172765012-scaled.jpg\" alt=\"kendall-jenner-paris-fashion-week\" width=\"1707\" height=\"2560\" \/><figcaption id=\"caption-attachment-259460\" class=\"wp-caption-text\">Kendall Jenner at Bottega Veneta RTW Spring 2025 as part of Milan Ready to Wear Fashion Week on September 21, 2024 in Milan, Italy. (Photo by Aitor Rosas Sune\/WWD via Getty Images)<\/figcaption><\/figure>\n<p>While many celebrities are currently in Europe doing the runway rounds, Kendall Jenner has been putting on a fashion show of her own in the streets of Paris.<\/p>\n<p>After attending the <a href=\"https:\/\/graziamagazine.com\/articles\/bottega-veneta-spring-summer-2025\/\">Bottega Veneta Spring\/Summer 2025 show<\/a> in Milan last week, the model flew to the French capital to participate in the &#8216;Le D\u00e9fil\u00e9 L&#8217;Or\u00e9al Paris: Walk Your Worth&#8217; Womenswear Spring\/Summer 2025 show as an ambassador for L&#8217;Or\u00e9al Paris. But the <a href=\"https:\/\/graziamagazine.com\/articles\/where-to-buy-818-in-australia\/\">818<\/a> founder has been snapped channelling a more sophisticated look while playing tourist, perhaps leaning into the spirit of fresh new hair and new surroundings to try on a sartorial alter ego.<\/p>\n<p>Where we&#8217;d usually catch Jenner in relaxed denim, loafers and casual outerwear, though, she instead opted to make like the stylish locals in a rotation of glamorous outfits. While out and about the city, the 28-year-old stepped out in an <a href=\"https:\/\/graziamagazine.com\/articles\/bella-hadid-john-galliano-dior-dress-orebella\/\">archival John Galliano<\/a> dress that fit her like a glove. The long-sleeved, cap-shoulder dress featured a buttoned bodice and draped neckline, its navy hue complimenting her new icy-blonde hair.<\/p>\n<p>Styled by <a href=\"https:\/\/www.instagram.com\/danixmichelle\/?hl=en\" target=\"_blank\">Dani Michelle<\/a>, she finished off the look with classic black pointed pumps and opaque sunglasses, looking every bit the Old Hollywood starlet.<\/p>\n<figure id=\"attachment_259463\" aria-describedby=\"caption-attachment-259463\" style=\"width: 1707px\" class=\"wp-caption alignnone\"><img loading=\"lazy\" decoding=\"async\" class=\"size-full wp-image-259463\" src=\"https:\/\/graziamagazine.com\/wp-content\/uploads\/2024\/09\/GettyImages-2174399603-scaled.jpg\" alt=\"kendall-jenner-paris-fashion-week\" width=\"1707\" height=\"2560\" \/><figcaption id=\"caption-attachment-259463\" class=\"wp-caption-text\">PARIS, FRANCE &#8211; SEPTEMBER 25: Kendall Jenner is seen on September 25, 2024 in Paris, France. (Photo by Rachpoot\/Bauer-Griffin\/GC Images)<\/figcaption><\/figure>\n<p>Later in the day, to attend <a href=\"https:\/\/graziamagazine.com\/articles\/the-row\/\">The Row<\/a>&#8216;s Spring\/Summer 2025 presentation, Jenner made a costume change into a woven black midi dress from the Olsen twins&#8217; brand. Boasting unique details like a nipped waist, frayed hemline and a sheer underlay, the ensemble struck the perfect balance of modern minimalism with a vintage edge.<\/p>\n<figure id=\"attachment_259462\" aria-describedby=\"caption-attachment-259462\" style=\"width: 1707px\" class=\"wp-caption alignnone\"><img loading=\"lazy\" decoding=\"async\" class=\"size-full wp-image-259462\" src=\"https:\/\/graziamagazine.com\/wp-content\/uploads\/2024\/09\/GettyImages-2174400964-scaled.jpg\" alt=\"kendall-jenner-paris-fashion-week\" width=\"1707\" height=\"2560\" \/><figcaption id=\"caption-attachment-259462\" class=\"wp-caption-text\">PARIS, FRANCE &#8211; SEPTEMBER 25: Kendall Jenner is seen arriving to The Row show on September 25, 2024 in Paris, France. (Photo by Rachpoot\/Bauer-Griffin\/GC Images)<\/figcaption><\/figure>\n","protected":false},"author":27,"featured_media":95631,"template":"","format":"standard","categories":[17,16],"yoast_head":"<!-- This site is optimized with the Yoast SEO Premium plugin v18.5 (Yoast SEO v20.4) - https:\/\/yoast.com\/wordpress\/plugins\/seo\/ -->\n<title>Kendall Jenner Is The Picture Of Old Hollywood Glam In Paris<\/title>\n<meta name=\"description\" content=\"Kendall Jenner, with a fresh blonde mop, has been putting on a fashion show of her own while out about in Paris.\" \/>\n<meta name=\"robots\" content=\"index, follow, max-snippet:-1, max-image-preview:large, max-video-preview:-1\" \/>\n<link rel=\"canonical\" href=\"https:\/\/graziamagazine.com\/us\/articles\/kendall-jenner-paris-fashion-week-outfits\/\" \/>\n<meta property=\"og:locale\" content=\"en_US\" \/>\n<meta property=\"og:type\" content=\"article\" \/>\n<meta property=\"og:title\" content=\"Kendall Jenner Is The Picture Of Old Hollywood Glamour In Paris\" \/>\n<meta property=\"og:description\" content=\"Kendall Jenner, with a fresh blonde mop, has been putting on a fashion show of her own while out about in Paris.\" \/>\n<meta property=\"og:url\" content=\"https:\/\/graziamagazine.com\/us\/articles\/kendall-jenner-paris-fashion-week-outfits\/\" \/>\n<meta property=\"og:site_name\" content=\"Grazia USA\" \/>\n<meta property=\"article:modified_time\" content=\"2024-09-26T01:34:49+00:00\" \/>\n<meta property=\"og:image\" content=\"https:\/\/graziamagazine.com\/us\/wp-content\/uploads\/sites\/15\/2024\/09\/kendall-jenner-paris-fashion-week.jpg\" \/>\n\t<meta property=\"og:image:width\" content=\"1280\" \/>\n\t<meta property=\"og:image:height\" content=\"720\" \/>\n\t<meta property=\"og:image:type\" content=\"image\/jpeg\" \/>\n<meta name=\"twitter:card\" content=\"summary_large_image\" \/>\n<meta name=\"twitter:label1\" content=\"Est. reading time\" \/>\n\t<meta name=\"twitter:data1\" content=\"3 minutes\" \/>\n<script type=\"application\/ld+json\" class=\"yoast-schema-graph\">{\"@context\":\"https:\/\/schema.org\",\"@graph\":[{\"@type\":\"WebPage\",\"@id\":\"https:\/\/graziamagazine.com\/us\/articles\/kendall-jenner-paris-fashion-week-outfits\/\",\"url\":\"https:\/\/graziamagazine.com\/us\/articles\/kendall-jenner-paris-fashion-week-outfits\/\",\"name\":\"Kendall Jenner Is The Picture Of Old Hollywood Glam In Paris\",\"isPartOf\":{\"@id\":\"https:\/\/graziamagazine.com\/us\/#website\"},\"datePublished\":\"2024-09-26T01:05:16+00:00\",\"dateModified\":\"2024-09-26T01:34:49+00:00\",\"description\":\"Kendall Jenner, with a fresh blonde mop, has been putting on a fashion show of her own while out about in Paris.\",\"breadcrumb\":{\"@id\":\"https:\/\/graziamagazine.com\/us\/articles\/kendall-jenner-paris-fashion-week-outfits\/#breadcrumb\"},\"inLanguage\":\"en-US\",\"potentialAction\":[{\"@type\":\"ReadAction\",\"target\":[\"https:\/\/graziamagazine.com\/us\/articles\/kendall-jenner-paris-fashion-week-outfits\/\"]}]},{\"@type\":\"BreadcrumbList\",\"@id\":\"https:\/\/graziamagazine.com\/us\/articles\/kendall-jenner-paris-fashion-week-outfits\/#breadcrumb\",\"itemListElement\":[{\"@type\":\"ListItem\",\"position\":1,\"name\":\"Home\",\"item\":\"https:\/\/graziamagazine.com\/us\/\"},{\"@type\":\"ListItem\",\"position\":2,\"name\":\"Kendall Jenner Is The Picture Of Old Hollywood Glamour In Paris\"}]},{\"@type\":\"WebSite\",\"@id\":\"https:\/\/graziamagazine.com\/us\/#website\",\"url\":\"https:\/\/graziamagazine.com\/us\/\",\"name\":\"Grazia USA\",\"description\":\"Driving tastemakers in Fashion, Beauty and Culture\",\"potentialAction\":[{\"@type\":\"SearchAction\",\"target\":{\"@type\":\"EntryPoint\",\"urlTemplate\":\"https:\/\/graziamagazine.com\/us\/?s={search_term_string}\"},\"query-input\":\"required name=search_term_string\"}],\"inLanguage\":\"en-US\"}]}<\/script>\n<!-- \/ Yoast SEO Premium plugin. -->","yoast_head_json":{"title":"Kendall Jenner Is The Picture Of Old Hollywood Glam In Paris","description":"Kendall Jenner, with a fresh blonde mop, has been putting on a fashion show of her own while out about in Paris.","robots":{"index":"index","follow":"follow","max-snippet":"max-snippet:-1","max-image-preview":"max-image-preview:large","max-video-preview":"max-video-preview:-1"},"canonical":"https:\/\/graziamagazine.com\/us\/articles\/kendall-jenner-paris-fashion-week-outfits\/","og_locale":"en_US","og_type":"article","og_title":"Kendall Jenner Is The Picture Of Old Hollywood Glamour In Paris","og_description":"Kendall Jenner, with a fresh blonde mop, has been putting on a fashion show of her own while out about in Paris.","og_url":"https:\/\/graziamagazine.com\/us\/articles\/kendall-jenner-paris-fashion-week-outfits\/","og_site_name":"Grazia USA","article_modified_time":"2024-09-26T01:34:49+00:00","og_image":[{"width":1280,"height":720,"url":"https:\/\/graziamagazine.com\/us\/wp-content\/uploads\/sites\/15\/2024\/09\/kendall-jenner-paris-fashion-week.jpg","type":"image\/jpeg"}],"twitter_card":"summary_large_image","twitter_misc":{"Est. reading time":"3 minutes"},"schema":{"@context":"https:\/\/schema.org","@graph":[{"@type":"WebPage","@id":"https:\/\/graziamagazine.com\/us\/articles\/kendall-jenner-paris-fashion-week-outfits\/","url":"https:\/\/graziamagazine.com\/us\/articles\/kendall-jenner-paris-fashion-week-outfits\/","name":"Kendall Jenner Is The Picture Of Old Hollywood Glam In Paris","isPartOf":{"@id":"https:\/\/graziamagazine.com\/us\/#website"},"datePublished":"2024-09-26T01:05:16+00:00","dateModified":"2024-09-26T01:34:49+00:00","description":"Kendall Jenner, with a fresh blonde mop, has been putting on a fashion show of her own while out about in Paris.","breadcrumb":{"@id":"https:\/\/graziamagazine.com\/us\/articles\/kendall-jenner-paris-fashion-week-outfits\/#breadcrumb"},"inLanguage":"en-US","potentialAction":[{"@type":"ReadAction","target":["https:\/\/graziamagazine.com\/us\/articles\/kendall-jenner-paris-fashion-week-outfits\/"]}]},{"@type":"BreadcrumbList","@id":"https:\/\/graziamagazine.com\/us\/articles\/kendall-jenner-paris-fashion-week-outfits\/#breadcrumb","itemListElement":[{"@type":"ListItem","position":1,"name":"Home","item":"https:\/\/graziamagazine.com\/us\/"},{"@type":"ListItem","position":2,"name":"Kendall Jenner Is The Picture Of Old Hollywood Glamour In Paris"}]},{"@type":"WebSite","@id":"https:\/\/graziamagazine.com\/us\/#website","url":"https:\/\/graziamagazine.com\/us\/","name":"Grazia USA","description":"Driving tastemakers in Fashion, Beauty and Culture","potentialAction":[{"@type":"SearchAction","target":{"@type":"EntryPoint","urlTemplate":"https:\/\/graziamagazine.com\/us\/?s={search_term_string}"},"query-input":"required name=search_term_string"}],"inLanguage":"en-US"}]}},"jetpack_sharing_enabled":true,"distributor_meta":false,"distributor_terms":false,"distributor_media":false,"distributor_original_site_name":"Grazia USA","distributor_original_site_url":"https:\/\/graziamagazine.com\/us","push-errors":false,"_links":{"self":[{"href":"https:\/\/graziamagazine.com\/us\/wp-json\/wp\/v2\/articles\/95630"}],"collection":[{"href":"https:\/\/graziamagazine.com\/us\/wp-json\/wp\/v2\/articles"}],"about":[{"href":"https:\/\/graziamagazine.com\/us\/wp-json\/wp\/v2\/types\/articles"}],"author":[{"embeddable":true,"href":"https:\/\/graziamagazine.com\/us\/wp-json\/wp\/v2\/users\/27"}],"wp:featuredmedia":[{"embeddable":true,"href":"https:\/\/graziamagazine.com\/us\/wp-json\/wp\/v2\/media\/95631"}],"wp:attachment":[{"href":"https:\/\/graziamagazine.com\/us\/wp-json\/wp\/v2\/media?parent=95630"}],"wp:term":[{"taxonomy":"category","embeddable":true,"href":"https:\/\/graziamagazine.com\/us\/wp-json\/wp\/v2\/categories?post=95630"}],"curies":[{"name":"wp","href":"https:\/\/api.w.org\/{rel}","templated":true}]}}