{"id":93795,"date":"2024-07-30T14:27:08","date_gmt":"2024-07-30T14:27:08","guid":{"rendered":"https:\/\/graziamagazine.com\/us\/?post_type=articles&#038;p=93795"},"modified":"2024-07-30T14:27:08","modified_gmt":"2024-07-30T14:27:08","slug":"emma-watson-shares-sizzling-topless-photo-birthday","status":"publish","type":"articles","link":"https:\/\/graziamagazine.com\/us\/articles\/emma-watson-shares-sizzling-topless-photo-birthday\/","title":{"rendered":"Emma Watson Shares Sizzling Topless Photo on Birthday"},"content":{"rendered":"<figure id=\"attachment_93796\" aria-describedby=\"caption-attachment-93796\" style=\"width: 2000px\" class=\"wp-caption alignnone\"><img loading=\"lazy\" decoding=\"async\" class=\"size-full wp-image-93796\" src=\"https:\/\/graziamagazine.com\/us\/wp-content\/uploads\/sites\/15\/2024\/07\/2-21.jpg\" alt=\"Emma Watson Stuns with Topless Birthday Photo\" width=\"2000\" height=\"1125\" srcset=\"https:\/\/graziamagazine.com\/us\/wp-content\/uploads\/sites\/15\/2024\/07\/2-21.jpg 2000w, https:\/\/graziamagazine.com\/us\/wp-content\/uploads\/sites\/15\/2024\/07\/2-21-300x169.jpg 300w, https:\/\/graziamagazine.com\/us\/wp-content\/uploads\/sites\/15\/2024\/07\/2-21-1024x576.jpg 1024w, https:\/\/graziamagazine.com\/us\/wp-content\/uploads\/sites\/15\/2024\/07\/2-21-768x432.jpg 768w, https:\/\/graziamagazine.com\/us\/wp-content\/uploads\/sites\/15\/2024\/07\/2-21-1536x864.jpg 1536w, https:\/\/graziamagazine.com\/us\/wp-content\/uploads\/sites\/15\/2024\/07\/2-21-400x225.jpg 400w, https:\/\/graziamagazine.com\/us\/wp-content\/uploads\/sites\/15\/2024\/07\/2-21-155x87.jpg 155w\" sizes=\"(max-width: 2000px) 100vw, 2000px\" \/><figcaption id=\"caption-attachment-93796\" class=\"wp-caption-text\">Photo Credit: Abaca<\/figcaption><\/figure>\n<p data-pm-slice=\"1 1 []\"><a href=\"https:\/\/graziamagazine.com\/us\/articles\/emma-watson-emilia-wickstead-two-piece-dress\/\">Emma Watson<\/a> is known worldwide for her role in the Harry Potter series. But she recently surprised her fans by sharing <a href=\"https:\/\/graziamagazine.com\/articles\/maggie-smith-loewe\/\">a rare and eye-catching photo<\/a> on her Instagram. The actress celebrated her birthday on April 15, 2024, and did so in a way that grabbed everyone&#8217;s attention.<\/p>\n<h2>Emma Watson Sexier Than Ever<\/h2>\n<p>To mark her 34th birthday, Emma Watson posted a striking photo of herself. In the photo, she poses topless, with wet hair slicked back, showing off her toned physique and a hint of her ribs. The seductive image caused a stir almost immediately, garnering over 3 million likes in just a few hours.<\/p>\n<p>This isn\u2019t the first time Emma has left her fans speechless. On June 18, 2023, she shared a photo from a Prada Beaut\u00e9 photoshoot, where she wore a low-cut black swimsuit. That picture racked up more than 2.4 million likes at the time, proving once again that Emma\u2019s allure is timeless.<\/p>\n<h2>A Discreet Woman<\/h2>\n<p>Despite her substantial fame, Emma Watson remains a rather private individual. Post a stellar movie career and public appearances, her agent announced in 2021 that she would be putting her acting career on hold. Since then, Emma has been focusing on her professional partnerships with <a href=\"https:\/\/graziamagazine.com\/articles\/miuccia-prada-fashion-moments-history\/\">brands like Prada<\/a> and has devoted herself to philanthropic efforts.<\/p>\n<p>An advocate for women&#8217;s rights, Emma was appointed an ambassador for UN Women in 2014. This highlights her commitment to social issues. When it comes to her personal life, the 34-year-old star remains single and maintains an air of mystery about her relationships. In 2022, she was rumored to have been linked with British businessman Brandon Green, but since then, she has been keeping her private life notably under wraps.<\/p>\n<p data-pm-slice=\"1 1 []\">Whether sharing glimpses of her professional life or supporting causes close to her heart, Emma continues to be a fascinating and influential figure.<\/p>\n        <blockquote class=\"instagram-media \" style=\"background: #ffffff;border: 0;margin: 1px;width: 100%;padding: 0;\"  data-instgrm-permalink=\"https:\/\/www.instagram.com\/p\/C5yYdAzNjPf\/?utm_source=ig_embed&amp;ig_rid=995a4d28-f965-4e93-8e58-8cce269754fb&amp;img_index=1\" data-instgrm-version=\"14\"><\/blockquote>\n<p><strong>**<a href=\"https:\/\/www.grazia.fr\/people\/emma-watson-topless-et-cotes-apparentes-la-star-se-devoile-dans-un-cliche-sexy-1082148.html\" target=\"_blank\">Emma Watson topless et c\u00f4tes apparentes : la star se d\u00e9voile dans un clich\u00e9 sexy<\/a>**<\/strong><\/p>\n<p><em>This article first appeared on grazia.fr \u2013 Author: Ava Skoupsky<\/em><\/p>\n","protected":false},"author":42697,"featured_media":93796,"template":"","format":"standard","categories":[4054,16],"yoast_head":"<!-- This site is optimized with the Yoast SEO Premium plugin v18.5 (Yoast SEO v20.4) - https:\/\/yoast.com\/wordpress\/plugins\/seo\/ -->\n<title>Emma Watson Shares Sizzling Topless Photo on Birthday<\/title>\n<meta name=\"description\" content=\"Emma Watson stuns fans with a rare topless photo on her birthday, showcasing her toned physique. Discover the story behind the photo.\" \/>\n<meta name=\"robots\" content=\"index, follow, max-snippet:-1, max-image-preview:large, max-video-preview:-1\" \/>\n<link rel=\"canonical\" href=\"https:\/\/graziamagazine.com\/us\/articles\/emma-watson-shares-sizzling-topless-photo-birthday\/\" \/>\n<meta property=\"og:locale\" content=\"en_US\" \/>\n<meta property=\"og:type\" content=\"article\" \/>\n<meta property=\"og:title\" content=\"Emma Watson Shares Sizzling Topless Photo on Birthday\" \/>\n<meta property=\"og:description\" content=\"Emma Watson stuns fans with a rare topless photo on her birthday, showcasing her toned physique. Discover the story behind the photo.\" \/>\n<meta property=\"og:url\" content=\"https:\/\/graziamagazine.com\/us\/articles\/emma-watson-shares-sizzling-topless-photo-birthday\/\" \/>\n<meta property=\"og:site_name\" content=\"Grazia USA\" \/>\n<meta property=\"og:image\" content=\"https:\/\/graziamagazine.com\/us\/wp-content\/uploads\/sites\/15\/2024\/07\/2-21.jpg\" \/>\n\t<meta property=\"og:image:width\" content=\"2000\" \/>\n\t<meta property=\"og:image:height\" content=\"1125\" \/>\n\t<meta property=\"og:image:type\" content=\"image\/jpeg\" \/>\n<meta name=\"twitter:card\" content=\"summary_large_image\" \/>\n<meta name=\"twitter:label1\" content=\"Est. reading time\" \/>\n\t<meta name=\"twitter:data1\" content=\"2 minutes\" \/>\n<script type=\"application\/ld+json\" class=\"yoast-schema-graph\">{\"@context\":\"https:\/\/schema.org\",\"@graph\":[{\"@type\":\"WebPage\",\"@id\":\"https:\/\/graziamagazine.com\/us\/articles\/emma-watson-shares-sizzling-topless-photo-birthday\/\",\"url\":\"https:\/\/graziamagazine.com\/us\/articles\/emma-watson-shares-sizzling-topless-photo-birthday\/\",\"name\":\"Emma Watson Shares Sizzling Topless Photo on Birthday\",\"isPartOf\":{\"@id\":\"https:\/\/graziamagazine.com\/us\/#website\"},\"datePublished\":\"2024-07-30T14:27:08+00:00\",\"dateModified\":\"2024-07-30T14:27:08+00:00\",\"description\":\"Emma Watson stuns fans with a rare topless photo on her birthday, showcasing her toned physique. Discover the story behind the photo.\",\"breadcrumb\":{\"@id\":\"https:\/\/graziamagazine.com\/us\/articles\/emma-watson-shares-sizzling-topless-photo-birthday\/#breadcrumb\"},\"inLanguage\":\"en-US\",\"potentialAction\":[{\"@type\":\"ReadAction\",\"target\":[\"https:\/\/graziamagazine.com\/us\/articles\/emma-watson-shares-sizzling-topless-photo-birthday\/\"]}]},{\"@type\":\"BreadcrumbList\",\"@id\":\"https:\/\/graziamagazine.com\/us\/articles\/emma-watson-shares-sizzling-topless-photo-birthday\/#breadcrumb\",\"itemListElement\":[{\"@type\":\"ListItem\",\"position\":1,\"name\":\"Home\",\"item\":\"https:\/\/graziamagazine.com\/us\/\"},{\"@type\":\"ListItem\",\"position\":2,\"name\":\"Emma Watson Shares Sizzling Topless Photo on Birthday\"}]},{\"@type\":\"WebSite\",\"@id\":\"https:\/\/graziamagazine.com\/us\/#website\",\"url\":\"https:\/\/graziamagazine.com\/us\/\",\"name\":\"Grazia USA\",\"description\":\"Driving tastemakers in Fashion, Beauty and Culture\",\"potentialAction\":[{\"@type\":\"SearchAction\",\"target\":{\"@type\":\"EntryPoint\",\"urlTemplate\":\"https:\/\/graziamagazine.com\/us\/?s={search_term_string}\"},\"query-input\":\"required name=search_term_string\"}],\"inLanguage\":\"en-US\"}]}<\/script>\n<!-- \/ Yoast SEO Premium plugin. -->","yoast_head_json":{"title":"Emma Watson Shares Sizzling Topless Photo on Birthday","description":"Emma Watson stuns fans with a rare topless photo on her birthday, showcasing her toned physique. Discover the story behind the photo.","robots":{"index":"index","follow":"follow","max-snippet":"max-snippet:-1","max-image-preview":"max-image-preview:large","max-video-preview":"max-video-preview:-1"},"canonical":"https:\/\/graziamagazine.com\/us\/articles\/emma-watson-shares-sizzling-topless-photo-birthday\/","og_locale":"en_US","og_type":"article","og_title":"Emma Watson Shares Sizzling Topless Photo on Birthday","og_description":"Emma Watson stuns fans with a rare topless photo on her birthday, showcasing her toned physique. Discover the story behind the photo.","og_url":"https:\/\/graziamagazine.com\/us\/articles\/emma-watson-shares-sizzling-topless-photo-birthday\/","og_site_name":"Grazia USA","og_image":[{"width":2000,"height":1125,"url":"https:\/\/graziamagazine.com\/us\/wp-content\/uploads\/sites\/15\/2024\/07\/2-21.jpg","type":"image\/jpeg"}],"twitter_card":"summary_large_image","twitter_misc":{"Est. reading time":"2 minutes"},"schema":{"@context":"https:\/\/schema.org","@graph":[{"@type":"WebPage","@id":"https:\/\/graziamagazine.com\/us\/articles\/emma-watson-shares-sizzling-topless-photo-birthday\/","url":"https:\/\/graziamagazine.com\/us\/articles\/emma-watson-shares-sizzling-topless-photo-birthday\/","name":"Emma Watson Shares Sizzling Topless Photo on Birthday","isPartOf":{"@id":"https:\/\/graziamagazine.com\/us\/#website"},"datePublished":"2024-07-30T14:27:08+00:00","dateModified":"2024-07-30T14:27:08+00:00","description":"Emma Watson stuns fans with a rare topless photo on her birthday, showcasing her toned physique. Discover the story behind the photo.","breadcrumb":{"@id":"https:\/\/graziamagazine.com\/us\/articles\/emma-watson-shares-sizzling-topless-photo-birthday\/#breadcrumb"},"inLanguage":"en-US","potentialAction":[{"@type":"ReadAction","target":["https:\/\/graziamagazine.com\/us\/articles\/emma-watson-shares-sizzling-topless-photo-birthday\/"]}]},{"@type":"BreadcrumbList","@id":"https:\/\/graziamagazine.com\/us\/articles\/emma-watson-shares-sizzling-topless-photo-birthday\/#breadcrumb","itemListElement":[{"@type":"ListItem","position":1,"name":"Home","item":"https:\/\/graziamagazine.com\/us\/"},{"@type":"ListItem","position":2,"name":"Emma Watson Shares Sizzling Topless Photo on Birthday"}]},{"@type":"WebSite","@id":"https:\/\/graziamagazine.com\/us\/#website","url":"https:\/\/graziamagazine.com\/us\/","name":"Grazia USA","description":"Driving tastemakers in Fashion, Beauty and Culture","potentialAction":[{"@type":"SearchAction","target":{"@type":"EntryPoint","urlTemplate":"https:\/\/graziamagazine.com\/us\/?s={search_term_string}"},"query-input":"required name=search_term_string"}],"inLanguage":"en-US"}]}},"jetpack_sharing_enabled":true,"distributor_meta":false,"distributor_terms":false,"distributor_media":false,"distributor_original_site_name":"Grazia USA","distributor_original_site_url":"https:\/\/graziamagazine.com\/us","push-errors":false,"_links":{"self":[{"href":"https:\/\/graziamagazine.com\/us\/wp-json\/wp\/v2\/articles\/93795"}],"collection":[{"href":"https:\/\/graziamagazine.com\/us\/wp-json\/wp\/v2\/articles"}],"about":[{"href":"https:\/\/graziamagazine.com\/us\/wp-json\/wp\/v2\/types\/articles"}],"author":[{"embeddable":true,"href":"https:\/\/graziamagazine.com\/us\/wp-json\/wp\/v2\/users\/42697"}],"wp:featuredmedia":[{"embeddable":true,"href":"https:\/\/graziamagazine.com\/us\/wp-json\/wp\/v2\/media\/93796"}],"wp:attachment":[{"href":"https:\/\/graziamagazine.com\/us\/wp-json\/wp\/v2\/media?parent=93795"}],"wp:term":[{"taxonomy":"category","embeddable":true,"href":"https:\/\/graziamagazine.com\/us\/wp-json\/wp\/v2\/categories?post=93795"}],"curies":[{"name":"wp","href":"https:\/\/api.w.org\/{rel}","templated":true}]}}