{"id":92675,"date":"2024-07-05T10:47:49","date_gmt":"2024-07-05T10:47:49","guid":{"rendered":"https:\/\/graziamagazine.com\/us\/?post_type=articles&#038;p=92675"},"modified":"2024-07-05T10:47:49","modified_gmt":"2024-07-05T10:47:49","slug":"kate-middleton-replaced-royal-family-photos-amid-cancer","status":"publish","type":"articles","link":"https:\/\/graziamagazine.com\/us\/articles\/kate-middleton-replaced-royal-family-photos-amid-cancer\/","title":{"rendered":"Kate Middleton Replaced in Royal Family Photos Amid Cancer"},"content":{"rendered":"<figure id=\"attachment_92677\" aria-describedby=\"caption-attachment-92677\" style=\"width: 2000px\" class=\"wp-caption alignnone\"><img loading=\"lazy\" decoding=\"async\" class=\"size-full wp-image-92677\" src=\"https:\/\/graziamagazine.com\/us\/wp-content\/uploads\/sites\/15\/2024\/07\/kate_middleton-1.jpg\" alt=\"Shocking: Kate Middleton Replaced in Royal Family Photos!\" width=\"2000\" height=\"1125\" srcset=\"https:\/\/graziamagazine.com\/us\/wp-content\/uploads\/sites\/15\/2024\/07\/kate_middleton-1.jpg 2000w, https:\/\/graziamagazine.com\/us\/wp-content\/uploads\/sites\/15\/2024\/07\/kate_middleton-1-300x169.jpg 300w, https:\/\/graziamagazine.com\/us\/wp-content\/uploads\/sites\/15\/2024\/07\/kate_middleton-1-1024x576.jpg 1024w, https:\/\/graziamagazine.com\/us\/wp-content\/uploads\/sites\/15\/2024\/07\/kate_middleton-1-768x432.jpg 768w, https:\/\/graziamagazine.com\/us\/wp-content\/uploads\/sites\/15\/2024\/07\/kate_middleton-1-1536x864.jpg 1536w, https:\/\/graziamagazine.com\/us\/wp-content\/uploads\/sites\/15\/2024\/07\/kate_middleton-1-400x225.jpg 400w, https:\/\/graziamagazine.com\/us\/wp-content\/uploads\/sites\/15\/2024\/07\/kate_middleton-1-155x87.jpg 155w\" sizes=\"(max-width: 2000px) 100vw, 2000px\" \/><figcaption id=\"caption-attachment-92677\" class=\"wp-caption-text\">Photo Credit: Shutterstock<\/figcaption><\/figure>\n<p data-pm-slice=\"1 1 []\">Sometimes, life throws curveballs, and even royals aren&#8217;t immune. Kate Middleton, unfortunately, had to step back from public life to focus on her cancer recovery. She <a href=\"https:\/\/graziamagazine.com\/us\/articles\/trooping-the-color-moment-kate-middleton\/\">made a rare appearance at Trooping the Color<\/a> for King Charles III&#8217;s birthday but has mostly stayed away from royal events. Yet, the show must go on, right? Her <a href=\"https:\/\/graziamagazine.com\/us\/articles\/kate-middleton-appearance-since-cancer-announcement\/\">temporary absence<\/a> means other royals have stepped in to fill her shoes. Which is why we see Kate Middleton being replaced even in official photos.<\/p>\n<h2>Prince William in Scotland: The Show Goes On<\/h2>\n<p>King Charles III and Queen Camilla jetted off to Edinburgh for &#8220;Royal Week&#8221; at the start of July. This week-long celebration honors Scottish culture and allows the monarch to mingle with the locals. Last year, newly crowned King Charles had the support of William and Kate during these festivities. However, this year Kate Middleton was notably absent. Instead, Prince William was flanked by Prince Edward and his wife, Sophie of Edinburgh. The two of them have been stepping in for Kate more frequently over the past few months. In fact, Edward even took Kate\u2019s spot in the official royal photos!<\/p>\n<h2>A Changing Line-Up: Kate Middleton Replaced<\/h2>\n<p>On July 3rd, Prince William, Prince Edward, and the Duchess of Edinburgh joined Charles and Camilla for the Order of the Thistle ceremony, the oldest order of Scottish chivalry. This event, one of the highlights of &#8220;Royal Week,&#8221; usually had Kate Middleton front and center. This time, however, Queen Camilla and Prince Edward stood in her place. The plot thickens: during a mass at St Giles Cathedral in Edinburgh, Queen Camilla and Prince Edward received honors that Kate has yet to achieve, being inducted into the Order of the Thistle.<\/p>\n<p>Post-ceremony, the royals gathered for an official photo, which was promptly posted on the royal family&#8217;s Instagram. The image, featuring <a href=\"https:\/\/www.instagram.com\/p\/C894jhWMaGc\/?utm_source=ig_web_copy_link\" target=\"_blank\">William, Camilla, Charles, and Edward, portraying them in their grandiose Order of the Thistle garb<\/a>\u2014think black capes, gold accents, and feathered hats\u2014is both fascinating and telling. This replacement of Kate Middleton in royal photos hints at the changing dynamics within the monarchy. With ongoing rumors circulating that <a href=\"https:\/\/graziamagazine.com\/us\/articles\/kate-middleton-cancer-battle-heartbreaking-truth\/\">Kate may not return to her full royal duties anytime soon<\/a>, her stand-ins are becoming the new normal.<\/p>\n<p class=\"p1\"><a href=\"https:\/\/www.grazia.fr\/people\/kate-middleton-deja-remplacee-sur-les-photos-de-la-famille-royale-ce-cliche-qui-etonne-et-en-dit-long-1096837.html?mrfhud=true\" target=\"_blank\"><span class=\"s1\"><b>**Kate Middleton d\u00e9j\u00e0 remplac\u00e9e sur les photos de la famille royale : ce clich\u00e9 qui \u00e9tonne&#8230; et en dit long**<\/b><\/span><\/a><\/p>\n<p class=\"p2\"><i>This article first appeared on grazia.fr \u2013 Author: Virginie Gon\u00e7alves<\/i><\/p>\n","protected":false},"author":42697,"featured_media":92677,"template":"","format":"standard","categories":[4054,16],"yoast_head":"<!-- This site is optimized with the Yoast SEO Premium plugin v18.5 (Yoast SEO v20.4) - https:\/\/yoast.com\/wordpress\/plugins\/seo\/ -->\n<title>Kate Middleton Replaced in Royal Family Photos Amid Cancer<\/title>\n<meta name=\"description\" content=\"Kate Middleton replaced in royal photos! As the Princess of Wales battles cancer, the monarchy continues with other members stepping in.\" \/>\n<meta name=\"robots\" content=\"index, follow, max-snippet:-1, max-image-preview:large, max-video-preview:-1\" \/>\n<link rel=\"canonical\" href=\"https:\/\/graziamagazine.com\/us\/articles\/kate-middleton-replaced-royal-family-photos-amid-cancer\/\" \/>\n<meta property=\"og:locale\" content=\"en_US\" \/>\n<meta property=\"og:type\" content=\"article\" \/>\n<meta property=\"og:title\" content=\"Kate Middleton Replaced in Royal Family Photos Amid Cancer\" \/>\n<meta property=\"og:description\" content=\"Kate Middleton replaced in royal photos! As the Princess of Wales battles cancer, the monarchy continues with other members stepping in.\" \/>\n<meta property=\"og:url\" content=\"https:\/\/graziamagazine.com\/us\/articles\/kate-middleton-replaced-royal-family-photos-amid-cancer\/\" \/>\n<meta property=\"og:site_name\" content=\"Grazia USA\" \/>\n<meta property=\"og:image\" content=\"https:\/\/graziamagazine.com\/us\/wp-content\/uploads\/sites\/15\/2024\/07\/kate_middleton-1.jpg\" \/>\n\t<meta property=\"og:image:width\" content=\"2000\" \/>\n\t<meta property=\"og:image:height\" content=\"1125\" \/>\n\t<meta property=\"og:image:type\" content=\"image\/jpeg\" \/>\n<meta name=\"twitter:card\" content=\"summary_large_image\" \/>\n<meta name=\"twitter:label1\" content=\"Est. reading time\" \/>\n\t<meta name=\"twitter:data1\" content=\"2 minutes\" \/>\n<script type=\"application\/ld+json\" class=\"yoast-schema-graph\">{\"@context\":\"https:\/\/schema.org\",\"@graph\":[{\"@type\":\"WebPage\",\"@id\":\"https:\/\/graziamagazine.com\/us\/articles\/kate-middleton-replaced-royal-family-photos-amid-cancer\/\",\"url\":\"https:\/\/graziamagazine.com\/us\/articles\/kate-middleton-replaced-royal-family-photos-amid-cancer\/\",\"name\":\"Kate Middleton Replaced in Royal Family Photos Amid Cancer\",\"isPartOf\":{\"@id\":\"https:\/\/graziamagazine.com\/us\/#website\"},\"datePublished\":\"2024-07-05T10:47:49+00:00\",\"dateModified\":\"2024-07-05T10:47:49+00:00\",\"description\":\"Kate Middleton replaced in royal photos! As the Princess of Wales battles cancer, the monarchy continues with other members stepping in.\",\"breadcrumb\":{\"@id\":\"https:\/\/graziamagazine.com\/us\/articles\/kate-middleton-replaced-royal-family-photos-amid-cancer\/#breadcrumb\"},\"inLanguage\":\"en-US\",\"potentialAction\":[{\"@type\":\"ReadAction\",\"target\":[\"https:\/\/graziamagazine.com\/us\/articles\/kate-middleton-replaced-royal-family-photos-amid-cancer\/\"]}]},{\"@type\":\"BreadcrumbList\",\"@id\":\"https:\/\/graziamagazine.com\/us\/articles\/kate-middleton-replaced-royal-family-photos-amid-cancer\/#breadcrumb\",\"itemListElement\":[{\"@type\":\"ListItem\",\"position\":1,\"name\":\"Home\",\"item\":\"https:\/\/graziamagazine.com\/us\/\"},{\"@type\":\"ListItem\",\"position\":2,\"name\":\"Kate Middleton Replaced in Royal Family Photos Amid Cancer\"}]},{\"@type\":\"WebSite\",\"@id\":\"https:\/\/graziamagazine.com\/us\/#website\",\"url\":\"https:\/\/graziamagazine.com\/us\/\",\"name\":\"Grazia USA\",\"description\":\"Driving tastemakers in Fashion, Beauty and Culture\",\"potentialAction\":[{\"@type\":\"SearchAction\",\"target\":{\"@type\":\"EntryPoint\",\"urlTemplate\":\"https:\/\/graziamagazine.com\/us\/?s={search_term_string}\"},\"query-input\":\"required name=search_term_string\"}],\"inLanguage\":\"en-US\"}]}<\/script>\n<!-- \/ Yoast SEO Premium plugin. -->","yoast_head_json":{"title":"Kate Middleton Replaced in Royal Family Photos Amid Cancer","description":"Kate Middleton replaced in royal photos! As the Princess of Wales battles cancer, the monarchy continues with other members stepping in.","robots":{"index":"index","follow":"follow","max-snippet":"max-snippet:-1","max-image-preview":"max-image-preview:large","max-video-preview":"max-video-preview:-1"},"canonical":"https:\/\/graziamagazine.com\/us\/articles\/kate-middleton-replaced-royal-family-photos-amid-cancer\/","og_locale":"en_US","og_type":"article","og_title":"Kate Middleton Replaced in Royal Family Photos Amid Cancer","og_description":"Kate Middleton replaced in royal photos! As the Princess of Wales battles cancer, the monarchy continues with other members stepping in.","og_url":"https:\/\/graziamagazine.com\/us\/articles\/kate-middleton-replaced-royal-family-photos-amid-cancer\/","og_site_name":"Grazia USA","og_image":[{"width":2000,"height":1125,"url":"https:\/\/graziamagazine.com\/us\/wp-content\/uploads\/sites\/15\/2024\/07\/kate_middleton-1.jpg","type":"image\/jpeg"}],"twitter_card":"summary_large_image","twitter_misc":{"Est. reading time":"2 minutes"},"schema":{"@context":"https:\/\/schema.org","@graph":[{"@type":"WebPage","@id":"https:\/\/graziamagazine.com\/us\/articles\/kate-middleton-replaced-royal-family-photos-amid-cancer\/","url":"https:\/\/graziamagazine.com\/us\/articles\/kate-middleton-replaced-royal-family-photos-amid-cancer\/","name":"Kate Middleton Replaced in Royal Family Photos Amid Cancer","isPartOf":{"@id":"https:\/\/graziamagazine.com\/us\/#website"},"datePublished":"2024-07-05T10:47:49+00:00","dateModified":"2024-07-05T10:47:49+00:00","description":"Kate Middleton replaced in royal photos! As the Princess of Wales battles cancer, the monarchy continues with other members stepping in.","breadcrumb":{"@id":"https:\/\/graziamagazine.com\/us\/articles\/kate-middleton-replaced-royal-family-photos-amid-cancer\/#breadcrumb"},"inLanguage":"en-US","potentialAction":[{"@type":"ReadAction","target":["https:\/\/graziamagazine.com\/us\/articles\/kate-middleton-replaced-royal-family-photos-amid-cancer\/"]}]},{"@type":"BreadcrumbList","@id":"https:\/\/graziamagazine.com\/us\/articles\/kate-middleton-replaced-royal-family-photos-amid-cancer\/#breadcrumb","itemListElement":[{"@type":"ListItem","position":1,"name":"Home","item":"https:\/\/graziamagazine.com\/us\/"},{"@type":"ListItem","position":2,"name":"Kate Middleton Replaced in Royal Family Photos Amid Cancer"}]},{"@type":"WebSite","@id":"https:\/\/graziamagazine.com\/us\/#website","url":"https:\/\/graziamagazine.com\/us\/","name":"Grazia USA","description":"Driving tastemakers in Fashion, Beauty and Culture","potentialAction":[{"@type":"SearchAction","target":{"@type":"EntryPoint","urlTemplate":"https:\/\/graziamagazine.com\/us\/?s={search_term_string}"},"query-input":"required name=search_term_string"}],"inLanguage":"en-US"}]}},"jetpack_sharing_enabled":true,"distributor_meta":false,"distributor_terms":false,"distributor_media":false,"distributor_original_site_name":"Grazia USA","distributor_original_site_url":"https:\/\/graziamagazine.com\/us","push-errors":false,"_links":{"self":[{"href":"https:\/\/graziamagazine.com\/us\/wp-json\/wp\/v2\/articles\/92675"}],"collection":[{"href":"https:\/\/graziamagazine.com\/us\/wp-json\/wp\/v2\/articles"}],"about":[{"href":"https:\/\/graziamagazine.com\/us\/wp-json\/wp\/v2\/types\/articles"}],"author":[{"embeddable":true,"href":"https:\/\/graziamagazine.com\/us\/wp-json\/wp\/v2\/users\/42697"}],"wp:featuredmedia":[{"embeddable":true,"href":"https:\/\/graziamagazine.com\/us\/wp-json\/wp\/v2\/media\/92677"}],"wp:attachment":[{"href":"https:\/\/graziamagazine.com\/us\/wp-json\/wp\/v2\/media?parent=92675"}],"wp:term":[{"taxonomy":"category","embeddable":true,"href":"https:\/\/graziamagazine.com\/us\/wp-json\/wp\/v2\/categories?post=92675"}],"curies":[{"name":"wp","href":"https:\/\/api.w.org\/{rel}","templated":true}]}}