{"id":91988,"date":"2024-06-20T13:58:47","date_gmt":"2024-06-20T13:58:47","guid":{"rendered":"https:\/\/graziamagazine.com\/us\/?post_type=articles&#038;p=91988"},"modified":"2024-06-20T13:58:47","modified_gmt":"2024-06-20T13:58:47","slug":"ditch-bandana-skinny-scarves-back-summer","status":"publish","type":"articles","link":"https:\/\/graziamagazine.com\/us\/articles\/ditch-bandana-skinny-scarves-back-summer\/","title":{"rendered":"Ditch the Bandana: Skinny Scarves Are So Back This Summer"},"content":{"rendered":"<figure id=\"attachment_91991\" aria-describedby=\"caption-attachment-91991\" style=\"width: 2000px\" class=\"wp-caption alignnone\"><img loading=\"lazy\" decoding=\"async\" class=\"size-full wp-image-91991\" src=\"https:\/\/graziamagazine.com\/us\/wp-content\/uploads\/sites\/15\/2024\/06\/votre-texte-de-paragraphe-6-1.jpg\" alt=\"Summer fashion alert: skinny scarves are back\" width=\"2000\" height=\"1125\" srcset=\"https:\/\/graziamagazine.com\/us\/wp-content\/uploads\/sites\/15\/2024\/06\/votre-texte-de-paragraphe-6-1.jpg 2000w, https:\/\/graziamagazine.com\/us\/wp-content\/uploads\/sites\/15\/2024\/06\/votre-texte-de-paragraphe-6-1-300x169.jpg 300w, https:\/\/graziamagazine.com\/us\/wp-content\/uploads\/sites\/15\/2024\/06\/votre-texte-de-paragraphe-6-1-1024x576.jpg 1024w, https:\/\/graziamagazine.com\/us\/wp-content\/uploads\/sites\/15\/2024\/06\/votre-texte-de-paragraphe-6-1-768x432.jpg 768w, https:\/\/graziamagazine.com\/us\/wp-content\/uploads\/sites\/15\/2024\/06\/votre-texte-de-paragraphe-6-1-1536x864.jpg 1536w, https:\/\/graziamagazine.com\/us\/wp-content\/uploads\/sites\/15\/2024\/06\/votre-texte-de-paragraphe-6-1-400x225.jpg 400w, https:\/\/graziamagazine.com\/us\/wp-content\/uploads\/sites\/15\/2024\/06\/votre-texte-de-paragraphe-6-1-155x87.jpg 155w\" sizes=\"(max-width: 2000px) 100vw, 2000px\" \/><figcaption id=\"caption-attachment-91991\" class=\"wp-caption-text\">Photo Credit: Shutterstock<\/figcaption><\/figure>\n<p data-pm-slice=\"1 1 []\">Who would\u2019ve thought? The skinny scarf, adored by 2000s Lolitas, is making a strong comeback. This kitschy yet sexy accessory is pushing the once <a href=\"https:\/\/graziamagazine.com\/us\/articles\/headscarf-trend-from-granny-core-fashion-glamour\/\">trendy bandana<\/a> aside. <a href=\"https:\/\/graziamagazine.com\/us\/articles\/what-has-been-will-be-again\/\">Fashion really is cyclical, isn&#8217;t it?<\/a> Remember how everyone thought these tiny scarves were tasteless? Well, that\u2019s in the past. Fashion icons and it girls are embracing the skinny scarf, putting it back on the fashion radar for summer 2024. Paris Hilton and other fashion icons made it their staple back in the day. Now, get ready to see it wrapped around every stylish neck.<\/p>\n<h2>Skinny Scarves: How to Style This Trending Summer Accessory?<\/h2>\n<p>So, <a href=\"https:\/\/graziamagazine.com\/us\/articles\/is-the-skinny-scarf-coming-back\/\">how do you pull off this trending scarf look<\/a> and look like\u00a0<em>&#8220;that <\/em>girl?&#8221;\u00a0It\u2019s easier than you think. Start by taking a cue from early-2000s fashion icons who weren&#8217;t afraid to rock this accessory. Think bold, think bling. Whether it\u2019s sequins or vibrant colors that match your outfit, the skinny scarf can be your new best friend.<\/p>\n<p data-pm-slice=\"1 1 []\">Keep the skinny scarf look fresh and tropical when you pair it with a cute summer dress. Maybe a bold, printed top for a plain scarf. This small yet impactful accessory is about to become your summer wardrobe staple.<\/p>\n<p>The long, sleek shape of the skinny scarf not only jazzes up your look but also elongates your neck, giving you that elegant &#8220;swan&#8221; effect. You can wear it in multiple ways\u2014around your neck, in your hair, or even tied to your bag. The options are endless!<\/p>\n<p>This summer, switch the bandana for this trending scarf. It has taken center stage on the catwalks and will soon grace the streets. Fashion designers are including skinny scarves in their collections, making it the statement piece of the season.<\/p>\n<p class=\"p1\"><a href=\"https:\/\/www.grazia.fr\/mode\/tendances-mode\/adieu-le-bandana-cet-accessoire-longtemps-considere-comme-une-faute-de-gout-va-le-detroner-cet-ete-1090696.html#item=1\" target=\"_blank\"><span class=\"s1\"><b>**Adieu le bandana : cet accessoire longtemps consid\u00e9r\u00e9 comme une faute de go\u00fbt va le d\u00e9tr\u00f4ner cet \u00e9t\u00e9**<\/b><\/span><\/a><\/p>\n<p class=\"p2\"><i>This article first appeared on grazia.fr \u2013 Author: Chlo\u00e9 Maurin<\/i><\/p>\n","protected":false},"author":42697,"featured_media":91991,"template":"","format":"standard","categories":[17,16],"yoast_head":"<!-- This site is optimized with the Yoast SEO Premium plugin v18.5 (Yoast SEO v20.4) - https:\/\/yoast.com\/wordpress\/plugins\/seo\/ -->\n<title>Ditch the Bandana: Skinny Scarves Are So Back This Summer<\/title>\n<meta name=\"description\" content=\"Skinny scarves are back in fashion this summer! Discover how to style this once &quot;tacky&quot; accessory in cool and trendy ways.\" \/>\n<meta name=\"robots\" content=\"index, follow, max-snippet:-1, max-image-preview:large, max-video-preview:-1\" \/>\n<link rel=\"canonical\" href=\"https:\/\/graziamagazine.com\/us\/?post_type=articles&p=91988\" \/>\n<meta property=\"og:locale\" content=\"en_US\" \/>\n<meta property=\"og:type\" content=\"article\" \/>\n<meta property=\"og:title\" content=\"Ditch the Bandana: Skinny Scarves Are So Back This Summer\" \/>\n<meta property=\"og:description\" content=\"Skinny scarves are back in fashion this summer! Discover how to style this once &quot;tacky&quot; accessory in cool and trendy ways.\" \/>\n<meta property=\"og:url\" content=\"https:\/\/graziamagazine.com\/us\/?post_type=articles&amp;p=91988\" \/>\n<meta property=\"og:site_name\" content=\"Grazia USA\" \/>\n<meta property=\"og:image\" content=\"https:\/\/graziamagazine.com\/us\/wp-content\/uploads\/sites\/15\/2024\/06\/votre-texte-de-paragraphe-6-1.jpg\" \/>\n\t<meta property=\"og:image:width\" content=\"2000\" \/>\n\t<meta property=\"og:image:height\" content=\"1125\" \/>\n\t<meta property=\"og:image:type\" content=\"image\/jpeg\" \/>\n<meta name=\"twitter:card\" content=\"summary_large_image\" \/>\n<meta name=\"twitter:label1\" content=\"Est. reading time\" \/>\n\t<meta name=\"twitter:data1\" content=\"2 minutes\" \/>\n<script type=\"application\/ld+json\" class=\"yoast-schema-graph\">{\"@context\":\"https:\/\/schema.org\",\"@graph\":[{\"@type\":\"WebPage\",\"@id\":\"https:\/\/graziamagazine.com\/us\/?post_type=articles&p=91988\",\"url\":\"https:\/\/graziamagazine.com\/us\/?post_type=articles&p=91988\",\"name\":\"Ditch the Bandana: Skinny Scarves Are So Back This Summer\",\"isPartOf\":{\"@id\":\"https:\/\/graziamagazine.com\/us\/#website\"},\"datePublished\":\"2024-06-20T13:58:47+00:00\",\"dateModified\":\"2024-06-20T13:58:47+00:00\",\"description\":\"Skinny scarves are back in fashion this summer! Discover how to style this once \\\"tacky\\\" accessory in cool and trendy ways.\",\"breadcrumb\":{\"@id\":\"https:\/\/graziamagazine.com\/us\/?post_type=articles&p=91988#breadcrumb\"},\"inLanguage\":\"en-US\",\"potentialAction\":[{\"@type\":\"ReadAction\",\"target\":[\"https:\/\/graziamagazine.com\/us\/?post_type=articles&p=91988\"]}]},{\"@type\":\"BreadcrumbList\",\"@id\":\"https:\/\/graziamagazine.com\/us\/?post_type=articles&p=91988#breadcrumb\",\"itemListElement\":[{\"@type\":\"ListItem\",\"position\":1,\"name\":\"Home\",\"item\":\"https:\/\/graziamagazine.com\/us\/\"},{\"@type\":\"ListItem\",\"position\":2,\"name\":\"Ditch the Bandana: Skinny Scarves Are So Back This Summer\"}]},{\"@type\":\"WebSite\",\"@id\":\"https:\/\/graziamagazine.com\/us\/#website\",\"url\":\"https:\/\/graziamagazine.com\/us\/\",\"name\":\"Grazia USA\",\"description\":\"Driving tastemakers in Fashion, Beauty and Culture\",\"potentialAction\":[{\"@type\":\"SearchAction\",\"target\":{\"@type\":\"EntryPoint\",\"urlTemplate\":\"https:\/\/graziamagazine.com\/us\/?s={search_term_string}\"},\"query-input\":\"required name=search_term_string\"}],\"inLanguage\":\"en-US\"}]}<\/script>\n<!-- \/ Yoast SEO Premium plugin. -->","yoast_head_json":{"title":"Ditch the Bandana: Skinny Scarves Are So Back This Summer","description":"Skinny scarves are back in fashion this summer! Discover how to style this once \"tacky\" accessory in cool and trendy ways.","robots":{"index":"index","follow":"follow","max-snippet":"max-snippet:-1","max-image-preview":"max-image-preview:large","max-video-preview":"max-video-preview:-1"},"canonical":"https:\/\/graziamagazine.com\/us\/?post_type=articles&p=91988","og_locale":"en_US","og_type":"article","og_title":"Ditch the Bandana: Skinny Scarves Are So Back This Summer","og_description":"Skinny scarves are back in fashion this summer! Discover how to style this once \"tacky\" accessory in cool and trendy ways.","og_url":"https:\/\/graziamagazine.com\/us\/?post_type=articles&p=91988","og_site_name":"Grazia USA","og_image":[{"width":2000,"height":1125,"url":"https:\/\/graziamagazine.com\/us\/wp-content\/uploads\/sites\/15\/2024\/06\/votre-texte-de-paragraphe-6-1.jpg","type":"image\/jpeg"}],"twitter_card":"summary_large_image","twitter_misc":{"Est. reading time":"2 minutes"},"schema":{"@context":"https:\/\/schema.org","@graph":[{"@type":"WebPage","@id":"https:\/\/graziamagazine.com\/us\/?post_type=articles&p=91988","url":"https:\/\/graziamagazine.com\/us\/?post_type=articles&p=91988","name":"Ditch the Bandana: Skinny Scarves Are So Back This Summer","isPartOf":{"@id":"https:\/\/graziamagazine.com\/us\/#website"},"datePublished":"2024-06-20T13:58:47+00:00","dateModified":"2024-06-20T13:58:47+00:00","description":"Skinny scarves are back in fashion this summer! Discover how to style this once \"tacky\" accessory in cool and trendy ways.","breadcrumb":{"@id":"https:\/\/graziamagazine.com\/us\/?post_type=articles&p=91988#breadcrumb"},"inLanguage":"en-US","potentialAction":[{"@type":"ReadAction","target":["https:\/\/graziamagazine.com\/us\/?post_type=articles&p=91988"]}]},{"@type":"BreadcrumbList","@id":"https:\/\/graziamagazine.com\/us\/?post_type=articles&p=91988#breadcrumb","itemListElement":[{"@type":"ListItem","position":1,"name":"Home","item":"https:\/\/graziamagazine.com\/us\/"},{"@type":"ListItem","position":2,"name":"Ditch the Bandana: Skinny Scarves Are So Back This Summer"}]},{"@type":"WebSite","@id":"https:\/\/graziamagazine.com\/us\/#website","url":"https:\/\/graziamagazine.com\/us\/","name":"Grazia USA","description":"Driving tastemakers in Fashion, Beauty and Culture","potentialAction":[{"@type":"SearchAction","target":{"@type":"EntryPoint","urlTemplate":"https:\/\/graziamagazine.com\/us\/?s={search_term_string}"},"query-input":"required name=search_term_string"}],"inLanguage":"en-US"}]}},"jetpack_sharing_enabled":true,"distributor_meta":false,"distributor_terms":false,"distributor_media":false,"distributor_original_site_name":"Grazia USA","distributor_original_site_url":"https:\/\/graziamagazine.com\/us","push-errors":false,"_links":{"self":[{"href":"https:\/\/graziamagazine.com\/us\/wp-json\/wp\/v2\/articles\/91988"}],"collection":[{"href":"https:\/\/graziamagazine.com\/us\/wp-json\/wp\/v2\/articles"}],"about":[{"href":"https:\/\/graziamagazine.com\/us\/wp-json\/wp\/v2\/types\/articles"}],"author":[{"embeddable":true,"href":"https:\/\/graziamagazine.com\/us\/wp-json\/wp\/v2\/users\/42697"}],"wp:featuredmedia":[{"embeddable":true,"href":"https:\/\/graziamagazine.com\/us\/wp-json\/wp\/v2\/media\/91991"}],"wp:attachment":[{"href":"https:\/\/graziamagazine.com\/us\/wp-json\/wp\/v2\/media?parent=91988"}],"wp:term":[{"taxonomy":"category","embeddable":true,"href":"https:\/\/graziamagazine.com\/us\/wp-json\/wp\/v2\/categories?post=91988"}],"curies":[{"name":"wp","href":"https:\/\/api.w.org\/{rel}","templated":true}]}}