{"id":99880,"date":"2021-08-16T08:45:02","date_gmt":"2021-08-16T13:45:02","guid":{"rendered":"https:\/\/graziamagazine.com\/mx\/?post_type=articles&#038;p=99880"},"modified":"2021-08-16T07:19:05","modified_gmt":"2021-08-16T12:19:05","slug":"christian-dior-disenador-de-suenos-una-de-las-exposiciones-mas-aclamadas-llega-a-nueva-york-junto-con-el-nuevo-libro-de-la-maison","status":"publish","type":"articles","link":"https:\/\/graziamagazine.com\/mx\/articles\/christian-dior-disenador-de-suenos-una-de-las-exposiciones-mas-aclamadas-llega-a-nueva-york-junto-con-el-nuevo-libro-de-la-maison\/","title":{"rendered":"Christian Dior Dise\u00f1ador de Sue\u00f1os una de las exposiciones m\u00e1s aclamadas llega a Nueva York junto con el nuevo libro de la Maison"},"content":{"rendered":"<p><span style=\"font-weight: 400\">Una exposici\u00f3n que recolecta los archivos de la marca como <strong>fotograf\u00edas ic\u00f3nicas<\/strong> de maestros estadounidenses, que destacan como: <strong>Richard Avedon, Cass Bird, Henry Clarke, Louise Dahl-Wolfe, Zo\u00eb Ghertner, Ethan James Green, Tyler Mitchell, Irving Penn, videos, bocetos, ideas<\/strong> y <strong>fuentes de inspiraci\u00f3n<\/strong> que han construido el gran prestigio y patrimonio de<strong> Christian Dior<\/strong> as\u00ed como sus flores y formas naturales hasta el <strong>arte cl\u00e1sico<\/strong> y <strong>contempor\u00e1neo<\/strong> dentro de sus dise\u00f1os, hacen de esta maravillosa exposici\u00f3n un parteaguas en la industria de la moda.<\/span><\/p>\n<p><img loading=\"lazy\" decoding=\"async\" class=\"alignnone wp-image-99896 size-large\" src=\"https:\/\/graziamagazine.com\/mx\/wp-content\/uploads\/sites\/13\/2021\/08\/POLLOCK_MARC-BOHAN.jpeg?w=784\" alt=\"Christian Dior Dise\u00f1ador de Sue\u00f1os\" width=\"784\" height=\"1024\" \/><span style=\"font-weight: 400\">Con una amplia serie de m\u00e1s de <strong>doscientas prendas de alta costura<\/strong>, la exposici\u00f3n se llevar\u00e1 a cabo del 10 de septiembre de 2021 al 20 de febrero de 2022 en el <strong>Museo de Brooklyn<\/strong>, relatando el gran pasaje a trav\u00e9s del tiempo de la Maison Dior a partir de 1947, d\u00eda que el dise\u00f1ador Christian Dior anunci\u00f3 el nacimiento de un nuevo comienzo y aclamaci\u00f3n a la elegancia con su emblem\u00e1tico <strong>New Look<\/strong> y la herencia de la marca en <strong>Estados Unidos<\/strong>.<\/span><\/p>\n<div class=\"content-gallery\"><div class=\"gallery-placeholder\"><div class=\"spinner\"><\/div><\/div><span class=\"gallery-pagination\"><\/span><div id=\"gallery-1\" class=\"gallery galleryid-99880 gallery-columns- gallery-size-\"><figure class=\"gallery-item\"><div class=\"gallery-icon landscape\"><img loading=\"lazy\" decoding=\"async\" width=\"2000\" height=\"2638\" src=\"https:\/\/graziamagazine.com\/mx\/wp-content\/uploads\/sites\/13\/2021\/08\/CHAT-NOIR-FRONT-1.jpeg\" class=\"lazy\" alt=\"\" \/><\/div><figcaption class=\"wp-caption-text gallery-caption\" id=\"gallery-1-99900\">Chat noir, black silk crepe dress adorned with two rows of pearls. Haute Couture Fall\u2013Winter 1960, Souplesse, l\u00e9g\u00e9ret\u00e9, vie collection. Christian Dior by Yves Saint Laurent. Dior H\u00e9ritage Collection, Paris.<\/figcaption><\/figure><figure class=\"gallery-item\"><div class=\"gallery-icon landscape\"><img loading=\"lazy\" decoding=\"async\" width=\"2000\" height=\"2612\" src=\"https:\/\/graziamagazine.com\/mx\/wp-content\/uploads\/sites\/13\/2021\/08\/PALLADIO-PASSAGE-1.jpeg\" class=\"lazy\" alt=\"\" \/><\/div><figcaption class=\"wp-caption-text gallery-caption\" id=\"gallery-1-99901\">Palladio, long dress in embroidered white pleated georgette. Haute Couture Spring\u2013Summer 1992, In Balmy Summer Breezes collection. Christian Dior by Gianfranco Ferr\u00e9. Dior H\u00e9ritage collection, Paris.<\/figcaption><\/figure><figure class=\"gallery-item\"><div class=\"gallery-icon landscape\"><img loading=\"lazy\" decoding=\"async\" width=\"2000\" height=\"2612\" src=\"https:\/\/graziamagazine.com\/mx\/wp-content\/uploads\/sites\/13\/2021\/08\/MISS-DIOR-JARDIN-1.jpeg\" class=\"lazy\" alt=\"\" \/><\/div><figcaption class=\"wp-caption-text gallery-caption\" id=\"gallery-1-99902\">Miss Dior, dress fully embroidered with a lattice of handmade flower and petal motifs. Haute Couture Spring\u2013Summer 2021. Christian Dior by Maria Grazia Chiuri.<\/figcaption><\/figure><\/div><\/div>\n<p><span style=\"font-weight: 400\">Junto con esta celebraci\u00f3n <strong>Christian Dior Dise\u00f1ador de Sue\u00f1os<\/strong>, llega el libro que celebra este gran legado entre la Casa de Dior y los Estados unidos y como anfitri\u00f3n la ciudad neoyorquina presenta los detalles mas ic\u00f3nicos de la exposici\u00f3n con dise\u00f1os y creaciones de Christian Dior y\u00a0 los <strong>directores art\u00edsticos<\/strong> que lo sucedieron: <strong>Yves Saint Laurent, Marc Bohan, Gianfranco Ferr\u00e9, John Galliano, Raf Simons y Maria Grazia Chiuri<\/strong>. Capturados por la artista <strong>Katerina Jebb<\/strong>, algunos de los dise\u00f1os m\u00e1s legendarios de la Casa se muestran en im\u00e1genes \u00fanicas que comparten la evidente influencia cultural de Dior.\u00a0<\/span>El libro presenta una encuadernaci\u00f3n suiza elegante y sofisticada con un contenido que te llevara a trav\u00e9s del tiempo mostr\u00e1ndote los aspectos mas destacados de la exposici\u00f3n.<\/p>\n<div class=\"content-gallery\"><div class=\"gallery-placeholder\"><div class=\"spinner\"><\/div><\/div><span class=\"gallery-pagination\"><\/span><div id=\"gallery-2\" class=\"gallery galleryid-99880 gallery-columns- gallery-size-medium\"><figure class=\"gallery-item\"><div class=\"gallery-icon landscape\"><img loading=\"lazy\" decoding=\"async\" width=\"2000\" height=\"2638\" src=\"https:\/\/graziamagazine.com\/mx\/wp-content\/uploads\/sites\/13\/2021\/08\/PALMYRE-1.jpeg\" class=\"lazy\" alt=\"\" \/><\/div><\/figure><figure class=\"gallery-item\"><div class=\"gallery-icon landscape\"><img loading=\"lazy\" decoding=\"async\" width=\"2000\" height=\"2612\" src=\"https:\/\/graziamagazine.com\/mx\/wp-content\/uploads\/sites\/13\/2021\/08\/PASSAGE-1-2008-GALLIANO.jpeg\" class=\"lazy\" alt=\"\" \/><\/div><figcaption class=\"wp-caption-text gallery-caption\" id=\"gallery-2-99904\">Cream wool coat worn with a black patent leather \u201cBar\u201d belt. Haute Couture Fall\u2013Winter 2008. Christian Dior by John Galliano. Dior H\u00e9ritage collection, Paris.<\/figcaption><\/figure><figure class=\"gallery-item\"><div class=\"gallery-icon landscape\"><img loading=\"lazy\" decoding=\"async\" width=\"2000\" height=\"2612\" src=\"https:\/\/graziamagazine.com\/mx\/wp-content\/uploads\/sites\/13\/2021\/08\/WE-SHOULD-ALL-BE-FEMINISTS.jpeg\" class=\"lazy\" alt=\"\" \/><\/div><\/figure><\/div><\/div>\n<p>&nbsp;<\/p>\n<h5><em>*IM\u00c1GENES: Cortes\u00eda Dior<\/em><\/h5>\n","protected":false},"author":28953,"featured_media":99881,"template":"","format":"standard","categories":[4],"acf":[],"yoast_head":"<!-- This site is optimized with the Yoast SEO Premium plugin v18.5 (Yoast SEO v20.4) - https:\/\/yoast.com\/wordpress\/plugins\/seo\/ -->\n<title>Christian Dior Dise\u00f1ador de Sue\u00f1os una de las exposiciones m\u00e1s aclamadas llega a Nueva York junto con el nuevo libro de la Maison | Grazia M\u00e9xico y Latinoam\u00e9rica<\/title>\n<meta name=\"description\" content=\"M\u00e1s de 70 a\u00f1os de historia pasan por las p\u00e1ginas del nuevo libro Christian Dior Dise\u00f1ador de Sue\u00f1os, explorando fuentes de inspiraci\u00f3n que han sido clave importante para el \u00e9xito de la Maison.\" \/>\n<meta name=\"robots\" content=\"index, follow, max-snippet:-1, max-image-preview:large, max-video-preview:-1\" \/>\n<link rel=\"canonical\" href=\"https:\/\/graziamagazine.com\/mx\/articles\/christian-dior-disenador-de-suenos-una-de-las-exposiciones-mas-aclamadas-llega-a-nueva-york-junto-con-el-nuevo-libro-de-la-maison\/\" \/>\n<meta property=\"og:locale\" content=\"es_MX\" \/>\n<meta property=\"og:type\" content=\"article\" \/>\n<meta property=\"og:title\" content=\"Christian Dior Dise\u00f1ador de Sue\u00f1os una de las exposiciones m\u00e1s aclamadas llega a Nueva York junto con el nuevo libro de la Maison\" \/>\n<meta property=\"og:description\" content=\"M\u00e1s de 70 a\u00f1os de historia pasan por las p\u00e1ginas del nuevo libro Christian Dior Dise\u00f1ador de Sue\u00f1os, explorando fuentes de inspiraci\u00f3n que han sido clave importante para el \u00e9xito de la Maison.\" \/>\n<meta property=\"og:url\" content=\"https:\/\/graziamagazine.com\/mx\/articles\/christian-dior-disenador-de-suenos-una-de-las-exposiciones-mas-aclamadas-llega-a-nueva-york-junto-con-el-nuevo-libro-de-la-maison\/\" \/>\n<meta property=\"og:site_name\" content=\"Grazia M\u00e9xico y Latinoam\u00e9rica\" \/>\n<meta property=\"article:modified_time\" content=\"2021-08-16T12:19:05+00:00\" \/>\n<meta property=\"og:image\" content=\"https:\/\/graziamagazine.com\/mx\/wp-content\/uploads\/sites\/13\/2021\/08\/image003-e1629116334800.png?fit=350%2C250\" \/>\n\t<meta property=\"og:image:width\" content=\"350\" \/>\n\t<meta property=\"og:image:height\" content=\"250\" \/>\n\t<meta property=\"og:image:type\" content=\"image\/png\" \/>\n<meta name=\"twitter:card\" content=\"summary_large_image\" \/>\n<meta name=\"twitter:label1\" content=\"Est. reading time\" \/>\n\t<meta name=\"twitter:data1\" content=\"2 minutos\" \/>\n<script type=\"application\/ld+json\" class=\"yoast-schema-graph\">{\"@context\":\"https:\/\/schema.org\",\"@graph\":[{\"@type\":\"WebPage\",\"@id\":\"https:\/\/graziamagazine.com\/mx\/articles\/christian-dior-disenador-de-suenos-una-de-las-exposiciones-mas-aclamadas-llega-a-nueva-york-junto-con-el-nuevo-libro-de-la-maison\/\",\"url\":\"https:\/\/graziamagazine.com\/mx\/articles\/christian-dior-disenador-de-suenos-una-de-las-exposiciones-mas-aclamadas-llega-a-nueva-york-junto-con-el-nuevo-libro-de-la-maison\/\",\"name\":\"Christian Dior Dise\u00f1ador de Sue\u00f1os una de las exposiciones m\u00e1s aclamadas llega a Nueva York junto con el nuevo libro de la Maison | Grazia M\u00e9xico y Latinoam\u00e9rica\",\"isPartOf\":{\"@id\":\"https:\/\/graziamagazine.com\/mx\/#website\"},\"datePublished\":\"2021-08-16T13:45:02+00:00\",\"dateModified\":\"2021-08-16T12:19:05+00:00\",\"description\":\"M\u00e1s de 70 a\u00f1os de historia pasan por las p\u00e1ginas del nuevo libro Christian Dior Dise\u00f1ador de Sue\u00f1os, explorando fuentes de inspiraci\u00f3n que han sido clave importante para el \u00e9xito de la Maison.\",\"breadcrumb\":{\"@id\":\"https:\/\/graziamagazine.com\/mx\/articles\/christian-dior-disenador-de-suenos-una-de-las-exposiciones-mas-aclamadas-llega-a-nueva-york-junto-con-el-nuevo-libro-de-la-maison\/#breadcrumb\"},\"inLanguage\":\"es-MX\",\"potentialAction\":[{\"@type\":\"ReadAction\",\"target\":[\"https:\/\/graziamagazine.com\/mx\/articles\/christian-dior-disenador-de-suenos-una-de-las-exposiciones-mas-aclamadas-llega-a-nueva-york-junto-con-el-nuevo-libro-de-la-maison\/\"]}]},{\"@type\":\"BreadcrumbList\",\"@id\":\"https:\/\/graziamagazine.com\/mx\/articles\/christian-dior-disenador-de-suenos-una-de-las-exposiciones-mas-aclamadas-llega-a-nueva-york-junto-con-el-nuevo-libro-de-la-maison\/#breadcrumb\",\"itemListElement\":[{\"@type\":\"ListItem\",\"position\":1,\"name\":\"Home\",\"item\":\"https:\/\/graziamagazine.com\/mx\/\"},{\"@type\":\"ListItem\",\"position\":2,\"name\":\"Christian Dior Dise\u00f1ador de Sue\u00f1os una de las exposiciones m\u00e1s aclamadas llega a Nueva York junto con el nuevo libro de la Maison\"}]},{\"@type\":\"WebSite\",\"@id\":\"https:\/\/graziamagazine.com\/mx\/#website\",\"url\":\"https:\/\/graziamagazine.com\/mx\/\",\"name\":\"Grazia M\u00e9xico y Latinoam\u00e9rica\",\"description\":\"Grazia es moda, belleza y noticias  de actualidad \",\"potentialAction\":[{\"@type\":\"SearchAction\",\"target\":{\"@type\":\"EntryPoint\",\"urlTemplate\":\"https:\/\/graziamagazine.com\/mx\/?s={search_term_string}\"},\"query-input\":\"required name=search_term_string\"}],\"inLanguage\":\"es-MX\"}]}<\/script>\n<!-- \/ Yoast SEO Premium plugin. -->","yoast_head_json":{"title":"Christian Dior Dise\u00f1ador de Sue\u00f1os una de las exposiciones m\u00e1s aclamadas llega a Nueva York junto con el nuevo libro de la Maison | Grazia M\u00e9xico y Latinoam\u00e9rica","description":"M\u00e1s de 70 a\u00f1os de historia pasan por las p\u00e1ginas del nuevo libro Christian Dior Dise\u00f1ador de Sue\u00f1os, explorando fuentes de inspiraci\u00f3n que han sido clave importante para el \u00e9xito de la Maison.","robots":{"index":"index","follow":"follow","max-snippet":"max-snippet:-1","max-image-preview":"max-image-preview:large","max-video-preview":"max-video-preview:-1"},"canonical":"https:\/\/graziamagazine.com\/mx\/articles\/christian-dior-disenador-de-suenos-una-de-las-exposiciones-mas-aclamadas-llega-a-nueva-york-junto-con-el-nuevo-libro-de-la-maison\/","og_locale":"es_MX","og_type":"article","og_title":"Christian Dior Dise\u00f1ador de Sue\u00f1os una de las exposiciones m\u00e1s aclamadas llega a Nueva York junto con el nuevo libro de la Maison","og_description":"M\u00e1s de 70 a\u00f1os de historia pasan por las p\u00e1ginas del nuevo libro Christian Dior Dise\u00f1ador de Sue\u00f1os, explorando fuentes de inspiraci\u00f3n que han sido clave importante para el \u00e9xito de la Maison.","og_url":"https:\/\/graziamagazine.com\/mx\/articles\/christian-dior-disenador-de-suenos-una-de-las-exposiciones-mas-aclamadas-llega-a-nueva-york-junto-con-el-nuevo-libro-de-la-maison\/","og_site_name":"Grazia M\u00e9xico y Latinoam\u00e9rica","article_modified_time":"2021-08-16T12:19:05+00:00","og_image":[{"width":350,"height":250,"url":"https:\/\/graziamagazine.com\/mx\/wp-content\/uploads\/sites\/13\/2021\/08\/image003-e1629116334800.png?fit=350%2C250","type":"image\/png"}],"twitter_card":"summary_large_image","twitter_misc":{"Est. reading time":"2 minutos"},"schema":{"@context":"https:\/\/schema.org","@graph":[{"@type":"WebPage","@id":"https:\/\/graziamagazine.com\/mx\/articles\/christian-dior-disenador-de-suenos-una-de-las-exposiciones-mas-aclamadas-llega-a-nueva-york-junto-con-el-nuevo-libro-de-la-maison\/","url":"https:\/\/graziamagazine.com\/mx\/articles\/christian-dior-disenador-de-suenos-una-de-las-exposiciones-mas-aclamadas-llega-a-nueva-york-junto-con-el-nuevo-libro-de-la-maison\/","name":"Christian Dior Dise\u00f1ador de Sue\u00f1os una de las exposiciones m\u00e1s aclamadas llega a Nueva York junto con el nuevo libro de la Maison | Grazia M\u00e9xico y Latinoam\u00e9rica","isPartOf":{"@id":"https:\/\/graziamagazine.com\/mx\/#website"},"datePublished":"2021-08-16T13:45:02+00:00","dateModified":"2021-08-16T12:19:05+00:00","description":"M\u00e1s de 70 a\u00f1os de historia pasan por las p\u00e1ginas del nuevo libro Christian Dior Dise\u00f1ador de Sue\u00f1os, explorando fuentes de inspiraci\u00f3n que han sido clave importante para el \u00e9xito de la Maison.","breadcrumb":{"@id":"https:\/\/graziamagazine.com\/mx\/articles\/christian-dior-disenador-de-suenos-una-de-las-exposiciones-mas-aclamadas-llega-a-nueva-york-junto-con-el-nuevo-libro-de-la-maison\/#breadcrumb"},"inLanguage":"es-MX","potentialAction":[{"@type":"ReadAction","target":["https:\/\/graziamagazine.com\/mx\/articles\/christian-dior-disenador-de-suenos-una-de-las-exposiciones-mas-aclamadas-llega-a-nueva-york-junto-con-el-nuevo-libro-de-la-maison\/"]}]},{"@type":"BreadcrumbList","@id":"https:\/\/graziamagazine.com\/mx\/articles\/christian-dior-disenador-de-suenos-una-de-las-exposiciones-mas-aclamadas-llega-a-nueva-york-junto-con-el-nuevo-libro-de-la-maison\/#breadcrumb","itemListElement":[{"@type":"ListItem","position":1,"name":"Home","item":"https:\/\/graziamagazine.com\/mx\/"},{"@type":"ListItem","position":2,"name":"Christian Dior Dise\u00f1ador de Sue\u00f1os una de las exposiciones m\u00e1s aclamadas llega a Nueva York junto con el nuevo libro de la Maison"}]},{"@type":"WebSite","@id":"https:\/\/graziamagazine.com\/mx\/#website","url":"https:\/\/graziamagazine.com\/mx\/","name":"Grazia M\u00e9xico y Latinoam\u00e9rica","description":"Grazia es moda, belleza y noticias  de actualidad ","potentialAction":[{"@type":"SearchAction","target":{"@type":"EntryPoint","urlTemplate":"https:\/\/graziamagazine.com\/mx\/?s={search_term_string}"},"query-input":"required name=search_term_string"}],"inLanguage":"es-MX"}]}},"jetpack_sharing_enabled":true,"distributor_meta":false,"distributor_terms":false,"distributor_media":false,"distributor_original_site_name":"Grazia M\u00e9xico y Latinoam\u00e9rica","distributor_original_site_url":"https:\/\/graziamagazine.com\/mx","push-errors":false,"_links":{"self":[{"href":"https:\/\/graziamagazine.com\/mx\/wp-json\/wp\/v2\/articles\/99880"}],"collection":[{"href":"https:\/\/graziamagazine.com\/mx\/wp-json\/wp\/v2\/articles"}],"about":[{"href":"https:\/\/graziamagazine.com\/mx\/wp-json\/wp\/v2\/types\/articles"}],"author":[{"embeddable":true,"href":"https:\/\/graziamagazine.com\/mx\/wp-json\/wp\/v2\/users\/28953"}],"wp:featuredmedia":[{"embeddable":true,"href":"https:\/\/graziamagazine.com\/mx\/wp-json\/wp\/v2\/media\/99881"}],"wp:attachment":[{"href":"https:\/\/graziamagazine.com\/mx\/wp-json\/wp\/v2\/media?parent=99880"}],"wp:term":[{"taxonomy":"category","embeddable":true,"href":"https:\/\/graziamagazine.com\/mx\/wp-json\/wp\/v2\/categories?post=99880"}],"curies":[{"name":"wp","href":"https:\/\/api.w.org\/{rel}","templated":true}]}}