{"id":99878,"date":"2021-08-16T09:00:11","date_gmt":"2021-08-16T14:00:11","guid":{"rendered":"https:\/\/graziamagazine.com\/mx\/?post_type=articles&#038;p=99878"},"modified":"2021-08-16T07:21:54","modified_gmt":"2021-08-16T12:21:54","slug":"zara-publica-su-manifiesto-de-sostenibilidad-a-favor-del-medio-ambiente","status":"publish","type":"articles","link":"https:\/\/graziamagazine.com\/mx\/articles\/zara-publica-su-manifiesto-de-sostenibilidad-a-favor-del-medio-ambiente\/","title":{"rendered":"Zara publica su manifiesto de sostenibilidad a favor del medio ambiente"},"content":{"rendered":"<p><span style=\"font-weight: 400\">Cada vez hay menos opciones para el <strong>medio ambiente<\/strong>, pues el planeta Tierra est\u00e1 sufriendo las consecuencias de las malas pr\u00e1cticas y las pol\u00edticas que los seres humanos hemos implementado desde hace d\u00e9cadas. Por esta raz\u00f3n, en este punto de la historia, las marcas de consumo deben adoptar <strong>medidas sustentables que tengan un menor impacto en el medio ambiente.<\/strong><\/span><\/p>\n<p><span style=\"font-weight: 400\"><strong>Zara<\/strong> es una de estas marcas, por lo que ha decidido publicar su <strong>manifiesto de sostenibilidad.<\/strong> En \u00e9l, involucra materiales, procesos de adquisici\u00f3n de materias primas, procesos de venta, din\u00e1mica dentro de sus tiendas por todo el mundo, y el aspecto social de la moda.<\/span><\/p>\n<p><span style=\"font-weight: 400\">Desde que el grupo Inditex firm\u00f3 el <strong>Pacto Mundial de las Naciones Unidas en 2001,<\/strong> la empresa espa\u00f1ola de alcance internacional ha estado trabajando para avanzar en los objetivos que ahora presentan. En 2019 publicaron sus primeros compromisos medioambientales, que fueron revisados en julio de 2021, y ahora public\u00f3 este manifiesto en su p\u00e1gina web, donde destaca su <strong>estrategia de sostenibilidad<\/strong> y algunas de las acciones que llevar\u00e1 a cabo a partir de ahora.<\/span><\/p>\n<p><span style=\"font-weight: 400\">\u201cEn Zara entendemos la sostenibilidad como un proyecto de trabajo continuo. Desarrollamos programas espec\u00edficos desde un enfoque hol\u00edstico, integrando la sostenibilidad social, medioambiental y la seguridad y salud de nuestros productos\u201d, dice Zara en su sitio web.<\/span><\/p>\n<p><span style=\"font-weight: 400\">Bajo el lema &#8216;<strong>Trabajando por la sostenibilidad<\/strong>&#8216;, Zara destaca algunas de sus acciones m\u00e1s significativas, como los programas impulsados \u200b\u200bpol\u00edticamente que integran la sostenibilidad social y medioambiental, con la salud y seguridad de sus productos. Las prendas etiquetadas con &#8220;<em><strong>Join Life<\/strong><\/em>&#8221; se producen mediante procesos y materias primas que ayudan a reducir el impacto medioambiental.\u00a0<\/span><\/p>\n<p><span style=\"font-weight: 400\">Ahora, seg\u00fan especifica, tiene como objetivo que el 50% de sus productos cumplan con el est\u00e1ndar &#8220;<em>Join Life<\/em>&#8221; para 2022 y, para ese mismo a\u00f1o, usar\u00e1 100% de energ\u00edas el\u00e9ctricas renovables en operaciones propias.<\/span><\/p>\n<p><span style=\"font-weight: 400\">Las bolsas que se entregan a los clientes ya est\u00e1n hechas de papel 100% reciclado y para 2023 eliminar\u00e1n todos los pl\u00e1sticos de un solo uso que se les entreguen a los clientes.<\/span><\/p>\n<p><span style=\"font-weight: 400\">Asimismo, sus tiendas han sido renovadas para priorizar el consumo eficiente de energ\u00eda y agua y los servidores de zara.com utilizan energ\u00edas renovables. El objetivo es que para el 2022, el 100% de la energ\u00eda en su sede, centros log\u00edsticos y tiendas propias, provenga exclusivamente de fuentes renovables.<\/span><\/p>\n<p><span style=\"font-weight: 400\">Entre otras acciones, para 2025 planea que el lino europeo que utiliza sea 100% sostenible, al igual que el poli\u00e9ster reciclado proveniente de Marruecos y T\u00fanez; prev\u00e9 una reducci\u00f3n del 25% del impacto del agua en su cadena de suministro, para llegar a su meta en 2040 de 0% emisiones netas.<\/span><\/p>\n<p><span style=\"font-weight: 400\">\u00a1Bien ah\u00ed, Zara!<\/span><\/p>\n<p><strong><em>*IMAGEN: cortes\u00eda de Inditex<\/em><\/strong><\/p>\n","protected":false},"author":11628,"featured_media":99908,"template":"","format":"standard","categories":[114],"acf":[],"yoast_head":"<!-- This site is optimized with the Yoast SEO Premium plugin v18.5 (Yoast SEO v20.4) - https:\/\/yoast.com\/wordpress\/plugins\/seo\/ -->\n<title>Zara publica su manifiesto de sostenibilidad a favor del medio ambiente | Grazia M\u00e9xico y Latinoam\u00e9rica<\/title>\n<meta name=\"description\" content=\"Su objetivo a mediano plazo es producir 0% de emisiones de carbono netas.\" \/>\n<meta name=\"robots\" content=\"index, follow, max-snippet:-1, max-image-preview:large, max-video-preview:-1\" \/>\n<link rel=\"canonical\" href=\"https:\/\/graziamagazine.com\/mx\/articles\/zara-publica-su-manifiesto-de-sostenibilidad-a-favor-del-medio-ambiente\/\" \/>\n<meta property=\"og:locale\" content=\"es_MX\" \/>\n<meta property=\"og:type\" content=\"article\" \/>\n<meta property=\"og:title\" content=\"Zara publica su manifiesto de sostenibilidad a favor del medio ambiente\" \/>\n<meta property=\"og:description\" content=\"Su objetivo a mediano plazo es producir 0% de emisiones de carbono netas.\" \/>\n<meta property=\"og:url\" content=\"https:\/\/graziamagazine.com\/mx\/articles\/zara-publica-su-manifiesto-de-sostenibilidad-a-favor-del-medio-ambiente\/\" \/>\n<meta property=\"og:site_name\" content=\"Grazia M\u00e9xico y Latinoam\u00e9rica\" \/>\n<meta property=\"article:modified_time\" content=\"2021-08-16T12:21:54+00:00\" \/>\n<meta property=\"og:image\" content=\"https:\/\/graziamagazine.com\/mx\/wp-content\/uploads\/sites\/13\/2021\/08\/estas-son-las-nuevas-tiendas-que-zara-abrira-en-2017-e1629116490913.jpeg?fit=1317%2C772\" \/>\n\t<meta property=\"og:image:width\" content=\"1317\" \/>\n\t<meta property=\"og:image:height\" content=\"772\" \/>\n\t<meta property=\"og:image:type\" content=\"image\/jpeg\" \/>\n<meta name=\"twitter:card\" content=\"summary_large_image\" \/>\n<meta name=\"twitter:label1\" content=\"Est. reading time\" \/>\n\t<meta name=\"twitter:data1\" content=\"2 minutos\" \/>\n<script type=\"application\/ld+json\" class=\"yoast-schema-graph\">{\"@context\":\"https:\/\/schema.org\",\"@graph\":[{\"@type\":\"WebPage\",\"@id\":\"https:\/\/graziamagazine.com\/mx\/articles\/zara-publica-su-manifiesto-de-sostenibilidad-a-favor-del-medio-ambiente\/\",\"url\":\"https:\/\/graziamagazine.com\/mx\/articles\/zara-publica-su-manifiesto-de-sostenibilidad-a-favor-del-medio-ambiente\/\",\"name\":\"Zara publica su manifiesto de sostenibilidad a favor del medio ambiente | Grazia M\u00e9xico y Latinoam\u00e9rica\",\"isPartOf\":{\"@id\":\"https:\/\/graziamagazine.com\/mx\/#website\"},\"datePublished\":\"2021-08-16T14:00:11+00:00\",\"dateModified\":\"2021-08-16T12:21:54+00:00\",\"description\":\"Su objetivo a mediano plazo es producir 0% de emisiones de carbono netas.\",\"breadcrumb\":{\"@id\":\"https:\/\/graziamagazine.com\/mx\/articles\/zara-publica-su-manifiesto-de-sostenibilidad-a-favor-del-medio-ambiente\/#breadcrumb\"},\"inLanguage\":\"es-MX\",\"potentialAction\":[{\"@type\":\"ReadAction\",\"target\":[\"https:\/\/graziamagazine.com\/mx\/articles\/zara-publica-su-manifiesto-de-sostenibilidad-a-favor-del-medio-ambiente\/\"]}]},{\"@type\":\"BreadcrumbList\",\"@id\":\"https:\/\/graziamagazine.com\/mx\/articles\/zara-publica-su-manifiesto-de-sostenibilidad-a-favor-del-medio-ambiente\/#breadcrumb\",\"itemListElement\":[{\"@type\":\"ListItem\",\"position\":1,\"name\":\"Home\",\"item\":\"https:\/\/graziamagazine.com\/mx\/\"},{\"@type\":\"ListItem\",\"position\":2,\"name\":\"Zara publica su manifiesto de sostenibilidad a favor del medio ambiente\"}]},{\"@type\":\"WebSite\",\"@id\":\"https:\/\/graziamagazine.com\/mx\/#website\",\"url\":\"https:\/\/graziamagazine.com\/mx\/\",\"name\":\"Grazia M\u00e9xico y Latinoam\u00e9rica\",\"description\":\"Grazia es moda, belleza y noticias  de actualidad \",\"potentialAction\":[{\"@type\":\"SearchAction\",\"target\":{\"@type\":\"EntryPoint\",\"urlTemplate\":\"https:\/\/graziamagazine.com\/mx\/?s={search_term_string}\"},\"query-input\":\"required name=search_term_string\"}],\"inLanguage\":\"es-MX\"}]}<\/script>\n<!-- \/ Yoast SEO Premium plugin. -->","yoast_head_json":{"title":"Zara publica su manifiesto de sostenibilidad a favor del medio ambiente | Grazia M\u00e9xico y Latinoam\u00e9rica","description":"Su objetivo a mediano plazo es producir 0% de emisiones de carbono netas.","robots":{"index":"index","follow":"follow","max-snippet":"max-snippet:-1","max-image-preview":"max-image-preview:large","max-video-preview":"max-video-preview:-1"},"canonical":"https:\/\/graziamagazine.com\/mx\/articles\/zara-publica-su-manifiesto-de-sostenibilidad-a-favor-del-medio-ambiente\/","og_locale":"es_MX","og_type":"article","og_title":"Zara publica su manifiesto de sostenibilidad a favor del medio ambiente","og_description":"Su objetivo a mediano plazo es producir 0% de emisiones de carbono netas.","og_url":"https:\/\/graziamagazine.com\/mx\/articles\/zara-publica-su-manifiesto-de-sostenibilidad-a-favor-del-medio-ambiente\/","og_site_name":"Grazia M\u00e9xico y Latinoam\u00e9rica","article_modified_time":"2021-08-16T12:21:54+00:00","og_image":[{"width":1317,"height":772,"url":"https:\/\/graziamagazine.com\/mx\/wp-content\/uploads\/sites\/13\/2021\/08\/estas-son-las-nuevas-tiendas-que-zara-abrira-en-2017-e1629116490913.jpeg?fit=1317%2C772","type":"image\/jpeg"}],"twitter_card":"summary_large_image","twitter_misc":{"Est. reading time":"2 minutos"},"schema":{"@context":"https:\/\/schema.org","@graph":[{"@type":"WebPage","@id":"https:\/\/graziamagazine.com\/mx\/articles\/zara-publica-su-manifiesto-de-sostenibilidad-a-favor-del-medio-ambiente\/","url":"https:\/\/graziamagazine.com\/mx\/articles\/zara-publica-su-manifiesto-de-sostenibilidad-a-favor-del-medio-ambiente\/","name":"Zara publica su manifiesto de sostenibilidad a favor del medio ambiente | Grazia M\u00e9xico y Latinoam\u00e9rica","isPartOf":{"@id":"https:\/\/graziamagazine.com\/mx\/#website"},"datePublished":"2021-08-16T14:00:11+00:00","dateModified":"2021-08-16T12:21:54+00:00","description":"Su objetivo a mediano plazo es producir 0% de emisiones de carbono netas.","breadcrumb":{"@id":"https:\/\/graziamagazine.com\/mx\/articles\/zara-publica-su-manifiesto-de-sostenibilidad-a-favor-del-medio-ambiente\/#breadcrumb"},"inLanguage":"es-MX","potentialAction":[{"@type":"ReadAction","target":["https:\/\/graziamagazine.com\/mx\/articles\/zara-publica-su-manifiesto-de-sostenibilidad-a-favor-del-medio-ambiente\/"]}]},{"@type":"BreadcrumbList","@id":"https:\/\/graziamagazine.com\/mx\/articles\/zara-publica-su-manifiesto-de-sostenibilidad-a-favor-del-medio-ambiente\/#breadcrumb","itemListElement":[{"@type":"ListItem","position":1,"name":"Home","item":"https:\/\/graziamagazine.com\/mx\/"},{"@type":"ListItem","position":2,"name":"Zara publica su manifiesto de sostenibilidad a favor del medio ambiente"}]},{"@type":"WebSite","@id":"https:\/\/graziamagazine.com\/mx\/#website","url":"https:\/\/graziamagazine.com\/mx\/","name":"Grazia M\u00e9xico y Latinoam\u00e9rica","description":"Grazia es moda, belleza y noticias  de actualidad ","potentialAction":[{"@type":"SearchAction","target":{"@type":"EntryPoint","urlTemplate":"https:\/\/graziamagazine.com\/mx\/?s={search_term_string}"},"query-input":"required name=search_term_string"}],"inLanguage":"es-MX"}]}},"jetpack_sharing_enabled":true,"distributor_meta":false,"distributor_terms":false,"distributor_media":false,"distributor_original_site_name":"Grazia M\u00e9xico y Latinoam\u00e9rica","distributor_original_site_url":"https:\/\/graziamagazine.com\/mx","push-errors":false,"_links":{"self":[{"href":"https:\/\/graziamagazine.com\/mx\/wp-json\/wp\/v2\/articles\/99878"}],"collection":[{"href":"https:\/\/graziamagazine.com\/mx\/wp-json\/wp\/v2\/articles"}],"about":[{"href":"https:\/\/graziamagazine.com\/mx\/wp-json\/wp\/v2\/types\/articles"}],"author":[{"embeddable":true,"href":"https:\/\/graziamagazine.com\/mx\/wp-json\/wp\/v2\/users\/11628"}],"wp:featuredmedia":[{"embeddable":true,"href":"https:\/\/graziamagazine.com\/mx\/wp-json\/wp\/v2\/media\/99908"}],"wp:attachment":[{"href":"https:\/\/graziamagazine.com\/mx\/wp-json\/wp\/v2\/media?parent=99878"}],"wp:term":[{"taxonomy":"category","embeddable":true,"href":"https:\/\/graziamagazine.com\/mx\/wp-json\/wp\/v2\/categories?post=99878"}],"curies":[{"name":"wp","href":"https:\/\/api.w.org\/{rel}","templated":true}]}}