{"id":99666,"date":"2021-08-09T09:45:32","date_gmt":"2021-08-09T14:45:32","guid":{"rendered":"https:\/\/graziamagazine.com\/mx\/?post_type=articles&#038;p=99666"},"modified":"2021-08-09T09:54:06","modified_gmt":"2021-08-09T14:54:06","slug":"revlon-lanza-la-linea-re-start-y-destiny-para-el-cuidado-del-cabello","status":"publish","type":"articles","link":"https:\/\/graziamagazine.com\/mx\/articles\/revlon-lanza-la-linea-re-start-y-destiny-para-el-cuidado-del-cabello\/","title":{"rendered":"Revlon lanza la l\u00ednea Re\/Start y Destiny para el cuidado del cabello"},"content":{"rendered":"<p><span style=\"font-weight: 400\">De la ra\u00edz a las puntas, una de las marcas l\u00edderes en belleza <strong>Revlon\u00a0<\/strong>presenta la nueva l\u00ednea <strong>RE\/START DESTINY<\/strong> con su exclusiva tecnolog\u00eda<strong> Kerabiotic 3Forcetm<\/strong> con el objetivo de combatir la ca\u00edda del cabello as\u00ed como equilibrar el microbioma del cuero cabelludo, revitalizar y fortalecer el cabello desde el interior.<\/span><\/p>\n<p><span style=\"font-weight: 400\">El aspecto de nuestro cabello puede dar un acercamiento sobre nuestra personalidad, adem\u00e1s de incidir en las relaciones que podemos establecer con alguien. \u00a1Una melena <strong>sana, brillosa, fuerte <\/strong>y<strong> sedosa<\/strong> es todo lo que necesitas para dar inicio a una nueva aventura!<\/span><\/p>\n<p><img loading=\"lazy\" decoding=\"async\" class=\"wp-image-99668 size-large\" src=\"https:\/\/graziamagazine.com\/mx\/wp-content\/uploads\/sites\/13\/2021\/08\/restart-menu-picture-preview-e1628520693696.jpg?w=688\" alt=\"Revlon, Re\/Start Destiny\" width=\"688\" height=\"447\" \/><\/p>\n<p><span style=\"font-weight: 400\">Con lo \u00faltimo en tecnolog\u00eda, la l\u00ednea Re\/Start Destiny fusiona la ciencia del cuidado no solo del cabello sino de la piel, ayudando a reducir la ca\u00edda del cabello y mejorar su fuerza hasta un <strong>92%<\/strong> haci\u00e9ndolo m\u00e1s resistente a la ca\u00edda gracias a ingredientes multifuncionales como el <strong>Biopeptide<\/strong> que combina\u00a0 <strong>Biotinyl Tripeptide-1<\/strong>, un derivado de la biotina,\u00a0 apigenina y \u00e1cido olean\u00f3lico, los cuales ayudan a fortalecer. El ingrediente clave es el <strong>3FORCE<\/strong> que ayuda a <strong>calmar<\/strong> y <strong>proteger<\/strong> el cuero cabelludo mediante ingredientes probados para el cuidado de la piel.<\/span><\/p>\n<p><img loading=\"lazy\" decoding=\"async\" class=\"wp-image-99669 size-large\" src=\"https:\/\/graziamagazine.com\/mx\/wp-content\/uploads\/sites\/13\/2021\/08\/restart-recovery-packshot.jpg?w=1024\" alt=\"Revlon, Re\/Start Destiny\" width=\"1024\" height=\"1024\" \/><\/p>\n<p><span style=\"font-weight: 400\">Dentro de esta maravillosa l\u00ednea podr\u00e1s encontrar una gama con un doble enfoque \u00a1Te contamos todo lo que debes saber de estos productos!<\/span><\/p>\n<p><span style=\"font-weight: 400\"><strong>Fortifying Micellar Shampoo<\/strong>: Este shampoo se encarga de <strong>controlar y dar equilibrio al <\/strong><\/span><span style=\"font-weight: 400\"><strong>microbioma del cuero cabelludo<\/strong> y <strong>fortalece la estructura del cabello<\/strong> desde el interior para reducir la ca\u00edda del cabello.<\/span><\/p>\n<p><img loading=\"lazy\" decoding=\"async\" class=\"size-medium wp-image-99670\" src=\"https:\/\/graziamagazine.com\/mx\/wp-content\/uploads\/sites\/13\/2021\/08\/Restart_density_shampoo_250ml-copia.png?w=450\" alt=\"Restart density shampoo\" width=\"450\" height=\"450\" \/><\/p>\n<p><span style=\"font-weight: 400\"><strong>Fortifying Weightless Conditioner:<\/strong> Despu\u00e9s de aplicar el shampoo, te recomendamos utilizar el Fortifying Weightless Conditioner. Sus mol\u00e9culas fortificantes <strong>ayudar\u00e1n a restaurar y fortalecer el cabello desde el interior<\/strong>. Ayudar\u00e1 tambi\u00e9n a prevenir la ca\u00edda del cabello y dejar\u00e1 una textura sedosa y revitalizada si tienes una melena quebradiza.<\/span><\/p>\n<p><img loading=\"lazy\" decoding=\"async\" class=\"size-medium wp-image-99671\" src=\"https:\/\/graziamagazine.com\/mx\/wp-content\/uploads\/sites\/13\/2021\/08\/Restart_density_conditioner_200ml-copia.png?w=450\" alt=\"Restart density conditioner\" width=\"450\" height=\"450\" \/><\/p>\n<p><span style=\"font-weight: 400\"><strong>Anti-Hair Loss Professional Vials:<\/strong> Un incre\u00edble tratamiento para <strong>mantener la densidad y volumen del cabello.<\/strong> Lo mejor es que<strong> reduce la ca\u00edda del cabello<\/strong>. Este producto ser\u00e1 ideal para tratamientos en el sal\u00f3n.<\/span><\/p>\n<p><img loading=\"lazy\" decoding=\"async\" class=\"size-medium wp-image-99672\" src=\"https:\/\/graziamagazine.com\/mx\/wp-content\/uploads\/sites\/13\/2021\/08\/Restart_density_vial_box_v2.png?w=450\" alt=\"Restart density vial box\" width=\"450\" height=\"450\" \/><\/p>\n<p><span style=\"font-weight: 400\">Si deseas un nuevo comienzo y una nueva vida para tu melena, \u00a1estos productos son ideales para ti!<\/span><\/p>\n<h5><em>*IM\u00c1GENES: cortes\u00eda Revlon, RevlonProfessional<\/em><\/h5>\n<p>&nbsp;<\/p>\n","protected":false},"author":28953,"featured_media":99693,"template":"","format":"standard","categories":[3],"acf":[],"yoast_head":"<!-- This site is optimized with the Yoast SEO Premium plugin v18.5 (Yoast SEO v20.4) - https:\/\/yoast.com\/wordpress\/plugins\/seo\/ -->\n<title>Revlon lanza la l\u00ednea Re\/Start y Destiny para el cuidado del cabello | Grazia M\u00e9xico y Latinoam\u00e9rica<\/title>\n<meta name=\"description\" content=\"De la ra\u00edz a las puntas, una de las marcas l\u00edderes en belleza Revlon\u00a0presenta la nueva l\u00ednea RE\/START DESTINY con su exclusiva tecnolog\u00eda Kerabiotic\" \/>\n<meta name=\"robots\" content=\"index, follow, max-snippet:-1, max-image-preview:large, max-video-preview:-1\" \/>\n<link rel=\"canonical\" href=\"https:\/\/graziamagazine.com\/mx\/articles\/revlon-lanza-la-linea-re-start-y-destiny-para-el-cuidado-del-cabello\/\" \/>\n<meta property=\"og:locale\" content=\"es_MX\" \/>\n<meta property=\"og:type\" content=\"article\" \/>\n<meta property=\"og:title\" content=\"Revlon lanza la l\u00ednea Re\/Start y Destiny para el cuidado del cabello\" \/>\n<meta property=\"og:description\" content=\"De la ra\u00edz a las puntas, una de las marcas l\u00edderes en belleza Revlon\u00a0presenta la nueva l\u00ednea RE\/START DESTINY con su exclusiva tecnolog\u00eda Kerabiotic\" \/>\n<meta property=\"og:url\" content=\"https:\/\/graziamagazine.com\/mx\/articles\/revlon-lanza-la-linea-re-start-y-destiny-para-el-cuidado-del-cabello\/\" \/>\n<meta property=\"og:site_name\" content=\"Grazia M\u00e9xico y Latinoam\u00e9rica\" \/>\n<meta property=\"article:modified_time\" content=\"2021-08-09T14:54:06+00:00\" \/>\n<meta property=\"og:image\" content=\"https:\/\/graziamagazine.com\/mx\/wp-content\/uploads\/sites\/13\/2021\/08\/re-start-hydration-v2-e1628520822538.jpeg?fit=2122%2C1468\" \/>\n\t<meta property=\"og:image:width\" content=\"2122\" \/>\n\t<meta property=\"og:image:height\" content=\"1468\" \/>\n\t<meta property=\"og:image:type\" content=\"image\/jpeg\" \/>\n<meta name=\"twitter:card\" content=\"summary_large_image\" \/>\n<meta name=\"twitter:label1\" content=\"Est. reading time\" \/>\n\t<meta name=\"twitter:data1\" content=\"2 minutos\" \/>\n<script type=\"application\/ld+json\" class=\"yoast-schema-graph\">{\"@context\":\"https:\/\/schema.org\",\"@graph\":[{\"@type\":\"WebPage\",\"@id\":\"https:\/\/graziamagazine.com\/mx\/articles\/revlon-lanza-la-linea-re-start-y-destiny-para-el-cuidado-del-cabello\/\",\"url\":\"https:\/\/graziamagazine.com\/mx\/articles\/revlon-lanza-la-linea-re-start-y-destiny-para-el-cuidado-del-cabello\/\",\"name\":\"Revlon lanza la l\u00ednea Re\/Start y Destiny para el cuidado del cabello | Grazia M\u00e9xico y Latinoam\u00e9rica\",\"isPartOf\":{\"@id\":\"https:\/\/graziamagazine.com\/mx\/#website\"},\"datePublished\":\"2021-08-09T14:45:32+00:00\",\"dateModified\":\"2021-08-09T14:54:06+00:00\",\"description\":\"De la ra\u00edz a las puntas, una de las marcas l\u00edderes en belleza Revlon\u00a0presenta la nueva l\u00ednea RE\/START DESTINY con su exclusiva tecnolog\u00eda Kerabiotic\",\"breadcrumb\":{\"@id\":\"https:\/\/graziamagazine.com\/mx\/articles\/revlon-lanza-la-linea-re-start-y-destiny-para-el-cuidado-del-cabello\/#breadcrumb\"},\"inLanguage\":\"es-MX\",\"potentialAction\":[{\"@type\":\"ReadAction\",\"target\":[\"https:\/\/graziamagazine.com\/mx\/articles\/revlon-lanza-la-linea-re-start-y-destiny-para-el-cuidado-del-cabello\/\"]}]},{\"@type\":\"BreadcrumbList\",\"@id\":\"https:\/\/graziamagazine.com\/mx\/articles\/revlon-lanza-la-linea-re-start-y-destiny-para-el-cuidado-del-cabello\/#breadcrumb\",\"itemListElement\":[{\"@type\":\"ListItem\",\"position\":1,\"name\":\"Home\",\"item\":\"https:\/\/graziamagazine.com\/mx\/\"},{\"@type\":\"ListItem\",\"position\":2,\"name\":\"Revlon lanza la l\u00ednea Re\/Start y Destiny para el cuidado del cabello\"}]},{\"@type\":\"WebSite\",\"@id\":\"https:\/\/graziamagazine.com\/mx\/#website\",\"url\":\"https:\/\/graziamagazine.com\/mx\/\",\"name\":\"Grazia M\u00e9xico y Latinoam\u00e9rica\",\"description\":\"Grazia es moda, belleza y noticias  de actualidad \",\"potentialAction\":[{\"@type\":\"SearchAction\",\"target\":{\"@type\":\"EntryPoint\",\"urlTemplate\":\"https:\/\/graziamagazine.com\/mx\/?s={search_term_string}\"},\"query-input\":\"required name=search_term_string\"}],\"inLanguage\":\"es-MX\"}]}<\/script>\n<!-- \/ Yoast SEO Premium plugin. -->","yoast_head_json":{"title":"Revlon lanza la l\u00ednea Re\/Start y Destiny para el cuidado del cabello | Grazia M\u00e9xico y Latinoam\u00e9rica","description":"De la ra\u00edz a las puntas, una de las marcas l\u00edderes en belleza Revlon\u00a0presenta la nueva l\u00ednea RE\/START DESTINY con su exclusiva tecnolog\u00eda Kerabiotic","robots":{"index":"index","follow":"follow","max-snippet":"max-snippet:-1","max-image-preview":"max-image-preview:large","max-video-preview":"max-video-preview:-1"},"canonical":"https:\/\/graziamagazine.com\/mx\/articles\/revlon-lanza-la-linea-re-start-y-destiny-para-el-cuidado-del-cabello\/","og_locale":"es_MX","og_type":"article","og_title":"Revlon lanza la l\u00ednea Re\/Start y Destiny para el cuidado del cabello","og_description":"De la ra\u00edz a las puntas, una de las marcas l\u00edderes en belleza Revlon\u00a0presenta la nueva l\u00ednea RE\/START DESTINY con su exclusiva tecnolog\u00eda Kerabiotic","og_url":"https:\/\/graziamagazine.com\/mx\/articles\/revlon-lanza-la-linea-re-start-y-destiny-para-el-cuidado-del-cabello\/","og_site_name":"Grazia M\u00e9xico y Latinoam\u00e9rica","article_modified_time":"2021-08-09T14:54:06+00:00","og_image":[{"width":2122,"height":1468,"url":"https:\/\/graziamagazine.com\/mx\/wp-content\/uploads\/sites\/13\/2021\/08\/re-start-hydration-v2-e1628520822538.jpeg?fit=2122%2C1468","type":"image\/jpeg"}],"twitter_card":"summary_large_image","twitter_misc":{"Est. reading time":"2 minutos"},"schema":{"@context":"https:\/\/schema.org","@graph":[{"@type":"WebPage","@id":"https:\/\/graziamagazine.com\/mx\/articles\/revlon-lanza-la-linea-re-start-y-destiny-para-el-cuidado-del-cabello\/","url":"https:\/\/graziamagazine.com\/mx\/articles\/revlon-lanza-la-linea-re-start-y-destiny-para-el-cuidado-del-cabello\/","name":"Revlon lanza la l\u00ednea Re\/Start y Destiny para el cuidado del cabello | Grazia M\u00e9xico y Latinoam\u00e9rica","isPartOf":{"@id":"https:\/\/graziamagazine.com\/mx\/#website"},"datePublished":"2021-08-09T14:45:32+00:00","dateModified":"2021-08-09T14:54:06+00:00","description":"De la ra\u00edz a las puntas, una de las marcas l\u00edderes en belleza Revlon\u00a0presenta la nueva l\u00ednea RE\/START DESTINY con su exclusiva tecnolog\u00eda Kerabiotic","breadcrumb":{"@id":"https:\/\/graziamagazine.com\/mx\/articles\/revlon-lanza-la-linea-re-start-y-destiny-para-el-cuidado-del-cabello\/#breadcrumb"},"inLanguage":"es-MX","potentialAction":[{"@type":"ReadAction","target":["https:\/\/graziamagazine.com\/mx\/articles\/revlon-lanza-la-linea-re-start-y-destiny-para-el-cuidado-del-cabello\/"]}]},{"@type":"BreadcrumbList","@id":"https:\/\/graziamagazine.com\/mx\/articles\/revlon-lanza-la-linea-re-start-y-destiny-para-el-cuidado-del-cabello\/#breadcrumb","itemListElement":[{"@type":"ListItem","position":1,"name":"Home","item":"https:\/\/graziamagazine.com\/mx\/"},{"@type":"ListItem","position":2,"name":"Revlon lanza la l\u00ednea Re\/Start y Destiny para el cuidado del cabello"}]},{"@type":"WebSite","@id":"https:\/\/graziamagazine.com\/mx\/#website","url":"https:\/\/graziamagazine.com\/mx\/","name":"Grazia M\u00e9xico y Latinoam\u00e9rica","description":"Grazia es moda, belleza y noticias  de actualidad ","potentialAction":[{"@type":"SearchAction","target":{"@type":"EntryPoint","urlTemplate":"https:\/\/graziamagazine.com\/mx\/?s={search_term_string}"},"query-input":"required name=search_term_string"}],"inLanguage":"es-MX"}]}},"jetpack_sharing_enabled":true,"distributor_meta":false,"distributor_terms":false,"distributor_media":false,"distributor_original_site_name":"Grazia M\u00e9xico y Latinoam\u00e9rica","distributor_original_site_url":"https:\/\/graziamagazine.com\/mx","push-errors":false,"_links":{"self":[{"href":"https:\/\/graziamagazine.com\/mx\/wp-json\/wp\/v2\/articles\/99666"}],"collection":[{"href":"https:\/\/graziamagazine.com\/mx\/wp-json\/wp\/v2\/articles"}],"about":[{"href":"https:\/\/graziamagazine.com\/mx\/wp-json\/wp\/v2\/types\/articles"}],"author":[{"embeddable":true,"href":"https:\/\/graziamagazine.com\/mx\/wp-json\/wp\/v2\/users\/28953"}],"wp:featuredmedia":[{"embeddable":true,"href":"https:\/\/graziamagazine.com\/mx\/wp-json\/wp\/v2\/media\/99693"}],"wp:attachment":[{"href":"https:\/\/graziamagazine.com\/mx\/wp-json\/wp\/v2\/media?parent=99666"}],"wp:term":[{"taxonomy":"category","embeddable":true,"href":"https:\/\/graziamagazine.com\/mx\/wp-json\/wp\/v2\/categories?post=99666"}],"curies":[{"name":"wp","href":"https:\/\/api.w.org\/{rel}","templated":true}]}}