{"id":99579,"date":"2021-08-16T16:25:19","date_gmt":"2021-08-16T21:25:19","guid":{"rendered":"https:\/\/graziamagazine.com\/mx\/?post_type=articles&#038;p=99579"},"modified":"2021-12-01T13:08:46","modified_gmt":"2021-12-01T18:08:46","slug":"delineados-como-tendencia-graficos-creativos-y-color","status":"publish","type":"articles","link":"https:\/\/graziamagazine.com\/mx\/articles\/delineados-como-tendencia-graficos-creativos-y-color\/","title":{"rendered":"Delineados como tendencia: Gr\u00e1ficos, creativos y color"},"content":{"rendered":"<p>Es hora de echar a volar nuestra imaginaci\u00f3n y atrevernos a probar cosas distintas. \u00bfSi no es ahora cu\u00e1ndo? La m\u00e1scara de pesta\u00f1as y el delineador negro est\u00e1n bien y son un cl\u00e1sico que no ser\u00e1 remplazado, pero, \u00bfhas visto los delineados de colores y formas distintas? Son todo lo que necesitas para vibrar con la misma sinton\u00eda de la temporada. Aqu\u00ed te dejamos algunos de nuestros estilos favoritos, los cuales debes probar por lo menos una vez.<\/p>\n<h3>Foxy Eye<\/h3>\n<p>Un <em>foxy eye<\/em> con un color vibrante que haga resaltar tus ojos. Con <em>foxy eye<\/em> nos referimos a delinear desde el lagrimal hasta la parte final del ojo alargando la l\u00ednea hacia el final de la ceja. Si lo difuminas con una sombra del mismo tono y un color de transici\u00f3n lograr\u00e1s un look incre\u00edble. Otra forma de hacer foxy eye es agregando una l\u00ednea extra por arriba del p\u00e1rpado movible y uniendo con el delineado inicial. Dale un <em>plus<\/em> delineando la l\u00ednea inferior del ojo con un color llamativo.<\/p>\n<h3>Doble delineado<\/h3>\n<p>Otro gran acierto para esta tendencia es el doble delineado con diferentes tonos. Una l\u00ednea pegada al crecimiento de las pesta\u00f1as de color verde y otra l\u00ednea por encima de color amarillo.<\/p>\n<h3>Delineado fuego<\/h3>\n<p>Algo diferente pero divertido es un delineado que se volvi\u00f3 tendencia en redes sociales. Todo se trata de hacer un delineado en forma de llama de fuego, pero delicado para que no pierda el estilo.<\/p>\n<h3>Delineado cl\u00e1sico<\/h3>\n<p>La tendencia de delinear \u00fanicamente la l\u00ednea inferior del ojo ha vuelto, pero ahora en colores. Te recomendamos utilizar dos tonos distintos para que resalte m\u00e1s tu mirada.<\/p>\n<p>Despu\u00e9s que te contamos de las tendencias del momento en cuanto a delineados de color, elegimos tres de nuestros favoritos: <a href=\"https:\/\/www.liverpool.com.mx\/tienda\/pdp\/delineador-de-ojos-urban-decay-24\/7-glide-on-pencil-eye\/1054026508\" target=\"_blank\" rel=\"noopener\" target=\"_blank\">Delineador de ojos Urban Decay 24\/7 Glide On Eye Pencil<\/a>, amamos su f\u00f3rmula <em>waterproof<\/em>, as\u00ed como el <a href=\"https:\/\/www.liverpool.com.mx\/tienda\/pdp\/delineador-de-ojos-givenchy-kh\u00f4l-couture\/1060319376\" target=\"_blank\" rel=\"noopener\" target=\"_blank\">Delineador de ojos Givenchy Kh\u00f4l Couture<\/a>, su f\u00f3rmula resistente al agua hiperpigmentada no gotea, no se borra y se mantiene perfectamente durante todo el d\u00eda, para terminar nuestra lista de delineadores ic\u00f3nicos que te no te pueden faltar, se trata del <a href=\"https:\/\/www.liverpool.com.mx\/tienda\/delineadores\/catst8828294\" target=\"_blank\" rel=\"noopener\" target=\"_blank\">Delineador de ojos Dior Color Graphist<\/a> amamos su punta suave y precisa, la punta de rotulador del <em>eyeliner<\/em> realza la l\u00ednea de las pesta\u00f1as con un color intenso y un acabado mate luminoso.<\/p>\n<p>AQU\u00cd NUESTRA BEAUTY TALK EN TORNO A ESTE TEMA:<\/p>\n<div style=\"width: 1920px;\" class=\"wp-video\"><video class=\"wp-video-shortcode\" id=\"video-99579-1\" width=\"1920\" height=\"1080\" preload=\"metadata\" controls=\"controls\"><source type=\"video\/mp4\" src=\"https:\/\/graziamagazine.com\/mx\/wp-content\/uploads\/sites\/13\/2021\/12\/06_COLOR_02.mp4?_=1\" \/><\/video><\/div>\n","protected":false},"author":11647,"featured_media":102925,"template":"","format":"standard","categories":[3],"acf":[],"yoast_head":"<!-- This site is optimized with the Yoast SEO Premium plugin v18.5 (Yoast SEO v20.4) - https:\/\/yoast.com\/wordpress\/plugins\/seo\/ -->\n<title>Delineados como tendencia: Gr\u00e1ficos, creativos y color | Grazia M\u00e9xico y Latinoam\u00e9rica<\/title>\n<meta name=\"description\" content=\"\u00bfConoces las nuevas tendencias de delineados? Aqu\u00ed te contamos cuatro que se han vuelto tendencia durante el a\u00f1o, con\u00f3celos.\" \/>\n<meta name=\"robots\" content=\"index, follow, max-snippet:-1, max-image-preview:large, max-video-preview:-1\" \/>\n<link rel=\"canonical\" href=\"https:\/\/graziamagazine.com\/mx\/articles\/delineados-como-tendencia-graficos-creativos-y-color\/\" \/>\n<meta property=\"og:locale\" content=\"es_MX\" \/>\n<meta property=\"og:type\" content=\"article\" \/>\n<meta property=\"og:title\" content=\"Delineados como tendencia: Gr\u00e1ficos, creativos y color\" \/>\n<meta property=\"og:description\" content=\"\u00bfConoces las nuevas tendencias de delineados? Aqu\u00ed te contamos cuatro que se han vuelto tendencia durante el a\u00f1o, con\u00f3celos.\" \/>\n<meta property=\"og:url\" content=\"https:\/\/graziamagazine.com\/mx\/articles\/delineados-como-tendencia-graficos-creativos-y-color\/\" \/>\n<meta property=\"og:site_name\" content=\"Grazia M\u00e9xico y Latinoam\u00e9rica\" \/>\n<meta property=\"article:modified_time\" content=\"2021-12-01T18:08:46+00:00\" \/>\n<meta property=\"og:image\" content=\"https:\/\/graziamagazine.com\/mx\/wp-content\/uploads\/sites\/13\/2021\/08\/54A8653.jpg?fit=1500%2C1000\" \/>\n\t<meta property=\"og:image:width\" content=\"1500\" \/>\n\t<meta property=\"og:image:height\" content=\"1000\" \/>\n\t<meta property=\"og:image:type\" content=\"image\/jpeg\" \/>\n<meta name=\"twitter:card\" content=\"summary_large_image\" \/>\n<meta name=\"twitter:label1\" content=\"Est. reading time\" \/>\n\t<meta name=\"twitter:data1\" content=\"2 minutos\" \/>\n<script type=\"application\/ld+json\" class=\"yoast-schema-graph\">{\"@context\":\"https:\/\/schema.org\",\"@graph\":[{\"@type\":\"WebPage\",\"@id\":\"https:\/\/graziamagazine.com\/mx\/articles\/delineados-como-tendencia-graficos-creativos-y-color\/\",\"url\":\"https:\/\/graziamagazine.com\/mx\/articles\/delineados-como-tendencia-graficos-creativos-y-color\/\",\"name\":\"Delineados como tendencia: Gr\u00e1ficos, creativos y color | Grazia M\u00e9xico y Latinoam\u00e9rica\",\"isPartOf\":{\"@id\":\"https:\/\/graziamagazine.com\/mx\/#website\"},\"datePublished\":\"2021-08-16T21:25:19+00:00\",\"dateModified\":\"2021-12-01T18:08:46+00:00\",\"description\":\"\u00bfConoces las nuevas tendencias de delineados? Aqu\u00ed te contamos cuatro que se han vuelto tendencia durante el a\u00f1o, con\u00f3celos.\",\"breadcrumb\":{\"@id\":\"https:\/\/graziamagazine.com\/mx\/articles\/delineados-como-tendencia-graficos-creativos-y-color\/#breadcrumb\"},\"inLanguage\":\"es-MX\",\"potentialAction\":[{\"@type\":\"ReadAction\",\"target\":[\"https:\/\/graziamagazine.com\/mx\/articles\/delineados-como-tendencia-graficos-creativos-y-color\/\"]}]},{\"@type\":\"BreadcrumbList\",\"@id\":\"https:\/\/graziamagazine.com\/mx\/articles\/delineados-como-tendencia-graficos-creativos-y-color\/#breadcrumb\",\"itemListElement\":[{\"@type\":\"ListItem\",\"position\":1,\"name\":\"Home\",\"item\":\"https:\/\/graziamagazine.com\/mx\/\"},{\"@type\":\"ListItem\",\"position\":2,\"name\":\"Delineados como tendencia: Gr\u00e1ficos, creativos y color\"}]},{\"@type\":\"WebSite\",\"@id\":\"https:\/\/graziamagazine.com\/mx\/#website\",\"url\":\"https:\/\/graziamagazine.com\/mx\/\",\"name\":\"Grazia M\u00e9xico y Latinoam\u00e9rica\",\"description\":\"Grazia es moda, belleza y noticias  de actualidad \",\"potentialAction\":[{\"@type\":\"SearchAction\",\"target\":{\"@type\":\"EntryPoint\",\"urlTemplate\":\"https:\/\/graziamagazine.com\/mx\/?s={search_term_string}\"},\"query-input\":\"required name=search_term_string\"}],\"inLanguage\":\"es-MX\"}]}<\/script>\n<!-- \/ Yoast SEO Premium plugin. -->","yoast_head_json":{"title":"Delineados como tendencia: Gr\u00e1ficos, creativos y color | Grazia M\u00e9xico y Latinoam\u00e9rica","description":"\u00bfConoces las nuevas tendencias de delineados? Aqu\u00ed te contamos cuatro que se han vuelto tendencia durante el a\u00f1o, con\u00f3celos.","robots":{"index":"index","follow":"follow","max-snippet":"max-snippet:-1","max-image-preview":"max-image-preview:large","max-video-preview":"max-video-preview:-1"},"canonical":"https:\/\/graziamagazine.com\/mx\/articles\/delineados-como-tendencia-graficos-creativos-y-color\/","og_locale":"es_MX","og_type":"article","og_title":"Delineados como tendencia: Gr\u00e1ficos, creativos y color","og_description":"\u00bfConoces las nuevas tendencias de delineados? Aqu\u00ed te contamos cuatro que se han vuelto tendencia durante el a\u00f1o, con\u00f3celos.","og_url":"https:\/\/graziamagazine.com\/mx\/articles\/delineados-como-tendencia-graficos-creativos-y-color\/","og_site_name":"Grazia M\u00e9xico y Latinoam\u00e9rica","article_modified_time":"2021-12-01T18:08:46+00:00","og_image":[{"width":1500,"height":1000,"url":"https:\/\/graziamagazine.com\/mx\/wp-content\/uploads\/sites\/13\/2021\/08\/54A8653.jpg?fit=1500%2C1000","type":"image\/jpeg"}],"twitter_card":"summary_large_image","twitter_misc":{"Est. reading time":"2 minutos"},"schema":{"@context":"https:\/\/schema.org","@graph":[{"@type":"WebPage","@id":"https:\/\/graziamagazine.com\/mx\/articles\/delineados-como-tendencia-graficos-creativos-y-color\/","url":"https:\/\/graziamagazine.com\/mx\/articles\/delineados-como-tendencia-graficos-creativos-y-color\/","name":"Delineados como tendencia: Gr\u00e1ficos, creativos y color | Grazia M\u00e9xico y Latinoam\u00e9rica","isPartOf":{"@id":"https:\/\/graziamagazine.com\/mx\/#website"},"datePublished":"2021-08-16T21:25:19+00:00","dateModified":"2021-12-01T18:08:46+00:00","description":"\u00bfConoces las nuevas tendencias de delineados? Aqu\u00ed te contamos cuatro que se han vuelto tendencia durante el a\u00f1o, con\u00f3celos.","breadcrumb":{"@id":"https:\/\/graziamagazine.com\/mx\/articles\/delineados-como-tendencia-graficos-creativos-y-color\/#breadcrumb"},"inLanguage":"es-MX","potentialAction":[{"@type":"ReadAction","target":["https:\/\/graziamagazine.com\/mx\/articles\/delineados-como-tendencia-graficos-creativos-y-color\/"]}]},{"@type":"BreadcrumbList","@id":"https:\/\/graziamagazine.com\/mx\/articles\/delineados-como-tendencia-graficos-creativos-y-color\/#breadcrumb","itemListElement":[{"@type":"ListItem","position":1,"name":"Home","item":"https:\/\/graziamagazine.com\/mx\/"},{"@type":"ListItem","position":2,"name":"Delineados como tendencia: Gr\u00e1ficos, creativos y color"}]},{"@type":"WebSite","@id":"https:\/\/graziamagazine.com\/mx\/#website","url":"https:\/\/graziamagazine.com\/mx\/","name":"Grazia M\u00e9xico y Latinoam\u00e9rica","description":"Grazia es moda, belleza y noticias  de actualidad ","potentialAction":[{"@type":"SearchAction","target":{"@type":"EntryPoint","urlTemplate":"https:\/\/graziamagazine.com\/mx\/?s={search_term_string}"},"query-input":"required name=search_term_string"}],"inLanguage":"es-MX"}]}},"jetpack_sharing_enabled":true,"distributor_meta":false,"distributor_terms":false,"distributor_media":false,"distributor_original_site_name":"Grazia M\u00e9xico y Latinoam\u00e9rica","distributor_original_site_url":"https:\/\/graziamagazine.com\/mx","push-errors":false,"_links":{"self":[{"href":"https:\/\/graziamagazine.com\/mx\/wp-json\/wp\/v2\/articles\/99579"}],"collection":[{"href":"https:\/\/graziamagazine.com\/mx\/wp-json\/wp\/v2\/articles"}],"about":[{"href":"https:\/\/graziamagazine.com\/mx\/wp-json\/wp\/v2\/types\/articles"}],"author":[{"embeddable":true,"href":"https:\/\/graziamagazine.com\/mx\/wp-json\/wp\/v2\/users\/11647"}],"wp:featuredmedia":[{"embeddable":true,"href":"https:\/\/graziamagazine.com\/mx\/wp-json\/wp\/v2\/media\/102925"}],"wp:attachment":[{"href":"https:\/\/graziamagazine.com\/mx\/wp-json\/wp\/v2\/media?parent=99579"}],"wp:term":[{"taxonomy":"category","embeddable":true,"href":"https:\/\/graziamagazine.com\/mx\/wp-json\/wp\/v2\/categories?post=99579"}],"curies":[{"name":"wp","href":"https:\/\/api.w.org\/{rel}","templated":true}]}}