{"id":99399,"date":"2021-08-10T12:30:47","date_gmt":"2021-08-10T17:30:47","guid":{"rendered":"https:\/\/graziamagazine.com\/mx\/?post_type=articles&#038;p=99399"},"modified":"2021-08-10T11:52:50","modified_gmt":"2021-08-10T16:52:50","slug":"los-5-basicos-que-no-podras-olvidar-en-tu-maleta-para-este-verano-2021","status":"publish","type":"articles","link":"https:\/\/graziamagazine.com\/mx\/articles\/los-5-basicos-que-no-podras-olvidar-en-tu-maleta-para-este-verano-2021\/","title":{"rendered":"Los 5 b\u00e1sicos que no podr\u00e1s olvidar en tu maleta para este verano 2021"},"content":{"rendered":"<p><span style=\"font-weight: 400\">La pandemia nos ha dejado en un encierro total y anhelamos el sol y la brisa del mar as\u00ed como una buena bebida y chapuzones llenos de alegr\u00eda y libertad\u00a0 en la piscina. Sin embargo, han sido momentos en los que hemos aprendido no solo a cuidar de nosotros sino tambi\u00e9n de los dem\u00e1s. Es por eso que debes tomar tus precauciones y ser responsable al momento de salir con las <strong>medidas de salud necesarias<\/strong> como el <strong>uso del cubrebocas<\/strong> y una <strong>distancia considerada<\/strong> ante los dem\u00e1s. Tomando en cuenta esto, corre por tus maletas y dentro de ella no olvides estos <strong>5 b\u00e1sicos<\/strong> que te recomendamos a continuaci\u00f3n:<\/span><\/p>\n<h3><b>1- El capazo de rafia<\/b><\/h3>\n<p><span style=\"font-weight: 400\">\u00a1Qu\u00e9 mejor que llevar un bolso c\u00f3modo, donde puedas cargar todo lo necesario para ir a la playa o la piscina! Todo es \u00fatil al momento de tomar el sol, lentes, toalla, pareo, protector solar, libros, juegos de mesa, botellita con agua para estar hidratadas y un sinf\u00edn de cosas que nos ser\u00e1n de ayuda. Es por esto que<strong> bolsos de tama\u00f1os XXL<\/strong>, de <strong>colores neutros<\/strong> para que vayan con todos nuestros looks y de <strong>fibras naturales<\/strong> acorde al lugar\u00a0 son ideales para este verano.<\/span><\/p>\n<figure id=\"attachment_99401\" aria-describedby=\"caption-attachment-99401\" style=\"width: 300px\" class=\"wp-caption alignnone\"><img loading=\"lazy\" decoding=\"async\" class=\"wp-image-99401 size-medium\" src=\"https:\/\/graziamagazine.com\/mx\/wp-content\/uploads\/sites\/13\/2021\/07\/capazo-nicole-duoadl-2-1.jpeg?w=300\" alt=\"El capazo de rafia\" width=\"300\" height=\"450\" \/><figcaption id=\"caption-attachment-99401\" class=\"wp-caption-text\">El capazo de rafia<\/figcaption><\/figure>\n<h3><b>2- Un ba\u00f1ador negro, s\u00ed o s\u00ed\u2026<\/b><\/h3>\n<p><span style=\"font-weight: 400\">Si uno de los b\u00e1sicos mas iconicos es el vestido negro, pues este <strong>ba\u00f1ador<\/strong> sera igual de importante dentro de tu guardarropa de verano. \u00a1Si que s\u00ed! <strong>El negro forma parte de esta temporada de verano<\/strong> y para nada puede faltar en tu maleta. Combinable con cualquier color, ya sean vibrantes o neutros, este ba\u00f1ador ir\u00e1 con todo y lo mejor es que podr\u00e1s utilizarlo a lo largo del d\u00eda con otras prendas como un body, dando una versatilidad incre\u00edble a todos tus looks.<\/span><\/p>\n<figure id=\"attachment_99402\" aria-describedby=\"caption-attachment-99402\" style=\"width: 450px\" class=\"wp-caption alignnone\"><img loading=\"lazy\" decoding=\"async\" class=\"wp-image-99402 size-medium\" src=\"https:\/\/graziamagazine.com\/mx\/wp-content\/uploads\/sites\/13\/2021\/07\/banador-michael-phelps-mid-back-solid-negro-mujer.jpeg?w=450\" alt=\"Ba\u00f1ador Michael Phelps mid back solid\" width=\"450\" height=\"450\" \/><figcaption id=\"caption-attachment-99402\" class=\"wp-caption-text\">Ba\u00f1ador Michael Phelps mid back solid<\/figcaption><\/figure>\n<h3><b>3- Una toalla multiusos<\/b><\/h3>\n<p><span style=\"font-weight: 400\">\u00a0Creo que nadie pensar\u00eda que una <strong>toalla<\/strong> puede hacer toda la diferencia para <strong>resaltar la personalidad<\/strong>, es por eso que tienes que ser muy ingeniosa y buscar la mejor opci\u00f3n tanto de dise\u00f1o como de tama\u00f1o ya que estas son las que se encargan de quitarnos un poco de espacio en la maleta. Opta por <strong>dise\u00f1os coloridos o neutros<\/strong> as\u00ed como toallas <strong>reversibles<\/strong> o bien, <strong>toallas multiusos<\/strong> que funcionen como bolsos o pareos\u00a0 con gran estilo.<\/span><\/p>\n<figure id=\"attachment_99403\" aria-describedby=\"caption-attachment-99403\" style=\"width: 450px\" class=\"wp-caption alignnone\"><img loading=\"lazy\" decoding=\"async\" class=\"size-medium wp-image-99403\" src=\"https:\/\/graziamagazine.com\/mx\/wp-content\/uploads\/sites\/13\/2021\/07\/62198457892894.jpeg?w=450\" alt=\"Toalla Multiusos\" width=\"450\" height=\"450\" \/><figcaption id=\"caption-attachment-99403\" class=\"wp-caption-text\">Toalla Multiusos<\/figcaption><\/figure>\n<h3><b>4- Las sandalias a todas horas<\/b><\/h3>\n<p><span style=\"font-weight: 400\">\u00a1Pasos firmes para este verano! La pandemia nos ha quitado algunas cosas, pero nunca la actitud y no hay nada mejor que usar las cl\u00e1sicas<\/span><b> Birkenstock Arizona <\/b><span style=\"font-weight: 400\">o uno de sus modelos m\u00e1s frescos y nuevos de la temporada <strong>Eva<\/strong>. <strong>C\u00f3modas, vers\u00e1tiles, combinables <\/strong>y en<strong> diversos colores<\/strong>, las sandalias Birkenstock tienen uno de los <strong>dise\u00f1os m\u00e1s particulares<\/strong> dentro de la industria y es que las dos <strong>tiras anchas con hebillas<\/strong> agregan un mejor <strong>soporte <\/strong>y <strong>estilo.<\/strong><\/span><\/p>\n<figure id=\"attachment_99404\" aria-describedby=\"caption-attachment-99404\" style=\"width: 450px\" class=\"wp-caption alignnone\"><img loading=\"lazy\" decoding=\"async\" class=\"size-medium wp-image-99404\" src=\"https:\/\/graziamagazine.com\/mx\/wp-content\/uploads\/sites\/13\/2021\/07\/Arizona.jpeg?w=450\" alt=\"Birkenstock Arizona\" width=\"450\" height=\"450\" \/><figcaption id=\"caption-attachment-99404\" class=\"wp-caption-text\">Birkenstock Arizona<\/figcaption><\/figure>\n<h3><b>5.- Un protector solar con FPS 50+<\/b><\/h3>\n<p><span style=\"font-weight: 400\">Para una piel sana la clave es un buen<\/span> <span style=\"font-weight: 400\"><strong>protector solar<\/strong>, ya que al estar expuestos a los<strong> rayos UV<\/strong> adem\u00e1s de llevarte una buena quemada, puedes contraer manchas, arrugas e incluso enfermedades graves e irreversibles. Es por ello que recomendamos\u00a0 un buen protector solar con FPS 50+. Puedes encontrar varias opciones como el que ofrece <strong>Anthelios Fluido Invisible FPS 50+<\/strong> con textura fluida y con una incre\u00edble <strong>tecnolog\u00eda NETLOCK<\/strong> que ayuda a una mejor absorci\u00f3n y protege tu piel sin dejar marcas blancas en tu rostro. No olvides aplicarlo al menos <strong>3 veces al d\u00eda<\/strong>.<\/span><\/p>\n<figure id=\"attachment_99405\" aria-describedby=\"caption-attachment-99405\" style=\"width: 450px\" class=\"wp-caption alignnone\"><img loading=\"lazy\" decoding=\"async\" class=\"size-medium wp-image-99405\" src=\"https:\/\/graziamagazine.com\/mx\/wp-content\/uploads\/sites\/13\/2021\/07\/anthelios_shaka_fluido_invisible_spf50_la_roche_posay_50_ml.jpeg?w=450\" alt=\"Anthelios shaka shaka invisible spf50\" width=\"450\" height=\"450\" \/><figcaption id=\"caption-attachment-99405\" class=\"wp-caption-text\">Anthelios shaka shaka invisible spf50<\/figcaption><\/figure>\n<p><span style=\"font-weight: 400\">\u00a1Ahora s\u00ed! Est\u00e1s m\u00e1s que lista para pasar un verano inolvidable y respirar un poco de aire limpio y fresco.<\/span><\/p>\n<h5><em>*IM\u00c1GENES: Cortes\u00eda de las marcas\u00a0<\/em><\/h5>\n<p>&nbsp;<\/p>\n","protected":false},"author":28953,"featured_media":99400,"template":"","format":"standard","categories":[4],"acf":[],"yoast_head":"<!-- This site is optimized with the Yoast SEO Premium plugin v18.5 (Yoast SEO v20.4) - https:\/\/yoast.com\/wordpress\/plugins\/seo\/ -->\n<title>Los 5 b\u00e1sicos que no podr\u00e1s olvidar en tu maleta para este verano 2021 | Grazia M\u00e9xico y Latinoam\u00e9rica<\/title>\n<meta name=\"description\" content=\"\u00bfQuieres completar un look perfecto de verano? Aqu\u00ed te contamos con ayuda de Birkenstock cuales son los 5 b\u00e1sicos que debes llevar en tu maleta.\" \/>\n<meta name=\"robots\" content=\"index, follow, max-snippet:-1, max-image-preview:large, max-video-preview:-1\" \/>\n<link rel=\"canonical\" href=\"https:\/\/graziamagazine.com\/mx\/articles\/los-5-basicos-que-no-podras-olvidar-en-tu-maleta-para-este-verano-2021\/\" \/>\n<meta property=\"og:locale\" content=\"es_MX\" \/>\n<meta property=\"og:type\" content=\"article\" \/>\n<meta property=\"og:title\" content=\"Los 5 b\u00e1sicos que no podr\u00e1s olvidar en tu maleta para este verano 2021\" \/>\n<meta property=\"og:description\" content=\"\u00bfQuieres completar un look perfecto de verano? Aqu\u00ed te contamos con ayuda de Birkenstock cuales son los 5 b\u00e1sicos que debes llevar en tu maleta.\" \/>\n<meta property=\"og:url\" content=\"https:\/\/graziamagazine.com\/mx\/articles\/los-5-basicos-que-no-podras-olvidar-en-tu-maleta-para-este-verano-2021\/\" \/>\n<meta property=\"og:site_name\" content=\"Grazia M\u00e9xico y Latinoam\u00e9rica\" \/>\n<meta property=\"article:modified_time\" content=\"2021-08-10T16:52:50+00:00\" \/>\n<meta property=\"og:image\" content=\"https:\/\/graziamagazine.com\/mx\/wp-content\/uploads\/sites\/13\/2021\/07\/birkenstock-glob-cw22-distribution3-02-eva-m.jpeg?fit=827%2C560\" \/>\n\t<meta property=\"og:image:width\" content=\"827\" \/>\n\t<meta property=\"og:image:height\" content=\"560\" \/>\n\t<meta property=\"og:image:type\" content=\"image\/jpeg\" \/>\n<meta name=\"twitter:card\" content=\"summary_large_image\" \/>\n<meta name=\"twitter:label1\" content=\"Est. reading time\" \/>\n\t<meta name=\"twitter:data1\" content=\"3 minutos\" \/>\n<script type=\"application\/ld+json\" class=\"yoast-schema-graph\">{\"@context\":\"https:\/\/schema.org\",\"@graph\":[{\"@type\":\"WebPage\",\"@id\":\"https:\/\/graziamagazine.com\/mx\/articles\/los-5-basicos-que-no-podras-olvidar-en-tu-maleta-para-este-verano-2021\/\",\"url\":\"https:\/\/graziamagazine.com\/mx\/articles\/los-5-basicos-que-no-podras-olvidar-en-tu-maleta-para-este-verano-2021\/\",\"name\":\"Los 5 b\u00e1sicos que no podr\u00e1s olvidar en tu maleta para este verano 2021 | Grazia M\u00e9xico y Latinoam\u00e9rica\",\"isPartOf\":{\"@id\":\"https:\/\/graziamagazine.com\/mx\/#website\"},\"datePublished\":\"2021-08-10T17:30:47+00:00\",\"dateModified\":\"2021-08-10T16:52:50+00:00\",\"description\":\"\u00bfQuieres completar un look perfecto de verano? Aqu\u00ed te contamos con ayuda de Birkenstock cuales son los 5 b\u00e1sicos que debes llevar en tu maleta.\",\"breadcrumb\":{\"@id\":\"https:\/\/graziamagazine.com\/mx\/articles\/los-5-basicos-que-no-podras-olvidar-en-tu-maleta-para-este-verano-2021\/#breadcrumb\"},\"inLanguage\":\"es-MX\",\"potentialAction\":[{\"@type\":\"ReadAction\",\"target\":[\"https:\/\/graziamagazine.com\/mx\/articles\/los-5-basicos-que-no-podras-olvidar-en-tu-maleta-para-este-verano-2021\/\"]}]},{\"@type\":\"BreadcrumbList\",\"@id\":\"https:\/\/graziamagazine.com\/mx\/articles\/los-5-basicos-que-no-podras-olvidar-en-tu-maleta-para-este-verano-2021\/#breadcrumb\",\"itemListElement\":[{\"@type\":\"ListItem\",\"position\":1,\"name\":\"Home\",\"item\":\"https:\/\/graziamagazine.com\/mx\/\"},{\"@type\":\"ListItem\",\"position\":2,\"name\":\"Los 5 b\u00e1sicos que no podr\u00e1s olvidar en tu maleta para este verano 2021\"}]},{\"@type\":\"WebSite\",\"@id\":\"https:\/\/graziamagazine.com\/mx\/#website\",\"url\":\"https:\/\/graziamagazine.com\/mx\/\",\"name\":\"Grazia M\u00e9xico y Latinoam\u00e9rica\",\"description\":\"Grazia es moda, belleza y noticias  de actualidad \",\"potentialAction\":[{\"@type\":\"SearchAction\",\"target\":{\"@type\":\"EntryPoint\",\"urlTemplate\":\"https:\/\/graziamagazine.com\/mx\/?s={search_term_string}\"},\"query-input\":\"required name=search_term_string\"}],\"inLanguage\":\"es-MX\"}]}<\/script>\n<!-- \/ Yoast SEO Premium plugin. -->","yoast_head_json":{"title":"Los 5 b\u00e1sicos que no podr\u00e1s olvidar en tu maleta para este verano 2021 | Grazia M\u00e9xico y Latinoam\u00e9rica","description":"\u00bfQuieres completar un look perfecto de verano? Aqu\u00ed te contamos con ayuda de Birkenstock cuales son los 5 b\u00e1sicos que debes llevar en tu maleta.","robots":{"index":"index","follow":"follow","max-snippet":"max-snippet:-1","max-image-preview":"max-image-preview:large","max-video-preview":"max-video-preview:-1"},"canonical":"https:\/\/graziamagazine.com\/mx\/articles\/los-5-basicos-que-no-podras-olvidar-en-tu-maleta-para-este-verano-2021\/","og_locale":"es_MX","og_type":"article","og_title":"Los 5 b\u00e1sicos que no podr\u00e1s olvidar en tu maleta para este verano 2021","og_description":"\u00bfQuieres completar un look perfecto de verano? Aqu\u00ed te contamos con ayuda de Birkenstock cuales son los 5 b\u00e1sicos que debes llevar en tu maleta.","og_url":"https:\/\/graziamagazine.com\/mx\/articles\/los-5-basicos-que-no-podras-olvidar-en-tu-maleta-para-este-verano-2021\/","og_site_name":"Grazia M\u00e9xico y Latinoam\u00e9rica","article_modified_time":"2021-08-10T16:52:50+00:00","og_image":[{"width":827,"height":560,"url":"https:\/\/graziamagazine.com\/mx\/wp-content\/uploads\/sites\/13\/2021\/07\/birkenstock-glob-cw22-distribution3-02-eva-m.jpeg?fit=827%2C560","type":"image\/jpeg"}],"twitter_card":"summary_large_image","twitter_misc":{"Est. reading time":"3 minutos"},"schema":{"@context":"https:\/\/schema.org","@graph":[{"@type":"WebPage","@id":"https:\/\/graziamagazine.com\/mx\/articles\/los-5-basicos-que-no-podras-olvidar-en-tu-maleta-para-este-verano-2021\/","url":"https:\/\/graziamagazine.com\/mx\/articles\/los-5-basicos-que-no-podras-olvidar-en-tu-maleta-para-este-verano-2021\/","name":"Los 5 b\u00e1sicos que no podr\u00e1s olvidar en tu maleta para este verano 2021 | Grazia M\u00e9xico y Latinoam\u00e9rica","isPartOf":{"@id":"https:\/\/graziamagazine.com\/mx\/#website"},"datePublished":"2021-08-10T17:30:47+00:00","dateModified":"2021-08-10T16:52:50+00:00","description":"\u00bfQuieres completar un look perfecto de verano? Aqu\u00ed te contamos con ayuda de Birkenstock cuales son los 5 b\u00e1sicos que debes llevar en tu maleta.","breadcrumb":{"@id":"https:\/\/graziamagazine.com\/mx\/articles\/los-5-basicos-que-no-podras-olvidar-en-tu-maleta-para-este-verano-2021\/#breadcrumb"},"inLanguage":"es-MX","potentialAction":[{"@type":"ReadAction","target":["https:\/\/graziamagazine.com\/mx\/articles\/los-5-basicos-que-no-podras-olvidar-en-tu-maleta-para-este-verano-2021\/"]}]},{"@type":"BreadcrumbList","@id":"https:\/\/graziamagazine.com\/mx\/articles\/los-5-basicos-que-no-podras-olvidar-en-tu-maleta-para-este-verano-2021\/#breadcrumb","itemListElement":[{"@type":"ListItem","position":1,"name":"Home","item":"https:\/\/graziamagazine.com\/mx\/"},{"@type":"ListItem","position":2,"name":"Los 5 b\u00e1sicos que no podr\u00e1s olvidar en tu maleta para este verano 2021"}]},{"@type":"WebSite","@id":"https:\/\/graziamagazine.com\/mx\/#website","url":"https:\/\/graziamagazine.com\/mx\/","name":"Grazia M\u00e9xico y Latinoam\u00e9rica","description":"Grazia es moda, belleza y noticias  de actualidad ","potentialAction":[{"@type":"SearchAction","target":{"@type":"EntryPoint","urlTemplate":"https:\/\/graziamagazine.com\/mx\/?s={search_term_string}"},"query-input":"required name=search_term_string"}],"inLanguage":"es-MX"}]}},"jetpack_sharing_enabled":true,"distributor_meta":false,"distributor_terms":false,"distributor_media":false,"distributor_original_site_name":"Grazia M\u00e9xico y Latinoam\u00e9rica","distributor_original_site_url":"https:\/\/graziamagazine.com\/mx","push-errors":false,"_links":{"self":[{"href":"https:\/\/graziamagazine.com\/mx\/wp-json\/wp\/v2\/articles\/99399"}],"collection":[{"href":"https:\/\/graziamagazine.com\/mx\/wp-json\/wp\/v2\/articles"}],"about":[{"href":"https:\/\/graziamagazine.com\/mx\/wp-json\/wp\/v2\/types\/articles"}],"author":[{"embeddable":true,"href":"https:\/\/graziamagazine.com\/mx\/wp-json\/wp\/v2\/users\/28953"}],"wp:featuredmedia":[{"embeddable":true,"href":"https:\/\/graziamagazine.com\/mx\/wp-json\/wp\/v2\/media\/99400"}],"wp:attachment":[{"href":"https:\/\/graziamagazine.com\/mx\/wp-json\/wp\/v2\/media?parent=99399"}],"wp:term":[{"taxonomy":"category","embeddable":true,"href":"https:\/\/graziamagazine.com\/mx\/wp-json\/wp\/v2\/categories?post=99399"}],"curies":[{"name":"wp","href":"https:\/\/api.w.org\/{rel}","templated":true}]}}