{"id":99336,"date":"2021-07-29T08:45:17","date_gmt":"2021-07-29T13:45:17","guid":{"rendered":"https:\/\/graziamagazine.com\/mx\/?post_type=articles&#038;p=99336"},"modified":"2021-07-28T19:52:55","modified_gmt":"2021-07-29T00:52:55","slug":"viseras-el-accesorio-perfecto-para-el-verano","status":"publish","type":"articles","link":"https:\/\/graziamagazine.com\/mx\/articles\/viseras-el-accesorio-perfecto-para-el-verano\/","title":{"rendered":"Viseras, el accesorio perfecto para el verano"},"content":{"rendered":"<p>Si algo hemos aprendido a lo largo de los a\u00f1os es que no hay mejor medicina para la piel, que tener una buena rutina y cuidado contra los rayos solares. Y es que exponer nuestro rostro mucho tiempo al sol puede provocar manchas, arrugas y un aspecto desgastado acelerando el proceso de envejecimiento a pasos agigantado.<\/p>\n<p>Es por esto que te traemos el accesorio perfecto para cuidar tu piel con un poco (o tal vez mucho) estilo. Estamos hablando de las <strong>viseras<\/strong>, un tipo de sombrero sin corona que consiste simplemente en una visera o ala con una correa que rodea la cabeza, son ideales para agregar un toque sport o chic a cualquier look. Te dejamos nuestras favoritas y las perfectas para el verano:<\/p>\n<h3>Un toque deportivo con NIKE<\/h3>\n<p>La favorita para hacer ejercicio o simplemente darle un toque sporty al look. En color negro con el logo de NIKE en blanco, esta visera tiene un precio de $499 MXN y la puedes encontrar en su <a href=\"https:\/\/www.nike.com\/mx\/t\/visera-de-tenis-court-advantage-nKkqKB?cp=41842406843_ad_!11767673198!113099367734!c!pla-293946777986!483847606440&amp;cp=82486655958_search_%7c%7c11767673198%7c113099367734%7c%7cc%7c%7c%7c483847606440&amp;gclid=CjwKCAjwgISIBhBfEiwALE19SftDlJZSi2WoCKhCvnvjno6dKGMNTOsiIYVaVVgeA-4y-iHVT8njcBoC5LQQAvD_BwE&amp;gclsrc=aw.ds\" target=\"_blank\" rel=\"noopener\" target=\"_blank\">p\u00e1gina web<\/a>.<\/p>\n<p><img loading=\"lazy\" decoding=\"async\" class=\"alignnone size-medium wp-image-99348\" src=\"https:\/\/graziamagazine.com\/mx\/wp-content\/uploads\/sites\/13\/2021\/07\/visera-de-tenis-court-advantage-nKkqKB.jpeg?w=360\" alt=\"Viseras, el accesorio perfecto para el verano\" width=\"360\" height=\"450\" \/><\/p>\n<h3>Minimalista con The North Face<\/h3>\n<p>Con un dise\u00f1o simple y elegante, esta visera de The North Face es la perfecta para aquellos que buscan un toque sobrio pero sin ser aburrido. Tiene un precio de <span class=\"vtex-product-price-1-x-currencyCode\">$<\/span><span class=\"vtex-product-price-1-x-currencyInteger\">450 MXN y la puedes encontrar en su <a href=\"https:\/\/www.thenorthface.com.mx\/visera-breakaway-unisex-nf00cgy2k29-moonlight-jade\/p\" target=\"_blank\" rel=\"noopener\" target=\"_blank\">p\u00e1gina web<\/a>.<\/span><\/p>\n<h4><img loading=\"lazy\" decoding=\"async\" class=\"alignnone size-medium wp-image-99349\" src=\"https:\/\/graziamagazine.com\/mx\/wp-content\/uploads\/sites\/13\/2021\/07\/Captura-de-Pantalla-2021-07-28-a-las-13.25.42.png?w=450\" alt=\"Viseras, el accesorio perfecto para el verano\" width=\"450\" height=\"401\" \/><\/h4>\n<h3>Un look de playa con <span class=\"_de2a9b _b4c5cd _f01e99\" dir=\"ltr\">Karl Lagerfeld<\/span><\/h3>\n<p>Esta visera de rat\u00e1n con un toque de seda en rayas negras con blanco firmada por <span class=\"_de2a9b _b4c5cd _f01e99\" dir=\"ltr\">Karl Lagerfeld <\/span>es la ideal para un estilo bohemio y relajado propios de la playa, pero tambi\u00e9n puedes llevarla con looks m\u00e1s elaborados. Tiene un precio de $1,531 MXN<span class=\"vtex-product-price-1-x-currencyInteger\"> y la puedes encontrar en\u00a0<a href=\"https:\/\/www.farfetch.com\/mx\/shopping\/women\/karl-lagerfeld-visera-karl-essential-item-16701407.aspx?size=17&amp;storeid=13035&amp;utm_source=google&amp;utm_medium=cpc&amp;utm_keywordid=42723269&amp;utm_shoppingproductid=16701407-84971081089732631101059997&amp;pid=google_search&amp;af_channel=Search&amp;c=830370403&amp;af_c_id=830370403&amp;af_siteid=&amp;af_keywords=aud-297012352459:pla-299069790663&amp;af_adset_id=46240207087&amp;af_ad_id=195757172050&amp;af_sub1=42723269&amp;af_sub5=16701407-84971081089732631101059997&amp;is_retargeting=true&amp;shopping=yes&amp;gclid=CjwKCAjwgISIBhBfEiwALE19SXm1mTkQoTXjBGA-lpEkAFnHlYIlAhOc1LmdJxeO3rXypgqvrMPR_xoCUXkQAvD_BwE\" target=\"_blank\" rel=\"noopener\" target=\"_blank\">FARFETCH<\/a>.<\/span><\/p>\n<div class=\"content-gallery\"><div class=\"gallery-placeholder\"><div class=\"spinner\"><\/div><\/div><span class=\"gallery-pagination\"><\/span><div id=\"gallery-1\" class=\"gallery galleryid-99336 gallery-columns- gallery-size-\"><figure class=\"gallery-item\"><div class=\"gallery-icon landscape\"><img loading=\"lazy\" decoding=\"async\" width=\"621\" height=\"651\" src=\"https:\/\/graziamagazine.com\/mx\/wp-content\/uploads\/sites\/13\/2021\/07\/Captura-de-Pantalla-2021-07-28-a-las-13.26.12.png\" class=\"lazy\" alt=\"Viseras, el accesorio perfecto para el verano\" \/><\/div><\/figure><figure class=\"gallery-item\"><div class=\"gallery-icon landscape\"><img loading=\"lazy\" decoding=\"async\" width=\"693\" height=\"650\" src=\"https:\/\/graziamagazine.com\/mx\/wp-content\/uploads\/sites\/13\/2021\/07\/Captura-de-Pantalla-2021-07-28-a-las-13.26.28.png\" class=\"lazy\" alt=\"Viseras, el accesorio perfecto para el verano\" \/><\/div><\/figure><\/div><\/div>\n<h3>Dos en uno con MANGO<\/h3>\n<p>Con esta gorra estilo visera de MANGO, puedes tener el estilo de una con la c\u00f3modidad de otra. En color verde militar esta visera-gorra es la ideal para aquellos que les gusta lo cl\u00e1sico pero darle el twist necesario a cada look. Tiene un precio de $549 MXN<span class=\"vtex-product-price-1-x-currencyInteger\">\u00a0y la puedes encontrar en su <a href=\"https:\/\/shop.mango.com\/mx\/mujer\/ropa-deportiva-accesorios-deportivos\/gorra-visera_87085698.html?c=37&amp;talla=99&amp;gclid=CjwKCAjwgISIBhBfEiwALE19STmXDsJXoVvVGLpFR6J4J8_WUMmHwWgJS__kNHs_Y0goMFfduPkO0xoCcc0QAvD_BwE&amp;gclsrc=aw.ds\" target=\"_blank\" rel=\"noopener\" target=\"_blank\">p\u00e1gina web<\/a>.<\/span><\/p>\n<div class=\"content-gallery\"><div class=\"gallery-placeholder\"><div class=\"spinner\"><\/div><\/div><span class=\"gallery-pagination\"><\/span><div id=\"gallery-2\" class=\"gallery galleryid-99336 gallery-columns- gallery-size-\"><figure class=\"gallery-item\"><div class=\"gallery-icon landscape\"><img loading=\"lazy\" decoding=\"async\" width=\"480\" height=\"671\" src=\"https:\/\/graziamagazine.com\/mx\/wp-content\/uploads\/sites\/13\/2021\/07\/87085698_37.jpeg\" class=\"lazy\" alt=\"Viseras, el accesorio perfecto para el verano\" \/><\/div><\/figure><figure class=\"gallery-item\"><div class=\"gallery-icon landscape\"><img loading=\"lazy\" decoding=\"async\" width=\"480\" height=\"671\" src=\"https:\/\/graziamagazine.com\/mx\/wp-content\/uploads\/sites\/13\/2021\/07\/87085698_37_B.jpeg\" class=\"lazy\" alt=\"Viseras, el accesorio perfecto para el verano\" \/><\/div><\/figure><\/div><\/div>\n<h3>Lujo por doquier con DIOR<\/h3>\n<p>Si lo que buscas es un accesorio de lujo que tenga el estampado, color y dise\u00f1o de alta gama, lo que necesitas es esta visera de DIOR. Con el logo y estampado cl\u00e1sico de la marca, sin duda se vuelve el protagonista de cada look. Tiene un precio de $17,880 MXN<span class=\"vtex-product-price-1-x-currencyInteger\">\u00a0y la puedes encontrar en su <a href=\"https:\/\/www.farfetch.com\/mx\/shopping\/women\/dior-eyewear-lentes-de-sol-new-dior-item-16990621.aspx?size=17&amp;storeid=13483&amp;utm_source=google&amp;utm_medium=cpc&amp;utm_keywordid=42895816&amp;utm_shoppingproductid=16990621-791101013283105122101&amp;pid=google_search&amp;af_channel=Search&amp;c=804600846&amp;af_c_id=804600846&amp;af_siteid=&amp;af_keywords=aud-296930551369:pla-298148480141&amp;af_adset_id=45646649510&amp;af_ad_id=190932214961&amp;af_sub1=42895816&amp;af_sub5=16990621-791101013283105122101&amp;is_retargeting=true&amp;shopping=yes&amp;gclid=CjwKCAjwgISIBhBfEiwALE19STb5DsaNhXQmtSsmk6JrFpvFUfJL1-rC1xQSw_7AmGW-khReyevCQBoCPR4QAvD_BwE\" target=\"_blank\" rel=\"noopener\" target=\"_blank\">FARFETCH<\/a>.<\/span><\/p>\n<p><img loading=\"lazy\" decoding=\"async\" class=\"alignnone size-medium wp-image-99354\" src=\"https:\/\/graziamagazine.com\/mx\/wp-content\/uploads\/sites\/13\/2021\/07\/Captura-de-Pantalla-2021-07-28-a-las-13.24.47.png?w=448\" alt=\"Viseras, el accesorio perfecto para el verano\" width=\"448\" height=\"450\" \/><\/p>\n<h5><em><strong>*IM\u00c1GENES: Song Of Style, NIKE, The North Face, FARFECTH, MANGO<\/strong><\/em><\/h5>\n","protected":false},"author":27779,"featured_media":99355,"template":"","format":"standard","categories":[4],"acf":[],"yoast_head":"<!-- This site is optimized with the Yoast SEO Premium plugin v18.5 (Yoast SEO v20.4) - https:\/\/yoast.com\/wordpress\/plugins\/seo\/ -->\n<title>Viseras, el accesorio perfecto para el verano | Grazia M\u00e9xico y Latinoam\u00e9rica<\/title>\n<meta name=\"description\" content=\"Ideales para el cuidado de la piel sin dejar de lucir hermosa y darle un twist al look cl\u00e1sico de verano.\" \/>\n<meta name=\"robots\" content=\"index, follow, max-snippet:-1, max-image-preview:large, max-video-preview:-1\" \/>\n<link rel=\"canonical\" href=\"https:\/\/graziamagazine.com\/mx\/articles\/viseras-el-accesorio-perfecto-para-el-verano\/\" \/>\n<meta property=\"og:locale\" content=\"es_MX\" \/>\n<meta property=\"og:type\" content=\"article\" \/>\n<meta property=\"og:title\" content=\"Viseras, el accesorio perfecto para el verano\" \/>\n<meta property=\"og:description\" content=\"Ideales para el cuidado de la piel sin dejar de lucir hermosa y darle un twist al look cl\u00e1sico de verano.\" \/>\n<meta property=\"og:url\" content=\"https:\/\/graziamagazine.com\/mx\/articles\/viseras-el-accesorio-perfecto-para-el-verano\/\" \/>\n<meta property=\"og:site_name\" content=\"Grazia M\u00e9xico y Latinoam\u00e9rica\" \/>\n<meta property=\"article:modified_time\" content=\"2021-07-29T00:52:55+00:00\" \/>\n<meta property=\"og:image\" content=\"https:\/\/graziamagazine.com\/mx\/wp-content\/uploads\/sites\/13\/2021\/07\/1_cba02026.jpg?fit=900%2C809\" \/>\n\t<meta property=\"og:image:width\" content=\"900\" \/>\n\t<meta property=\"og:image:height\" content=\"809\" \/>\n\t<meta property=\"og:image:type\" content=\"image\/jpeg\" \/>\n<meta name=\"twitter:card\" content=\"summary_large_image\" \/>\n<meta name=\"twitter:label1\" content=\"Est. reading time\" \/>\n\t<meta name=\"twitter:data1\" content=\"2 minutos\" \/>\n<script type=\"application\/ld+json\" class=\"yoast-schema-graph\">{\"@context\":\"https:\/\/schema.org\",\"@graph\":[{\"@type\":\"WebPage\",\"@id\":\"https:\/\/graziamagazine.com\/mx\/articles\/viseras-el-accesorio-perfecto-para-el-verano\/\",\"url\":\"https:\/\/graziamagazine.com\/mx\/articles\/viseras-el-accesorio-perfecto-para-el-verano\/\",\"name\":\"Viseras, el accesorio perfecto para el verano | Grazia M\u00e9xico y Latinoam\u00e9rica\",\"isPartOf\":{\"@id\":\"https:\/\/graziamagazine.com\/mx\/#website\"},\"datePublished\":\"2021-07-29T13:45:17+00:00\",\"dateModified\":\"2021-07-29T00:52:55+00:00\",\"description\":\"Ideales para el cuidado de la piel sin dejar de lucir hermosa y darle un twist al look cl\u00e1sico de verano.\",\"breadcrumb\":{\"@id\":\"https:\/\/graziamagazine.com\/mx\/articles\/viseras-el-accesorio-perfecto-para-el-verano\/#breadcrumb\"},\"inLanguage\":\"es-MX\",\"potentialAction\":[{\"@type\":\"ReadAction\",\"target\":[\"https:\/\/graziamagazine.com\/mx\/articles\/viseras-el-accesorio-perfecto-para-el-verano\/\"]}]},{\"@type\":\"BreadcrumbList\",\"@id\":\"https:\/\/graziamagazine.com\/mx\/articles\/viseras-el-accesorio-perfecto-para-el-verano\/#breadcrumb\",\"itemListElement\":[{\"@type\":\"ListItem\",\"position\":1,\"name\":\"Home\",\"item\":\"https:\/\/graziamagazine.com\/mx\/\"},{\"@type\":\"ListItem\",\"position\":2,\"name\":\"Viseras, el accesorio perfecto para el verano\"}]},{\"@type\":\"WebSite\",\"@id\":\"https:\/\/graziamagazine.com\/mx\/#website\",\"url\":\"https:\/\/graziamagazine.com\/mx\/\",\"name\":\"Grazia M\u00e9xico y Latinoam\u00e9rica\",\"description\":\"Grazia es moda, belleza y noticias  de actualidad \",\"potentialAction\":[{\"@type\":\"SearchAction\",\"target\":{\"@type\":\"EntryPoint\",\"urlTemplate\":\"https:\/\/graziamagazine.com\/mx\/?s={search_term_string}\"},\"query-input\":\"required name=search_term_string\"}],\"inLanguage\":\"es-MX\"}]}<\/script>\n<!-- \/ Yoast SEO Premium plugin. -->","yoast_head_json":{"title":"Viseras, el accesorio perfecto para el verano | Grazia M\u00e9xico y Latinoam\u00e9rica","description":"Ideales para el cuidado de la piel sin dejar de lucir hermosa y darle un twist al look cl\u00e1sico de verano.","robots":{"index":"index","follow":"follow","max-snippet":"max-snippet:-1","max-image-preview":"max-image-preview:large","max-video-preview":"max-video-preview:-1"},"canonical":"https:\/\/graziamagazine.com\/mx\/articles\/viseras-el-accesorio-perfecto-para-el-verano\/","og_locale":"es_MX","og_type":"article","og_title":"Viseras, el accesorio perfecto para el verano","og_description":"Ideales para el cuidado de la piel sin dejar de lucir hermosa y darle un twist al look cl\u00e1sico de verano.","og_url":"https:\/\/graziamagazine.com\/mx\/articles\/viseras-el-accesorio-perfecto-para-el-verano\/","og_site_name":"Grazia M\u00e9xico y Latinoam\u00e9rica","article_modified_time":"2021-07-29T00:52:55+00:00","og_image":[{"width":900,"height":809,"url":"https:\/\/graziamagazine.com\/mx\/wp-content\/uploads\/sites\/13\/2021\/07\/1_cba02026.jpg?fit=900%2C809","type":"image\/jpeg"}],"twitter_card":"summary_large_image","twitter_misc":{"Est. reading time":"2 minutos"},"schema":{"@context":"https:\/\/schema.org","@graph":[{"@type":"WebPage","@id":"https:\/\/graziamagazine.com\/mx\/articles\/viseras-el-accesorio-perfecto-para-el-verano\/","url":"https:\/\/graziamagazine.com\/mx\/articles\/viseras-el-accesorio-perfecto-para-el-verano\/","name":"Viseras, el accesorio perfecto para el verano | Grazia M\u00e9xico y Latinoam\u00e9rica","isPartOf":{"@id":"https:\/\/graziamagazine.com\/mx\/#website"},"datePublished":"2021-07-29T13:45:17+00:00","dateModified":"2021-07-29T00:52:55+00:00","description":"Ideales para el cuidado de la piel sin dejar de lucir hermosa y darle un twist al look cl\u00e1sico de verano.","breadcrumb":{"@id":"https:\/\/graziamagazine.com\/mx\/articles\/viseras-el-accesorio-perfecto-para-el-verano\/#breadcrumb"},"inLanguage":"es-MX","potentialAction":[{"@type":"ReadAction","target":["https:\/\/graziamagazine.com\/mx\/articles\/viseras-el-accesorio-perfecto-para-el-verano\/"]}]},{"@type":"BreadcrumbList","@id":"https:\/\/graziamagazine.com\/mx\/articles\/viseras-el-accesorio-perfecto-para-el-verano\/#breadcrumb","itemListElement":[{"@type":"ListItem","position":1,"name":"Home","item":"https:\/\/graziamagazine.com\/mx\/"},{"@type":"ListItem","position":2,"name":"Viseras, el accesorio perfecto para el verano"}]},{"@type":"WebSite","@id":"https:\/\/graziamagazine.com\/mx\/#website","url":"https:\/\/graziamagazine.com\/mx\/","name":"Grazia M\u00e9xico y Latinoam\u00e9rica","description":"Grazia es moda, belleza y noticias  de actualidad ","potentialAction":[{"@type":"SearchAction","target":{"@type":"EntryPoint","urlTemplate":"https:\/\/graziamagazine.com\/mx\/?s={search_term_string}"},"query-input":"required name=search_term_string"}],"inLanguage":"es-MX"}]}},"jetpack_sharing_enabled":true,"distributor_meta":false,"distributor_terms":false,"distributor_media":false,"distributor_original_site_name":"Grazia M\u00e9xico y Latinoam\u00e9rica","distributor_original_site_url":"https:\/\/graziamagazine.com\/mx","push-errors":false,"_links":{"self":[{"href":"https:\/\/graziamagazine.com\/mx\/wp-json\/wp\/v2\/articles\/99336"}],"collection":[{"href":"https:\/\/graziamagazine.com\/mx\/wp-json\/wp\/v2\/articles"}],"about":[{"href":"https:\/\/graziamagazine.com\/mx\/wp-json\/wp\/v2\/types\/articles"}],"author":[{"embeddable":true,"href":"https:\/\/graziamagazine.com\/mx\/wp-json\/wp\/v2\/users\/27779"}],"wp:featuredmedia":[{"embeddable":true,"href":"https:\/\/graziamagazine.com\/mx\/wp-json\/wp\/v2\/media\/99355"}],"wp:attachment":[{"href":"https:\/\/graziamagazine.com\/mx\/wp-json\/wp\/v2\/media?parent=99336"}],"wp:term":[{"taxonomy":"category","embeddable":true,"href":"https:\/\/graziamagazine.com\/mx\/wp-json\/wp\/v2\/categories?post=99336"}],"curies":[{"name":"wp","href":"https:\/\/api.w.org\/{rel}","templated":true}]}}