{"id":99308,"date":"2021-07-28T11:15:22","date_gmt":"2021-07-28T16:15:22","guid":{"rendered":"https:\/\/graziamagazine.com\/mx\/?post_type=articles&#038;p=99308"},"modified":"2021-07-28T11:01:10","modified_gmt":"2021-07-28T16:01:10","slug":"conoce-el-corrector-ideal-para-tu-tono-de-piel","status":"publish","type":"articles","link":"https:\/\/graziamagazine.com\/mx\/articles\/conoce-el-corrector-ideal-para-tu-tono-de-piel\/","title":{"rendered":"Conoce el corrector ideal para tu tono de piel"},"content":{"rendered":"<p><span style=\"font-weight: 300\">Saber qu\u00e9 color de<\/span> <b>corrector<\/b> <span style=\"font-weight: 300\">aplicar es de las mejores <\/span><i><span style=\"font-weight: 300\">skills<\/span><\/i><span style=\"font-weight: 300\"> en el mundo del<\/span> <b>maquillaje<\/b><span style=\"font-weight: 400\">. <\/span><span style=\"font-weight: 300\">No todas las secciones de nuestra piel tienen los mismos tonos, por lo que es muy importante saber<\/span> <b>qu\u00e9 color utilizar seg\u00fan nuestro prop\u00f3sito<\/b><span style=\"font-weight: 400\">. <\/span><span style=\"font-weight: 300\">Aqu\u00ed te dejamos una lista que seguro podr\u00e1 ayudarte a elegir la opci\u00f3n ideal.\u00a0<\/span><\/p>\n<p><b>Amarillo y naranja:<\/b> <span style=\"font-weight: 300\">Si lo que quieres es cubrir ojeras profundas estos dos tonos te ayudar\u00e1n pues neutralizan imperfecciones en tonos morados y azulados.<\/span><\/p>\n<p><b>Rosa:<\/b> <span style=\"font-weight: 300\">Si tu piel es aceitunada este es el tono que necesitas. Neutraliza imperfecciones en tonos amarillos y caf\u00e9s, adem\u00e1s de aportar brillo a tu rostro.\u00a0<\/span><\/p>\n<p><b>Rojo: <\/b><span style=\"font-weight: 300\">Si algunas secciones de tu piel tienden a verse de un tono verdoso, este color te ayudar\u00e1 a neutralizarlo. Funciona tambi\u00e9n para las ojeras.\u00a0<\/span><\/p>\n<p><b>Lavanda: <\/b><span style=\"font-weight: 300\">Ideal para los tonos amarillos y naranjas en tu piel como pueden ser algunas cicatrices o lunares.<\/span><\/p>\n<p><b>Verde:<\/b> <span style=\"font-weight: 300\">La opci\u00f3n perfecta para cubrir granitos, heridas o secciones rojizas de tu piel.\u00a0<\/span><\/p>\n<p><b>Natural: <\/b><span style=\"font-weight: 300\">Se coloca sobre las imperfecciones despu\u00e9s de haber utilizado cualquiera de los tonos anteriores.<\/span><\/p>\n<p><img loading=\"lazy\" decoding=\"async\" class=\"alignnone wp-image-99311 size-large\" src=\"https:\/\/graziamagazine.com\/mx\/wp-content\/uploads\/sites\/13\/2021\/07\/bb262e48d797785db992300aacc6b18c.jpeg?w=400\" alt=\"Conoce el corrector ideal para tu tono de piel\" width=\"400\" height=\"400\" \/><\/p>\n<h3><b>CORRECTOR CORRECTO, MAQUILLAJE PERFECTO<\/b><\/h3>\n<p><span style=\"font-weight: 300\">Pensemos tambi\u00e9n en la <strong>textura<\/strong>. Los correctores en barra tienen gran cobertura y se recomiendan para las personas con piel grasa, pero no funcionan tanto en pieles con muchos pliegues ya que tienden a marcarlos m\u00e1s.\u00a0<\/span><\/p>\n<p><span style=\"font-weight: 300\">Los correctores l\u00edquidos te ayudar\u00e1n a cubrir peque\u00f1as imperfecciones y ser\u00e1n ideales si tu piel es seca. Los correctores en crema funcionan mucho para imperfecciones bastante marcadas.\u00a0<\/span><\/p>\n<p><img loading=\"lazy\" decoding=\"async\" class=\"alignnone wp-image-99312 size-large\" src=\"https:\/\/graziamagazine.com\/mx\/wp-content\/uploads\/sites\/13\/2021\/07\/afcd591d2f13e5dbe200788f832d1d92.jpeg?w=564\" alt=\"Conoce el corrector ideal para tu tono de piel\" width=\"564\" height=\"752\" \/><\/p>\n<p><span style=\"font-weight: 300\">La magia de todos los <\/span><i><span style=\"font-weight: 300\">concealers<\/span><\/i><span style=\"font-weight: 300\"> siempre est\u00e1 en el <\/span><i><span style=\"font-weight: 300\">blending, <\/span><\/i><span style=\"font-weight: 300\">\u00a1no olvides difuminarlos muy bien! <\/span><span style=\"font-weight: 300\">Despu\u00e9s de aplicar el que m\u00e1s funcione para tu <\/span><i><span style=\"font-weight: 300\">look<\/span><\/i><span style=\"font-weight: 300\">, recuerda sellarlo con el polvo transl\u00facido de tu preferencia. Esto har\u00e1 que dure mucho m\u00e1s y mantendr\u00e1 tu <\/span><i><span style=\"font-weight: 300\">makeup<\/span><\/i><span style=\"font-weight: 300\"> precioso por horas.<\/span><\/p>\n<p><span style=\"font-weight: 300\">*Si quieres saber m\u00e1s <\/span><i><span style=\"font-weight: 300\">beauty tips <\/span><\/i><span style=\"font-weight: 300\">para tener una piel radiante te invitamos a conocer cu\u00e1les son los<\/span><a href=\"https:\/\/graziamagazine.com\/mx\/articles\/5-aceites-esenciales-para-promover-una-piel-sana-de-aspecto-joven-y-brillante\/\"><span style=\"font-weight: 300\"> 5 aceites esenciales para promover una piel sana, de aspecto joven y brillante.<\/span><\/a><\/p>\n<p><b><i>*IM\u00c1GENES: Unsplash, NYX Professional, Fenty Beauty<\/i><\/b><\/p>\n","protected":false},"author":30085,"featured_media":99309,"template":"","format":"standard","categories":[3],"acf":[],"yoast_head":"<!-- This site is optimized with the Yoast SEO Premium plugin v18.5 (Yoast SEO v20.4) - https:\/\/yoast.com\/wordpress\/plugins\/seo\/ -->\n<title>Conoce el corrector ideal para tu tono de piel | Grazia M\u00e9xico y Latinoam\u00e9rica<\/title>\n<meta name=\"description\" content=\"Te contamos c\u00f3mo dominar uno de los elementos m\u00e1s importantes para crear el maquillaje perfecto.\" \/>\n<meta name=\"robots\" content=\"index, follow, max-snippet:-1, max-image-preview:large, max-video-preview:-1\" \/>\n<link rel=\"canonical\" href=\"https:\/\/graziamagazine.com\/mx\/articles\/conoce-el-corrector-ideal-para-tu-tono-de-piel\/\" \/>\n<meta property=\"og:locale\" content=\"es_MX\" \/>\n<meta property=\"og:type\" content=\"article\" \/>\n<meta property=\"og:title\" content=\"Conoce el corrector ideal para tu tono de piel\" \/>\n<meta property=\"og:description\" content=\"Te contamos c\u00f3mo dominar uno de los elementos m\u00e1s importantes para crear el maquillaje perfecto.\" \/>\n<meta property=\"og:url\" content=\"https:\/\/graziamagazine.com\/mx\/articles\/conoce-el-corrector-ideal-para-tu-tono-de-piel\/\" \/>\n<meta property=\"og:site_name\" content=\"Grazia M\u00e9xico y Latinoam\u00e9rica\" \/>\n<meta property=\"article:modified_time\" content=\"2021-07-28T16:01:10+00:00\" \/>\n<meta property=\"og:image\" content=\"https:\/\/graziamagazine.com\/mx\/wp-content\/uploads\/sites\/13\/2021\/07\/raphael-lovaski-DEuob2v77wI-unsplash.jpg?fit=1920%2C1383\" \/>\n\t<meta property=\"og:image:width\" content=\"1920\" \/>\n\t<meta property=\"og:image:height\" content=\"1383\" \/>\n\t<meta property=\"og:image:type\" content=\"image\/jpeg\" \/>\n<meta name=\"twitter:card\" content=\"summary_large_image\" \/>\n<meta name=\"twitter:label1\" content=\"Est. reading time\" \/>\n\t<meta name=\"twitter:data1\" content=\"2 minutos\" \/>\n<script type=\"application\/ld+json\" class=\"yoast-schema-graph\">{\"@context\":\"https:\/\/schema.org\",\"@graph\":[{\"@type\":\"WebPage\",\"@id\":\"https:\/\/graziamagazine.com\/mx\/articles\/conoce-el-corrector-ideal-para-tu-tono-de-piel\/\",\"url\":\"https:\/\/graziamagazine.com\/mx\/articles\/conoce-el-corrector-ideal-para-tu-tono-de-piel\/\",\"name\":\"Conoce el corrector ideal para tu tono de piel | Grazia M\u00e9xico y Latinoam\u00e9rica\",\"isPartOf\":{\"@id\":\"https:\/\/graziamagazine.com\/mx\/#website\"},\"datePublished\":\"2021-07-28T16:15:22+00:00\",\"dateModified\":\"2021-07-28T16:01:10+00:00\",\"description\":\"Te contamos c\u00f3mo dominar uno de los elementos m\u00e1s importantes para crear el maquillaje perfecto.\",\"breadcrumb\":{\"@id\":\"https:\/\/graziamagazine.com\/mx\/articles\/conoce-el-corrector-ideal-para-tu-tono-de-piel\/#breadcrumb\"},\"inLanguage\":\"es-MX\",\"potentialAction\":[{\"@type\":\"ReadAction\",\"target\":[\"https:\/\/graziamagazine.com\/mx\/articles\/conoce-el-corrector-ideal-para-tu-tono-de-piel\/\"]}]},{\"@type\":\"BreadcrumbList\",\"@id\":\"https:\/\/graziamagazine.com\/mx\/articles\/conoce-el-corrector-ideal-para-tu-tono-de-piel\/#breadcrumb\",\"itemListElement\":[{\"@type\":\"ListItem\",\"position\":1,\"name\":\"Home\",\"item\":\"https:\/\/graziamagazine.com\/mx\/\"},{\"@type\":\"ListItem\",\"position\":2,\"name\":\"Conoce el corrector ideal para tu tono de piel\"}]},{\"@type\":\"WebSite\",\"@id\":\"https:\/\/graziamagazine.com\/mx\/#website\",\"url\":\"https:\/\/graziamagazine.com\/mx\/\",\"name\":\"Grazia M\u00e9xico y Latinoam\u00e9rica\",\"description\":\"Grazia es moda, belleza y noticias  de actualidad \",\"potentialAction\":[{\"@type\":\"SearchAction\",\"target\":{\"@type\":\"EntryPoint\",\"urlTemplate\":\"https:\/\/graziamagazine.com\/mx\/?s={search_term_string}\"},\"query-input\":\"required name=search_term_string\"}],\"inLanguage\":\"es-MX\"}]}<\/script>\n<!-- \/ Yoast SEO Premium plugin. -->","yoast_head_json":{"title":"Conoce el corrector ideal para tu tono de piel | Grazia M\u00e9xico y Latinoam\u00e9rica","description":"Te contamos c\u00f3mo dominar uno de los elementos m\u00e1s importantes para crear el maquillaje perfecto.","robots":{"index":"index","follow":"follow","max-snippet":"max-snippet:-1","max-image-preview":"max-image-preview:large","max-video-preview":"max-video-preview:-1"},"canonical":"https:\/\/graziamagazine.com\/mx\/articles\/conoce-el-corrector-ideal-para-tu-tono-de-piel\/","og_locale":"es_MX","og_type":"article","og_title":"Conoce el corrector ideal para tu tono de piel","og_description":"Te contamos c\u00f3mo dominar uno de los elementos m\u00e1s importantes para crear el maquillaje perfecto.","og_url":"https:\/\/graziamagazine.com\/mx\/articles\/conoce-el-corrector-ideal-para-tu-tono-de-piel\/","og_site_name":"Grazia M\u00e9xico y Latinoam\u00e9rica","article_modified_time":"2021-07-28T16:01:10+00:00","og_image":[{"width":1920,"height":1383,"url":"https:\/\/graziamagazine.com\/mx\/wp-content\/uploads\/sites\/13\/2021\/07\/raphael-lovaski-DEuob2v77wI-unsplash.jpg?fit=1920%2C1383","type":"image\/jpeg"}],"twitter_card":"summary_large_image","twitter_misc":{"Est. reading time":"2 minutos"},"schema":{"@context":"https:\/\/schema.org","@graph":[{"@type":"WebPage","@id":"https:\/\/graziamagazine.com\/mx\/articles\/conoce-el-corrector-ideal-para-tu-tono-de-piel\/","url":"https:\/\/graziamagazine.com\/mx\/articles\/conoce-el-corrector-ideal-para-tu-tono-de-piel\/","name":"Conoce el corrector ideal para tu tono de piel | Grazia M\u00e9xico y Latinoam\u00e9rica","isPartOf":{"@id":"https:\/\/graziamagazine.com\/mx\/#website"},"datePublished":"2021-07-28T16:15:22+00:00","dateModified":"2021-07-28T16:01:10+00:00","description":"Te contamos c\u00f3mo dominar uno de los elementos m\u00e1s importantes para crear el maquillaje perfecto.","breadcrumb":{"@id":"https:\/\/graziamagazine.com\/mx\/articles\/conoce-el-corrector-ideal-para-tu-tono-de-piel\/#breadcrumb"},"inLanguage":"es-MX","potentialAction":[{"@type":"ReadAction","target":["https:\/\/graziamagazine.com\/mx\/articles\/conoce-el-corrector-ideal-para-tu-tono-de-piel\/"]}]},{"@type":"BreadcrumbList","@id":"https:\/\/graziamagazine.com\/mx\/articles\/conoce-el-corrector-ideal-para-tu-tono-de-piel\/#breadcrumb","itemListElement":[{"@type":"ListItem","position":1,"name":"Home","item":"https:\/\/graziamagazine.com\/mx\/"},{"@type":"ListItem","position":2,"name":"Conoce el corrector ideal para tu tono de piel"}]},{"@type":"WebSite","@id":"https:\/\/graziamagazine.com\/mx\/#website","url":"https:\/\/graziamagazine.com\/mx\/","name":"Grazia M\u00e9xico y Latinoam\u00e9rica","description":"Grazia es moda, belleza y noticias  de actualidad ","potentialAction":[{"@type":"SearchAction","target":{"@type":"EntryPoint","urlTemplate":"https:\/\/graziamagazine.com\/mx\/?s={search_term_string}"},"query-input":"required name=search_term_string"}],"inLanguage":"es-MX"}]}},"jetpack_sharing_enabled":true,"distributor_meta":false,"distributor_terms":false,"distributor_media":false,"distributor_original_site_name":"Grazia M\u00e9xico y Latinoam\u00e9rica","distributor_original_site_url":"https:\/\/graziamagazine.com\/mx","push-errors":false,"_links":{"self":[{"href":"https:\/\/graziamagazine.com\/mx\/wp-json\/wp\/v2\/articles\/99308"}],"collection":[{"href":"https:\/\/graziamagazine.com\/mx\/wp-json\/wp\/v2\/articles"}],"about":[{"href":"https:\/\/graziamagazine.com\/mx\/wp-json\/wp\/v2\/types\/articles"}],"author":[{"embeddable":true,"href":"https:\/\/graziamagazine.com\/mx\/wp-json\/wp\/v2\/users\/30085"}],"wp:featuredmedia":[{"embeddable":true,"href":"https:\/\/graziamagazine.com\/mx\/wp-json\/wp\/v2\/media\/99309"}],"wp:attachment":[{"href":"https:\/\/graziamagazine.com\/mx\/wp-json\/wp\/v2\/media?parent=99308"}],"wp:term":[{"taxonomy":"category","embeddable":true,"href":"https:\/\/graziamagazine.com\/mx\/wp-json\/wp\/v2\/categories?post=99308"}],"curies":[{"name":"wp","href":"https:\/\/api.w.org\/{rel}","templated":true}]}}