{"id":99178,"date":"2021-07-26T09:45:28","date_gmt":"2021-07-26T14:45:28","guid":{"rendered":"https:\/\/graziamagazine.com\/mx\/?post_type=articles&#038;p=99178"},"modified":"2021-07-26T09:48:11","modified_gmt":"2021-07-26T14:48:11","slug":"current-obsession-las-sandalias-peluche-de-balenciaga-para-el-otono","status":"publish","type":"articles","link":"https:\/\/graziamagazine.com\/mx\/articles\/current-obsession-las-sandalias-peluche-de-balenciaga-para-el-otono\/","title":{"rendered":"Current Obsession: Las sandalias peluche de Balenciaga para el oto\u00f1o"},"content":{"rendered":"<p><strong>Balenciaga<\/strong> es un referente de la moda desde los a\u00f1os 40, su estilo \u00fanico al crear vol\u00famenes impensados y <strong>l\u00edneas fluidas<\/strong> convierten a la marca en una de las l\u00edderes a la hora de renovar prendas &#8220;b\u00e1sicas&#8221;.<\/p>\n<p>Esta ocasi\u00f3n no es la excepci\u00f3n y la <strong><em>maison<\/em><\/strong> nos presenta el calzado que sin duda ser\u00e1 tendencia esta temporada: las <strong>sandalias Balenciaga Track<\/strong> con peluche.<\/p>\n<p>Se escucha raro y pensar\u00e1s que es imposible portar sandalias en pleno oto\u00f1o, pero para <strong>Balenciaga<\/strong> no existen reglas a la hora de hablar de moda. Si bien lo hemos visto con sus dise\u00f1os &#8220;<strong>ugly<\/strong>&#8221; <strong>controversiales<\/strong> que terminan siendo el <strong><em>must<\/em><\/strong> de temporada, estas sandalias se convertir\u00e1n en la tendencia de este a\u00f1o.<\/p>\n<div class=\"content-gallery\"><div class=\"gallery-placeholder\"><div class=\"spinner\"><\/div><\/div><span class=\"gallery-pagination\"><\/span><div id=\"gallery-1\" class=\"gallery galleryid-99178 gallery-columns- gallery-size-\"><figure class=\"gallery-item\"><div class=\"gallery-icon landscape\"><img loading=\"lazy\" decoding=\"async\" width=\"3000\" height=\"3000\" src=\"https:\/\/graziamagazine.com\/mx\/wp-content\/uploads\/sites\/13\/2021\/07\/eCom-668561W3CQ31000_A.jpeg\" class=\"lazy\" alt=\"Current Obsession: Las sandalias peluche de Balenciaga para el oto\u00f1o\" \/><\/div><\/figure><figure class=\"gallery-item\"><div class=\"gallery-icon landscape\"><img loading=\"lazy\" decoding=\"async\" width=\"3000\" height=\"3000\" src=\"https:\/\/graziamagazine.com\/mx\/wp-content\/uploads\/sites\/13\/2021\/07\/eCom-668561W3CQ31000_I.jpeg\" class=\"lazy\" alt=\"Current Obsession: Las sandalias peluche de Balenciaga para el oto\u00f1o\" \/><\/div><\/figure><figure class=\"gallery-item\"><div class=\"gallery-icon landscape\"><img loading=\"lazy\" decoding=\"async\" width=\"3000\" height=\"3000\" src=\"https:\/\/graziamagazine.com\/mx\/wp-content\/uploads\/sites\/13\/2021\/07\/eCom-668561W3CQ31000_B.jpeg\" class=\"lazy\" alt=\"Current Obsession: Las sandalias peluche de Balenciaga para el oto\u00f1o\" \/><\/div><\/figure><figure class=\"gallery-item\"><div class=\"gallery-icon landscape\"><img loading=\"lazy\" decoding=\"async\" width=\"3000\" height=\"3000\" src=\"https:\/\/graziamagazine.com\/mx\/wp-content\/uploads\/sites\/13\/2021\/07\/eCom-668561W3CQ31000_D.jpeg\" class=\"lazy\" alt=\"Current Obsession: Las sandalias peluche de Balenciaga para el oto\u00f1o\" \/><\/div><\/figure><\/div><\/div>\n<p>Con una nueva silueta futurista, las <strong>sandalias Balenciaga Track<\/strong> forman parte de la colecci\u00f3n<strong> oto\u00f1o\/invierno 2021<\/strong> y son la adaptaci\u00f3n veraniega de los <strong>tenis Track de Balenciaga<\/strong>. Est\u00e1n elaboradas de nylon, neopreno, goma y <em>faux fur<\/em> y tiene 3 straps para sujetar el pie, dos en la parte superior y uno en el tobillo, haci\u00e9ndola muy <strong>c\u00f3moda<\/strong> y adecuada para usarla sin temor en los d\u00edas de fr\u00edo.<\/p>\n<p>Si lo que buscas es el calzado que griten <strong>tendencia<\/strong> y sean los <strong>protagonistas<\/strong> de cualquier <em>look<\/em>, sea con jeans o <em>tracksuit<\/em>, sin duda alguna las <strong>sandalias Balenciaga Track<\/strong> son las ideales. Hasta el momento s\u00f3lo las puedes encontrarlas en la\u00a0<a href=\"https:\/\/www.balenciaga.com\/en-us\/track-sandale-fake-fur-black-668561W3CQ31000.html?tp=53670&amp;utm_campaign=HYPEBEAST%2FHYPEBAE%2FPOPBEE%2FBERRICS%2FHYPEKIDS&amp;utm_content=10&amp;utm_medium=affiliate&amp;utm_source=linkshare&amp;ranMID=38847&amp;ranEAID=3271293&amp;ranSiteID=9ieob0c66Uo-fCc9Y_.6Sn.YQf6MVG6q4w\" target=\"_blank\" rel=\"noreferrer noopener\" target=\"_blank\">p\u00e1gina oficial de Balenciaga<\/a>.<\/p>\n<h5><strong><em>*IM\u00c1GENES: cortes\u00eda BALENCIAGA<\/em><\/strong><\/h5>\n","protected":false},"author":27779,"featured_media":99185,"template":"","format":"standard","categories":[4],"acf":[],"yoast_head":"<!-- This site is optimized with the Yoast SEO Premium plugin v18.5 (Yoast SEO v20.4) - https:\/\/yoast.com\/wordpress\/plugins\/seo\/ -->\n<title>Current Obsession: Las sandalias peluche de Balenciaga para el oto\u00f1o | Grazia M\u00e9xico y Latinoam\u00e9rica<\/title>\n<meta name=\"description\" content=\"Balenciaga es un referente de la moda desde los a\u00f1os 40, su estilo \u00fanico al crear vol\u00famenes impensados y l\u00edneas fluidas convierten a la marca en una de\" \/>\n<meta name=\"robots\" content=\"index, follow, max-snippet:-1, max-image-preview:large, max-video-preview:-1\" \/>\n<link rel=\"canonical\" href=\"https:\/\/graziamagazine.com\/mx\/articles\/current-obsession-las-sandalias-peluche-de-balenciaga-para-el-otono\/\" \/>\n<meta property=\"og:locale\" content=\"es_MX\" \/>\n<meta property=\"og:type\" content=\"article\" \/>\n<meta property=\"og:title\" content=\"Current Obsession: Las sandalias peluche de Balenciaga para el oto\u00f1o\" \/>\n<meta property=\"og:description\" content=\"Balenciaga es un referente de la moda desde los a\u00f1os 40, su estilo \u00fanico al crear vol\u00famenes impensados y l\u00edneas fluidas convierten a la marca en una de\" \/>\n<meta property=\"og:url\" content=\"https:\/\/graziamagazine.com\/mx\/articles\/current-obsession-las-sandalias-peluche-de-balenciaga-para-el-otono\/\" \/>\n<meta property=\"og:site_name\" content=\"Grazia M\u00e9xico y Latinoam\u00e9rica\" \/>\n<meta property=\"article:modified_time\" content=\"2021-07-26T14:48:11+00:00\" \/>\n<meta property=\"og:image\" content=\"https:\/\/graziamagazine.com\/mx\/wp-content\/uploads\/sites\/13\/2021\/07\/eCom-668561W3CQ31000_F-e1627310753830.jpeg?fit=2827%2C1507\" \/>\n\t<meta property=\"og:image:width\" content=\"2827\" \/>\n\t<meta property=\"og:image:height\" content=\"1507\" \/>\n\t<meta property=\"og:image:type\" content=\"image\/jpeg\" \/>\n<meta name=\"twitter:card\" content=\"summary_large_image\" \/>\n<meta name=\"twitter:label1\" content=\"Est. reading time\" \/>\n\t<meta name=\"twitter:data1\" content=\"1 minuto\" \/>\n<script type=\"application\/ld+json\" class=\"yoast-schema-graph\">{\"@context\":\"https:\/\/schema.org\",\"@graph\":[{\"@type\":\"WebPage\",\"@id\":\"https:\/\/graziamagazine.com\/mx\/articles\/current-obsession-las-sandalias-peluche-de-balenciaga-para-el-otono\/\",\"url\":\"https:\/\/graziamagazine.com\/mx\/articles\/current-obsession-las-sandalias-peluche-de-balenciaga-para-el-otono\/\",\"name\":\"Current Obsession: Las sandalias peluche de Balenciaga para el oto\u00f1o | Grazia M\u00e9xico y Latinoam\u00e9rica\",\"isPartOf\":{\"@id\":\"https:\/\/graziamagazine.com\/mx\/#website\"},\"datePublished\":\"2021-07-26T14:45:28+00:00\",\"dateModified\":\"2021-07-26T14:48:11+00:00\",\"description\":\"Balenciaga es un referente de la moda desde los a\u00f1os 40, su estilo \u00fanico al crear vol\u00famenes impensados y l\u00edneas fluidas convierten a la marca en una de\",\"breadcrumb\":{\"@id\":\"https:\/\/graziamagazine.com\/mx\/articles\/current-obsession-las-sandalias-peluche-de-balenciaga-para-el-otono\/#breadcrumb\"},\"inLanguage\":\"es-MX\",\"potentialAction\":[{\"@type\":\"ReadAction\",\"target\":[\"https:\/\/graziamagazine.com\/mx\/articles\/current-obsession-las-sandalias-peluche-de-balenciaga-para-el-otono\/\"]}]},{\"@type\":\"BreadcrumbList\",\"@id\":\"https:\/\/graziamagazine.com\/mx\/articles\/current-obsession-las-sandalias-peluche-de-balenciaga-para-el-otono\/#breadcrumb\",\"itemListElement\":[{\"@type\":\"ListItem\",\"position\":1,\"name\":\"Home\",\"item\":\"https:\/\/graziamagazine.com\/mx\/\"},{\"@type\":\"ListItem\",\"position\":2,\"name\":\"Current Obsession: Las sandalias peluche de Balenciaga para el oto\u00f1o\"}]},{\"@type\":\"WebSite\",\"@id\":\"https:\/\/graziamagazine.com\/mx\/#website\",\"url\":\"https:\/\/graziamagazine.com\/mx\/\",\"name\":\"Grazia M\u00e9xico y Latinoam\u00e9rica\",\"description\":\"Grazia es moda, belleza y noticias  de actualidad \",\"potentialAction\":[{\"@type\":\"SearchAction\",\"target\":{\"@type\":\"EntryPoint\",\"urlTemplate\":\"https:\/\/graziamagazine.com\/mx\/?s={search_term_string}\"},\"query-input\":\"required name=search_term_string\"}],\"inLanguage\":\"es-MX\"}]}<\/script>\n<!-- \/ Yoast SEO Premium plugin. -->","yoast_head_json":{"title":"Current Obsession: Las sandalias peluche de Balenciaga para el oto\u00f1o | Grazia M\u00e9xico y Latinoam\u00e9rica","description":"Balenciaga es un referente de la moda desde los a\u00f1os 40, su estilo \u00fanico al crear vol\u00famenes impensados y l\u00edneas fluidas convierten a la marca en una de","robots":{"index":"index","follow":"follow","max-snippet":"max-snippet:-1","max-image-preview":"max-image-preview:large","max-video-preview":"max-video-preview:-1"},"canonical":"https:\/\/graziamagazine.com\/mx\/articles\/current-obsession-las-sandalias-peluche-de-balenciaga-para-el-otono\/","og_locale":"es_MX","og_type":"article","og_title":"Current Obsession: Las sandalias peluche de Balenciaga para el oto\u00f1o","og_description":"Balenciaga es un referente de la moda desde los a\u00f1os 40, su estilo \u00fanico al crear vol\u00famenes impensados y l\u00edneas fluidas convierten a la marca en una de","og_url":"https:\/\/graziamagazine.com\/mx\/articles\/current-obsession-las-sandalias-peluche-de-balenciaga-para-el-otono\/","og_site_name":"Grazia M\u00e9xico y Latinoam\u00e9rica","article_modified_time":"2021-07-26T14:48:11+00:00","og_image":[{"width":2827,"height":1507,"url":"https:\/\/graziamagazine.com\/mx\/wp-content\/uploads\/sites\/13\/2021\/07\/eCom-668561W3CQ31000_F-e1627310753830.jpeg?fit=2827%2C1507","type":"image\/jpeg"}],"twitter_card":"summary_large_image","twitter_misc":{"Est. reading time":"1 minuto"},"schema":{"@context":"https:\/\/schema.org","@graph":[{"@type":"WebPage","@id":"https:\/\/graziamagazine.com\/mx\/articles\/current-obsession-las-sandalias-peluche-de-balenciaga-para-el-otono\/","url":"https:\/\/graziamagazine.com\/mx\/articles\/current-obsession-las-sandalias-peluche-de-balenciaga-para-el-otono\/","name":"Current Obsession: Las sandalias peluche de Balenciaga para el oto\u00f1o | Grazia M\u00e9xico y Latinoam\u00e9rica","isPartOf":{"@id":"https:\/\/graziamagazine.com\/mx\/#website"},"datePublished":"2021-07-26T14:45:28+00:00","dateModified":"2021-07-26T14:48:11+00:00","description":"Balenciaga es un referente de la moda desde los a\u00f1os 40, su estilo \u00fanico al crear vol\u00famenes impensados y l\u00edneas fluidas convierten a la marca en una de","breadcrumb":{"@id":"https:\/\/graziamagazine.com\/mx\/articles\/current-obsession-las-sandalias-peluche-de-balenciaga-para-el-otono\/#breadcrumb"},"inLanguage":"es-MX","potentialAction":[{"@type":"ReadAction","target":["https:\/\/graziamagazine.com\/mx\/articles\/current-obsession-las-sandalias-peluche-de-balenciaga-para-el-otono\/"]}]},{"@type":"BreadcrumbList","@id":"https:\/\/graziamagazine.com\/mx\/articles\/current-obsession-las-sandalias-peluche-de-balenciaga-para-el-otono\/#breadcrumb","itemListElement":[{"@type":"ListItem","position":1,"name":"Home","item":"https:\/\/graziamagazine.com\/mx\/"},{"@type":"ListItem","position":2,"name":"Current Obsession: Las sandalias peluche de Balenciaga para el oto\u00f1o"}]},{"@type":"WebSite","@id":"https:\/\/graziamagazine.com\/mx\/#website","url":"https:\/\/graziamagazine.com\/mx\/","name":"Grazia M\u00e9xico y Latinoam\u00e9rica","description":"Grazia es moda, belleza y noticias  de actualidad ","potentialAction":[{"@type":"SearchAction","target":{"@type":"EntryPoint","urlTemplate":"https:\/\/graziamagazine.com\/mx\/?s={search_term_string}"},"query-input":"required name=search_term_string"}],"inLanguage":"es-MX"}]}},"jetpack_sharing_enabled":true,"distributor_meta":false,"distributor_terms":false,"distributor_media":false,"distributor_original_site_name":"Grazia M\u00e9xico y Latinoam\u00e9rica","distributor_original_site_url":"https:\/\/graziamagazine.com\/mx","push-errors":false,"_links":{"self":[{"href":"https:\/\/graziamagazine.com\/mx\/wp-json\/wp\/v2\/articles\/99178"}],"collection":[{"href":"https:\/\/graziamagazine.com\/mx\/wp-json\/wp\/v2\/articles"}],"about":[{"href":"https:\/\/graziamagazine.com\/mx\/wp-json\/wp\/v2\/types\/articles"}],"author":[{"embeddable":true,"href":"https:\/\/graziamagazine.com\/mx\/wp-json\/wp\/v2\/users\/27779"}],"wp:featuredmedia":[{"embeddable":true,"href":"https:\/\/graziamagazine.com\/mx\/wp-json\/wp\/v2\/media\/99185"}],"wp:attachment":[{"href":"https:\/\/graziamagazine.com\/mx\/wp-json\/wp\/v2\/media?parent=99178"}],"wp:term":[{"taxonomy":"category","embeddable":true,"href":"https:\/\/graziamagazine.com\/mx\/wp-json\/wp\/v2\/categories?post=99178"}],"curies":[{"name":"wp","href":"https:\/\/api.w.org\/{rel}","templated":true}]}}