{"id":99017,"date":"2021-07-19T14:30:55","date_gmt":"2021-07-19T19:30:55","guid":{"rendered":"https:\/\/graziamagazine.com\/mx\/?post_type=articles&#038;p=99017"},"modified":"2021-07-19T16:37:20","modified_gmt":"2021-07-19T21:37:20","slug":"barra-mexico-regresa-y-se-convierte-en-100-climate-positive","status":"publish","type":"articles","link":"https:\/\/graziamagazine.com\/mx\/articles\/barra-mexico-regresa-y-se-convierte-en-100-climate-positive\/","title":{"rendered":"Barra M\u00e9xico: regresa y se convierte en 100% Climate Positive"},"content":{"rendered":"<p><span style=\"font-weight: 400\">Si lo que te gusta es el <strong><em>fine drinking<\/em><\/strong> y rodearte de experiencias d\u00f3nde el arte, la gastronom\u00eda y un buen rato con amigos o familia sea lo m\u00e1s importante, sin duda alguna <strong>Barra M\u00e9xico<\/strong> es para ti.<\/span><\/p>\n<p><span style=\"font-weight: 400\"><strong>Barra M\u00e9xico<\/strong> es el bar show m\u00e1s importante en <strong>Latinoam\u00e9rica<\/strong>, el cual impulsa la cocteler\u00eda, bares, restaurantes y marcas de destilados, vinos y cervezas de alto nivel. Fundado por <strong>Ara Carvallo<\/strong> y <strong>Paula Garc\u00eda<\/strong> en <strong>2015<\/strong>, se ha convertido en punto de referencia para los<strong><em> fine drinks lovers<\/em><\/strong> que buscan tendencias, as\u00ed como participar en reflexiones que vislumbran el futuro de la hospitalidad y la cultura del consumo de bebidas y alimentos.<\/span><\/p>\n<p><span style=\"font-weight: 400\">Para su <strong>sexta edici\u00f3n, <\/strong>el evento se realizar\u00e1 por primera vez en la ciudad de<strong> San Miguel de Allende<\/strong> del <strong>26 al 30 de Agosto<\/strong>, bajo un nuevo formato dirigido a la industria de la hospitalidad, bebidas <em>premium<\/em> y amantes del buen beber. <strong>San Miguel de Allende<\/strong> fue la ciudad elegida por<a href=\"https:\/\/www.instagram.com\/barramexico\/\" target=\"_blank\"><strong> Barra M\u00e9xico 2021<\/strong><\/a> al reunir tradici\u00f3n, gastronom\u00eda, arte y arquitectura, declarada <strong>Patrimonio de la Humanidad<\/strong> por la <strong>UNESCO<\/strong> desde 2008.<\/span><\/p>\n<blockquote class=\"instagram-media\" data-instgrm-captioned data-instgrm-permalink=\"https:\/\/www.instagram.com\/p\/CQ-Beh_rYqy\/?utm_source=ig_embed&amp;utm_campaign=loading\" data-instgrm-version=\"13\" style=\" background:#FFF; border:0; border-radius:3px; box-shadow:0 0 1px 0 rgba(0,0,0,0.5),0 1px 10px 0 rgba(0,0,0,0.15); margin: 1px; max-width:500px; min-width:326px; padding:0; width:99.375%; width:-webkit-calc(100% - 2px); width:calc(100% - 2px);\">\n<div style=\"padding:16px;\"> <a href=\"https:\/\/www.instagram.com\/p\/CQ-Beh_rYqy\/?utm_source=ig_embed&amp;utm_campaign=loading\" style=\" background:#FFFFFF; line-height:0; padding:0 0; text-align:center; text-decoration:none; width:100%;\" target=\"_blank\"> <\/p>\n<div style=\" display: flex; flex-direction: row; align-items: center;\">\n<div style=\"background-color: #F4F4F4; border-radius: 50%; flex-grow: 0; height: 40px; margin-right: 14px; width: 40px;\"><\/div>\n<div style=\"display: flex; flex-direction: column; flex-grow: 1; justify-content: center;\">\n<div style=\" background-color: #F4F4F4; border-radius: 4px; flex-grow: 0; height: 14px; margin-bottom: 6px; width: 100px;\"><\/div>\n<div style=\" background-color: #F4F4F4; border-radius: 4px; flex-grow: 0; height: 14px; width: 60px;\"><\/div>\n<\/div>\n<\/div>\n<div style=\"padding: 19% 0;\"><\/div>\n<div style=\"display:block; height:50px; margin:0 auto 12px; width:50px;\"><svg width=\"50px\" height=\"50px\" viewBox=\"0 0 60 60\" version=\"1.1\" xmlns=\"https:\/\/www.w3.org\/2000\/svg\" xmlns:xlink=\"https:\/\/www.w3.org\/1999\/xlink\"><g stroke=\"none\" stroke-width=\"1\" fill=\"none\" fill-rule=\"evenodd\"><g transform=\"translate(-511.000000, -20.000000)\" fill=\"#000000\"><g><path d=\"M556.869,30.41 C554.814,30.41 553.148,32.076 553.148,34.131 C553.148,36.186 554.814,37.852 556.869,37.852 C558.924,37.852 560.59,36.186 560.59,34.131 C560.59,32.076 558.924,30.41 556.869,30.41 M541,60.657 C535.114,60.657 530.342,55.887 530.342,50 C530.342,44.114 535.114,39.342 541,39.342 C546.887,39.342 551.658,44.114 551.658,50 C551.658,55.887 546.887,60.657 541,60.657 M541,33.886 C532.1,33.886 524.886,41.1 524.886,50 C524.886,58.899 532.1,66.113 541,66.113 C549.9,66.113 557.115,58.899 557.115,50 C557.115,41.1 549.9,33.886 541,33.886 M565.378,62.101 C565.244,65.022 564.756,66.606 564.346,67.663 C563.803,69.06 563.154,70.057 562.106,71.106 C561.058,72.155 560.06,72.803 558.662,73.347 C557.607,73.757 556.021,74.244 553.102,74.378 C549.944,74.521 548.997,74.552 541,74.552 C533.003,74.552 532.056,74.521 528.898,74.378 C525.979,74.244 524.393,73.757 523.338,73.347 C521.94,72.803 520.942,72.155 519.894,71.106 C518.846,70.057 518.197,69.06 517.654,67.663 C517.244,66.606 516.755,65.022 516.623,62.101 C516.479,58.943 516.448,57.996 516.448,50 C516.448,42.003 516.479,41.056 516.623,37.899 C516.755,34.978 517.244,33.391 517.654,32.338 C518.197,30.938 518.846,29.942 519.894,28.894 C520.942,27.846 521.94,27.196 523.338,26.654 C524.393,26.244 525.979,25.756 528.898,25.623 C532.057,25.479 533.004,25.448 541,25.448 C548.997,25.448 549.943,25.479 553.102,25.623 C556.021,25.756 557.607,26.244 558.662,26.654 C560.06,27.196 561.058,27.846 562.106,28.894 C563.154,29.942 563.803,30.938 564.346,32.338 C564.756,33.391 565.244,34.978 565.378,37.899 C565.522,41.056 565.552,42.003 565.552,50 C565.552,57.996 565.522,58.943 565.378,62.101 M570.82,37.631 C570.674,34.438 570.167,32.258 569.425,30.349 C568.659,28.377 567.633,26.702 565.965,25.035 C564.297,23.368 562.623,22.342 560.652,21.575 C558.743,20.834 556.562,20.326 553.369,20.18 C550.169,20.033 549.148,20 541,20 C532.853,20 531.831,20.033 528.631,20.18 C525.438,20.326 523.257,20.834 521.349,21.575 C519.376,22.342 517.703,23.368 516.035,25.035 C514.368,26.702 513.342,28.377 512.574,30.349 C511.834,32.258 511.326,34.438 511.181,37.631 C511.035,40.831 511,41.851 511,50 C511,58.147 511.035,59.17 511.181,62.369 C511.326,65.562 511.834,67.743 512.574,69.651 C513.342,71.625 514.368,73.296 516.035,74.965 C517.703,76.634 519.376,77.658 521.349,78.425 C523.257,79.167 525.438,79.673 528.631,79.82 C531.831,79.965 532.853,80.001 541,80.001 C549.148,80.001 550.169,79.965 553.369,79.82 C556.562,79.673 558.743,79.167 560.652,78.425 C562.623,77.658 564.297,76.634 565.965,74.965 C567.633,73.296 568.659,71.625 569.425,69.651 C570.167,67.743 570.674,65.562 570.82,62.369 C570.966,59.17 571,58.147 571,50 C571,41.851 570.966,40.831 570.82,37.631\"><\/path><\/g><\/g><\/g><\/svg><\/div>\n<div style=\"padding-top: 8px;\">\n<div style=\" color:#3897f0; font-family:Arial,sans-serif; font-size:14px; font-style:normal; font-weight:550; line-height:18px;\"> View this post on Instagram<\/div>\n<\/div>\n<div style=\"padding: 12.5% 0;\"><\/div>\n<div style=\"display: flex; flex-direction: row; margin-bottom: 14px; align-items: center;\">\n<div>\n<div style=\"background-color: #F4F4F4; border-radius: 50%; height: 12.5px; width: 12.5px; transform: translateX(0px) translateY(7px);\"><\/div>\n<div style=\"background-color: #F4F4F4; height: 12.5px; transform: rotate(-45deg) translateX(3px) translateY(1px); width: 12.5px; flex-grow: 0; margin-right: 14px; margin-left: 2px;\"><\/div>\n<div style=\"background-color: #F4F4F4; border-radius: 50%; height: 12.5px; width: 12.5px; transform: translateX(9px) translateY(-18px);\"><\/div>\n<\/div>\n<div style=\"margin-left: 8px;\">\n<div style=\" background-color: #F4F4F4; border-radius: 50%; flex-grow: 0; height: 20px; width: 20px;\"><\/div>\n<div style=\" width: 0; height: 0; border-top: 2px solid transparent; border-left: 6px solid #f4f4f4; border-bottom: 2px solid transparent; transform: translateX(16px) translateY(-4px) rotate(30deg)\"><\/div>\n<\/div>\n<div style=\"margin-left: auto;\">\n<div style=\" width: 0px; border-top: 8px solid #F4F4F4; border-right: 8px solid transparent; transform: translateY(16px);\"><\/div>\n<div style=\" background-color: #F4F4F4; flex-grow: 0; height: 12px; width: 16px; transform: translateY(-4px);\"><\/div>\n<div style=\" width: 0; height: 0; border-top: 8px solid #F4F4F4; border-left: 8px solid transparent; transform: translateY(-4px) translateX(8px);\"><\/div>\n<\/div>\n<\/div>\n<div style=\"display: flex; flex-direction: column; flex-grow: 1; justify-content: center; margin-bottom: 24px;\">\n<div style=\" background-color: #F4F4F4; border-radius: 4px; flex-grow: 0; height: 14px; margin-bottom: 6px; width: 224px;\"><\/div>\n<div style=\" background-color: #F4F4F4; border-radius: 4px; flex-grow: 0; height: 14px; width: 144px;\"><\/div>\n<\/div>\n<p><\/a><\/p>\n<p style=\" color:#c9c8cd; font-family:Arial,sans-serif; font-size:14px; line-height:17px; margin-bottom:0; margin-top:8px; overflow:hidden; padding:8px 0 7px; text-align:center; text-overflow:ellipsis; white-space:nowrap;\"><a href=\"https:\/\/www.instagram.com\/p\/CQ-Beh_rYqy\/?utm_source=ig_embed&amp;utm_campaign=loading\" style=\" color:#c9c8cd; font-family:Arial,sans-serif; font-size:14px; font-style:normal; font-weight:normal; line-height:17px; text-decoration:none;\" target=\"_blank\" target=\"_blank\">A post shared by Barra Me\u0301xico (@barramexico)<\/a><\/p>\n<\/div>\n<\/blockquote>\n<p><script async src=\"\/\/platform.instagram.com\/en_US\/embeds.js\"><\/script><\/p>\n<p><span style=\"font-weight: 400\"><strong>Barra M\u00e9xico 2021<\/strong> se llevar\u00e1 a cabo gracias al trabajo colaborativo de instituciones como el<strong> Gobierno del Estado de Guanajuato, Consejo Tur\u00edstico de San Miguel de Allende, Tequila Casa Dragones, JAC Motors, Hielo Swiss Gourmet, Cava Sautto <\/strong>y<strong> Fifty Mils <\/strong>del hotel <strong>Four Seasons<\/strong>, quienes apoyan la reactivaci\u00f3n econ\u00f3mica del Baj\u00edo mexicano y de diversas industrias que unen esfuerzos para seguir adelante.<\/span><\/p>\n<p><span style=\"font-weight: 400\"><strong>Barra M\u00e9xico<\/strong>, un evento inclusivo creado y liderado por mujeres y que trabaja con agencias lideradas por mujeres, tambi\u00e9n ofrece empleo a personas con discapacidad en colaboraci\u00f3n con <strong>World Meetings Forum<\/strong> (WMF) <strong>Foundation<\/strong>. Adem\u00e1s de asegurar y proteger a los asistentes de la comunidad<strong> LGBTTTIQ+<\/strong> , teniendo como prioridad el desarrollo de un evento inclusivo para tod@s y reconociendo su gran rol en el progreso de la industria.<\/span><\/p>\n<p><img loading=\"lazy\" decoding=\"async\" class=\"alignnone wp-image-99019 size-large\" src=\"https:\/\/graziamagazine.com\/mx\/wp-content\/uploads\/sites\/13\/2021\/07\/unnamed.jpg?w=1024\" alt=\"Barra M\u00e9xico: El bar show m\u00e1s importante de Latinoam\u00e9rica que se vuelve 100% Climate Positive\" width=\"1024\" height=\"768\" \/><\/p>\n<p><span style=\"font-weight: 400\">Uno de los objetivos de esta sexta edici\u00f3n es reactivar el movimiento en centros de consumo, fomentar y educar sobre el consumo responsable, sin dejar atr\u00e1s el objetivo educativo que siempre ha caracterizado al evento. Adem\u00e1s, <strong>Barra M\u00e9xico<\/strong> tambi\u00e9n trabajar\u00e1 en conjunto con aliados para posicionar a <strong>San Miguel de Allende<\/strong> como capital del<strong><em> fine drinking<\/em><\/strong> en el mundo.\u00a0<\/span><\/p>\n<p><span style=\"font-weight: 400\">Por otra parte, <strong>Barra M\u00e9xico<\/strong> es el primer evento <em><strong>Climate Positive<\/strong> <\/em>de la industria, debido a esto, se trabaja de la mano de Pronatura a trav\u00e9s de la iniciativa Neutral\u00edzate, para compensar todas las emisiones de CO2 producidas durante la producci\u00f3n y como parte de la transportaci\u00f3n de invitados al evento.\u00a0<\/span><\/p>\n<p><img loading=\"lazy\" decoding=\"async\" class=\"alignnone wp-image-99022 size-large\" src=\"https:\/\/graziamagazine.com\/mx\/wp-content\/uploads\/sites\/13\/2021\/07\/206356567_509914390279458_7860245643383980291_n.jpg?w=1024\" alt=\"Barra M\u00e9xico: El bar show m\u00e1s importante de Latinoam\u00e9rica que se vuelve 100% Climate Positive\" width=\"1024\" height=\"684\" \/><\/p>\n<p><span style=\"font-weight: 400\">Debido a lo anterior, uno de los principales patrocinadores ser\u00e1 <strong>JAC<\/strong>, empresa orgullosamente mexicana que distribuye veh\u00edculos de pasajeros y comerciales que se caracterizan por tener trenes motrices a combusti\u00f3n y ser <strong>100% el\u00e9ctricos<\/strong>.<\/span><\/p>\n<p><span style=\"font-weight: 400\">Y si hablamos de la oferta gastron\u00f3mica, toda la oferta ser\u00e1 <strong><em>plant-based<\/em><\/strong> esto para minimizar el impacto en el medio ambiente de la producci\u00f3n <strong>c\u00e1rnica<\/strong>. <strong>Barra M\u00e9xico<\/strong> trabajar\u00e1 con una pol\u00edtica estricta de reciclaje entre otras iniciativas para minimizar el impacto del evento.<\/span><\/p>\n<p>\u00bfEst\u00e1s list@ para disfrutar del mejor evento de cocteler\u00eda del pa\u00eds?<\/p>\n<h5><em>*IM\u00c1GENES: cortes\u00eda de Barra M\u00e9xico\u00a0<\/em><\/h5>\n","protected":false},"author":27779,"featured_media":99023,"template":"","format":"standard","categories":[114,9864],"acf":[],"yoast_head":"<!-- This site is optimized with the Yoast SEO Premium plugin v18.5 (Yoast SEO v20.4) - https:\/\/yoast.com\/wordpress\/plugins\/seo\/ -->\n<title>Barra M\u00e9xico: regresa y se convierte en 100% Climate Positive | Grazia M\u00e9xico y Latinoam\u00e9rica<\/title>\n<meta name=\"description\" content=\"El bar show m\u00e1s importante de Latinoam\u00e9rica se muda por primera vez a San Miguel de Allende...Conoce todo sobre el evento favorito de los cocteleros por excelencia.\" \/>\n<meta name=\"robots\" content=\"index, follow, max-snippet:-1, max-image-preview:large, max-video-preview:-1\" \/>\n<link rel=\"canonical\" href=\"https:\/\/graziamagazine.com\/mx\/articles\/barra-mexico-regresa-y-se-convierte-en-100-climate-positive\/\" \/>\n<meta property=\"og:locale\" content=\"es_MX\" \/>\n<meta property=\"og:type\" content=\"article\" \/>\n<meta property=\"og:title\" content=\"Barra M\u00e9xico: regresa y se convierte en 100% Climate Positive\" \/>\n<meta property=\"og:description\" content=\"El bar show m\u00e1s importante de Latinoam\u00e9rica se muda por primera vez a San Miguel de Allende...Conoce todo sobre el evento favorito de los cocteleros por excelencia.\" \/>\n<meta property=\"og:url\" content=\"https:\/\/graziamagazine.com\/mx\/articles\/barra-mexico-regresa-y-se-convierte-en-100-climate-positive\/\" \/>\n<meta property=\"og:site_name\" content=\"Grazia M\u00e9xico y Latinoam\u00e9rica\" \/>\n<meta property=\"article:modified_time\" content=\"2021-07-19T21:37:20+00:00\" \/>\n<meta property=\"og:image\" content=\"https:\/\/graziamagazine.com\/mx\/wp-content\/uploads\/sites\/13\/2021\/07\/Untitled-2.jpg?fit=2679%2C2568\" \/>\n\t<meta property=\"og:image:width\" content=\"2679\" \/>\n\t<meta property=\"og:image:height\" content=\"2568\" \/>\n\t<meta property=\"og:image:type\" content=\"image\/jpeg\" \/>\n<meta name=\"twitter:card\" content=\"summary_large_image\" \/>\n<meta name=\"twitter:label1\" content=\"Est. reading time\" \/>\n\t<meta name=\"twitter:data1\" content=\"3 minutos\" \/>\n<script type=\"application\/ld+json\" class=\"yoast-schema-graph\">{\"@context\":\"https:\/\/schema.org\",\"@graph\":[{\"@type\":\"WebPage\",\"@id\":\"https:\/\/graziamagazine.com\/mx\/articles\/barra-mexico-regresa-y-se-convierte-en-100-climate-positive\/\",\"url\":\"https:\/\/graziamagazine.com\/mx\/articles\/barra-mexico-regresa-y-se-convierte-en-100-climate-positive\/\",\"name\":\"Barra M\u00e9xico: regresa y se convierte en 100% Climate Positive | Grazia M\u00e9xico y Latinoam\u00e9rica\",\"isPartOf\":{\"@id\":\"https:\/\/graziamagazine.com\/mx\/#website\"},\"datePublished\":\"2021-07-19T19:30:55+00:00\",\"dateModified\":\"2021-07-19T21:37:20+00:00\",\"description\":\"El bar show m\u00e1s importante de Latinoam\u00e9rica se muda por primera vez a San Miguel de Allende...Conoce todo sobre el evento favorito de los cocteleros por excelencia.\",\"breadcrumb\":{\"@id\":\"https:\/\/graziamagazine.com\/mx\/articles\/barra-mexico-regresa-y-se-convierte-en-100-climate-positive\/#breadcrumb\"},\"inLanguage\":\"es-MX\",\"potentialAction\":[{\"@type\":\"ReadAction\",\"target\":[\"https:\/\/graziamagazine.com\/mx\/articles\/barra-mexico-regresa-y-se-convierte-en-100-climate-positive\/\"]}]},{\"@type\":\"BreadcrumbList\",\"@id\":\"https:\/\/graziamagazine.com\/mx\/articles\/barra-mexico-regresa-y-se-convierte-en-100-climate-positive\/#breadcrumb\",\"itemListElement\":[{\"@type\":\"ListItem\",\"position\":1,\"name\":\"Home\",\"item\":\"https:\/\/graziamagazine.com\/mx\/\"},{\"@type\":\"ListItem\",\"position\":2,\"name\":\"Barra M\u00e9xico: regresa y se convierte en 100% Climate Positive\"}]},{\"@type\":\"WebSite\",\"@id\":\"https:\/\/graziamagazine.com\/mx\/#website\",\"url\":\"https:\/\/graziamagazine.com\/mx\/\",\"name\":\"Grazia M\u00e9xico y Latinoam\u00e9rica\",\"description\":\"Grazia es moda, belleza y noticias  de actualidad \",\"potentialAction\":[{\"@type\":\"SearchAction\",\"target\":{\"@type\":\"EntryPoint\",\"urlTemplate\":\"https:\/\/graziamagazine.com\/mx\/?s={search_term_string}\"},\"query-input\":\"required name=search_term_string\"}],\"inLanguage\":\"es-MX\"}]}<\/script>\n<!-- \/ Yoast SEO Premium plugin. -->","yoast_head_json":{"title":"Barra M\u00e9xico: regresa y se convierte en 100% Climate Positive | Grazia M\u00e9xico y Latinoam\u00e9rica","description":"El bar show m\u00e1s importante de Latinoam\u00e9rica se muda por primera vez a San Miguel de Allende...Conoce todo sobre el evento favorito de los cocteleros por excelencia.","robots":{"index":"index","follow":"follow","max-snippet":"max-snippet:-1","max-image-preview":"max-image-preview:large","max-video-preview":"max-video-preview:-1"},"canonical":"https:\/\/graziamagazine.com\/mx\/articles\/barra-mexico-regresa-y-se-convierte-en-100-climate-positive\/","og_locale":"es_MX","og_type":"article","og_title":"Barra M\u00e9xico: regresa y se convierte en 100% Climate Positive","og_description":"El bar show m\u00e1s importante de Latinoam\u00e9rica se muda por primera vez a San Miguel de Allende...Conoce todo sobre el evento favorito de los cocteleros por excelencia.","og_url":"https:\/\/graziamagazine.com\/mx\/articles\/barra-mexico-regresa-y-se-convierte-en-100-climate-positive\/","og_site_name":"Grazia M\u00e9xico y Latinoam\u00e9rica","article_modified_time":"2021-07-19T21:37:20+00:00","og_image":[{"width":2679,"height":2568,"url":"https:\/\/graziamagazine.com\/mx\/wp-content\/uploads\/sites\/13\/2021\/07\/Untitled-2.jpg?fit=2679%2C2568","type":"image\/jpeg"}],"twitter_card":"summary_large_image","twitter_misc":{"Est. reading time":"3 minutos"},"schema":{"@context":"https:\/\/schema.org","@graph":[{"@type":"WebPage","@id":"https:\/\/graziamagazine.com\/mx\/articles\/barra-mexico-regresa-y-se-convierte-en-100-climate-positive\/","url":"https:\/\/graziamagazine.com\/mx\/articles\/barra-mexico-regresa-y-se-convierte-en-100-climate-positive\/","name":"Barra M\u00e9xico: regresa y se convierte en 100% Climate Positive | Grazia M\u00e9xico y Latinoam\u00e9rica","isPartOf":{"@id":"https:\/\/graziamagazine.com\/mx\/#website"},"datePublished":"2021-07-19T19:30:55+00:00","dateModified":"2021-07-19T21:37:20+00:00","description":"El bar show m\u00e1s importante de Latinoam\u00e9rica se muda por primera vez a San Miguel de Allende...Conoce todo sobre el evento favorito de los cocteleros por excelencia.","breadcrumb":{"@id":"https:\/\/graziamagazine.com\/mx\/articles\/barra-mexico-regresa-y-se-convierte-en-100-climate-positive\/#breadcrumb"},"inLanguage":"es-MX","potentialAction":[{"@type":"ReadAction","target":["https:\/\/graziamagazine.com\/mx\/articles\/barra-mexico-regresa-y-se-convierte-en-100-climate-positive\/"]}]},{"@type":"BreadcrumbList","@id":"https:\/\/graziamagazine.com\/mx\/articles\/barra-mexico-regresa-y-se-convierte-en-100-climate-positive\/#breadcrumb","itemListElement":[{"@type":"ListItem","position":1,"name":"Home","item":"https:\/\/graziamagazine.com\/mx\/"},{"@type":"ListItem","position":2,"name":"Barra M\u00e9xico: regresa y se convierte en 100% Climate Positive"}]},{"@type":"WebSite","@id":"https:\/\/graziamagazine.com\/mx\/#website","url":"https:\/\/graziamagazine.com\/mx\/","name":"Grazia M\u00e9xico y Latinoam\u00e9rica","description":"Grazia es moda, belleza y noticias  de actualidad ","potentialAction":[{"@type":"SearchAction","target":{"@type":"EntryPoint","urlTemplate":"https:\/\/graziamagazine.com\/mx\/?s={search_term_string}"},"query-input":"required name=search_term_string"}],"inLanguage":"es-MX"}]}},"jetpack_sharing_enabled":true,"distributor_meta":false,"distributor_terms":false,"distributor_media":false,"distributor_original_site_name":"Grazia M\u00e9xico y Latinoam\u00e9rica","distributor_original_site_url":"https:\/\/graziamagazine.com\/mx","push-errors":false,"_links":{"self":[{"href":"https:\/\/graziamagazine.com\/mx\/wp-json\/wp\/v2\/articles\/99017"}],"collection":[{"href":"https:\/\/graziamagazine.com\/mx\/wp-json\/wp\/v2\/articles"}],"about":[{"href":"https:\/\/graziamagazine.com\/mx\/wp-json\/wp\/v2\/types\/articles"}],"author":[{"embeddable":true,"href":"https:\/\/graziamagazine.com\/mx\/wp-json\/wp\/v2\/users\/27779"}],"wp:featuredmedia":[{"embeddable":true,"href":"https:\/\/graziamagazine.com\/mx\/wp-json\/wp\/v2\/media\/99023"}],"wp:attachment":[{"href":"https:\/\/graziamagazine.com\/mx\/wp-json\/wp\/v2\/media?parent=99017"}],"wp:term":[{"taxonomy":"category","embeddable":true,"href":"https:\/\/graziamagazine.com\/mx\/wp-json\/wp\/v2\/categories?post=99017"}],"curies":[{"name":"wp","href":"https:\/\/api.w.org\/{rel}","templated":true}]}}