{"id":9898,"date":"2016-11-01T12:19:25","date_gmt":"2016-11-01T18:19:25","guid":{"rendered":"https:\/\/graziamagazine.com\/mx\/?p=9898"},"modified":"2016-11-01T12:30:44","modified_gmt":"2016-11-01T18:30:44","slug":"burberry-rinde-homenaje-a-su-fundador","status":"publish","type":"articles","link":"https:\/\/graziamagazine.com\/mx\/articles\/burberry-rinde-homenaje-a-su-fundador\/","title":{"rendered":"BURBERRY RINDE HOMENAJE A SU FUNDADOR"},"content":{"rendered":"<p><b>La firma utiliz\u00f3 su campa\u00f1a de Holidays de pretexto para hablarte de su historia, muy al estilo Hollywoodense.<\/b><!--more--><\/p>\n<p>\u2013\u2013\u2013\u2013<\/p>\n<p>&nbsp;<\/p>\n<p><span style=\"font-weight: 400;\">Para la temporada invernal, <strong>Burberry<\/strong> eligi\u00f3 la historia de su fundador como su campa\u00f1a de <strong>Holidays<\/strong> y convoc\u00f3 a a-listers para contarla.<strong> Domhnall Gleeson<\/strong> da vida a <strong>Thomas Burberry<\/strong> a trav\u00e9s de pasajes de su historia en los que comparte cr\u00e9ditos con <strong>Sienna Miller<\/strong>, como el primer amor del dise\u00f1ador y con <strong>Dominic West<\/strong> y<strong> Lily James<\/strong> que interpretan a personas clave para la marca.<\/span><\/p>\n<p><span style=\"font-weight: 400;\">El primero, hace de<strong> Sir Ernest Shackleton<\/strong>; el pionero explorador polar que utiliz\u00f3 el ic\u00f3nico<em> trench coat<\/em> en tres expediciones a la <strong>Ant\u00e1rtica<\/strong>. Por su parte, <strong>Lily<\/strong> es <strong>Betty Dawson<\/strong>; un personaje inspirado en la piloto<strong> Betty Kirby-Green<\/strong> quien en <strong>1937<\/strong> rompi\u00f3 un r\u00e9cord mundial al volar de <strong>Inglaterra<\/strong> a <strong>Cape Town<\/strong>, en el avi\u00f3n bautizado como <strong>\u201cThe Burberry\u201d<\/strong>. <\/span><\/p>\n<p>&nbsp;<\/p>\n<p><span style=\"font-weight: 400;\">Esta forma especial de promover la colecci\u00f3n <strong>FW2016<\/strong> no es cosa fortuita; este a\u00f1o se cumple el <strong>160<\/strong> aniversario de la firma y por ende, de su pieza emblema. Te compartimos el <em>mini film<\/em>:<\/span><\/p>\n<p>&nbsp;<\/p>\n<p>&nbsp;<\/p>\n<p><iframe loading=\"lazy\" width=\"500\" height=\"281\" src=\"https:\/\/www.youtube.com\/embed\/6D5IZtDCS5c?feature=oembed\" frameborder=\"0\" allowfullscreen><\/iframe><\/p>\n","protected":false},"author":11636,"featured_media":9901,"template":"","format":"standard","categories":[2,4,10],"acf":[],"yoast_head":"<!-- This site is optimized with the Yoast SEO Premium plugin v18.5 (Yoast SEO v20.4) - https:\/\/yoast.com\/wordpress\/plugins\/seo\/ -->\n<title>BURBERRY RINDE HOMENAJE A SU FUNDADOR | Grazia M\u00e9xico y Latinoam\u00e9rica<\/title>\n<meta name=\"description\" content=\"La firma utiliz\u00f3 su campa\u00f1a de Holidays de pretexto para hablarte de su historia, muy al estilo Hollywoodense. \u2013\u2013\u2013\u2013 &nbsp; Para la temporada invernal,\" \/>\n<meta name=\"robots\" content=\"index, follow, max-snippet:-1, max-image-preview:large, max-video-preview:-1\" \/>\n<link rel=\"canonical\" href=\"https:\/\/graziamagazine.com\/mx\/articles\/burberry-rinde-homenaje-a-su-fundador\/\" \/>\n<meta property=\"og:locale\" content=\"es_MX\" \/>\n<meta property=\"og:type\" content=\"article\" \/>\n<meta property=\"og:title\" content=\"BURBERRY RINDE HOMENAJE A SU FUNDADOR\" \/>\n<meta property=\"og:description\" content=\"La firma utiliz\u00f3 su campa\u00f1a de Holidays de pretexto para hablarte de su historia, muy al estilo Hollywoodense. \u2013\u2013\u2013\u2013 &nbsp; Para la temporada invernal,\" \/>\n<meta property=\"og:url\" content=\"https:\/\/graziamagazine.com\/mx\/articles\/burberry-rinde-homenaje-a-su-fundador\/\" \/>\n<meta property=\"og:site_name\" content=\"Grazia M\u00e9xico y Latinoam\u00e9rica\" \/>\n<meta property=\"article:modified_time\" content=\"2016-11-01T18:30:44+00:00\" \/>\n<meta property=\"og:image\" content=\"https:\/\/graziamagazine.com\/mx\/wp-content\/uploads\/sites\/13\/2016\/11\/The-Tale-of-Thomas-Burberry_-Campaign-Domhnall-Gleeson-_on-embargo-until-1-November-2016-8AM-UK-time_.jpg?fit=1732%2C1122\" \/>\n\t<meta property=\"og:image:width\" content=\"1732\" \/>\n\t<meta property=\"og:image:height\" content=\"1122\" \/>\n\t<meta property=\"og:image:type\" content=\"image\/jpeg\" \/>\n<meta name=\"twitter:card\" content=\"summary_large_image\" \/>\n<meta name=\"twitter:label1\" content=\"Est. reading time\" \/>\n\t<meta name=\"twitter:data1\" content=\"1 minuto\" \/>\n<script type=\"application\/ld+json\" class=\"yoast-schema-graph\">{\"@context\":\"https:\/\/schema.org\",\"@graph\":[{\"@type\":\"WebPage\",\"@id\":\"https:\/\/graziamagazine.com\/mx\/articles\/burberry-rinde-homenaje-a-su-fundador\/\",\"url\":\"https:\/\/graziamagazine.com\/mx\/articles\/burberry-rinde-homenaje-a-su-fundador\/\",\"name\":\"BURBERRY RINDE HOMENAJE A SU FUNDADOR | Grazia M\u00e9xico y Latinoam\u00e9rica\",\"isPartOf\":{\"@id\":\"https:\/\/graziamagazine.com\/mx\/#website\"},\"datePublished\":\"2016-11-01T18:19:25+00:00\",\"dateModified\":\"2016-11-01T18:30:44+00:00\",\"description\":\"La firma utiliz\u00f3 su campa\u00f1a de Holidays de pretexto para hablarte de su historia, muy al estilo Hollywoodense. \u2013\u2013\u2013\u2013 &nbsp; Para la temporada invernal,\",\"breadcrumb\":{\"@id\":\"https:\/\/graziamagazine.com\/mx\/articles\/burberry-rinde-homenaje-a-su-fundador\/#breadcrumb\"},\"inLanguage\":\"es-MX\",\"potentialAction\":[{\"@type\":\"ReadAction\",\"target\":[\"https:\/\/graziamagazine.com\/mx\/articles\/burberry-rinde-homenaje-a-su-fundador\/\"]}]},{\"@type\":\"BreadcrumbList\",\"@id\":\"https:\/\/graziamagazine.com\/mx\/articles\/burberry-rinde-homenaje-a-su-fundador\/#breadcrumb\",\"itemListElement\":[{\"@type\":\"ListItem\",\"position\":1,\"name\":\"Home\",\"item\":\"https:\/\/graziamagazine.com\/mx\/\"},{\"@type\":\"ListItem\",\"position\":2,\"name\":\"BURBERRY RINDE HOMENAJE A SU FUNDADOR\"}]},{\"@type\":\"WebSite\",\"@id\":\"https:\/\/graziamagazine.com\/mx\/#website\",\"url\":\"https:\/\/graziamagazine.com\/mx\/\",\"name\":\"Grazia M\u00e9xico y Latinoam\u00e9rica\",\"description\":\"Grazia es moda, belleza y noticias  de actualidad \",\"potentialAction\":[{\"@type\":\"SearchAction\",\"target\":{\"@type\":\"EntryPoint\",\"urlTemplate\":\"https:\/\/graziamagazine.com\/mx\/?s={search_term_string}\"},\"query-input\":\"required name=search_term_string\"}],\"inLanguage\":\"es-MX\"}]}<\/script>\n<!-- \/ Yoast SEO Premium plugin. -->","yoast_head_json":{"title":"BURBERRY RINDE HOMENAJE A SU FUNDADOR | Grazia M\u00e9xico y Latinoam\u00e9rica","description":"La firma utiliz\u00f3 su campa\u00f1a de Holidays de pretexto para hablarte de su historia, muy al estilo Hollywoodense. \u2013\u2013\u2013\u2013 &nbsp; Para la temporada invernal,","robots":{"index":"index","follow":"follow","max-snippet":"max-snippet:-1","max-image-preview":"max-image-preview:large","max-video-preview":"max-video-preview:-1"},"canonical":"https:\/\/graziamagazine.com\/mx\/articles\/burberry-rinde-homenaje-a-su-fundador\/","og_locale":"es_MX","og_type":"article","og_title":"BURBERRY RINDE HOMENAJE A SU FUNDADOR","og_description":"La firma utiliz\u00f3 su campa\u00f1a de Holidays de pretexto para hablarte de su historia, muy al estilo Hollywoodense. \u2013\u2013\u2013\u2013 &nbsp; Para la temporada invernal,","og_url":"https:\/\/graziamagazine.com\/mx\/articles\/burberry-rinde-homenaje-a-su-fundador\/","og_site_name":"Grazia M\u00e9xico y Latinoam\u00e9rica","article_modified_time":"2016-11-01T18:30:44+00:00","og_image":[{"width":1732,"height":1122,"url":"https:\/\/graziamagazine.com\/mx\/wp-content\/uploads\/sites\/13\/2016\/11\/The-Tale-of-Thomas-Burberry_-Campaign-Domhnall-Gleeson-_on-embargo-until-1-November-2016-8AM-UK-time_.jpg?fit=1732%2C1122","type":"image\/jpeg"}],"twitter_card":"summary_large_image","twitter_misc":{"Est. reading time":"1 minuto"},"schema":{"@context":"https:\/\/schema.org","@graph":[{"@type":"WebPage","@id":"https:\/\/graziamagazine.com\/mx\/articles\/burberry-rinde-homenaje-a-su-fundador\/","url":"https:\/\/graziamagazine.com\/mx\/articles\/burberry-rinde-homenaje-a-su-fundador\/","name":"BURBERRY RINDE HOMENAJE A SU FUNDADOR | Grazia M\u00e9xico y Latinoam\u00e9rica","isPartOf":{"@id":"https:\/\/graziamagazine.com\/mx\/#website"},"datePublished":"2016-11-01T18:19:25+00:00","dateModified":"2016-11-01T18:30:44+00:00","description":"La firma utiliz\u00f3 su campa\u00f1a de Holidays de pretexto para hablarte de su historia, muy al estilo Hollywoodense. \u2013\u2013\u2013\u2013 &nbsp; Para la temporada invernal,","breadcrumb":{"@id":"https:\/\/graziamagazine.com\/mx\/articles\/burberry-rinde-homenaje-a-su-fundador\/#breadcrumb"},"inLanguage":"es-MX","potentialAction":[{"@type":"ReadAction","target":["https:\/\/graziamagazine.com\/mx\/articles\/burberry-rinde-homenaje-a-su-fundador\/"]}]},{"@type":"BreadcrumbList","@id":"https:\/\/graziamagazine.com\/mx\/articles\/burberry-rinde-homenaje-a-su-fundador\/#breadcrumb","itemListElement":[{"@type":"ListItem","position":1,"name":"Home","item":"https:\/\/graziamagazine.com\/mx\/"},{"@type":"ListItem","position":2,"name":"BURBERRY RINDE HOMENAJE A SU FUNDADOR"}]},{"@type":"WebSite","@id":"https:\/\/graziamagazine.com\/mx\/#website","url":"https:\/\/graziamagazine.com\/mx\/","name":"Grazia M\u00e9xico y Latinoam\u00e9rica","description":"Grazia es moda, belleza y noticias  de actualidad ","potentialAction":[{"@type":"SearchAction","target":{"@type":"EntryPoint","urlTemplate":"https:\/\/graziamagazine.com\/mx\/?s={search_term_string}"},"query-input":"required name=search_term_string"}],"inLanguage":"es-MX"}]}},"jetpack_sharing_enabled":true,"distributor_meta":false,"distributor_terms":false,"distributor_media":false,"distributor_original_site_name":"Grazia M\u00e9xico y Latinoam\u00e9rica","distributor_original_site_url":"https:\/\/graziamagazine.com\/mx","push-errors":false,"_links":{"self":[{"href":"https:\/\/graziamagazine.com\/mx\/wp-json\/wp\/v2\/articles\/9898"}],"collection":[{"href":"https:\/\/graziamagazine.com\/mx\/wp-json\/wp\/v2\/articles"}],"about":[{"href":"https:\/\/graziamagazine.com\/mx\/wp-json\/wp\/v2\/types\/articles"}],"author":[{"embeddable":true,"href":"https:\/\/graziamagazine.com\/mx\/wp-json\/wp\/v2\/users\/11636"}],"wp:featuredmedia":[{"embeddable":true,"href":"https:\/\/graziamagazine.com\/mx\/wp-json\/wp\/v2\/media\/9901"}],"wp:attachment":[{"href":"https:\/\/graziamagazine.com\/mx\/wp-json\/wp\/v2\/media?parent=9898"}],"wp:term":[{"taxonomy":"category","embeddable":true,"href":"https:\/\/graziamagazine.com\/mx\/wp-json\/wp\/v2\/categories?post=9898"}],"curies":[{"name":"wp","href":"https:\/\/api.w.org\/{rel}","templated":true}]}}