{"id":98953,"date":"2021-07-27T13:00:52","date_gmt":"2021-07-27T18:00:52","guid":{"rendered":"https:\/\/graziamagazine.com\/mx\/?post_type=articles&#038;p=98953"},"modified":"2021-07-27T12:17:13","modified_gmt":"2021-07-27T17:17:13","slug":"shawn-mendes-confeso-como-le-afecto-ver-sus-fotografias-junto-a-calvin-klein","status":"publish","type":"articles","link":"https:\/\/graziamagazine.com\/mx\/articles\/shawn-mendes-confeso-como-le-afecto-ver-sus-fotografias-junto-a-calvin-klein\/","title":{"rendered":"Shawn Mendes confes\u00f3 c\u00f3mo le afect\u00f3 ver sus fotograf\u00edas junto a Calvin Klein"},"content":{"rendered":"<p><b>Shawn Mendes<\/b><span style=\"font-weight: 400\"> revel\u00f3 a sus fans su lado m\u00e1s humano y real, pues decidi\u00f3 romper el silencio y hablar sobre c\u00f3mo se sinti\u00f3 al ver las fotograf\u00edas que le tomaron en 2019 para la campa\u00f1a <\/span><b><i>#MyCalvins<\/i><\/b><span style=\"font-weight: 400\"> de<\/span><b> Calvin Klein<\/b><span style=\"font-weight: 400\">, de la que fue embajador.\u00a0<\/span><\/p>\n<p><span style=\"font-weight: 400\">Como parte de su participaci\u00f3n en esta campa\u00f1a, el cantante fue fotografiado vistiendo nada m\u00e1s que ropa interior de la marca Calvin Klein, para luego ser ampliadas y utilizadas en vallas publicitarias, espectaculares y usadas como publicidad en todas las redes sociales. A pesar de la fama que ese suceso trajo consigo, para Shawn fue muy dif\u00edcil de vivirlo por las siguientes razones.<\/span><\/p>\n<p><span style=\"font-weight: 400\">En una entrevista reciente, el int\u00e9rprete de <\/span><b><i>Wonder<\/i><\/b><span style=\"font-weight: 400\"> dijo que ha estado luchado contra la dismorfia corporal y el S\u00edndrome del impostor, pues no pudo reconocerse en esas fotograf\u00edas. &#8220;Me ve\u00eda sin camisa en el monitor con mi cuerpo engrasado y pens\u00e9: &#8216;Lo m\u00e1s loco de estas fotos es que nunca podr\u00e9 estar a la altura de ese tipo\u2019&#8221;, dijo.<\/span><\/p>\n<p><img loading=\"lazy\" decoding=\"async\" class=\"alignnone wp-image-99258 size-large\" src=\"https:\/\/graziamagazine.com\/mx\/wp-content\/uploads\/sites\/13\/2021\/07\/mycalvins.jpg?w=1024\" alt=\"Shawn Mendes confes\u00f3 c\u00f3mo le afect\u00f3 ver sus fotograf\u00edas junto a Calvin Klein\" width=\"1024\" height=\"768\" \/><\/p>\n<p><span style=\"font-weight: 400\">&#8220;Cualquier sesi\u00f3n en la que eres b\u00e1sicamente &#8216;sexy&#8217; de cualquier manera puede realmente alterar tu psique porque est\u00e1s luchando todos los d\u00edas para estar a la altura de ese tipo. \u00bfSabes? La iluminaci\u00f3n estaba ah\u00ed, tienes maquillaje y un estilista ah\u00ed. La gente est\u00e1 ah\u00ed para hacerte lucir incre\u00edble. Y luego capturan la foto por un segundo, y la miras como &#8216;wow&#8217;. Pero, de manera realista, realmente no puedes encajar en los zapatos de esa persona en esa foto, incluso siendo esa persona&#8221;, a\u00f1adi\u00f3.<\/span><\/p>\n<p><span style=\"font-weight: 400\">De acuerdo con la <\/span><b>Cl\u00ednica Mayo<\/b><span style=\"font-weight: 400\">, el trastorno dism\u00f3rfico corporal \u201ces un trastorno de salud mental en el que no se puede dejar de pensar en uno o m\u00e1s defectos percibidos o defectos en la apariencia, un defecto que parece menor o que no puede ser visto por los dem\u00e1s. Pero puedes sentirte tan avergonzado, intimidado y ansioso que es posible que evites muchas situaciones sociales\u201d.\u00a0<\/span><\/p>\n<p><img loading=\"lazy\" decoding=\"async\" class=\"alignnone wp-image-99260 size-large\" src=\"https:\/\/graziamagazine.com\/mx\/wp-content\/uploads\/sites\/13\/2021\/07\/shawn-mendes.jpg?w=1024\" alt=\"Shawn Mendes confes\u00f3 c\u00f3mo le afect\u00f3 ver sus fotograf\u00edas junto a Calvin Klein\" width=\"1024\" height=\"768\" \/><\/p>\n<p><span style=\"font-weight: 400\">Por su parte, el S\u00edndrome del impostor, a veces llamado s\u00edndrome del fraude, \u201ces un trastorno psicol\u00f3gico en el cual las personas exitosas son incapaces de asimilar sus logros. Quienes tienen muchos logros y triunfos suelen sufrir; as\u00ed que esta enfermedad no se compara con la baja autoestima o falta de confianza\u201d.<\/span><\/p>\n<p><span style=\"font-weight: 400\">Shawn confes\u00f3 que luch\u00f3 todo el tiempo por tratar de ser la persona que ve\u00eda en las fotos. Pero ha llegado a la conclusi\u00f3n de que ni siquiera sabe si esa persona es real y por lo tanto no quiere ser \u00e9l.<\/span><\/p>\n<p><span style=\"font-weight: 400\">Es impresionante creer que alguien de la talla de Shawn Mendes sienta esto con sus fotograf\u00edas, lo que a su vez, hace real la existencia de estos trastornos en todo tipo de personas, sin importar su aspecto f\u00edsico o a qu\u00e9 se dediquen.\u00a0<\/span><\/p>\n<p><strong><em>*IMAGEN: Instagram Shawn Mendes<\/em><\/strong><\/p>\n","protected":false},"author":11628,"featured_media":99259,"template":"","format":"standard","categories":[2],"acf":[],"yoast_head":"<!-- This site is optimized with the Yoast SEO Premium plugin v18.5 (Yoast SEO v20.4) - https:\/\/yoast.com\/wordpress\/plugins\/seo\/ -->\n<title>Shawn Mendes confes\u00f3 c\u00f3mo le afect\u00f3 ver sus fotograf\u00edas junto a Calvin Klein | Grazia M\u00e9xico y Latinoam\u00e9rica<\/title>\n<meta name=\"description\" content=\"El cantante confiesa padecer de dismorfia corporal y el S\u00edndrome del impostor.\" \/>\n<meta name=\"robots\" content=\"index, follow, max-snippet:-1, max-image-preview:large, max-video-preview:-1\" \/>\n<link rel=\"canonical\" href=\"https:\/\/graziamagazine.com\/mx\/articles\/shawn-mendes-confeso-como-le-afecto-ver-sus-fotografias-junto-a-calvin-klein\/\" \/>\n<meta property=\"og:locale\" content=\"es_MX\" \/>\n<meta property=\"og:type\" content=\"article\" \/>\n<meta property=\"og:title\" content=\"Shawn Mendes confes\u00f3 c\u00f3mo le afect\u00f3 ver sus fotograf\u00edas junto a Calvin Klein\" \/>\n<meta property=\"og:description\" content=\"El cantante confiesa padecer de dismorfia corporal y el S\u00edndrome del impostor.\" \/>\n<meta property=\"og:url\" content=\"https:\/\/graziamagazine.com\/mx\/articles\/shawn-mendes-confeso-como-le-afecto-ver-sus-fotografias-junto-a-calvin-klein\/\" \/>\n<meta property=\"og:site_name\" content=\"Grazia M\u00e9xico y Latinoam\u00e9rica\" \/>\n<meta property=\"article:modified_time\" content=\"2021-07-27T17:17:13+00:00\" \/>\n<meta property=\"og:image\" content=\"https:\/\/graziamagazine.com\/mx\/wp-content\/uploads\/sites\/13\/2021\/07\/197820382_225771705759616_4786819230745328700_n-e1627406112798.jpg?fit=975%2C779\" \/>\n\t<meta property=\"og:image:width\" content=\"975\" \/>\n\t<meta property=\"og:image:height\" content=\"779\" \/>\n\t<meta property=\"og:image:type\" content=\"image\/jpeg\" \/>\n<meta name=\"twitter:card\" content=\"summary_large_image\" \/>\n<meta name=\"twitter:label1\" content=\"Est. reading time\" \/>\n\t<meta name=\"twitter:data1\" content=\"2 minutos\" \/>\n<script type=\"application\/ld+json\" class=\"yoast-schema-graph\">{\"@context\":\"https:\/\/schema.org\",\"@graph\":[{\"@type\":\"WebPage\",\"@id\":\"https:\/\/graziamagazine.com\/mx\/articles\/shawn-mendes-confeso-como-le-afecto-ver-sus-fotografias-junto-a-calvin-klein\/\",\"url\":\"https:\/\/graziamagazine.com\/mx\/articles\/shawn-mendes-confeso-como-le-afecto-ver-sus-fotografias-junto-a-calvin-klein\/\",\"name\":\"Shawn Mendes confes\u00f3 c\u00f3mo le afect\u00f3 ver sus fotograf\u00edas junto a Calvin Klein | Grazia M\u00e9xico y Latinoam\u00e9rica\",\"isPartOf\":{\"@id\":\"https:\/\/graziamagazine.com\/mx\/#website\"},\"datePublished\":\"2021-07-27T18:00:52+00:00\",\"dateModified\":\"2021-07-27T17:17:13+00:00\",\"description\":\"El cantante confiesa padecer de dismorfia corporal y el S\u00edndrome del impostor.\",\"breadcrumb\":{\"@id\":\"https:\/\/graziamagazine.com\/mx\/articles\/shawn-mendes-confeso-como-le-afecto-ver-sus-fotografias-junto-a-calvin-klein\/#breadcrumb\"},\"inLanguage\":\"es-MX\",\"potentialAction\":[{\"@type\":\"ReadAction\",\"target\":[\"https:\/\/graziamagazine.com\/mx\/articles\/shawn-mendes-confeso-como-le-afecto-ver-sus-fotografias-junto-a-calvin-klein\/\"]}]},{\"@type\":\"BreadcrumbList\",\"@id\":\"https:\/\/graziamagazine.com\/mx\/articles\/shawn-mendes-confeso-como-le-afecto-ver-sus-fotografias-junto-a-calvin-klein\/#breadcrumb\",\"itemListElement\":[{\"@type\":\"ListItem\",\"position\":1,\"name\":\"Home\",\"item\":\"https:\/\/graziamagazine.com\/mx\/\"},{\"@type\":\"ListItem\",\"position\":2,\"name\":\"Shawn Mendes confes\u00f3 c\u00f3mo le afect\u00f3 ver sus fotograf\u00edas junto a Calvin Klein\"}]},{\"@type\":\"WebSite\",\"@id\":\"https:\/\/graziamagazine.com\/mx\/#website\",\"url\":\"https:\/\/graziamagazine.com\/mx\/\",\"name\":\"Grazia M\u00e9xico y Latinoam\u00e9rica\",\"description\":\"Grazia es moda, belleza y noticias  de actualidad \",\"potentialAction\":[{\"@type\":\"SearchAction\",\"target\":{\"@type\":\"EntryPoint\",\"urlTemplate\":\"https:\/\/graziamagazine.com\/mx\/?s={search_term_string}\"},\"query-input\":\"required name=search_term_string\"}],\"inLanguage\":\"es-MX\"}]}<\/script>\n<!-- \/ Yoast SEO Premium plugin. -->","yoast_head_json":{"title":"Shawn Mendes confes\u00f3 c\u00f3mo le afect\u00f3 ver sus fotograf\u00edas junto a Calvin Klein | Grazia M\u00e9xico y Latinoam\u00e9rica","description":"El cantante confiesa padecer de dismorfia corporal y el S\u00edndrome del impostor.","robots":{"index":"index","follow":"follow","max-snippet":"max-snippet:-1","max-image-preview":"max-image-preview:large","max-video-preview":"max-video-preview:-1"},"canonical":"https:\/\/graziamagazine.com\/mx\/articles\/shawn-mendes-confeso-como-le-afecto-ver-sus-fotografias-junto-a-calvin-klein\/","og_locale":"es_MX","og_type":"article","og_title":"Shawn Mendes confes\u00f3 c\u00f3mo le afect\u00f3 ver sus fotograf\u00edas junto a Calvin Klein","og_description":"El cantante confiesa padecer de dismorfia corporal y el S\u00edndrome del impostor.","og_url":"https:\/\/graziamagazine.com\/mx\/articles\/shawn-mendes-confeso-como-le-afecto-ver-sus-fotografias-junto-a-calvin-klein\/","og_site_name":"Grazia M\u00e9xico y Latinoam\u00e9rica","article_modified_time":"2021-07-27T17:17:13+00:00","og_image":[{"width":975,"height":779,"url":"https:\/\/graziamagazine.com\/mx\/wp-content\/uploads\/sites\/13\/2021\/07\/197820382_225771705759616_4786819230745328700_n-e1627406112798.jpg?fit=975%2C779","type":"image\/jpeg"}],"twitter_card":"summary_large_image","twitter_misc":{"Est. reading time":"2 minutos"},"schema":{"@context":"https:\/\/schema.org","@graph":[{"@type":"WebPage","@id":"https:\/\/graziamagazine.com\/mx\/articles\/shawn-mendes-confeso-como-le-afecto-ver-sus-fotografias-junto-a-calvin-klein\/","url":"https:\/\/graziamagazine.com\/mx\/articles\/shawn-mendes-confeso-como-le-afecto-ver-sus-fotografias-junto-a-calvin-klein\/","name":"Shawn Mendes confes\u00f3 c\u00f3mo le afect\u00f3 ver sus fotograf\u00edas junto a Calvin Klein | Grazia M\u00e9xico y Latinoam\u00e9rica","isPartOf":{"@id":"https:\/\/graziamagazine.com\/mx\/#website"},"datePublished":"2021-07-27T18:00:52+00:00","dateModified":"2021-07-27T17:17:13+00:00","description":"El cantante confiesa padecer de dismorfia corporal y el S\u00edndrome del impostor.","breadcrumb":{"@id":"https:\/\/graziamagazine.com\/mx\/articles\/shawn-mendes-confeso-como-le-afecto-ver-sus-fotografias-junto-a-calvin-klein\/#breadcrumb"},"inLanguage":"es-MX","potentialAction":[{"@type":"ReadAction","target":["https:\/\/graziamagazine.com\/mx\/articles\/shawn-mendes-confeso-como-le-afecto-ver-sus-fotografias-junto-a-calvin-klein\/"]}]},{"@type":"BreadcrumbList","@id":"https:\/\/graziamagazine.com\/mx\/articles\/shawn-mendes-confeso-como-le-afecto-ver-sus-fotografias-junto-a-calvin-klein\/#breadcrumb","itemListElement":[{"@type":"ListItem","position":1,"name":"Home","item":"https:\/\/graziamagazine.com\/mx\/"},{"@type":"ListItem","position":2,"name":"Shawn Mendes confes\u00f3 c\u00f3mo le afect\u00f3 ver sus fotograf\u00edas junto a Calvin Klein"}]},{"@type":"WebSite","@id":"https:\/\/graziamagazine.com\/mx\/#website","url":"https:\/\/graziamagazine.com\/mx\/","name":"Grazia M\u00e9xico y Latinoam\u00e9rica","description":"Grazia es moda, belleza y noticias  de actualidad ","potentialAction":[{"@type":"SearchAction","target":{"@type":"EntryPoint","urlTemplate":"https:\/\/graziamagazine.com\/mx\/?s={search_term_string}"},"query-input":"required name=search_term_string"}],"inLanguage":"es-MX"}]}},"jetpack_sharing_enabled":true,"distributor_meta":false,"distributor_terms":false,"distributor_media":false,"distributor_original_site_name":"Grazia M\u00e9xico y Latinoam\u00e9rica","distributor_original_site_url":"https:\/\/graziamagazine.com\/mx","push-errors":false,"_links":{"self":[{"href":"https:\/\/graziamagazine.com\/mx\/wp-json\/wp\/v2\/articles\/98953"}],"collection":[{"href":"https:\/\/graziamagazine.com\/mx\/wp-json\/wp\/v2\/articles"}],"about":[{"href":"https:\/\/graziamagazine.com\/mx\/wp-json\/wp\/v2\/types\/articles"}],"author":[{"embeddable":true,"href":"https:\/\/graziamagazine.com\/mx\/wp-json\/wp\/v2\/users\/11628"}],"wp:featuredmedia":[{"embeddable":true,"href":"https:\/\/graziamagazine.com\/mx\/wp-json\/wp\/v2\/media\/99259"}],"wp:attachment":[{"href":"https:\/\/graziamagazine.com\/mx\/wp-json\/wp\/v2\/media?parent=98953"}],"wp:term":[{"taxonomy":"category","embeddable":true,"href":"https:\/\/graziamagazine.com\/mx\/wp-json\/wp\/v2\/categories?post=98953"}],"curies":[{"name":"wp","href":"https:\/\/api.w.org\/{rel}","templated":true}]}}