{"id":98939,"date":"2021-07-21T11:30:25","date_gmt":"2021-07-21T16:30:25","guid":{"rendered":"https:\/\/graziamagazine.com\/mx\/?post_type=articles&#038;p=98939"},"modified":"2021-07-21T00:14:53","modified_gmt":"2021-07-21T05:14:53","slug":"aron-piper-de-elite-al-verano-de-loewe-en-ibiza-con-su-nueva-fragancia","status":"publish","type":"articles","link":"https:\/\/graziamagazine.com\/mx\/articles\/aron-piper-de-elite-al-verano-de-loewe-en-ibiza-con-su-nueva-fragancia\/","title":{"rendered":"Aron Piper, de \u00c9lite al verano de Loewe en Ibiza con su nueva fragancia"},"content":{"rendered":"<p>Atardeceres, verano con amigos y un aura de serenidad: As\u00ed es la nueva campa\u00f1a de <strong>LOEWE Perfumes<\/strong>, con un film bajo la direcci\u00f3n creativa de\u00a0<strong>Jonathan Anderson<\/strong>\u00a0y fotograf\u00edas de <strong>David Hauser<\/strong>,\u00a0la firma presenta su nueva fragancia \u201c<strong>Summer Daze<\/strong>\u201d.<\/p>\n<p>Para el relanzamiento de la ic\u00f3nica fragancia para hombres y mujeres <strong>Paula\u2019s Ibiza Eau De Toilette de Loewe<\/strong>, la marca acompa\u00f1ada de<strong> Simone Ashley<\/strong>, <strong><span class=\"Enhancement\"><span class=\"\">Aron Piper<\/span><\/span><\/strong><span class=\"Enhancement\">\u00a0<\/span>y <strong>Fernando Lindez<\/strong>, se sumergen en un <em>road trip<\/em> para disfrutar de un verano jovial, lleno de libertad y tranquilidad, donde recorren en moto los <em>hotspots<\/em> de Ibiza para cruzar el pa\u00eds en busca de una playa secreta de ensue\u00f1o.<\/p>\n<div class=\"content-gallery\"><div class=\"gallery-placeholder\"><div class=\"spinner\"><\/div><\/div><span class=\"gallery-pagination\"><\/span><div id=\"gallery-1\" class=\"gallery galleryid-98939 gallery-columns- gallery-size-\"><figure class=\"gallery-item\"><div class=\"gallery-icon landscape\"><img loading=\"lazy\" decoding=\"async\" width=\"1080\" height=\"864\" src=\"https:\/\/graziamagazine.com\/mx\/wp-content\/uploads\/sites\/13\/2021\/07\/213617219_163447105733581_3739612668399089364_n.jpg\" class=\"lazy\" alt=\"Aron Piper, de \u00c9lite al verano de Loewe en Ibiza\" \/><\/div><\/figure><figure class=\"gallery-item\"><div class=\"gallery-icon landscape\"><img loading=\"lazy\" decoding=\"async\" width=\"1080\" height=\"864\" src=\"https:\/\/graziamagazine.com\/mx\/wp-content\/uploads\/sites\/13\/2021\/07\/217452417_540351780651164_4113869959850924480_n.jpg\" class=\"lazy\" alt=\"Aron Piper, de \u00c9lite al verano de Loewe en Ibiza\" \/><\/div><\/figure><figure class=\"gallery-item\"><div class=\"gallery-icon landscape\"><img loading=\"lazy\" decoding=\"async\" width=\"1080\" height=\"864\" src=\"https:\/\/graziamagazine.com\/mx\/wp-content\/uploads\/sites\/13\/2021\/07\/214368239_931067117460053_1477214103478601616_n.jpg\" class=\"lazy\" alt=\"Aron Piper, de \u00c9lite al verano de Loewe en Ibiza\" \/><\/div><\/figure><figure class=\"gallery-item\"><div class=\"gallery-icon landscape\"><img loading=\"lazy\" decoding=\"async\" width=\"1080\" height=\"1350\" src=\"https:\/\/graziamagazine.com\/mx\/wp-content\/uploads\/sites\/13\/2021\/07\/214351762_174332084733794_1945921825070877653_n.jpg\" class=\"lazy\" alt=\"Aron Piper, de \u00c9lite al verano de Loewe en Ibiza\" \/><\/div><\/figure><\/div><\/div>\n<p>Con desnudos en el mar y la <strong>naturaleza<\/strong> como aliado principal, el film es una oda al olor de la fragancia de <strong>Paula&#8217;s Ibiza<\/strong>, la cual es <strong>unisex<\/strong> y fue dise\u00f1ada para liberar los sentidos y evocar la sensaci\u00f3n de abandono euf\u00f3rico de unas vacaciones en Ibiza. En el video, Piper, Lindez y Ashley disfrutan de la playa <strong>Caser\u00eda en C\u00e1diz<\/strong> portando dise\u00f1os tejidos de la <strong>colecci\u00f3n c\u00e1psula Paula\u2019s Ibiza<\/strong> de este a\u00f1o.<\/p>\n<p>Sin duda alguna esta nueva fragancia <strong>Paula\u2019s Ibiza<\/strong> es el escape a la realidad cotidiana que necesit\u00e1bamos, con este sentimiento playero y natural que te transmite una actitud espont\u00e1nea, y claro que mejor que con olor de ensue\u00f1o.<\/p>\n<p><iframe loading=\"lazy\" title=\"LOEWE Paula&#039;s Ibiza - Summer Daze\" width=\"500\" height=\"281\" src=\"https:\/\/www.youtube.com\/embed\/45ZNDdqETaU?feature=oembed\" frameborder=\"0\" allow=\"accelerometer; autoplay; clipboard-write; encrypted-media; gyroscope; picture-in-picture\" allowfullscreen><\/iframe><\/p>\n<h5><em>*IM\u00c1GENES: cortes\u00eda de LOEWE<\/em><\/h5>\n","protected":false},"author":27779,"featured_media":98949,"template":"","format":"standard","categories":[2,9864],"acf":[],"yoast_head":"<!-- This site is optimized with the Yoast SEO Premium plugin v18.5 (Yoast SEO v20.4) - https:\/\/yoast.com\/wordpress\/plugins\/seo\/ -->\n<title>Aron Piper, de \u00c9lite al verano de Loewe en Ibiza con su nueva fragancia | Grazia M\u00e9xico y Latinoam\u00e9rica<\/title>\n<meta name=\"description\" content=\"Para el lanzamiento de su nueva fragancia, la marca nos lleva a un road trip rodeado de un entorno natural y un aura de ensue\u00f1o.\" \/>\n<meta name=\"robots\" content=\"index, follow, max-snippet:-1, max-image-preview:large, max-video-preview:-1\" \/>\n<link rel=\"canonical\" href=\"https:\/\/graziamagazine.com\/mx\/articles\/aron-piper-de-elite-al-verano-de-loewe-en-ibiza-con-su-nueva-fragancia\/\" \/>\n<meta property=\"og:locale\" content=\"es_MX\" \/>\n<meta property=\"og:type\" content=\"article\" \/>\n<meta property=\"og:title\" content=\"Aron Piper, de \u00c9lite al verano de Loewe en Ibiza con su nueva fragancia\" \/>\n<meta property=\"og:description\" content=\"Para el lanzamiento de su nueva fragancia, la marca nos lleva a un road trip rodeado de un entorno natural y un aura de ensue\u00f1o.\" \/>\n<meta property=\"og:url\" content=\"https:\/\/graziamagazine.com\/mx\/articles\/aron-piper-de-elite-al-verano-de-loewe-en-ibiza-con-su-nueva-fragancia\/\" \/>\n<meta property=\"og:site_name\" content=\"Grazia M\u00e9xico y Latinoam\u00e9rica\" \/>\n<meta property=\"article:modified_time\" content=\"2021-07-21T05:14:53+00:00\" \/>\n<meta property=\"og:image\" content=\"https:\/\/graziamagazine.com\/mx\/wp-content\/uploads\/sites\/13\/2021\/07\/217651583_123248529972226_776731155860920348_n.jpg?fit=1080%2C864\" \/>\n\t<meta property=\"og:image:width\" content=\"1080\" \/>\n\t<meta property=\"og:image:height\" content=\"864\" \/>\n\t<meta property=\"og:image:type\" content=\"image\/jpeg\" \/>\n<meta name=\"twitter:card\" content=\"summary_large_image\" \/>\n<meta name=\"twitter:label1\" content=\"Est. reading time\" \/>\n\t<meta name=\"twitter:data1\" content=\"1 minuto\" \/>\n<script type=\"application\/ld+json\" class=\"yoast-schema-graph\">{\"@context\":\"https:\/\/schema.org\",\"@graph\":[{\"@type\":\"WebPage\",\"@id\":\"https:\/\/graziamagazine.com\/mx\/articles\/aron-piper-de-elite-al-verano-de-loewe-en-ibiza-con-su-nueva-fragancia\/\",\"url\":\"https:\/\/graziamagazine.com\/mx\/articles\/aron-piper-de-elite-al-verano-de-loewe-en-ibiza-con-su-nueva-fragancia\/\",\"name\":\"Aron Piper, de \u00c9lite al verano de Loewe en Ibiza con su nueva fragancia | Grazia M\u00e9xico y Latinoam\u00e9rica\",\"isPartOf\":{\"@id\":\"https:\/\/graziamagazine.com\/mx\/#website\"},\"datePublished\":\"2021-07-21T16:30:25+00:00\",\"dateModified\":\"2021-07-21T05:14:53+00:00\",\"description\":\"Para el lanzamiento de su nueva fragancia, la marca nos lleva a un road trip rodeado de un entorno natural y un aura de ensue\u00f1o.\",\"breadcrumb\":{\"@id\":\"https:\/\/graziamagazine.com\/mx\/articles\/aron-piper-de-elite-al-verano-de-loewe-en-ibiza-con-su-nueva-fragancia\/#breadcrumb\"},\"inLanguage\":\"es-MX\",\"potentialAction\":[{\"@type\":\"ReadAction\",\"target\":[\"https:\/\/graziamagazine.com\/mx\/articles\/aron-piper-de-elite-al-verano-de-loewe-en-ibiza-con-su-nueva-fragancia\/\"]}]},{\"@type\":\"BreadcrumbList\",\"@id\":\"https:\/\/graziamagazine.com\/mx\/articles\/aron-piper-de-elite-al-verano-de-loewe-en-ibiza-con-su-nueva-fragancia\/#breadcrumb\",\"itemListElement\":[{\"@type\":\"ListItem\",\"position\":1,\"name\":\"Home\",\"item\":\"https:\/\/graziamagazine.com\/mx\/\"},{\"@type\":\"ListItem\",\"position\":2,\"name\":\"Aron Piper, de \u00c9lite al verano de Loewe en Ibiza con su nueva fragancia\"}]},{\"@type\":\"WebSite\",\"@id\":\"https:\/\/graziamagazine.com\/mx\/#website\",\"url\":\"https:\/\/graziamagazine.com\/mx\/\",\"name\":\"Grazia M\u00e9xico y Latinoam\u00e9rica\",\"description\":\"Grazia es moda, belleza y noticias  de actualidad \",\"potentialAction\":[{\"@type\":\"SearchAction\",\"target\":{\"@type\":\"EntryPoint\",\"urlTemplate\":\"https:\/\/graziamagazine.com\/mx\/?s={search_term_string}\"},\"query-input\":\"required name=search_term_string\"}],\"inLanguage\":\"es-MX\"}]}<\/script>\n<!-- \/ Yoast SEO Premium plugin. -->","yoast_head_json":{"title":"Aron Piper, de \u00c9lite al verano de Loewe en Ibiza con su nueva fragancia | Grazia M\u00e9xico y Latinoam\u00e9rica","description":"Para el lanzamiento de su nueva fragancia, la marca nos lleva a un road trip rodeado de un entorno natural y un aura de ensue\u00f1o.","robots":{"index":"index","follow":"follow","max-snippet":"max-snippet:-1","max-image-preview":"max-image-preview:large","max-video-preview":"max-video-preview:-1"},"canonical":"https:\/\/graziamagazine.com\/mx\/articles\/aron-piper-de-elite-al-verano-de-loewe-en-ibiza-con-su-nueva-fragancia\/","og_locale":"es_MX","og_type":"article","og_title":"Aron Piper, de \u00c9lite al verano de Loewe en Ibiza con su nueva fragancia","og_description":"Para el lanzamiento de su nueva fragancia, la marca nos lleva a un road trip rodeado de un entorno natural y un aura de ensue\u00f1o.","og_url":"https:\/\/graziamagazine.com\/mx\/articles\/aron-piper-de-elite-al-verano-de-loewe-en-ibiza-con-su-nueva-fragancia\/","og_site_name":"Grazia M\u00e9xico y Latinoam\u00e9rica","article_modified_time":"2021-07-21T05:14:53+00:00","og_image":[{"width":1080,"height":864,"url":"https:\/\/graziamagazine.com\/mx\/wp-content\/uploads\/sites\/13\/2021\/07\/217651583_123248529972226_776731155860920348_n.jpg?fit=1080%2C864","type":"image\/jpeg"}],"twitter_card":"summary_large_image","twitter_misc":{"Est. reading time":"1 minuto"},"schema":{"@context":"https:\/\/schema.org","@graph":[{"@type":"WebPage","@id":"https:\/\/graziamagazine.com\/mx\/articles\/aron-piper-de-elite-al-verano-de-loewe-en-ibiza-con-su-nueva-fragancia\/","url":"https:\/\/graziamagazine.com\/mx\/articles\/aron-piper-de-elite-al-verano-de-loewe-en-ibiza-con-su-nueva-fragancia\/","name":"Aron Piper, de \u00c9lite al verano de Loewe en Ibiza con su nueva fragancia | Grazia M\u00e9xico y Latinoam\u00e9rica","isPartOf":{"@id":"https:\/\/graziamagazine.com\/mx\/#website"},"datePublished":"2021-07-21T16:30:25+00:00","dateModified":"2021-07-21T05:14:53+00:00","description":"Para el lanzamiento de su nueva fragancia, la marca nos lleva a un road trip rodeado de un entorno natural y un aura de ensue\u00f1o.","breadcrumb":{"@id":"https:\/\/graziamagazine.com\/mx\/articles\/aron-piper-de-elite-al-verano-de-loewe-en-ibiza-con-su-nueva-fragancia\/#breadcrumb"},"inLanguage":"es-MX","potentialAction":[{"@type":"ReadAction","target":["https:\/\/graziamagazine.com\/mx\/articles\/aron-piper-de-elite-al-verano-de-loewe-en-ibiza-con-su-nueva-fragancia\/"]}]},{"@type":"BreadcrumbList","@id":"https:\/\/graziamagazine.com\/mx\/articles\/aron-piper-de-elite-al-verano-de-loewe-en-ibiza-con-su-nueva-fragancia\/#breadcrumb","itemListElement":[{"@type":"ListItem","position":1,"name":"Home","item":"https:\/\/graziamagazine.com\/mx\/"},{"@type":"ListItem","position":2,"name":"Aron Piper, de \u00c9lite al verano de Loewe en Ibiza con su nueva fragancia"}]},{"@type":"WebSite","@id":"https:\/\/graziamagazine.com\/mx\/#website","url":"https:\/\/graziamagazine.com\/mx\/","name":"Grazia M\u00e9xico y Latinoam\u00e9rica","description":"Grazia es moda, belleza y noticias  de actualidad ","potentialAction":[{"@type":"SearchAction","target":{"@type":"EntryPoint","urlTemplate":"https:\/\/graziamagazine.com\/mx\/?s={search_term_string}"},"query-input":"required name=search_term_string"}],"inLanguage":"es-MX"}]}},"jetpack_sharing_enabled":true,"distributor_meta":false,"distributor_terms":false,"distributor_media":false,"distributor_original_site_name":"Grazia M\u00e9xico y Latinoam\u00e9rica","distributor_original_site_url":"https:\/\/graziamagazine.com\/mx","push-errors":false,"_links":{"self":[{"href":"https:\/\/graziamagazine.com\/mx\/wp-json\/wp\/v2\/articles\/98939"}],"collection":[{"href":"https:\/\/graziamagazine.com\/mx\/wp-json\/wp\/v2\/articles"}],"about":[{"href":"https:\/\/graziamagazine.com\/mx\/wp-json\/wp\/v2\/types\/articles"}],"author":[{"embeddable":true,"href":"https:\/\/graziamagazine.com\/mx\/wp-json\/wp\/v2\/users\/27779"}],"wp:featuredmedia":[{"embeddable":true,"href":"https:\/\/graziamagazine.com\/mx\/wp-json\/wp\/v2\/media\/98949"}],"wp:attachment":[{"href":"https:\/\/graziamagazine.com\/mx\/wp-json\/wp\/v2\/media?parent=98939"}],"wp:term":[{"taxonomy":"category","embeddable":true,"href":"https:\/\/graziamagazine.com\/mx\/wp-json\/wp\/v2\/categories?post=98939"}],"curies":[{"name":"wp","href":"https:\/\/api.w.org\/{rel}","templated":true}]}}