{"id":98723,"date":"2021-07-12T11:00:01","date_gmt":"2021-07-12T16:00:01","guid":{"rendered":"https:\/\/graziamagazine.com\/mx\/?post_type=articles&#038;p=98723"},"modified":"2021-07-13T09:08:41","modified_gmt":"2021-07-13T14:08:41","slug":"este-es-el-trailer-de-encanto-la-nueva-pelicula-de-disney-inspirada-en-colombia","status":"publish","type":"articles","link":"https:\/\/graziamagazine.com\/mx\/articles\/este-es-el-trailer-de-encanto-la-nueva-pelicula-de-disney-inspirada-en-colombia\/","title":{"rendered":"Este es el trailer de \u2018Encanto\u2019, la nueva pel\u00edcula de Disney inspirada en Colombia"},"content":{"rendered":"<p><span style=\"font-weight: 400\">Luego de ver el<\/span><i><span style=\"font-weight: 400\"> trailer<\/span><\/i><span style=\"font-weight: 400\">, quedar\u00e1s \u2018encantado\u2019. <\/span><b>Disney <\/b><span style=\"font-weight: 400\">ha dado a conocer el avance de su nueva cinta animada, <\/span><b><i>Encanto<\/i><\/b><span style=\"font-weight: 400\">, inspirada en las tradiciones y la cultura de la Colombia rural, adem\u00e1s de contar con varios personajes latinos y afrolatinos de piel oscura, que se est\u00e1 preparando para estrenarse el pr\u00f3ximo 24 de noviembre.<\/span><\/p>\n<p><span style=\"font-weight: 400\">La historia es contada a trav\u00e9s de los Madrigales, una familia colombiana que vive en unas monta\u00f1as encantadas donde cada ni\u00f1o tiene poderes extraordinarios, o un encanto, excepto una, ya no tan ni\u00f1a.<\/span><\/p>\n<p><span style=\"font-weight: 400\">Mirabel, de 15 a\u00f1os, es la \u2018extra\u00f1a\u2019 de la familia y lucha por encontrar su lugar con los suyos y en el mundo. Sin embargo, cuando la magia de su familia se pone en peligro,<\/span><span style=\"font-weight: 400\"> debe usar sus dones ordinarios para salvar el encanto.<\/span><\/p>\n<p><img loading=\"lazy\" decoding=\"async\" class=\"alignnone wp-image-98747 size-large\" src=\"https:\/\/graziamagazine.com\/mx\/wp-content\/uploads\/sites\/13\/2021\/07\/Encanto-Disney-pelicula-animacio\u0301n-cine-e1625916665139.jpeg?w=1024\" alt=\"\" width=\"1024\" height=\"614\" \/><\/p>\n<p><span style=\"font-weight: 400\">La actriz <\/span><b>Stephanie Beatriz<\/b><span style=\"font-weight: 400\">, quien recientemente protagoniz\u00f3 <\/span><b><i>In The Heights<\/i><\/b><span style=\"font-weight: 400\">, de <\/span><b>Lin-Manuel Miranda<\/b><span style=\"font-weight: 400\">, es la voz de Mirabel. &#8220;Soy colombiana por parte de mi padre, y desempe\u00f1ar este papel me llena de inmenso orgullo&#8221;, dijo la actriz en el comunicado de la producci\u00f3n.<\/span><\/p>\n<p><span style=\"font-weight: 400\">La pel\u00edcula est\u00e1 dirigida por <\/span><b>Byron Howard y Jared Bush<\/b><span style=\"font-weight: 400\">, y codirigida por la escritora y actriz cubanoamericana <\/span><b>Charise Castro Smith<\/b><span style=\"font-weight: 400\">, con m\u00fasica de Lin-Manuel Miranda.<\/span><\/p>\n<p><img loading=\"lazy\" decoding=\"async\" class=\"alignnone wp-image-98744 size-large\" src=\"https:\/\/graziamagazine.com\/mx\/wp-content\/uploads\/sites\/13\/2021\/07\/210708-disney-encanto-jm-1805-631274.jpeg?w=1024\" alt=\"Este es el trailer de \u2018Encanto\u2019, la nueva pel\u00edcula de Disney inspirada en Colombia\" width=\"1024\" height=\"576\" \/><\/p>\n<p><span style=\"font-weight: 400\">El colombiano <\/span><b>Carlos Vives<\/b><span style=\"font-weight: 400\">, por su parte, escribi\u00f3 una canci\u00f3n original para la pel\u00edcula, titulada <\/span><b><i>Colombia, Mi Encanto<\/i><\/b><span style=\"font-weight: 400\">. \u201cEsta canci\u00f3n es una celebraci\u00f3n de la m\u00e1gica diversidad de Colombia. No puedo esperar a ver c\u00f3mo la m\u00fasica se fusionar\u00e1 con las im\u00e1genes y los personajes inspirados en el encanto de los colombianos\u201d, a\u00f1adi\u00f3 Vives al comunicado.<\/span><\/p>\n<p><span style=\"font-weight: 400\">Los actores <\/span><b>Mar\u00eda Cecilia Botero, Wilmer Valderrama, Adassa, Diane Guerrero, Mauro Castillo, Angie Cepeda, Jessica Darrow, Rhenzy Feliz y Carolina Gaitan<\/b><span style=\"font-weight: 400\">, tambi\u00e9n dar\u00e1n voz a los personajes de la cinta.<\/span><\/p>\n<p><iframe loading=\"lazy\" title=\"Disney&#039;s Encanto | Teaser Trailer\" width=\"500\" height=\"281\" src=\"https:\/\/www.youtube.com\/embed\/togmdDHG3Pw?feature=oembed\" frameborder=\"0\" allow=\"accelerometer; autoplay; clipboard-write; encrypted-media; gyroscope; picture-in-picture\" allowfullscreen><\/iframe><\/p>\n<p><span style=\"font-weight: 400\">\u00a1Ya la queremos ver!<\/span><\/p>\n<p><em><strong>*IMAGEN: cortes\u00eda de Disney<\/strong><\/em><\/p>\n<p>&nbsp;<\/p>\n","protected":false},"author":11628,"featured_media":98745,"template":"","format":"standard","categories":[114],"acf":[],"yoast_head":"<!-- This site is optimized with the Yoast SEO Premium plugin v18.5 (Yoast SEO v20.4) - https:\/\/yoast.com\/wordpress\/plugins\/seo\/ -->\n<title>Este es el trailer de \u2018Encanto\u2019, la nueva pel\u00edcula de Disney inspirada en Colombia | Grazia M\u00e9xico y Latinoam\u00e9rica<\/title>\n<meta name=\"description\" content=\"Una historia animada latina, contada por latinos.\" \/>\n<meta name=\"robots\" content=\"index, follow, max-snippet:-1, max-image-preview:large, max-video-preview:-1\" \/>\n<link rel=\"canonical\" href=\"https:\/\/graziamagazine.com\/mx\/articles\/este-es-el-trailer-de-encanto-la-nueva-pelicula-de-disney-inspirada-en-colombia\/\" \/>\n<meta property=\"og:locale\" content=\"es_MX\" \/>\n<meta property=\"og:type\" content=\"article\" \/>\n<meta property=\"og:title\" content=\"Este es el trailer de \u2018Encanto\u2019, la nueva pel\u00edcula de Disney inspirada en Colombia\" \/>\n<meta property=\"og:description\" content=\"Una historia animada latina, contada por latinos.\" \/>\n<meta property=\"og:url\" content=\"https:\/\/graziamagazine.com\/mx\/articles\/este-es-el-trailer-de-encanto-la-nueva-pelicula-de-disney-inspirada-en-colombia\/\" \/>\n<meta property=\"og:site_name\" content=\"Grazia M\u00e9xico y Latinoam\u00e9rica\" \/>\n<meta property=\"article:modified_time\" content=\"2021-07-13T14:08:41+00:00\" \/>\n<meta property=\"og:image\" content=\"https:\/\/graziamagazine.com\/mx\/wp-content\/uploads\/sites\/13\/2021\/07\/encanto-trailer-disney.jpeg?fit=1600%2C900\" \/>\n\t<meta property=\"og:image:width\" content=\"1600\" \/>\n\t<meta property=\"og:image:height\" content=\"900\" \/>\n\t<meta property=\"og:image:type\" content=\"image\/jpeg\" \/>\n<meta name=\"twitter:card\" content=\"summary_large_image\" \/>\n<meta name=\"twitter:label1\" content=\"Est. reading time\" \/>\n\t<meta name=\"twitter:data1\" content=\"2 minutos\" \/>\n<script type=\"application\/ld+json\" class=\"yoast-schema-graph\">{\"@context\":\"https:\/\/schema.org\",\"@graph\":[{\"@type\":\"WebPage\",\"@id\":\"https:\/\/graziamagazine.com\/mx\/articles\/este-es-el-trailer-de-encanto-la-nueva-pelicula-de-disney-inspirada-en-colombia\/\",\"url\":\"https:\/\/graziamagazine.com\/mx\/articles\/este-es-el-trailer-de-encanto-la-nueva-pelicula-de-disney-inspirada-en-colombia\/\",\"name\":\"Este es el trailer de \u2018Encanto\u2019, la nueva pel\u00edcula de Disney inspirada en Colombia | Grazia M\u00e9xico y Latinoam\u00e9rica\",\"isPartOf\":{\"@id\":\"https:\/\/graziamagazine.com\/mx\/#website\"},\"datePublished\":\"2021-07-12T16:00:01+00:00\",\"dateModified\":\"2021-07-13T14:08:41+00:00\",\"description\":\"Una historia animada latina, contada por latinos.\",\"breadcrumb\":{\"@id\":\"https:\/\/graziamagazine.com\/mx\/articles\/este-es-el-trailer-de-encanto-la-nueva-pelicula-de-disney-inspirada-en-colombia\/#breadcrumb\"},\"inLanguage\":\"es-MX\",\"potentialAction\":[{\"@type\":\"ReadAction\",\"target\":[\"https:\/\/graziamagazine.com\/mx\/articles\/este-es-el-trailer-de-encanto-la-nueva-pelicula-de-disney-inspirada-en-colombia\/\"]}]},{\"@type\":\"BreadcrumbList\",\"@id\":\"https:\/\/graziamagazine.com\/mx\/articles\/este-es-el-trailer-de-encanto-la-nueva-pelicula-de-disney-inspirada-en-colombia\/#breadcrumb\",\"itemListElement\":[{\"@type\":\"ListItem\",\"position\":1,\"name\":\"Home\",\"item\":\"https:\/\/graziamagazine.com\/mx\/\"},{\"@type\":\"ListItem\",\"position\":2,\"name\":\"Este es el trailer de \u2018Encanto\u2019, la nueva pel\u00edcula de Disney inspirada en Colombia\"}]},{\"@type\":\"WebSite\",\"@id\":\"https:\/\/graziamagazine.com\/mx\/#website\",\"url\":\"https:\/\/graziamagazine.com\/mx\/\",\"name\":\"Grazia M\u00e9xico y Latinoam\u00e9rica\",\"description\":\"Grazia es moda, belleza y noticias  de actualidad \",\"potentialAction\":[{\"@type\":\"SearchAction\",\"target\":{\"@type\":\"EntryPoint\",\"urlTemplate\":\"https:\/\/graziamagazine.com\/mx\/?s={search_term_string}\"},\"query-input\":\"required name=search_term_string\"}],\"inLanguage\":\"es-MX\"}]}<\/script>\n<!-- \/ Yoast SEO Premium plugin. -->","yoast_head_json":{"title":"Este es el trailer de \u2018Encanto\u2019, la nueva pel\u00edcula de Disney inspirada en Colombia | Grazia M\u00e9xico y Latinoam\u00e9rica","description":"Una historia animada latina, contada por latinos.","robots":{"index":"index","follow":"follow","max-snippet":"max-snippet:-1","max-image-preview":"max-image-preview:large","max-video-preview":"max-video-preview:-1"},"canonical":"https:\/\/graziamagazine.com\/mx\/articles\/este-es-el-trailer-de-encanto-la-nueva-pelicula-de-disney-inspirada-en-colombia\/","og_locale":"es_MX","og_type":"article","og_title":"Este es el trailer de \u2018Encanto\u2019, la nueva pel\u00edcula de Disney inspirada en Colombia","og_description":"Una historia animada latina, contada por latinos.","og_url":"https:\/\/graziamagazine.com\/mx\/articles\/este-es-el-trailer-de-encanto-la-nueva-pelicula-de-disney-inspirada-en-colombia\/","og_site_name":"Grazia M\u00e9xico y Latinoam\u00e9rica","article_modified_time":"2021-07-13T14:08:41+00:00","og_image":[{"width":1600,"height":900,"url":"https:\/\/graziamagazine.com\/mx\/wp-content\/uploads\/sites\/13\/2021\/07\/encanto-trailer-disney.jpeg?fit=1600%2C900","type":"image\/jpeg"}],"twitter_card":"summary_large_image","twitter_misc":{"Est. reading time":"2 minutos"},"schema":{"@context":"https:\/\/schema.org","@graph":[{"@type":"WebPage","@id":"https:\/\/graziamagazine.com\/mx\/articles\/este-es-el-trailer-de-encanto-la-nueva-pelicula-de-disney-inspirada-en-colombia\/","url":"https:\/\/graziamagazine.com\/mx\/articles\/este-es-el-trailer-de-encanto-la-nueva-pelicula-de-disney-inspirada-en-colombia\/","name":"Este es el trailer de \u2018Encanto\u2019, la nueva pel\u00edcula de Disney inspirada en Colombia | Grazia M\u00e9xico y Latinoam\u00e9rica","isPartOf":{"@id":"https:\/\/graziamagazine.com\/mx\/#website"},"datePublished":"2021-07-12T16:00:01+00:00","dateModified":"2021-07-13T14:08:41+00:00","description":"Una historia animada latina, contada por latinos.","breadcrumb":{"@id":"https:\/\/graziamagazine.com\/mx\/articles\/este-es-el-trailer-de-encanto-la-nueva-pelicula-de-disney-inspirada-en-colombia\/#breadcrumb"},"inLanguage":"es-MX","potentialAction":[{"@type":"ReadAction","target":["https:\/\/graziamagazine.com\/mx\/articles\/este-es-el-trailer-de-encanto-la-nueva-pelicula-de-disney-inspirada-en-colombia\/"]}]},{"@type":"BreadcrumbList","@id":"https:\/\/graziamagazine.com\/mx\/articles\/este-es-el-trailer-de-encanto-la-nueva-pelicula-de-disney-inspirada-en-colombia\/#breadcrumb","itemListElement":[{"@type":"ListItem","position":1,"name":"Home","item":"https:\/\/graziamagazine.com\/mx\/"},{"@type":"ListItem","position":2,"name":"Este es el trailer de \u2018Encanto\u2019, la nueva pel\u00edcula de Disney inspirada en Colombia"}]},{"@type":"WebSite","@id":"https:\/\/graziamagazine.com\/mx\/#website","url":"https:\/\/graziamagazine.com\/mx\/","name":"Grazia M\u00e9xico y Latinoam\u00e9rica","description":"Grazia es moda, belleza y noticias  de actualidad ","potentialAction":[{"@type":"SearchAction","target":{"@type":"EntryPoint","urlTemplate":"https:\/\/graziamagazine.com\/mx\/?s={search_term_string}"},"query-input":"required name=search_term_string"}],"inLanguage":"es-MX"}]}},"jetpack_sharing_enabled":true,"distributor_meta":false,"distributor_terms":false,"distributor_media":false,"distributor_original_site_name":"Grazia M\u00e9xico y Latinoam\u00e9rica","distributor_original_site_url":"https:\/\/graziamagazine.com\/mx","push-errors":false,"_links":{"self":[{"href":"https:\/\/graziamagazine.com\/mx\/wp-json\/wp\/v2\/articles\/98723"}],"collection":[{"href":"https:\/\/graziamagazine.com\/mx\/wp-json\/wp\/v2\/articles"}],"about":[{"href":"https:\/\/graziamagazine.com\/mx\/wp-json\/wp\/v2\/types\/articles"}],"author":[{"embeddable":true,"href":"https:\/\/graziamagazine.com\/mx\/wp-json\/wp\/v2\/users\/11628"}],"wp:featuredmedia":[{"embeddable":true,"href":"https:\/\/graziamagazine.com\/mx\/wp-json\/wp\/v2\/media\/98745"}],"wp:attachment":[{"href":"https:\/\/graziamagazine.com\/mx\/wp-json\/wp\/v2\/media?parent=98723"}],"wp:term":[{"taxonomy":"category","embeddable":true,"href":"https:\/\/graziamagazine.com\/mx\/wp-json\/wp\/v2\/categories?post=98723"}],"curies":[{"name":"wp","href":"https:\/\/api.w.org\/{rel}","templated":true}]}}