{"id":9820,"date":"2016-10-31T13:18:31","date_gmt":"2016-10-31T19:18:31","guid":{"rendered":"https:\/\/graziamagazine.com\/mx\/?p=9820"},"modified":"2016-10-31T13:18:31","modified_gmt":"2016-10-31T19:18:31","slug":"1000-pm-precopeo-con-amigos","status":"publish","type":"articles","link":"https:\/\/graziamagazine.com\/mx\/articles\/1000-pm-precopeo-con-amigos\/","title":{"rendered":"10:00 PM. Precopeo con amigos"},"content":{"rendered":"<p>Collares y anillos: Swarovski.<\/p>\n<p>Pulseras:\u00a0<i>Crystal Dust<\/i>, Swarovski.<\/p>\n<p>Top: Iv\u00e1n \u00c1valos.<\/p>\n<p>Fotograf\u00eda: Khristio<\/p>\n<p>Editora de moda: Annie Lask<\/p>\n<p>Ana para New Icon Model Management<\/p>\n<p>Pelo y maquillaje: Gustavo Bortolotti<\/p>\n<p>Asistente de fotograf\u00eda: Alec Hern\u00e1ndez<\/p>\n","protected":false},"author":11629,"featured_media":9823,"template":"","format":"standard","categories":[121],"acf":[],"yoast_head":"<!-- This site is optimized with the Yoast SEO Premium plugin v18.5 (Yoast SEO v20.4) - https:\/\/yoast.com\/wordpress\/plugins\/seo\/ -->\n<title>10:00 PM. Precopeo con amigos | Grazia M\u00e9xico y Latinoam\u00e9rica<\/title>\n<meta name=\"description\" content=\"Collares y anillos: Swarovski. Pulseras:\u00a0Crystal Dust, Swarovski. Top: Iv\u00e1n \u00c1valos. Fotograf\u00eda: Khristio Editora de moda: Annie Lask Ana para New Icon\" \/>\n<meta name=\"robots\" content=\"index, follow, max-snippet:-1, max-image-preview:large, max-video-preview:-1\" \/>\n<link rel=\"canonical\" href=\"https:\/\/graziamagazine.com\/mx\/articles\/1000-pm-precopeo-con-amigos\/\" \/>\n<meta property=\"og:locale\" content=\"es_MX\" \/>\n<meta property=\"og:type\" content=\"article\" \/>\n<meta property=\"og:title\" content=\"10:00 PM. Precopeo con amigos\" \/>\n<meta property=\"og:description\" content=\"Collares y anillos: Swarovski. Pulseras:\u00a0Crystal Dust, Swarovski. Top: Iv\u00e1n \u00c1valos. Fotograf\u00eda: Khristio Editora de moda: Annie Lask Ana para New Icon\" \/>\n<meta property=\"og:url\" content=\"https:\/\/graziamagazine.com\/mx\/articles\/1000-pm-precopeo-con-amigos\/\" \/>\n<meta property=\"og:site_name\" content=\"Grazia M\u00e9xico y Latinoam\u00e9rica\" \/>\n<meta property=\"og:image\" content=\"https:\/\/graziamagazine.com\/mx\/wp-content\/uploads\/sites\/13\/2016\/10\/Ss6.jpg?fit=2485%2C1631\" \/>\n\t<meta property=\"og:image:width\" content=\"2485\" \/>\n\t<meta property=\"og:image:height\" content=\"1631\" \/>\n\t<meta property=\"og:image:type\" content=\"image\/jpeg\" \/>\n<meta name=\"twitter:card\" content=\"summary_large_image\" \/>\n<script type=\"application\/ld+json\" class=\"yoast-schema-graph\">{\"@context\":\"https:\/\/schema.org\",\"@graph\":[{\"@type\":\"WebPage\",\"@id\":\"https:\/\/graziamagazine.com\/mx\/articles\/1000-pm-precopeo-con-amigos\/\",\"url\":\"https:\/\/graziamagazine.com\/mx\/articles\/1000-pm-precopeo-con-amigos\/\",\"name\":\"10:00 PM. Precopeo con amigos | Grazia M\u00e9xico y Latinoam\u00e9rica\",\"isPartOf\":{\"@id\":\"https:\/\/graziamagazine.com\/mx\/#website\"},\"datePublished\":\"2016-10-31T19:18:31+00:00\",\"dateModified\":\"2016-10-31T19:18:31+00:00\",\"description\":\"Collares y anillos: Swarovski. Pulseras:\u00a0Crystal Dust, Swarovski. Top: Iv\u00e1n \u00c1valos. Fotograf\u00eda: Khristio Editora de moda: Annie Lask Ana para New Icon\",\"breadcrumb\":{\"@id\":\"https:\/\/graziamagazine.com\/mx\/articles\/1000-pm-precopeo-con-amigos\/#breadcrumb\"},\"inLanguage\":\"es-MX\",\"potentialAction\":[{\"@type\":\"ReadAction\",\"target\":[\"https:\/\/graziamagazine.com\/mx\/articles\/1000-pm-precopeo-con-amigos\/\"]}]},{\"@type\":\"BreadcrumbList\",\"@id\":\"https:\/\/graziamagazine.com\/mx\/articles\/1000-pm-precopeo-con-amigos\/#breadcrumb\",\"itemListElement\":[{\"@type\":\"ListItem\",\"position\":1,\"name\":\"Home\",\"item\":\"https:\/\/graziamagazine.com\/mx\/\"},{\"@type\":\"ListItem\",\"position\":2,\"name\":\"10:00 PM. Precopeo con amigos\"}]},{\"@type\":\"WebSite\",\"@id\":\"https:\/\/graziamagazine.com\/mx\/#website\",\"url\":\"https:\/\/graziamagazine.com\/mx\/\",\"name\":\"Grazia M\u00e9xico y Latinoam\u00e9rica\",\"description\":\"Grazia es moda, belleza y noticias  de actualidad \",\"potentialAction\":[{\"@type\":\"SearchAction\",\"target\":{\"@type\":\"EntryPoint\",\"urlTemplate\":\"https:\/\/graziamagazine.com\/mx\/?s={search_term_string}\"},\"query-input\":\"required name=search_term_string\"}],\"inLanguage\":\"es-MX\"}]}<\/script>\n<!-- \/ Yoast SEO Premium plugin. -->","yoast_head_json":{"title":"10:00 PM. Precopeo con amigos | Grazia M\u00e9xico y Latinoam\u00e9rica","description":"Collares y anillos: Swarovski. Pulseras:\u00a0Crystal Dust, Swarovski. Top: Iv\u00e1n \u00c1valos. Fotograf\u00eda: Khristio Editora de moda: Annie Lask Ana para New Icon","robots":{"index":"index","follow":"follow","max-snippet":"max-snippet:-1","max-image-preview":"max-image-preview:large","max-video-preview":"max-video-preview:-1"},"canonical":"https:\/\/graziamagazine.com\/mx\/articles\/1000-pm-precopeo-con-amigos\/","og_locale":"es_MX","og_type":"article","og_title":"10:00 PM. Precopeo con amigos","og_description":"Collares y anillos: Swarovski. Pulseras:\u00a0Crystal Dust, Swarovski. Top: Iv\u00e1n \u00c1valos. Fotograf\u00eda: Khristio Editora de moda: Annie Lask Ana para New Icon","og_url":"https:\/\/graziamagazine.com\/mx\/articles\/1000-pm-precopeo-con-amigos\/","og_site_name":"Grazia M\u00e9xico y Latinoam\u00e9rica","og_image":[{"width":2485,"height":1631,"url":"https:\/\/graziamagazine.com\/mx\/wp-content\/uploads\/sites\/13\/2016\/10\/Ss6.jpg?fit=2485%2C1631","type":"image\/jpeg"}],"twitter_card":"summary_large_image","schema":{"@context":"https:\/\/schema.org","@graph":[{"@type":"WebPage","@id":"https:\/\/graziamagazine.com\/mx\/articles\/1000-pm-precopeo-con-amigos\/","url":"https:\/\/graziamagazine.com\/mx\/articles\/1000-pm-precopeo-con-amigos\/","name":"10:00 PM. Precopeo con amigos | Grazia M\u00e9xico y Latinoam\u00e9rica","isPartOf":{"@id":"https:\/\/graziamagazine.com\/mx\/#website"},"datePublished":"2016-10-31T19:18:31+00:00","dateModified":"2016-10-31T19:18:31+00:00","description":"Collares y anillos: Swarovski. Pulseras:\u00a0Crystal Dust, Swarovski. Top: Iv\u00e1n \u00c1valos. Fotograf\u00eda: Khristio Editora de moda: Annie Lask Ana para New Icon","breadcrumb":{"@id":"https:\/\/graziamagazine.com\/mx\/articles\/1000-pm-precopeo-con-amigos\/#breadcrumb"},"inLanguage":"es-MX","potentialAction":[{"@type":"ReadAction","target":["https:\/\/graziamagazine.com\/mx\/articles\/1000-pm-precopeo-con-amigos\/"]}]},{"@type":"BreadcrumbList","@id":"https:\/\/graziamagazine.com\/mx\/articles\/1000-pm-precopeo-con-amigos\/#breadcrumb","itemListElement":[{"@type":"ListItem","position":1,"name":"Home","item":"https:\/\/graziamagazine.com\/mx\/"},{"@type":"ListItem","position":2,"name":"10:00 PM. Precopeo con amigos"}]},{"@type":"WebSite","@id":"https:\/\/graziamagazine.com\/mx\/#website","url":"https:\/\/graziamagazine.com\/mx\/","name":"Grazia M\u00e9xico y Latinoam\u00e9rica","description":"Grazia es moda, belleza y noticias  de actualidad ","potentialAction":[{"@type":"SearchAction","target":{"@type":"EntryPoint","urlTemplate":"https:\/\/graziamagazine.com\/mx\/?s={search_term_string}"},"query-input":"required name=search_term_string"}],"inLanguage":"es-MX"}]}},"jetpack_sharing_enabled":true,"distributor_meta":false,"distributor_terms":false,"distributor_media":false,"distributor_original_site_name":"Grazia M\u00e9xico y Latinoam\u00e9rica","distributor_original_site_url":"https:\/\/graziamagazine.com\/mx","push-errors":false,"_links":{"self":[{"href":"https:\/\/graziamagazine.com\/mx\/wp-json\/wp\/v2\/articles\/9820"}],"collection":[{"href":"https:\/\/graziamagazine.com\/mx\/wp-json\/wp\/v2\/articles"}],"about":[{"href":"https:\/\/graziamagazine.com\/mx\/wp-json\/wp\/v2\/types\/articles"}],"author":[{"embeddable":true,"href":"https:\/\/graziamagazine.com\/mx\/wp-json\/wp\/v2\/users\/11629"}],"wp:featuredmedia":[{"embeddable":true,"href":"https:\/\/graziamagazine.com\/mx\/wp-json\/wp\/v2\/media\/9823"}],"wp:attachment":[{"href":"https:\/\/graziamagazine.com\/mx\/wp-json\/wp\/v2\/media?parent=9820"}],"wp:term":[{"taxonomy":"category","embeddable":true,"href":"https:\/\/graziamagazine.com\/mx\/wp-json\/wp\/v2\/categories?post=9820"}],"curies":[{"name":"wp","href":"https:\/\/api.w.org\/{rel}","templated":true}]}}