{"id":98146,"date":"2021-06-24T09:30:11","date_gmt":"2021-06-24T14:30:11","guid":{"rendered":"https:\/\/graziamagazine.com\/mx\/?post_type=articles&#038;p=98146"},"modified":"2021-06-23T15:18:57","modified_gmt":"2021-06-23T20:18:57","slug":"moda-sin-genero-una-tendencia-estelar-en-2021","status":"publish","type":"articles","link":"https:\/\/graziamagazine.com\/mx\/articles\/moda-sin-genero-una-tendencia-estelar-en-2021\/","title":{"rendered":"Moda sin g\u00e9nero: una tendencia estelar en 2021"},"content":{"rendered":"<div>\n<p>Es evidente que durante los \u00faltimos a\u00f1os la industria de la moda ha cambiado, y en ese camino, las r\u00edgidas l\u00edneas sobre el g\u00e9nero y estilo se han ido difuminando. Hoy en d\u00eda las faldas no son solo para mujeres y los mocasines no son \u00fanicamente para hombres. Con mucho esfuerzo, se han roto estereotipos y la visi\u00f3n de muchos alrededor del mundo se ha transformado.<\/p>\n<p>La <strong>moda de g\u00e9nero neutro<\/strong> est\u00e1 ganando mucho impulso \u00faltimamente, y de acuerdo al informe de<a href=\"https:\/\/www.lyst.com\/?atc_campaign=EM+%3E%3E+Lyst&amp;atc_content=Brand+Name+%3E+Lyst+%5BExact%5D&amp;atc_country=EM&amp;atc_grouping=search&amp;atc_medium=cpc&amp;atc_source=google&amp;atc_term=lyst&amp;sem_id=A255680068&amp;atc_label=&amp;gclid=CjwKCAjwt8uGBhBAEiwAayu_9eWJGwtxXmoofr-pk23_TSW66VcN9KN7OIh78HMAaBniGzNZOtsoSBoCcboQAvD_BwE\" target=\"_blank\" rel=\"noopener\" target=\"_blank\"><strong> Lyst<\/strong><\/a>, las b\u00fasquedas de moda que incluyen palabras clave relacionadas con \u2018sin g\u00e9nero\u2019 han aumentado un 33% desde principios del 2021, mientras que las menciones en redes sociales para t\u00e9rminos relacionados con la moda de g\u00e9nero fluido se han disparado un 46% desde mayo.<\/p>\n<p>Aqu\u00ed todo lo que debes saber sobre la <strong>tendencia <em>genderless<\/em><\/strong>:<\/p>\n<h3>Los iconos de la cultura pop imponiendo una moda m\u00e1s inclusiva<\/h3>\n<p>Sin duda las celebridades tienen un impacto en el estilo de sus seguidores y fan\u00e1ticos, y en este punto,<strong> Harry Styles<\/strong> est\u00e1 en el lugar n\u00famero uno de la lista. Su portada en revistas estadounidenses luciendo un vestido con mucho volumen y textura tuvo much\u00edsimo impacto, igual que los looks que llev\u00f3 en los Grammys 2021, firmados por el dise\u00f1ador italiano Alessandro Michele para Gucci. La boa de plumas se agot\u00f3 autom\u00e1ticamente despu\u00e9s de su interpretaci\u00f3n en el escenario, y las visitas a las p\u00e1ginas web que manejan este mismo art\u00edculo se dispararon 1500% en solo 48 horas despu\u00e9s.<\/p>\n<div class=\"content-gallery\"><div class=\"gallery-placeholder\"><div class=\"spinner\"><\/div><\/div><span class=\"gallery-pagination\"><\/span><div id=\"gallery-1\" class=\"gallery galleryid-98146 gallery-columns- gallery-size-\"><figure class=\"gallery-item\"><div class=\"gallery-icon landscape\"><img loading=\"lazy\" decoding=\"async\" width=\"1600\" height=\"2155\" src=\"https:\/\/graziamagazine.com\/mx\/wp-content\/uploads\/sites\/13\/2021\/06\/GettyImages-1307100046.jpeg\" class=\"lazy\" alt=\"\" \/><\/div><\/figure><figure class=\"gallery-item\"><div class=\"gallery-icon landscape\"><img loading=\"lazy\" decoding=\"async\" width=\"1600\" height=\"2400\" src=\"https:\/\/graziamagazine.com\/mx\/wp-content\/uploads\/sites\/13\/2021\/06\/1307104462.jpeg\" class=\"lazy\" alt=\"\" \/><\/div><\/figure><\/div><\/div>\n<p>Por otro lado, la actuaci\u00f3n de <strong>Kid Cudi<\/strong> en Saturday Night Live aument\u00f3 las b\u00fasquedas de vestidos de flores un 21% en solo 24 horas. La pieza de Off-White tambi\u00e9n provoc\u00f3 un aumento en las b\u00fasquedas de vestidos de la firma al d\u00eda siguiente (+ 67%).<\/p>\n<div>\n<p>Las b\u00fasquedas de camisetas \u2018oversize\u2019, como las que lucen Billie Eilish y Chika, han crecido constantemente en <span class=\"il\">Lyst<\/span>\u00a0desde principios de a\u00f1o y actualmente han aumentado un 231% en comparaci\u00f3n con el mismo per\u00edodo del a\u00f1o pasado.<\/p>\n<p>Los collares de perlas por su lado, como los que usa el rapero estadounidense A$AP Rocky, se han vuelto populares entre los consumidores masculinos durante meses y actualmente est\u00e1n experimentando un aumento del 150% en inter\u00e9s. Harry Styles tambi\u00e9n los ha popularizado, son su accesorio favorito.<\/p>\n<div class=\"content-gallery\"><div class=\"gallery-placeholder\"><div class=\"spinner\"><\/div><\/div><span class=\"gallery-pagination\"><\/span><div id=\"gallery-2\" class=\"gallery galleryid-98146 gallery-columns- gallery-size-\"><figure class=\"gallery-item\"><div class=\"gallery-icon landscape\"><img loading=\"lazy\" decoding=\"async\" width=\"409\" height=\"683\" src=\"https:\/\/graziamagazine.com\/mx\/wp-content\/uploads\/sites\/13\/2021\/06\/GettyImages-1232246032-e1624478318577.jpeg\" class=\"lazy\" alt=\"\" \/><\/div><\/figure><figure class=\"gallery-item\"><div class=\"gallery-icon landscape\"><img loading=\"lazy\" decoding=\"async\" width=\"753\" height=\"1068\" src=\"https:\/\/graziamagazine.com\/mx\/wp-content\/uploads\/sites\/13\/2021\/06\/Captura-de-Pantalla-2021-06-23-a-las-14.53.12.png\" class=\"lazy\" alt=\"\" \/><\/div><\/figure><figure class=\"gallery-item\"><div class=\"gallery-icon landscape\"><img loading=\"lazy\" decoding=\"async\" width=\"2000\" height=\"2400\" src=\"https:\/\/graziamagazine.com\/mx\/wp-content\/uploads\/sites\/13\/2021\/06\/9168411.jpeg\" class=\"lazy\" alt=\"\" \/><\/div><\/figure><figure class=\"gallery-item\"><div class=\"gallery-icon landscape\"><img loading=\"lazy\" decoding=\"async\" width=\"2097\" height=\"3146\" src=\"https:\/\/graziamagazine.com\/mx\/wp-content\/uploads\/sites\/13\/2021\/06\/GettyImages-1307121230.jpeg\" class=\"lazy\" alt=\"\" \/><\/div><\/figure><\/div><\/div>\n<\/div>\n<div><\/div>\n<h3><b>Las faldas no tienen g\u00e9nero\u00a0<\/b><\/h3>\n<div>\n<p>Vistas en artistas como <strong>Lil Nas X, Bad Bunny y Billy Porter<\/strong>, las faldas est\u00e1n emergiendo como un nuevo art\u00edculo de moda de g\u00e9nero neutro. Las faldas Thom Browne son cada vez m\u00e1s populares entre los amantes de la moda, con una subida del 152% en las b\u00fasquedas desde enero. El personaje de Schitt&#8217;s Creek, David Rose, interpretado por Dan Levy, se cas\u00f3 con una falda de novio de Thom Browne en el cap\u00edtulo final de la serie e hizo que las visitas a la p\u00e1gina de faldas de boda aumentaran un 26%.<\/p>\n<div><img loading=\"lazy\" decoding=\"async\" class=\"alignnone wp-image-98158 size-large\" src=\"https:\/\/graziamagazine.com\/mx\/wp-content\/uploads\/sites\/13\/2021\/06\/EwkGDq9WYAQfOJR.jpeg?w=511\" alt=\"\" width=\"511\" height=\"680\" \/><\/div>\n<div><\/div>\n<h3><b>Marcas a tener en cuenta<\/b><\/h3>\n<div>\n<p>Por otro lado, Lyst nos cuenta que la demanda de etiquetas contempor\u00e1neas y sin g\u00e9nero como Wales Bonner (+ 393%), Eckhaus Latta (+ 140%) y Hood by Air (+ 20%) ha crecido r\u00e1pidamente desde principios de a\u00f1o.<\/p>\n<div><img loading=\"lazy\" decoding=\"async\" class=\"alignnone wp-image-98161 size-large\" src=\"https:\/\/graziamagazine.com\/mx\/wp-content\/uploads\/sites\/13\/2021\/06\/elle-nyfw-fw16-collections-hood-by-air-04.jpeg?w=680\" alt=\"\" width=\"680\" height=\"1024\" \/><\/div>\n<div><\/div>\n<div><\/div>\n<h3><b>Productos <em>virale<span style=\"color: #000000;font-family: Arial\">s<\/span><\/em><\/b><\/h3>\n<div>\n<p>En primer lugar est\u00e1 el bolso <a href=\"https:\/\/www.lyst.es\/marca\/telfar\/\" target=\"_blank\" rel=\"noopener\" data-saferedirecturl=\"https:\/\/www.google.com\/url?q=https:\/\/www.lyst.es\/marca\/telfar\/&amp;source=gmail&amp;ust=1624562400530000&amp;usg=AFQjCNEuCtG6bozogtgj0uzOCOBTz5OXNg\" target=\"_blank\">Telfar<\/a>, el cual visto en el street style y popularizado por influencers, ha subido las b\u00fasquedas un +100% intermensual.<\/p>\n<div>\n<p>El segundo lugar lo tiene <a href=\"https:\/\/www.lyst.es\/marca\/thom-browne\/?category=skirts&amp;product_type=Clothing&amp;page=2%20Bode,%20camisa%20%C2%A016%%20intermensualhttps:\/\/www.lyst.es\/ropa\/bode-camisa-de-algodon-con-apliques-1\/?reason=feed-product&amp;link_id=764242638\" target=\"_blank\" rel=\"noopener\" data-saferedirecturl=\"https:\/\/www.google.com\/url?q=https:\/\/www.lyst.es\/marca\/thom-browne\/?category%3Dskirts%26product_type%3DClothing%26page%3D2%2520Bode,%2520camisa%2520%25C2%25A016%25+intermensual%09https:\/\/www.lyst.es\/ropa\/bode-camisa-de-algodon-con-apliques-1\/?reason%3Dfeed-product%26link_id%3D764242638&amp;source=gmail&amp;ust=1624562400530000&amp;usg=AFQjCNGi7N4a6AJx2AuCV4E7aBbvRJp62g\" target=\"_blank\">Thom Browne, con su falda de <\/a>tablones (+36% intermensual).<\/p>\n<p><a href=\"https:\/\/www.lyst.es\/ropa\/gucci-jersey-corto-de-angora-con-coliflor\/?reason=search-product&amp;link_id=703592803\" target=\"_blank\" rel=\"noopener\" data-saferedirecturl=\"https:\/\/www.google.com\/url?q=https:\/\/www.lyst.es\/ropa\/gucci-jersey-corto-de-angora-con-coliflor\/?reason%3Dsearch-product%26link_id%3D703592803&amp;source=gmail&amp;ust=1624562400530000&amp;usg=AFQjCNFcwYHBvZuNBsGQV62pdfy3Zhcw6Q\" target=\"_blank\">Gucci, con su jersey corto en color rosa<\/a>, tiene el tercer lugar con +11% intermensual.<\/p>\n<div>Por su lado, <a href=\"https:\/\/www.lyst.es\/ropa\/bode-camisa-de-algodon-con-apliques-1\/?reason=feed-product&amp;link_id=764242638\" target=\"_blank\" rel=\"noopener\" data-saferedirecturl=\"https:\/\/www.google.com\/url?q=https:\/\/www.lyst.es\/ropa\/bode-camisa-de-algodon-con-apliques-1\/?reason%3Dfeed-product%26link_id%3D764242638&amp;source=gmail&amp;ust=1624562400530000&amp;usg=AFQjCNFl4Z3HEMcCKMNG4qKHTJSGCBczbg\" target=\"_blank\">Bode, con su camisa estampada<\/a>, el cuarto lugar (+16% intermensual).<\/div>\n<div><\/div>\n<div><img loading=\"lazy\" decoding=\"async\" class=\"alignnone wp-image-98159 size-large\" src=\"https:\/\/graziamagazine.com\/mx\/wp-content\/uploads\/sites\/13\/2021\/06\/Screenshot-2021-06-02-at-14.59.52.png?w=1024\" alt=\"\" width=\"1024\" height=\"259\" \/><\/div>\n<div><\/div>\n<h3><b>En primera persona<\/b><\/h3>\n<div>\n<p>\u201cLa primera vez que me puse un vestido en p\u00fablico, mi cuerpo se llen\u00f3 de una sensaci\u00f3n de aventura, emoci\u00f3n, miedo y alegr\u00eda. Darme finalmente permiso para expresar mi feminidad con tanta valent\u00eda fue un soplo de aire fresco, despu\u00e9s de la asfixia que viv\u00ed dentro de los confines de las normas de g\u00e9nero. Priorizar mis propios deseos por encima de las expectativas de los dem\u00e1s sigue siendo un acto de resistencia cotidiana, una recalibraci\u00f3n hacia el placer y la libertad, lejos de las convenciones y la conformidad &#8220;, dijo <a href=\"https:\/\/www.instagram.com\/bren_dun\/?hl=en\" target=\"_blank\" rel=\"noopener\" data-saferedirecturl=\"https:\/\/www.google.com\/url?q=https:\/\/www.instagram.com\/bren_dun\/?hl%3Den&amp;source=gmail&amp;ust=1624564886986000&amp;usg=AFQjCNGzDeKf0pdXKN6tIG9wxyqFLdqSHw\" target=\"_blank\">Brendan Dunlap<\/a>, una de las voces que colaboran con <span class=\"il\">Lyst<\/span> con motivo del mes del Orgullo.<\/p>\n<p><strong>-Brendan Dunlap (@bren_dun)<\/strong><\/p>\n<\/div>\n<h5><em>*IM\u00c1GENES: Getty Images, Instagram\u00a0<\/em><\/h5>\n<\/div>\n<\/div>\n<\/div>\n<\/div>\n<\/div>\n","protected":false},"author":11656,"featured_media":98160,"template":"","format":"standard","categories":[4],"acf":[],"yoast_head":"<!-- This site is optimized with the Yoast SEO Premium plugin v18.5 (Yoast SEO v20.4) - https:\/\/yoast.com\/wordpress\/plugins\/seo\/ -->\n<title>Moda sin g\u00e9nero: una tendencia estelar en 2021 | Grazia M\u00e9xico y Latinoam\u00e9rica<\/title>\n<meta name=\"description\" content=\"Es evidente que durante los \u00faltimos a\u00f1os la industria de la moda ha cambiado, y en ese camino, las r\u00edgidas l\u00edneas sobre el g\u00e9nero y estilo se han ido\" \/>\n<meta name=\"robots\" content=\"index, follow, max-snippet:-1, max-image-preview:large, max-video-preview:-1\" \/>\n<link rel=\"canonical\" href=\"https:\/\/graziamagazine.com\/mx\/articles\/moda-sin-genero-una-tendencia-estelar-en-2021\/\" \/>\n<meta property=\"og:locale\" content=\"es_MX\" \/>\n<meta property=\"og:type\" content=\"article\" \/>\n<meta property=\"og:title\" content=\"Moda sin g\u00e9nero: una tendencia estelar en 2021\" \/>\n<meta property=\"og:description\" content=\"Es evidente que durante los \u00faltimos a\u00f1os la industria de la moda ha cambiado, y en ese camino, las r\u00edgidas l\u00edneas sobre el g\u00e9nero y estilo se han ido\" \/>\n<meta property=\"og:url\" content=\"https:\/\/graziamagazine.com\/mx\/articles\/moda-sin-genero-una-tendencia-estelar-en-2021\/\" \/>\n<meta property=\"og:site_name\" content=\"Grazia M\u00e9xico y Latinoam\u00e9rica\" \/>\n<meta property=\"article:modified_time\" content=\"2021-06-23T20:18:57+00:00\" \/>\n<meta property=\"og:image\" content=\"https:\/\/graziamagazine.com\/mx\/wp-content\/uploads\/sites\/13\/2021\/06\/bad-bunny-grammys-2021.jpeg?fit=1920%2C1080\" \/>\n\t<meta property=\"og:image:width\" content=\"1920\" \/>\n\t<meta property=\"og:image:height\" content=\"1080\" \/>\n\t<meta property=\"og:image:type\" content=\"image\/jpeg\" \/>\n<meta name=\"twitter:card\" content=\"summary_large_image\" \/>\n<meta name=\"twitter:label1\" content=\"Est. reading time\" \/>\n\t<meta name=\"twitter:data1\" content=\"4 minutos\" \/>\n<script type=\"application\/ld+json\" class=\"yoast-schema-graph\">{\"@context\":\"https:\/\/schema.org\",\"@graph\":[{\"@type\":\"WebPage\",\"@id\":\"https:\/\/graziamagazine.com\/mx\/articles\/moda-sin-genero-una-tendencia-estelar-en-2021\/\",\"url\":\"https:\/\/graziamagazine.com\/mx\/articles\/moda-sin-genero-una-tendencia-estelar-en-2021\/\",\"name\":\"Moda sin g\u00e9nero: una tendencia estelar en 2021 | Grazia M\u00e9xico y Latinoam\u00e9rica\",\"isPartOf\":{\"@id\":\"https:\/\/graziamagazine.com\/mx\/#website\"},\"datePublished\":\"2021-06-24T14:30:11+00:00\",\"dateModified\":\"2021-06-23T20:18:57+00:00\",\"description\":\"Es evidente que durante los \u00faltimos a\u00f1os la industria de la moda ha cambiado, y en ese camino, las r\u00edgidas l\u00edneas sobre el g\u00e9nero y estilo se han ido\",\"breadcrumb\":{\"@id\":\"https:\/\/graziamagazine.com\/mx\/articles\/moda-sin-genero-una-tendencia-estelar-en-2021\/#breadcrumb\"},\"inLanguage\":\"es-MX\",\"potentialAction\":[{\"@type\":\"ReadAction\",\"target\":[\"https:\/\/graziamagazine.com\/mx\/articles\/moda-sin-genero-una-tendencia-estelar-en-2021\/\"]}]},{\"@type\":\"BreadcrumbList\",\"@id\":\"https:\/\/graziamagazine.com\/mx\/articles\/moda-sin-genero-una-tendencia-estelar-en-2021\/#breadcrumb\",\"itemListElement\":[{\"@type\":\"ListItem\",\"position\":1,\"name\":\"Home\",\"item\":\"https:\/\/graziamagazine.com\/mx\/\"},{\"@type\":\"ListItem\",\"position\":2,\"name\":\"Moda sin g\u00e9nero: una tendencia estelar en 2021\"}]},{\"@type\":\"WebSite\",\"@id\":\"https:\/\/graziamagazine.com\/mx\/#website\",\"url\":\"https:\/\/graziamagazine.com\/mx\/\",\"name\":\"Grazia M\u00e9xico y Latinoam\u00e9rica\",\"description\":\"Grazia es moda, belleza y noticias  de actualidad \",\"potentialAction\":[{\"@type\":\"SearchAction\",\"target\":{\"@type\":\"EntryPoint\",\"urlTemplate\":\"https:\/\/graziamagazine.com\/mx\/?s={search_term_string}\"},\"query-input\":\"required name=search_term_string\"}],\"inLanguage\":\"es-MX\"}]}<\/script>\n<!-- \/ Yoast SEO Premium plugin. -->","yoast_head_json":{"title":"Moda sin g\u00e9nero: una tendencia estelar en 2021 | Grazia M\u00e9xico y Latinoam\u00e9rica","description":"Es evidente que durante los \u00faltimos a\u00f1os la industria de la moda ha cambiado, y en ese camino, las r\u00edgidas l\u00edneas sobre el g\u00e9nero y estilo se han ido","robots":{"index":"index","follow":"follow","max-snippet":"max-snippet:-1","max-image-preview":"max-image-preview:large","max-video-preview":"max-video-preview:-1"},"canonical":"https:\/\/graziamagazine.com\/mx\/articles\/moda-sin-genero-una-tendencia-estelar-en-2021\/","og_locale":"es_MX","og_type":"article","og_title":"Moda sin g\u00e9nero: una tendencia estelar en 2021","og_description":"Es evidente que durante los \u00faltimos a\u00f1os la industria de la moda ha cambiado, y en ese camino, las r\u00edgidas l\u00edneas sobre el g\u00e9nero y estilo se han ido","og_url":"https:\/\/graziamagazine.com\/mx\/articles\/moda-sin-genero-una-tendencia-estelar-en-2021\/","og_site_name":"Grazia M\u00e9xico y Latinoam\u00e9rica","article_modified_time":"2021-06-23T20:18:57+00:00","og_image":[{"width":1920,"height":1080,"url":"https:\/\/graziamagazine.com\/mx\/wp-content\/uploads\/sites\/13\/2021\/06\/bad-bunny-grammys-2021.jpeg?fit=1920%2C1080","type":"image\/jpeg"}],"twitter_card":"summary_large_image","twitter_misc":{"Est. reading time":"4 minutos"},"schema":{"@context":"https:\/\/schema.org","@graph":[{"@type":"WebPage","@id":"https:\/\/graziamagazine.com\/mx\/articles\/moda-sin-genero-una-tendencia-estelar-en-2021\/","url":"https:\/\/graziamagazine.com\/mx\/articles\/moda-sin-genero-una-tendencia-estelar-en-2021\/","name":"Moda sin g\u00e9nero: una tendencia estelar en 2021 | Grazia M\u00e9xico y Latinoam\u00e9rica","isPartOf":{"@id":"https:\/\/graziamagazine.com\/mx\/#website"},"datePublished":"2021-06-24T14:30:11+00:00","dateModified":"2021-06-23T20:18:57+00:00","description":"Es evidente que durante los \u00faltimos a\u00f1os la industria de la moda ha cambiado, y en ese camino, las r\u00edgidas l\u00edneas sobre el g\u00e9nero y estilo se han ido","breadcrumb":{"@id":"https:\/\/graziamagazine.com\/mx\/articles\/moda-sin-genero-una-tendencia-estelar-en-2021\/#breadcrumb"},"inLanguage":"es-MX","potentialAction":[{"@type":"ReadAction","target":["https:\/\/graziamagazine.com\/mx\/articles\/moda-sin-genero-una-tendencia-estelar-en-2021\/"]}]},{"@type":"BreadcrumbList","@id":"https:\/\/graziamagazine.com\/mx\/articles\/moda-sin-genero-una-tendencia-estelar-en-2021\/#breadcrumb","itemListElement":[{"@type":"ListItem","position":1,"name":"Home","item":"https:\/\/graziamagazine.com\/mx\/"},{"@type":"ListItem","position":2,"name":"Moda sin g\u00e9nero: una tendencia estelar en 2021"}]},{"@type":"WebSite","@id":"https:\/\/graziamagazine.com\/mx\/#website","url":"https:\/\/graziamagazine.com\/mx\/","name":"Grazia M\u00e9xico y Latinoam\u00e9rica","description":"Grazia es moda, belleza y noticias  de actualidad ","potentialAction":[{"@type":"SearchAction","target":{"@type":"EntryPoint","urlTemplate":"https:\/\/graziamagazine.com\/mx\/?s={search_term_string}"},"query-input":"required name=search_term_string"}],"inLanguage":"es-MX"}]}},"jetpack_sharing_enabled":true,"distributor_meta":false,"distributor_terms":false,"distributor_media":false,"distributor_original_site_name":"Grazia M\u00e9xico y Latinoam\u00e9rica","distributor_original_site_url":"https:\/\/graziamagazine.com\/mx","push-errors":false,"_links":{"self":[{"href":"https:\/\/graziamagazine.com\/mx\/wp-json\/wp\/v2\/articles\/98146"}],"collection":[{"href":"https:\/\/graziamagazine.com\/mx\/wp-json\/wp\/v2\/articles"}],"about":[{"href":"https:\/\/graziamagazine.com\/mx\/wp-json\/wp\/v2\/types\/articles"}],"author":[{"embeddable":true,"href":"https:\/\/graziamagazine.com\/mx\/wp-json\/wp\/v2\/users\/11656"}],"wp:featuredmedia":[{"embeddable":true,"href":"https:\/\/graziamagazine.com\/mx\/wp-json\/wp\/v2\/media\/98160"}],"wp:attachment":[{"href":"https:\/\/graziamagazine.com\/mx\/wp-json\/wp\/v2\/media?parent=98146"}],"wp:term":[{"taxonomy":"category","embeddable":true,"href":"https:\/\/graziamagazine.com\/mx\/wp-json\/wp\/v2\/categories?post=98146"}],"curies":[{"name":"wp","href":"https:\/\/api.w.org\/{rel}","templated":true}]}}