{"id":97928,"date":"2021-06-17T09:45:52","date_gmt":"2021-06-17T14:45:52","guid":{"rendered":"https:\/\/graziamagazine.com\/mx\/?post_type=articles&#038;p=97928"},"modified":"2021-06-16T17:27:58","modified_gmt":"2021-06-16T22:27:58","slug":"por-que-los-angeles-azules-enfrentan-polemica-por-su-tema-de-1999-17-anos","status":"publish","type":"articles","link":"https:\/\/graziamagazine.com\/mx\/articles\/por-que-los-angeles-azules-enfrentan-polemica-por-su-tema-de-1999-17-anos\/","title":{"rendered":"\u00bfPor qu\u00e9 Los \u00c1ngeles Azules enfrentan pol\u00e9mica por su tema de 1999, \u201817 a\u00f1os\u2019?"},"content":{"rendered":"<p><span style=\"font-weight: 400\">En estos d\u00edas en que la sociedad est\u00e1 tan al pendiente de temas que hasta ahora han sido considerados \u2018normales\u2019, pero no por eso \u2018correctos\u2019; la pedofilia y las relaciones abusivas y disparejas entre mujeres y hombres, son algunos de ellos y, por esto, <\/span><b>Los \u00c1ngeles Azules<\/b><span style=\"font-weight: 400\"> est\u00e1n envueltos en una pol\u00e9mica por la letra de su canci\u00f3n de hace 21 a\u00f1os, \u2018<\/span><b><i>17 a\u00f1os<\/i><\/b><span style=\"font-weight: 400\">\u2019.<\/span><\/p>\n<p><span style=\"font-weight: 400\">La famosa cumbia chilanga que habla sobre el enamoramiento de un hombre cuya edad no se especifica, hacia una \u201cni\u00f1a\u201d (como literalmente dice la letra) de 17 a\u00f1os, y que adem\u00e1s asegura \u201cser su primer novio\u201d, y aunque no existen mexicana y mexicano que no la haya bailado y cantado en una fiesta, la realidad es que si la melod\u00eda se escucha con detenimiento, puede prestarse para \u2018malas interpretaciones\u2019.<\/span><\/p>\n<p><span style=\"font-weight: 400\">Independientemente de esto se confirme o no, hay un sector social que opina que la canci\u00f3n habla sobre pederastia, y otro sector que la defiende como una canci\u00f3n de culto que forma parte de la idiosincrasia mexicana, por lo que iniciativas de ciudadanos han pedido que la melod\u00eda se cancele y no se vuelva a reproducir.<\/span><\/p>\n<p><iframe loading=\"lazy\" title=\"Los \u00c1ngeles Azules - 17 A\u00f1os ft. Jay De La Cueva (Live)\" width=\"500\" height=\"281\" src=\"https:\/\/www.youtube.com\/embed\/kcKOd_wy0XI?feature=oembed\" frameborder=\"0\" allow=\"accelerometer; autoplay; clipboard-write; encrypted-media; gyroscope; picture-in-picture\" allowfullscreen><\/iframe><\/p>\n<p><span style=\"font-weight: 400\">Ante esta pol\u00e9mica y de manera muy breve y concisa, la cuenta oficial de Twitter de la agrupaci\u00f3n, comparti\u00f3 una bonita foto de una pareja de enamorados, ambos jovencitos (seguramente ella de 17 a\u00f1os), vi\u00e9ndose tiernamente a los ojos en lo que parece est\u00e1n en una feria. \u201cDe esto trata 17 a\u00f1os. Fin del comunicado\u201d, dice el <\/span><i><span style=\"font-weight: 400\">tweet <\/span><\/i><span style=\"font-weight: 400\">que ha sido muy aplaudido por los fans de esta agrupaci\u00f3n cumbianchera y reprobado por los movimientos civiles que te comentamos.\u00a0<\/span><\/p>\n<p><span style=\"font-weight: 400\">Los \u00c1ngeles Azules son una agrupaci\u00f3n que naci\u00f3 en la Alcald\u00eda Iztapalapa, en el seno de la Ciudad de M\u00e9xico y, como sabes, tienen exitosas cumbias que han dado la vuelta a todo M\u00e9xico y que han trascendido fronteras pues, incluso, se han presentado en festivales internacionales de m\u00fasica como <\/span><b>Coachella.\u00a0<\/b><\/p>\n<p><span style=\"font-weight: 400\">No hay lugar para dudas de que <\/span><b><i>17 a\u00f1os, El list\u00f3n de tu pelo, C\u00f3mo te voy a olvidar<\/i><\/b><span style=\"font-weight: 400\">, y <\/span><b><i>Ni contigo ni sin ti<\/i><\/b><span style=\"font-weight: 400\">, entre otros de sus inmortales \u00e9xitos a los que adem\u00e1s se le suman versiones a dueto m\u00e1s actuales con otros int\u00e9rpretes, como <\/span><b><i>Amor a primera vista<\/i><\/b><span style=\"font-weight: 400\"> &#8211; con <\/span><b>Belinda<\/b><span style=\"font-weight: 400\"> &#8211; o <\/span><b><i>Nunca es suficiente para mi<\/i><\/b> <span style=\"font-weight: 400\">&#8211; con <\/span><b>Natalia Lafourcade<\/b><span style=\"font-weight: 400\">, forman parte de la identidad cultural de la Ciudad de M\u00e9xico y de todo el pa\u00eds en general pero, de eso a permitir la producci\u00f3n y difusi\u00f3n de canciones que abordan temas muy graves como la pedofilia, es otra historia.\u00a0<\/span><\/p>\n<p><span style=\"font-weight: 400\">\u00bfT\u00fa qu\u00e9 piensas? Por cierto, \u00a1hola, reggaeton!\u00a0<\/span><\/p>\n<h5><em>*IMAGEN: Getty Images<\/em><\/h5>\n","protected":false},"author":11628,"featured_media":97930,"template":"","format":"standard","categories":[114],"acf":[],"yoast_head":"<!-- This site is optimized with the Yoast SEO Premium plugin v18.5 (Yoast SEO v20.4) - https:\/\/yoast.com\/wordpress\/plugins\/seo\/ -->\n<title>\u00bfPor qu\u00e9 Los \u00c1ngeles Azules enfrentan pol\u00e9mica por su tema de 1999, \u201817 a\u00f1os\u2019? | Grazia M\u00e9xico y Latinoam\u00e9rica<\/title>\n<meta name=\"description\" content=\"La canci\u00f3n que tiene 21 a\u00f1os de edad se hace mayor y se mete en problemas.\" \/>\n<meta name=\"robots\" content=\"index, follow, max-snippet:-1, max-image-preview:large, max-video-preview:-1\" \/>\n<link rel=\"canonical\" href=\"https:\/\/graziamagazine.com\/mx\/articles\/por-que-los-angeles-azules-enfrentan-polemica-por-su-tema-de-1999-17-anos\/\" \/>\n<meta property=\"og:locale\" content=\"es_MX\" \/>\n<meta property=\"og:type\" content=\"article\" \/>\n<meta property=\"og:title\" content=\"\u00bfPor qu\u00e9 Los \u00c1ngeles Azules enfrentan pol\u00e9mica por su tema de 1999, \u201817 a\u00f1os\u2019?\" \/>\n<meta property=\"og:description\" content=\"La canci\u00f3n que tiene 21 a\u00f1os de edad se hace mayor y se mete en problemas.\" \/>\n<meta property=\"og:url\" content=\"https:\/\/graziamagazine.com\/mx\/articles\/por-que-los-angeles-azules-enfrentan-polemica-por-su-tema-de-1999-17-anos\/\" \/>\n<meta property=\"og:site_name\" content=\"Grazia M\u00e9xico y Latinoam\u00e9rica\" \/>\n<meta property=\"article:modified_time\" content=\"2021-06-16T22:27:58+00:00\" \/>\n<meta property=\"og:image\" content=\"https:\/\/graziamagazine.com\/mx\/wp-content\/uploads\/sites\/13\/2021\/06\/Chiquis-Rivera-performs-with-Los-A\u0301ngeles-Azules-Premio-Lo-Nuestro-2021-billbaoord-1548-1613744918-compressed.jpeg?fit=1548%2C1024\" \/>\n\t<meta property=\"og:image:width\" content=\"1548\" \/>\n\t<meta property=\"og:image:height\" content=\"1024\" \/>\n\t<meta property=\"og:image:type\" content=\"image\/jpeg\" \/>\n<meta name=\"twitter:card\" content=\"summary_large_image\" \/>\n<meta name=\"twitter:label1\" content=\"Est. reading time\" \/>\n\t<meta name=\"twitter:data1\" content=\"2 minutos\" \/>\n<script type=\"application\/ld+json\" class=\"yoast-schema-graph\">{\"@context\":\"https:\/\/schema.org\",\"@graph\":[{\"@type\":\"WebPage\",\"@id\":\"https:\/\/graziamagazine.com\/mx\/articles\/por-que-los-angeles-azules-enfrentan-polemica-por-su-tema-de-1999-17-anos\/\",\"url\":\"https:\/\/graziamagazine.com\/mx\/articles\/por-que-los-angeles-azules-enfrentan-polemica-por-su-tema-de-1999-17-anos\/\",\"name\":\"\u00bfPor qu\u00e9 Los \u00c1ngeles Azules enfrentan pol\u00e9mica por su tema de 1999, \u201817 a\u00f1os\u2019? | Grazia M\u00e9xico y Latinoam\u00e9rica\",\"isPartOf\":{\"@id\":\"https:\/\/graziamagazine.com\/mx\/#website\"},\"datePublished\":\"2021-06-17T14:45:52+00:00\",\"dateModified\":\"2021-06-16T22:27:58+00:00\",\"description\":\"La canci\u00f3n que tiene 21 a\u00f1os de edad se hace mayor y se mete en problemas.\",\"breadcrumb\":{\"@id\":\"https:\/\/graziamagazine.com\/mx\/articles\/por-que-los-angeles-azules-enfrentan-polemica-por-su-tema-de-1999-17-anos\/#breadcrumb\"},\"inLanguage\":\"es-MX\",\"potentialAction\":[{\"@type\":\"ReadAction\",\"target\":[\"https:\/\/graziamagazine.com\/mx\/articles\/por-que-los-angeles-azules-enfrentan-polemica-por-su-tema-de-1999-17-anos\/\"]}]},{\"@type\":\"BreadcrumbList\",\"@id\":\"https:\/\/graziamagazine.com\/mx\/articles\/por-que-los-angeles-azules-enfrentan-polemica-por-su-tema-de-1999-17-anos\/#breadcrumb\",\"itemListElement\":[{\"@type\":\"ListItem\",\"position\":1,\"name\":\"Home\",\"item\":\"https:\/\/graziamagazine.com\/mx\/\"},{\"@type\":\"ListItem\",\"position\":2,\"name\":\"\u00bfPor qu\u00e9 Los \u00c1ngeles Azules enfrentan pol\u00e9mica por su tema de 1999, \u201817 a\u00f1os\u2019?\"}]},{\"@type\":\"WebSite\",\"@id\":\"https:\/\/graziamagazine.com\/mx\/#website\",\"url\":\"https:\/\/graziamagazine.com\/mx\/\",\"name\":\"Grazia M\u00e9xico y Latinoam\u00e9rica\",\"description\":\"Grazia es moda, belleza y noticias  de actualidad \",\"potentialAction\":[{\"@type\":\"SearchAction\",\"target\":{\"@type\":\"EntryPoint\",\"urlTemplate\":\"https:\/\/graziamagazine.com\/mx\/?s={search_term_string}\"},\"query-input\":\"required name=search_term_string\"}],\"inLanguage\":\"es-MX\"}]}<\/script>\n<!-- \/ Yoast SEO Premium plugin. -->","yoast_head_json":{"title":"\u00bfPor qu\u00e9 Los \u00c1ngeles Azules enfrentan pol\u00e9mica por su tema de 1999, \u201817 a\u00f1os\u2019? | Grazia M\u00e9xico y Latinoam\u00e9rica","description":"La canci\u00f3n que tiene 21 a\u00f1os de edad se hace mayor y se mete en problemas.","robots":{"index":"index","follow":"follow","max-snippet":"max-snippet:-1","max-image-preview":"max-image-preview:large","max-video-preview":"max-video-preview:-1"},"canonical":"https:\/\/graziamagazine.com\/mx\/articles\/por-que-los-angeles-azules-enfrentan-polemica-por-su-tema-de-1999-17-anos\/","og_locale":"es_MX","og_type":"article","og_title":"\u00bfPor qu\u00e9 Los \u00c1ngeles Azules enfrentan pol\u00e9mica por su tema de 1999, \u201817 a\u00f1os\u2019?","og_description":"La canci\u00f3n que tiene 21 a\u00f1os de edad se hace mayor y se mete en problemas.","og_url":"https:\/\/graziamagazine.com\/mx\/articles\/por-que-los-angeles-azules-enfrentan-polemica-por-su-tema-de-1999-17-anos\/","og_site_name":"Grazia M\u00e9xico y Latinoam\u00e9rica","article_modified_time":"2021-06-16T22:27:58+00:00","og_image":[{"width":1548,"height":1024,"url":"https:\/\/graziamagazine.com\/mx\/wp-content\/uploads\/sites\/13\/2021\/06\/Chiquis-Rivera-performs-with-Los-A\u0301ngeles-Azules-Premio-Lo-Nuestro-2021-billbaoord-1548-1613744918-compressed.jpeg?fit=1548%2C1024","type":"image\/jpeg"}],"twitter_card":"summary_large_image","twitter_misc":{"Est. reading time":"2 minutos"},"schema":{"@context":"https:\/\/schema.org","@graph":[{"@type":"WebPage","@id":"https:\/\/graziamagazine.com\/mx\/articles\/por-que-los-angeles-azules-enfrentan-polemica-por-su-tema-de-1999-17-anos\/","url":"https:\/\/graziamagazine.com\/mx\/articles\/por-que-los-angeles-azules-enfrentan-polemica-por-su-tema-de-1999-17-anos\/","name":"\u00bfPor qu\u00e9 Los \u00c1ngeles Azules enfrentan pol\u00e9mica por su tema de 1999, \u201817 a\u00f1os\u2019? | Grazia M\u00e9xico y Latinoam\u00e9rica","isPartOf":{"@id":"https:\/\/graziamagazine.com\/mx\/#website"},"datePublished":"2021-06-17T14:45:52+00:00","dateModified":"2021-06-16T22:27:58+00:00","description":"La canci\u00f3n que tiene 21 a\u00f1os de edad se hace mayor y se mete en problemas.","breadcrumb":{"@id":"https:\/\/graziamagazine.com\/mx\/articles\/por-que-los-angeles-azules-enfrentan-polemica-por-su-tema-de-1999-17-anos\/#breadcrumb"},"inLanguage":"es-MX","potentialAction":[{"@type":"ReadAction","target":["https:\/\/graziamagazine.com\/mx\/articles\/por-que-los-angeles-azules-enfrentan-polemica-por-su-tema-de-1999-17-anos\/"]}]},{"@type":"BreadcrumbList","@id":"https:\/\/graziamagazine.com\/mx\/articles\/por-que-los-angeles-azules-enfrentan-polemica-por-su-tema-de-1999-17-anos\/#breadcrumb","itemListElement":[{"@type":"ListItem","position":1,"name":"Home","item":"https:\/\/graziamagazine.com\/mx\/"},{"@type":"ListItem","position":2,"name":"\u00bfPor qu\u00e9 Los \u00c1ngeles Azules enfrentan pol\u00e9mica por su tema de 1999, \u201817 a\u00f1os\u2019?"}]},{"@type":"WebSite","@id":"https:\/\/graziamagazine.com\/mx\/#website","url":"https:\/\/graziamagazine.com\/mx\/","name":"Grazia M\u00e9xico y Latinoam\u00e9rica","description":"Grazia es moda, belleza y noticias  de actualidad ","potentialAction":[{"@type":"SearchAction","target":{"@type":"EntryPoint","urlTemplate":"https:\/\/graziamagazine.com\/mx\/?s={search_term_string}"},"query-input":"required name=search_term_string"}],"inLanguage":"es-MX"}]}},"jetpack_sharing_enabled":true,"distributor_meta":false,"distributor_terms":false,"distributor_media":false,"distributor_original_site_name":"Grazia M\u00e9xico y Latinoam\u00e9rica","distributor_original_site_url":"https:\/\/graziamagazine.com\/mx","push-errors":false,"_links":{"self":[{"href":"https:\/\/graziamagazine.com\/mx\/wp-json\/wp\/v2\/articles\/97928"}],"collection":[{"href":"https:\/\/graziamagazine.com\/mx\/wp-json\/wp\/v2\/articles"}],"about":[{"href":"https:\/\/graziamagazine.com\/mx\/wp-json\/wp\/v2\/types\/articles"}],"author":[{"embeddable":true,"href":"https:\/\/graziamagazine.com\/mx\/wp-json\/wp\/v2\/users\/11628"}],"wp:featuredmedia":[{"embeddable":true,"href":"https:\/\/graziamagazine.com\/mx\/wp-json\/wp\/v2\/media\/97930"}],"wp:attachment":[{"href":"https:\/\/graziamagazine.com\/mx\/wp-json\/wp\/v2\/media?parent=97928"}],"wp:term":[{"taxonomy":"category","embeddable":true,"href":"https:\/\/graziamagazine.com\/mx\/wp-json\/wp\/v2\/categories?post=97928"}],"curies":[{"name":"wp","href":"https:\/\/api.w.org\/{rel}","templated":true}]}}