{"id":97844,"date":"2021-06-16T09:00:34","date_gmt":"2021-06-16T14:00:34","guid":{"rendered":"https:\/\/graziamagazine.com\/mx\/?post_type=articles&#038;p=97844"},"modified":"2021-06-16T09:15:31","modified_gmt":"2021-06-16T14:15:31","slug":"la-terquedad-un-nuevo-vinedo-en-queretaro-para-pasar-tus-tardes-de-verano","status":"publish","type":"articles","link":"https:\/\/graziamagazine.com\/mx\/articles\/la-terquedad-un-nuevo-vinedo-en-queretaro-para-pasar-tus-tardes-de-verano\/","title":{"rendered":"La Terquedad: un nuevo vi\u00f1edo en Quer\u00e9taro para pasar tus tardes de verano"},"content":{"rendered":"<p>Los amantes del vino mexicano saben que en Quer\u00e9taro se encuentran algunos de los vi\u00f1edos m\u00e1s bonitos del pa\u00eds, atrayendo turistas de todo el mundo, ofreciendo experiencias \u00fanicas y gastronom\u00eda para los paladares m\u00e1s exigentes. Tras meses de encierro, un gran plan es visitar lugares nuevos, y para esos fines de semana que solo quieres relajarte y pasar una tarde agradable con la mejor compa\u00f1\u00eda, existe un nuevo destino que quiz\u00e1 no conoces todav\u00eda y no te puedes perder.<\/p>\n<p>Para quienes no han escuchado sobre el &#8220;vino terco&#8221;, desde hace m\u00e1s de una d\u00e9cada que <strong>La Terquedad<\/strong> se enfoca en la elaboraci\u00f3n de etiquetas con sabor aut\u00e9ntico y que transmiten la determinaci\u00f3n por enaltecer el vino mexicano con esencia queretana. Pero la experiencia no se acaba despu\u00e9s de probar su tres vinos (rosado, tempranillo y merlot). Ahora, justo a tiempo para recibir el verano, sus fundadoras y representantes <strong>Mar\u00eda Andrea <\/strong>y<strong> Luz Mar\u00eda Loyola\u00a0<\/strong>inauguraron un restaurante con una vista espectacular y un men\u00fa que te enamorar\u00e1. Porque si algo hace especial un vi\u00f1edo, es su comida&#8230;<\/p>\n<div class=\"content-gallery\"><div class=\"gallery-placeholder\"><div class=\"spinner\"><\/div><\/div><span class=\"gallery-pagination\"><\/span><div id=\"gallery-1\" class=\"gallery galleryid-97844 gallery-columns- gallery-size-\"><figure class=\"gallery-item\"><div class=\"gallery-icon landscape\"><img loading=\"lazy\" decoding=\"async\" width=\"1920\" height=\"1280\" src=\"https:\/\/graziamagazine.com\/mx\/wp-content\/uploads\/sites\/13\/2021\/06\/IMG_4868.jpg\" class=\"lazy\" alt=\"\" \/><\/div><\/figure><figure class=\"gallery-item\"><div class=\"gallery-icon landscape\"><img loading=\"lazy\" decoding=\"async\" width=\"1920\" height=\"1280\" src=\"https:\/\/graziamagazine.com\/mx\/wp-content\/uploads\/sites\/13\/2021\/06\/IMG_4551.jpg\" class=\"lazy\" alt=\"\" \/><\/div><\/figure><figure class=\"gallery-item\"><div class=\"gallery-icon landscape\"><img loading=\"lazy\" decoding=\"async\" width=\"1920\" height=\"1280\" src=\"https:\/\/graziamagazine.com\/mx\/wp-content\/uploads\/sites\/13\/2021\/06\/IMG_2897.jpg\" class=\"lazy\" alt=\"\" \/><\/div><\/figure><\/div><\/div>\n<p>El men\u00fa en La Terquedad est\u00e1 a cargo del chef mexicano <strong>Omar Valderrama<\/strong>, y se pueden degustar platillos elaborados con ingredientes de temporada como hummus de garbanzo con lentejas y tomates, alcachofas con alubias y boquerones y arroz meloso con terrina de lech\u00f3n. \u00bfDe postre? Brownie de chocolate con crema de avellana y el caf\u00e9 m\u00e1s espectacular.<\/p>\n<p>Su concepto gastron\u00f3mico es la utilizaci\u00f3n de ingredientes frescos y de campo, que sin duda acompa\u00f1a perfecto la carta de vinos. Adem\u00e1s, los visitantes podr\u00e1n pedir tablas de quesos y carnes fr\u00edas.<\/p>\n<blockquote><p>\u201cLa cocina de La Terquedad se distinguir\u00e1 por su sabores, calidad de los ingredientes y por las distintas t\u00e9cnicas gastron\u00f3micas de vanguardia que se fusionar\u00e1n con lo tradicional. Hacemos lo que nos gusta, y nos aseguramos que guste\u201d.<\/p><\/blockquote>\n<div class=\"content-gallery\"><div class=\"gallery-placeholder\"><div class=\"spinner\"><\/div><\/div><span class=\"gallery-pagination\"><\/span><div id=\"gallery-2\" class=\"gallery galleryid-97844 gallery-columns- gallery-size-\"><figure class=\"gallery-item\"><div class=\"gallery-icon landscape\"><img loading=\"lazy\" decoding=\"async\" width=\"1920\" height=\"1280\" src=\"https:\/\/graziamagazine.com\/mx\/wp-content\/uploads\/sites\/13\/2021\/06\/2FAECA88-4F60-450B-B8CB-2EC6824F91A2-EF5B600D-C33D-46CC-AECB-F1E986F5F54D.jpg\" class=\"lazy\" alt=\"\" \/><\/div><\/figure><figure class=\"gallery-item\"><div class=\"gallery-icon landscape\"><img loading=\"lazy\" decoding=\"async\" width=\"4032\" height=\"2588\" src=\"https:\/\/graziamagazine.com\/mx\/wp-content\/uploads\/sites\/13\/2021\/06\/IMG_7051.jpg\" class=\"lazy\" alt=\"\" \/><\/div><\/figure><figure class=\"gallery-item\"><div class=\"gallery-icon landscape\"><img loading=\"lazy\" decoding=\"async\" width=\"4032\" height=\"3024\" src=\"https:\/\/graziamagazine.com\/mx\/wp-content\/uploads\/sites\/13\/2021\/06\/IMG_7058.jpg\" class=\"lazy\" alt=\"\" \/><\/div><\/figure><\/div><\/div>\n<p>El plus de La Terquedad es que se encuentra muy cerca de la ciudad. Adem\u00e1s, el vi\u00f1edo se ubica del otro lado de la ruta del vino que todos conocemos, convirti\u00e9ndolo en un lugar \u00fanico.<\/p>\n<p>Los precios del &#8220;vino terco&#8221; oscilan entre los 250 y 320 pesos mexicanos. Y, por si fuera poco, las fundadoras tienen su pr\u00f3ximo proyecto en puerta para 2022: vino rosado espumoso.<\/p>\n<p><strong style=\"font-family: -apple-system, BlinkMacSystemFont, 'Segoe UI', Roboto, Oxygen-Sans, Ubuntu, Cantarell, 'Helvetica Neue', sans-serif\">\u00bfD\u00f3nde se ubica?<\/strong><\/p>\n<div class=\"title-subtitle-box \">\n<div class=\"subtitle\">\n<p><em>Ctra. Los Cues \u2013 Galindo, Km 8.8, Parcela 83 Z-2 P1\/2, Ejido Los Cues, Huimilpan. Quer\u00e9taro, QRO, M\u00e9xico. C. P. 76970<\/em><\/p>\n<p><strong style=\"font-family: -apple-system, BlinkMacSystemFont, 'Segoe UI', Roboto, Oxygen-Sans, Ubuntu, Cantarell, 'Helvetica Neue', sans-serif\">\u00bfCu\u00e1les son los horarios?<\/strong><\/p>\n<p>El restaurante abri\u00f3 sus puertas desde mayo y puedes visitarlo de jueves a domingo de 1.00p.m. a 7.00p.m.<\/p>\n<\/div>\n<\/div>\n<p>Si quieres saber m\u00e1s sobre La Terquedad, puedes visitar su <a href=\"http:\/\/laterquedadmx.com\/\" target=\"_blank\" rel=\"noopener\" target=\"_blank\"><strong>sitio oficial<\/strong><\/a>. Para reservar, puedes hacerlo a trav\u00e9s de <a href=\"https:\/\/www.instagram.com\/laterquedadmx\/\" target=\"_blank\" rel=\"noopener\" target=\"_blank\">Instagram<\/a> o su n\u00famero de WhatsApp: 442-315-5173.<\/p>\n<h5><em>*IM\u00c1GENES: Cortes\u00eda La Terquedad, Valeria Viniegra<\/em><\/h5>\n","protected":false},"author":11656,"featured_media":97861,"template":"","format":"standard","categories":[114,9864],"acf":[],"yoast_head":"<!-- This site is optimized with the Yoast SEO Premium plugin v18.5 (Yoast SEO v20.4) - https:\/\/yoast.com\/wordpress\/plugins\/seo\/ -->\n<title>La Terquedad: un nuevo vi\u00f1edo en Quer\u00e9taro para pasar tus tardes de verano | Grazia M\u00e9xico y Latinoam\u00e9rica<\/title>\n<meta name=\"description\" content=\"Si eres amante del vino, entonces tienes que conocer este nuevo espacio en Quer\u00e9taro. \u00a1No te lo pierdas!\" \/>\n<meta name=\"robots\" content=\"index, follow, max-snippet:-1, max-image-preview:large, max-video-preview:-1\" \/>\n<link rel=\"canonical\" href=\"https:\/\/graziamagazine.com\/mx\/articles\/la-terquedad-un-nuevo-vinedo-en-queretaro-para-pasar-tus-tardes-de-verano\/\" \/>\n<meta property=\"og:locale\" content=\"es_MX\" \/>\n<meta property=\"og:type\" content=\"article\" \/>\n<meta property=\"og:title\" content=\"La Terquedad: un nuevo vi\u00f1edo en Quer\u00e9taro para pasar tus tardes de verano\" \/>\n<meta property=\"og:description\" content=\"Si eres amante del vino, entonces tienes que conocer este nuevo espacio en Quer\u00e9taro. \u00a1No te lo pierdas!\" \/>\n<meta property=\"og:url\" content=\"https:\/\/graziamagazine.com\/mx\/articles\/la-terquedad-un-nuevo-vinedo-en-queretaro-para-pasar-tus-tardes-de-verano\/\" \/>\n<meta property=\"og:site_name\" content=\"Grazia M\u00e9xico y Latinoam\u00e9rica\" \/>\n<meta property=\"article:modified_time\" content=\"2021-06-16T14:15:31+00:00\" \/>\n<meta property=\"og:image\" content=\"https:\/\/graziamagazine.com\/mx\/wp-content\/uploads\/sites\/13\/2021\/06\/WhatsApp-Image-2021-06-15-at-2.53.46-PM.jpeg?fit=1280%2C820\" \/>\n\t<meta property=\"og:image:width\" content=\"1280\" \/>\n\t<meta property=\"og:image:height\" content=\"820\" \/>\n\t<meta property=\"og:image:type\" content=\"image\/jpeg\" \/>\n<meta name=\"twitter:card\" content=\"summary_large_image\" \/>\n<meta name=\"twitter:label1\" content=\"Est. reading time\" \/>\n\t<meta name=\"twitter:data1\" content=\"2 minutos\" \/>\n<script type=\"application\/ld+json\" class=\"yoast-schema-graph\">{\"@context\":\"https:\/\/schema.org\",\"@graph\":[{\"@type\":\"WebPage\",\"@id\":\"https:\/\/graziamagazine.com\/mx\/articles\/la-terquedad-un-nuevo-vinedo-en-queretaro-para-pasar-tus-tardes-de-verano\/\",\"url\":\"https:\/\/graziamagazine.com\/mx\/articles\/la-terquedad-un-nuevo-vinedo-en-queretaro-para-pasar-tus-tardes-de-verano\/\",\"name\":\"La Terquedad: un nuevo vi\u00f1edo en Quer\u00e9taro para pasar tus tardes de verano | Grazia M\u00e9xico y Latinoam\u00e9rica\",\"isPartOf\":{\"@id\":\"https:\/\/graziamagazine.com\/mx\/#website\"},\"datePublished\":\"2021-06-16T14:00:34+00:00\",\"dateModified\":\"2021-06-16T14:15:31+00:00\",\"description\":\"Si eres amante del vino, entonces tienes que conocer este nuevo espacio en Quer\u00e9taro. \u00a1No te lo pierdas!\",\"breadcrumb\":{\"@id\":\"https:\/\/graziamagazine.com\/mx\/articles\/la-terquedad-un-nuevo-vinedo-en-queretaro-para-pasar-tus-tardes-de-verano\/#breadcrumb\"},\"inLanguage\":\"es-MX\",\"potentialAction\":[{\"@type\":\"ReadAction\",\"target\":[\"https:\/\/graziamagazine.com\/mx\/articles\/la-terquedad-un-nuevo-vinedo-en-queretaro-para-pasar-tus-tardes-de-verano\/\"]}]},{\"@type\":\"BreadcrumbList\",\"@id\":\"https:\/\/graziamagazine.com\/mx\/articles\/la-terquedad-un-nuevo-vinedo-en-queretaro-para-pasar-tus-tardes-de-verano\/#breadcrumb\",\"itemListElement\":[{\"@type\":\"ListItem\",\"position\":1,\"name\":\"Home\",\"item\":\"https:\/\/graziamagazine.com\/mx\/\"},{\"@type\":\"ListItem\",\"position\":2,\"name\":\"La Terquedad: un nuevo vi\u00f1edo en Quer\u00e9taro para pasar tus tardes de verano\"}]},{\"@type\":\"WebSite\",\"@id\":\"https:\/\/graziamagazine.com\/mx\/#website\",\"url\":\"https:\/\/graziamagazine.com\/mx\/\",\"name\":\"Grazia M\u00e9xico y Latinoam\u00e9rica\",\"description\":\"Grazia es moda, belleza y noticias  de actualidad \",\"potentialAction\":[{\"@type\":\"SearchAction\",\"target\":{\"@type\":\"EntryPoint\",\"urlTemplate\":\"https:\/\/graziamagazine.com\/mx\/?s={search_term_string}\"},\"query-input\":\"required name=search_term_string\"}],\"inLanguage\":\"es-MX\"}]}<\/script>\n<!-- \/ Yoast SEO Premium plugin. -->","yoast_head_json":{"title":"La Terquedad: un nuevo vi\u00f1edo en Quer\u00e9taro para pasar tus tardes de verano | Grazia M\u00e9xico y Latinoam\u00e9rica","description":"Si eres amante del vino, entonces tienes que conocer este nuevo espacio en Quer\u00e9taro. \u00a1No te lo pierdas!","robots":{"index":"index","follow":"follow","max-snippet":"max-snippet:-1","max-image-preview":"max-image-preview:large","max-video-preview":"max-video-preview:-1"},"canonical":"https:\/\/graziamagazine.com\/mx\/articles\/la-terquedad-un-nuevo-vinedo-en-queretaro-para-pasar-tus-tardes-de-verano\/","og_locale":"es_MX","og_type":"article","og_title":"La Terquedad: un nuevo vi\u00f1edo en Quer\u00e9taro para pasar tus tardes de verano","og_description":"Si eres amante del vino, entonces tienes que conocer este nuevo espacio en Quer\u00e9taro. \u00a1No te lo pierdas!","og_url":"https:\/\/graziamagazine.com\/mx\/articles\/la-terquedad-un-nuevo-vinedo-en-queretaro-para-pasar-tus-tardes-de-verano\/","og_site_name":"Grazia M\u00e9xico y Latinoam\u00e9rica","article_modified_time":"2021-06-16T14:15:31+00:00","og_image":[{"width":1280,"height":820,"url":"https:\/\/graziamagazine.com\/mx\/wp-content\/uploads\/sites\/13\/2021\/06\/WhatsApp-Image-2021-06-15-at-2.53.46-PM.jpeg?fit=1280%2C820","type":"image\/jpeg"}],"twitter_card":"summary_large_image","twitter_misc":{"Est. reading time":"2 minutos"},"schema":{"@context":"https:\/\/schema.org","@graph":[{"@type":"WebPage","@id":"https:\/\/graziamagazine.com\/mx\/articles\/la-terquedad-un-nuevo-vinedo-en-queretaro-para-pasar-tus-tardes-de-verano\/","url":"https:\/\/graziamagazine.com\/mx\/articles\/la-terquedad-un-nuevo-vinedo-en-queretaro-para-pasar-tus-tardes-de-verano\/","name":"La Terquedad: un nuevo vi\u00f1edo en Quer\u00e9taro para pasar tus tardes de verano | Grazia M\u00e9xico y Latinoam\u00e9rica","isPartOf":{"@id":"https:\/\/graziamagazine.com\/mx\/#website"},"datePublished":"2021-06-16T14:00:34+00:00","dateModified":"2021-06-16T14:15:31+00:00","description":"Si eres amante del vino, entonces tienes que conocer este nuevo espacio en Quer\u00e9taro. \u00a1No te lo pierdas!","breadcrumb":{"@id":"https:\/\/graziamagazine.com\/mx\/articles\/la-terquedad-un-nuevo-vinedo-en-queretaro-para-pasar-tus-tardes-de-verano\/#breadcrumb"},"inLanguage":"es-MX","potentialAction":[{"@type":"ReadAction","target":["https:\/\/graziamagazine.com\/mx\/articles\/la-terquedad-un-nuevo-vinedo-en-queretaro-para-pasar-tus-tardes-de-verano\/"]}]},{"@type":"BreadcrumbList","@id":"https:\/\/graziamagazine.com\/mx\/articles\/la-terquedad-un-nuevo-vinedo-en-queretaro-para-pasar-tus-tardes-de-verano\/#breadcrumb","itemListElement":[{"@type":"ListItem","position":1,"name":"Home","item":"https:\/\/graziamagazine.com\/mx\/"},{"@type":"ListItem","position":2,"name":"La Terquedad: un nuevo vi\u00f1edo en Quer\u00e9taro para pasar tus tardes de verano"}]},{"@type":"WebSite","@id":"https:\/\/graziamagazine.com\/mx\/#website","url":"https:\/\/graziamagazine.com\/mx\/","name":"Grazia M\u00e9xico y Latinoam\u00e9rica","description":"Grazia es moda, belleza y noticias  de actualidad ","potentialAction":[{"@type":"SearchAction","target":{"@type":"EntryPoint","urlTemplate":"https:\/\/graziamagazine.com\/mx\/?s={search_term_string}"},"query-input":"required name=search_term_string"}],"inLanguage":"es-MX"}]}},"jetpack_sharing_enabled":true,"distributor_meta":false,"distributor_terms":false,"distributor_media":false,"distributor_original_site_name":"Grazia M\u00e9xico y Latinoam\u00e9rica","distributor_original_site_url":"https:\/\/graziamagazine.com\/mx","push-errors":false,"_links":{"self":[{"href":"https:\/\/graziamagazine.com\/mx\/wp-json\/wp\/v2\/articles\/97844"}],"collection":[{"href":"https:\/\/graziamagazine.com\/mx\/wp-json\/wp\/v2\/articles"}],"about":[{"href":"https:\/\/graziamagazine.com\/mx\/wp-json\/wp\/v2\/types\/articles"}],"author":[{"embeddable":true,"href":"https:\/\/graziamagazine.com\/mx\/wp-json\/wp\/v2\/users\/11656"}],"wp:featuredmedia":[{"embeddable":true,"href":"https:\/\/graziamagazine.com\/mx\/wp-json\/wp\/v2\/media\/97861"}],"wp:attachment":[{"href":"https:\/\/graziamagazine.com\/mx\/wp-json\/wp\/v2\/media?parent=97844"}],"wp:term":[{"taxonomy":"category","embeddable":true,"href":"https:\/\/graziamagazine.com\/mx\/wp-json\/wp\/v2\/categories?post=97844"}],"curies":[{"name":"wp","href":"https:\/\/api.w.org\/{rel}","templated":true}]}}