{"id":97789,"date":"2021-06-14T09:32:20","date_gmt":"2021-06-14T14:32:20","guid":{"rendered":"https:\/\/graziamagazine.com\/mx\/?post_type=articles&#038;p=97789"},"modified":"2021-06-14T10:17:24","modified_gmt":"2021-06-14T15:17:24","slug":"que-es-lo-que-piensa-bradley-cooper-de-la-relacion-de-su-ex-irina-shayk-con-kanye-west","status":"publish","type":"articles","link":"https:\/\/graziamagazine.com\/mx\/articles\/que-es-lo-que-piensa-bradley-cooper-de-la-relacion-de-su-ex-irina-shayk-con-kanye-west\/","title":{"rendered":"\u00bfQu\u00e9 es lo que piensa Bradley Cooper de la relaci\u00f3n de su ex, Irina Shayk, con Kanye West?"},"content":{"rendered":"<p><span style=\"font-weight: 400\">La noticia del romance entre <\/span><b>Irina Shayk y Kanye West<\/b><span style=\"font-weight: 400\"> no ha sido del todo una sorpresa para sus fan\u00e1ticos, pues hay un historial que se remonta a varios a\u00f1os, pero al parecer s\u00ed lo ha sido para sus respectivas ex parejas, <\/span><b>Kim Kardashian y Bradley Cooper.<\/b><span style=\"font-weight: 400\"> Sin embargo, el actor lo ha tomado con madurez y esto es lo que piensa.<\/span><\/p>\n<p><span style=\"font-weight: 400\">&#8220;<em>Bradley apoya plenamente a quien Irina elija hasta la fecha; solo quiere que ella sea feliz. Bradley e Irina no solo se llevan bien como padres, tambi\u00e9n son amigos cercanos y comparten cosas personales<\/em>&#8220;, dijo una fuente cercana a la ex pareja a <\/span><i><span style=\"font-weight: 400\">Us Weekly<\/span><\/i><span style=\"font-weight: 400\">, y es que se dice que en verdad se llevan muy bien tras su separaci\u00f3n.<\/span><\/p>\n<p><span style=\"font-weight: 400\">\u201cEst\u00e1n en buenos t\u00e9rminos y son muy respetuosos entre s\u00ed, lo que hace que el proceso de crianza compartida sea mucho m\u00e1s fluido. En este momento, est\u00e1n mejor como amigos. El enfoque de Bradley es y ha sido su hija y su madre [Gloria Campano], a quien adora. Siempre ser\u00e1n sus n\u00fameros uno. El enfoque de Irina, por supuesto, es su hija y luego cualquier trabajo de modelo que tenga\u201d, dijo otra fuente a la publicaci\u00f3n estadounidense.<\/span><\/p>\n<p><span style=\"font-weight: 400\">Y es que, luego de varios rumores, finalmente se les ha visto a la modelo y al rapero juntos, de vacaciones, en el sur de Francia.\u00a0 Aunque no se les capt\u00f3 en ninguna situaci\u00f3n ni actitud comprometedora, el hecho es que s\u00ed estuvieron paseando juntos.<\/span><\/p>\n<blockquote><p><span style=\"font-weight: 400\">&#8220;Irina y Kanye han estado pasando tiempo juntos y conoci\u00e9ndose. \u00c9l siempre pens\u00f3 que ella era hermosa y ambos est\u00e1n ansiosos por ver a d\u00f3nde va esto&#8221;, dijo la semana pasada una fuente.<\/span><\/p><\/blockquote>\n<p><span style=\"font-weight: 400\">La historia de un amor plat\u00f3nico por parte del rapero hacia la modelo se remonta a 2010, cuando West lanz\u00f3 la canci\u00f3n <\/span><b><i>Power<\/i><\/b><span style=\"font-weight: 400\">, junto a <\/span><b>Dwele<\/b><span style=\"font-weight: 400\">. El video musical lo mostraba rodeado de hermosas mujeres, con t\u00fanicas flotantes, como en lo que ser\u00eda el para\u00edso. Casualmente esas mujeres son <\/span><b>Jessica White, Diandra Forrest e Irina Shayk.<\/b><\/p>\n<p><span style=\"font-weight: 400\">Ese mismo a\u00f1o Kanye lanz\u00f3 <\/span><b><i>Calvin Klein Denim Flow<\/i><\/b><span style=\"font-weight: 400\">. La letra incluye un resumen de las hermosas mujeres a las que le gustar\u00eda conocer: \u201cQuiero ver a Irina Shayk junto a Doutzen\u201d, dice la letra. Y ahora parece que todo se est\u00e1 dando para conocerse y tener una relaci\u00f3n.<\/span><\/p>\n<p><span style=\"font-weight: 400\">Por el momento, todo el mundo tenemos una duda: \u00bfqu\u00e9 piensa Kim Kardashian de la naciente relaci\u00f3n de su ex marido? Te lo contamos en cuanto sepamos.<\/span><\/p>\n<p><em><strong>*IMAGEN: Getty Images<\/strong><\/em><\/p>\n","protected":false},"author":11628,"featured_media":97791,"template":"","format":"standard","categories":[2],"acf":[],"yoast_head":"<!-- This site is optimized with the Yoast SEO Premium plugin v18.5 (Yoast SEO v20.4) - https:\/\/yoast.com\/wordpress\/plugins\/seo\/ -->\n<title>\u00bfQu\u00e9 es lo que piensa Bradley Cooper de la relaci\u00f3n de su ex, Irina Shayk, con Kanye West? | Grazia M\u00e9xico y Latinoam\u00e9rica<\/title>\n<meta name=\"description\" content=\"Ya solo queda por conocer la opini\u00f3n de Kim Kardashian.\" \/>\n<meta name=\"robots\" content=\"index, follow, max-snippet:-1, max-image-preview:large, max-video-preview:-1\" \/>\n<link rel=\"canonical\" href=\"https:\/\/graziamagazine.com\/mx\/articles\/que-es-lo-que-piensa-bradley-cooper-de-la-relacion-de-su-ex-irina-shayk-con-kanye-west\/\" \/>\n<meta property=\"og:locale\" content=\"es_MX\" \/>\n<meta property=\"og:type\" content=\"article\" \/>\n<meta property=\"og:title\" content=\"\u00bfQu\u00e9 es lo que piensa Bradley Cooper de la relaci\u00f3n de su ex, Irina Shayk, con Kanye West?\" \/>\n<meta property=\"og:description\" content=\"Ya solo queda por conocer la opini\u00f3n de Kim Kardashian.\" \/>\n<meta property=\"og:url\" content=\"https:\/\/graziamagazine.com\/mx\/articles\/que-es-lo-que-piensa-bradley-cooper-de-la-relacion-de-su-ex-irina-shayk-con-kanye-west\/\" \/>\n<meta property=\"og:site_name\" content=\"Grazia M\u00e9xico y Latinoam\u00e9rica\" \/>\n<meta property=\"article:modified_time\" content=\"2021-06-14T15:17:24+00:00\" \/>\n<meta property=\"og:image\" content=\"https:\/\/graziamagazine.com\/mx\/wp-content\/uploads\/sites\/13\/2021\/06\/ella-es-la-duena-del-corazon-de-bradley-cooper-destacada.jpeg?fit=858%2C536\" \/>\n\t<meta property=\"og:image:width\" content=\"858\" \/>\n\t<meta property=\"og:image:height\" content=\"536\" \/>\n\t<meta property=\"og:image:type\" content=\"image\/jpeg\" \/>\n<meta name=\"twitter:card\" content=\"summary_large_image\" \/>\n<meta name=\"twitter:label1\" content=\"Est. reading time\" \/>\n\t<meta name=\"twitter:data1\" content=\"2 minutos\" \/>\n<script type=\"application\/ld+json\" class=\"yoast-schema-graph\">{\"@context\":\"https:\/\/schema.org\",\"@graph\":[{\"@type\":\"WebPage\",\"@id\":\"https:\/\/graziamagazine.com\/mx\/articles\/que-es-lo-que-piensa-bradley-cooper-de-la-relacion-de-su-ex-irina-shayk-con-kanye-west\/\",\"url\":\"https:\/\/graziamagazine.com\/mx\/articles\/que-es-lo-que-piensa-bradley-cooper-de-la-relacion-de-su-ex-irina-shayk-con-kanye-west\/\",\"name\":\"\u00bfQu\u00e9 es lo que piensa Bradley Cooper de la relaci\u00f3n de su ex, Irina Shayk, con Kanye West? | Grazia M\u00e9xico y Latinoam\u00e9rica\",\"isPartOf\":{\"@id\":\"https:\/\/graziamagazine.com\/mx\/#website\"},\"datePublished\":\"2021-06-14T14:32:20+00:00\",\"dateModified\":\"2021-06-14T15:17:24+00:00\",\"description\":\"Ya solo queda por conocer la opini\u00f3n de Kim Kardashian.\",\"breadcrumb\":{\"@id\":\"https:\/\/graziamagazine.com\/mx\/articles\/que-es-lo-que-piensa-bradley-cooper-de-la-relacion-de-su-ex-irina-shayk-con-kanye-west\/#breadcrumb\"},\"inLanguage\":\"es-MX\",\"potentialAction\":[{\"@type\":\"ReadAction\",\"target\":[\"https:\/\/graziamagazine.com\/mx\/articles\/que-es-lo-que-piensa-bradley-cooper-de-la-relacion-de-su-ex-irina-shayk-con-kanye-west\/\"]}]},{\"@type\":\"BreadcrumbList\",\"@id\":\"https:\/\/graziamagazine.com\/mx\/articles\/que-es-lo-que-piensa-bradley-cooper-de-la-relacion-de-su-ex-irina-shayk-con-kanye-west\/#breadcrumb\",\"itemListElement\":[{\"@type\":\"ListItem\",\"position\":1,\"name\":\"Home\",\"item\":\"https:\/\/graziamagazine.com\/mx\/\"},{\"@type\":\"ListItem\",\"position\":2,\"name\":\"\u00bfQu\u00e9 es lo que piensa Bradley Cooper de la relaci\u00f3n de su ex, Irina Shayk, con Kanye West?\"}]},{\"@type\":\"WebSite\",\"@id\":\"https:\/\/graziamagazine.com\/mx\/#website\",\"url\":\"https:\/\/graziamagazine.com\/mx\/\",\"name\":\"Grazia M\u00e9xico y Latinoam\u00e9rica\",\"description\":\"Grazia es moda, belleza y noticias  de actualidad \",\"potentialAction\":[{\"@type\":\"SearchAction\",\"target\":{\"@type\":\"EntryPoint\",\"urlTemplate\":\"https:\/\/graziamagazine.com\/mx\/?s={search_term_string}\"},\"query-input\":\"required name=search_term_string\"}],\"inLanguage\":\"es-MX\"}]}<\/script>\n<!-- \/ Yoast SEO Premium plugin. -->","yoast_head_json":{"title":"\u00bfQu\u00e9 es lo que piensa Bradley Cooper de la relaci\u00f3n de su ex, Irina Shayk, con Kanye West? | Grazia M\u00e9xico y Latinoam\u00e9rica","description":"Ya solo queda por conocer la opini\u00f3n de Kim Kardashian.","robots":{"index":"index","follow":"follow","max-snippet":"max-snippet:-1","max-image-preview":"max-image-preview:large","max-video-preview":"max-video-preview:-1"},"canonical":"https:\/\/graziamagazine.com\/mx\/articles\/que-es-lo-que-piensa-bradley-cooper-de-la-relacion-de-su-ex-irina-shayk-con-kanye-west\/","og_locale":"es_MX","og_type":"article","og_title":"\u00bfQu\u00e9 es lo que piensa Bradley Cooper de la relaci\u00f3n de su ex, Irina Shayk, con Kanye West?","og_description":"Ya solo queda por conocer la opini\u00f3n de Kim Kardashian.","og_url":"https:\/\/graziamagazine.com\/mx\/articles\/que-es-lo-que-piensa-bradley-cooper-de-la-relacion-de-su-ex-irina-shayk-con-kanye-west\/","og_site_name":"Grazia M\u00e9xico y Latinoam\u00e9rica","article_modified_time":"2021-06-14T15:17:24+00:00","og_image":[{"width":858,"height":536,"url":"https:\/\/graziamagazine.com\/mx\/wp-content\/uploads\/sites\/13\/2021\/06\/ella-es-la-duena-del-corazon-de-bradley-cooper-destacada.jpeg?fit=858%2C536","type":"image\/jpeg"}],"twitter_card":"summary_large_image","twitter_misc":{"Est. reading time":"2 minutos"},"schema":{"@context":"https:\/\/schema.org","@graph":[{"@type":"WebPage","@id":"https:\/\/graziamagazine.com\/mx\/articles\/que-es-lo-que-piensa-bradley-cooper-de-la-relacion-de-su-ex-irina-shayk-con-kanye-west\/","url":"https:\/\/graziamagazine.com\/mx\/articles\/que-es-lo-que-piensa-bradley-cooper-de-la-relacion-de-su-ex-irina-shayk-con-kanye-west\/","name":"\u00bfQu\u00e9 es lo que piensa Bradley Cooper de la relaci\u00f3n de su ex, Irina Shayk, con Kanye West? | Grazia M\u00e9xico y Latinoam\u00e9rica","isPartOf":{"@id":"https:\/\/graziamagazine.com\/mx\/#website"},"datePublished":"2021-06-14T14:32:20+00:00","dateModified":"2021-06-14T15:17:24+00:00","description":"Ya solo queda por conocer la opini\u00f3n de Kim Kardashian.","breadcrumb":{"@id":"https:\/\/graziamagazine.com\/mx\/articles\/que-es-lo-que-piensa-bradley-cooper-de-la-relacion-de-su-ex-irina-shayk-con-kanye-west\/#breadcrumb"},"inLanguage":"es-MX","potentialAction":[{"@type":"ReadAction","target":["https:\/\/graziamagazine.com\/mx\/articles\/que-es-lo-que-piensa-bradley-cooper-de-la-relacion-de-su-ex-irina-shayk-con-kanye-west\/"]}]},{"@type":"BreadcrumbList","@id":"https:\/\/graziamagazine.com\/mx\/articles\/que-es-lo-que-piensa-bradley-cooper-de-la-relacion-de-su-ex-irina-shayk-con-kanye-west\/#breadcrumb","itemListElement":[{"@type":"ListItem","position":1,"name":"Home","item":"https:\/\/graziamagazine.com\/mx\/"},{"@type":"ListItem","position":2,"name":"\u00bfQu\u00e9 es lo que piensa Bradley Cooper de la relaci\u00f3n de su ex, Irina Shayk, con Kanye West?"}]},{"@type":"WebSite","@id":"https:\/\/graziamagazine.com\/mx\/#website","url":"https:\/\/graziamagazine.com\/mx\/","name":"Grazia M\u00e9xico y Latinoam\u00e9rica","description":"Grazia es moda, belleza y noticias  de actualidad ","potentialAction":[{"@type":"SearchAction","target":{"@type":"EntryPoint","urlTemplate":"https:\/\/graziamagazine.com\/mx\/?s={search_term_string}"},"query-input":"required name=search_term_string"}],"inLanguage":"es-MX"}]}},"jetpack_sharing_enabled":true,"distributor_meta":false,"distributor_terms":false,"distributor_media":false,"distributor_original_site_name":"Grazia M\u00e9xico y Latinoam\u00e9rica","distributor_original_site_url":"https:\/\/graziamagazine.com\/mx","push-errors":false,"_links":{"self":[{"href":"https:\/\/graziamagazine.com\/mx\/wp-json\/wp\/v2\/articles\/97789"}],"collection":[{"href":"https:\/\/graziamagazine.com\/mx\/wp-json\/wp\/v2\/articles"}],"about":[{"href":"https:\/\/graziamagazine.com\/mx\/wp-json\/wp\/v2\/types\/articles"}],"author":[{"embeddable":true,"href":"https:\/\/graziamagazine.com\/mx\/wp-json\/wp\/v2\/users\/11628"}],"wp:featuredmedia":[{"embeddable":true,"href":"https:\/\/graziamagazine.com\/mx\/wp-json\/wp\/v2\/media\/97791"}],"wp:attachment":[{"href":"https:\/\/graziamagazine.com\/mx\/wp-json\/wp\/v2\/media?parent=97789"}],"wp:term":[{"taxonomy":"category","embeddable":true,"href":"https:\/\/graziamagazine.com\/mx\/wp-json\/wp\/v2\/categories?post=97789"}],"curies":[{"name":"wp","href":"https:\/\/api.w.org\/{rel}","templated":true}]}}