{"id":97362,"date":"2021-05-31T12:23:36","date_gmt":"2021-05-31T17:23:36","guid":{"rendered":"https:\/\/graziamagazine.com\/mx\/?post_type=articles&#038;p=97362"},"modified":"2021-05-31T12:55:51","modified_gmt":"2021-05-31T17:55:51","slug":"confirmada-la-tercera-temporada-de-luis-miguel-la-serie","status":"publish","type":"articles","link":"https:\/\/graziamagazine.com\/mx\/articles\/confirmada-la-tercera-temporada-de-luis-miguel-la-serie\/","title":{"rendered":"\u00a1Confirmada la tercera temporada de &#8216;Luis Miguel la serie&#8217;!"},"content":{"rendered":"<p><span style=\"font-weight: 400\">Luego del cap\u00edtulo final de la segunda temporada de <\/span><b><i>Luis Miguel, la serie<\/i><\/b><span style=\"font-weight: 400\">, y del gran \u00e9xito que toda la producci\u00f3n ha tenido, <\/span><b>Netflix<\/b><span style=\"font-weight: 400\"> nos ha complacido con la confirmaci\u00f3n de que habr\u00e1 una tercera y \u00faltima parte para continuar conociendo la vida de \u2018El Sol\u2019 y resolver los temas inconclusos hasta ahora. \u00a1No podr\u00edamos estar m\u00e1s emocionados!<\/span><\/p>\n<p><span style=\"font-weight: 400\">Y es que, con el final que vimos ayer, sin duda nos quedamos con ganas de m\u00e1s. Luego de la transmisi\u00f3n del \u00faltimo cap\u00edtulo, <\/span><b>Diego Boneta<\/b><span style=\"font-weight: 400\"> anunci\u00f3 en su cuenta de Instagram la continuaci\u00f3n de esta historia: \u201cEl sol seguir\u00e1 brillando en una tercera y \u00faltima temporada\u201d, escribi\u00f3 el actor junto a una fotograf\u00eda de \u00e9l caracterizado de <\/span><b>Luis Miguel <\/b><span style=\"font-weight: 400\">en una vestimenta de mariachi.<\/span><\/p>\n<p><span style=\"font-weight: 400\">\u201c<em>Te vas porque yo quiero que te vayas. Pero tranquilos, el Sol regresar\u00e1 por tercera y \u00faltima vez<\/em>\u201d, escribi\u00f3 a su vez en Instagram la cuenta oficial de Luis Miguel, la serie, junto a la misma fotograf\u00eda de Boneta sobre el escenario y su ropa de mariachi.<\/span><\/p>\n<blockquote class=\"instagram-media\" data-instgrm-captioned data-instgrm-permalink=\"https:\/\/www.instagram.com\/p\/CPhKJ6orGAi\/?utm_source=ig_embed&amp;utm_campaign=loading\" data-instgrm-version=\"13\" style=\" background:#FFF; border:0; border-radius:3px; box-shadow:0 0 1px 0 rgba(0,0,0,0.5),0 1px 10px 0 rgba(0,0,0,0.15); margin: 1px; max-width:500px; min-width:326px; padding:0; width:99.375%; width:-webkit-calc(100% - 2px); width:calc(100% - 2px);\">\n<div style=\"padding:16px;\"> <a href=\"https:\/\/www.instagram.com\/p\/CPhKJ6orGAi\/?utm_source=ig_embed&amp;utm_campaign=loading\" style=\" background:#FFFFFF; line-height:0; padding:0 0; text-align:center; text-decoration:none; width:100%;\" target=\"_blank\"> <\/p>\n<div style=\" display: flex; flex-direction: row; align-items: center;\">\n<div style=\"background-color: #F4F4F4; border-radius: 50%; flex-grow: 0; height: 40px; margin-right: 14px; width: 40px;\"><\/div>\n<div style=\"display: flex; flex-direction: column; flex-grow: 1; justify-content: center;\">\n<div style=\" background-color: #F4F4F4; border-radius: 4px; flex-grow: 0; height: 14px; margin-bottom: 6px; width: 100px;\"><\/div>\n<div style=\" background-color: #F4F4F4; border-radius: 4px; flex-grow: 0; height: 14px; width: 60px;\"><\/div>\n<\/div>\n<\/div>\n<div style=\"padding: 19% 0;\"><\/div>\n<div style=\"display:block; height:50px; margin:0 auto 12px; width:50px;\"><svg width=\"50px\" height=\"50px\" viewBox=\"0 0 60 60\" version=\"1.1\" xmlns=\"https:\/\/www.w3.org\/2000\/svg\" xmlns:xlink=\"https:\/\/www.w3.org\/1999\/xlink\"><g stroke=\"none\" stroke-width=\"1\" fill=\"none\" fill-rule=\"evenodd\"><g transform=\"translate(-511.000000, -20.000000)\" fill=\"#000000\"><g><path d=\"M556.869,30.41 C554.814,30.41 553.148,32.076 553.148,34.131 C553.148,36.186 554.814,37.852 556.869,37.852 C558.924,37.852 560.59,36.186 560.59,34.131 C560.59,32.076 558.924,30.41 556.869,30.41 M541,60.657 C535.114,60.657 530.342,55.887 530.342,50 C530.342,44.114 535.114,39.342 541,39.342 C546.887,39.342 551.658,44.114 551.658,50 C551.658,55.887 546.887,60.657 541,60.657 M541,33.886 C532.1,33.886 524.886,41.1 524.886,50 C524.886,58.899 532.1,66.113 541,66.113 C549.9,66.113 557.115,58.899 557.115,50 C557.115,41.1 549.9,33.886 541,33.886 M565.378,62.101 C565.244,65.022 564.756,66.606 564.346,67.663 C563.803,69.06 563.154,70.057 562.106,71.106 C561.058,72.155 560.06,72.803 558.662,73.347 C557.607,73.757 556.021,74.244 553.102,74.378 C549.944,74.521 548.997,74.552 541,74.552 C533.003,74.552 532.056,74.521 528.898,74.378 C525.979,74.244 524.393,73.757 523.338,73.347 C521.94,72.803 520.942,72.155 519.894,71.106 C518.846,70.057 518.197,69.06 517.654,67.663 C517.244,66.606 516.755,65.022 516.623,62.101 C516.479,58.943 516.448,57.996 516.448,50 C516.448,42.003 516.479,41.056 516.623,37.899 C516.755,34.978 517.244,33.391 517.654,32.338 C518.197,30.938 518.846,29.942 519.894,28.894 C520.942,27.846 521.94,27.196 523.338,26.654 C524.393,26.244 525.979,25.756 528.898,25.623 C532.057,25.479 533.004,25.448 541,25.448 C548.997,25.448 549.943,25.479 553.102,25.623 C556.021,25.756 557.607,26.244 558.662,26.654 C560.06,27.196 561.058,27.846 562.106,28.894 C563.154,29.942 563.803,30.938 564.346,32.338 C564.756,33.391 565.244,34.978 565.378,37.899 C565.522,41.056 565.552,42.003 565.552,50 C565.552,57.996 565.522,58.943 565.378,62.101 M570.82,37.631 C570.674,34.438 570.167,32.258 569.425,30.349 C568.659,28.377 567.633,26.702 565.965,25.035 C564.297,23.368 562.623,22.342 560.652,21.575 C558.743,20.834 556.562,20.326 553.369,20.18 C550.169,20.033 549.148,20 541,20 C532.853,20 531.831,20.033 528.631,20.18 C525.438,20.326 523.257,20.834 521.349,21.575 C519.376,22.342 517.703,23.368 516.035,25.035 C514.368,26.702 513.342,28.377 512.574,30.349 C511.834,32.258 511.326,34.438 511.181,37.631 C511.035,40.831 511,41.851 511,50 C511,58.147 511.035,59.17 511.181,62.369 C511.326,65.562 511.834,67.743 512.574,69.651 C513.342,71.625 514.368,73.296 516.035,74.965 C517.703,76.634 519.376,77.658 521.349,78.425 C523.257,79.167 525.438,79.673 528.631,79.82 C531.831,79.965 532.853,80.001 541,80.001 C549.148,80.001 550.169,79.965 553.369,79.82 C556.562,79.673 558.743,79.167 560.652,78.425 C562.623,77.658 564.297,76.634 565.965,74.965 C567.633,73.296 568.659,71.625 569.425,69.651 C570.167,67.743 570.674,65.562 570.82,62.369 C570.966,59.17 571,58.147 571,50 C571,41.851 570.966,40.831 570.82,37.631\"><\/path><\/g><\/g><\/g><\/svg><\/div>\n<div style=\"padding-top: 8px;\">\n<div style=\" color:#3897f0; font-family:Arial,sans-serif; font-size:14px; font-style:normal; font-weight:550; line-height:18px;\"> View this post on Instagram<\/div>\n<\/div>\n<div style=\"padding: 12.5% 0;\"><\/div>\n<div style=\"display: flex; flex-direction: row; margin-bottom: 14px; align-items: center;\">\n<div>\n<div style=\"background-color: #F4F4F4; border-radius: 50%; height: 12.5px; width: 12.5px; transform: translateX(0px) translateY(7px);\"><\/div>\n<div style=\"background-color: #F4F4F4; height: 12.5px; transform: rotate(-45deg) translateX(3px) translateY(1px); width: 12.5px; flex-grow: 0; margin-right: 14px; margin-left: 2px;\"><\/div>\n<div style=\"background-color: #F4F4F4; border-radius: 50%; height: 12.5px; width: 12.5px; transform: translateX(9px) translateY(-18px);\"><\/div>\n<\/div>\n<div style=\"margin-left: 8px;\">\n<div style=\" background-color: #F4F4F4; border-radius: 50%; flex-grow: 0; height: 20px; width: 20px;\"><\/div>\n<div style=\" width: 0; height: 0; border-top: 2px solid transparent; border-left: 6px solid #f4f4f4; border-bottom: 2px solid transparent; transform: translateX(16px) translateY(-4px) rotate(30deg)\"><\/div>\n<\/div>\n<div style=\"margin-left: auto;\">\n<div style=\" width: 0px; border-top: 8px solid #F4F4F4; border-right: 8px solid transparent; transform: translateY(16px);\"><\/div>\n<div style=\" background-color: #F4F4F4; flex-grow: 0; height: 12px; width: 16px; transform: translateY(-4px);\"><\/div>\n<div style=\" width: 0; height: 0; border-top: 8px solid #F4F4F4; border-left: 8px solid transparent; transform: translateY(-4px) translateX(8px);\"><\/div>\n<\/div>\n<\/div>\n<div style=\"display: flex; flex-direction: column; flex-grow: 1; justify-content: center; margin-bottom: 24px;\">\n<div style=\" background-color: #F4F4F4; border-radius: 4px; flex-grow: 0; height: 14px; margin-bottom: 6px; width: 224px;\"><\/div>\n<div style=\" background-color: #F4F4F4; border-radius: 4px; flex-grow: 0; height: 14px; width: 144px;\"><\/div>\n<\/div>\n<p><\/a><\/p>\n<p style=\" color:#c9c8cd; font-family:Arial,sans-serif; font-size:14px; line-height:17px; margin-bottom:0; margin-top:8px; overflow:hidden; padding:8px 0 7px; text-align:center; text-overflow:ellipsis; white-space:nowrap;\"><a href=\"https:\/\/www.instagram.com\/p\/CPhKJ6orGAi\/?utm_source=ig_embed&amp;utm_campaign=loading\" style=\" color:#c9c8cd; font-family:Arial,sans-serif; font-size:14px; font-style:normal; font-weight:normal; line-height:17px; text-decoration:none;\" target=\"_blank\" target=\"_blank\">A post shared by Luis Miguel La Serie (@luismiguellaserie)<\/a><\/p>\n<\/div>\n<\/blockquote>\n<p><script async src=\"\/\/platform.instagram.com\/en_US\/embeds.js\"><\/script><\/p>\n<p><span style=\"font-weight: 400\">Por lo que pudimos ver en estos ocho cap\u00edtulos de la tercera temporada, creemos que la cuarta entrega seguir\u00e1 sus relaciones personales, como la relaci\u00f3n en crecimiento del cantante con su hija <\/span><b>Michelle Salas<\/b><span style=\"font-weight: 400\">, los dif\u00edciles intentos de fortalecer su romance con su novia Erika, y la estrepitosa relaci\u00f3n con sus hermanos &#8211; el distanciamiento con Alex y las peleas con su abuela por la custodia de Sergio -, as\u00ed como su trabajo y esfuerzo para lanzar nuevo material musical a pesar de las secuelas del accidente de audio que da\u00f1\u00f3 su o\u00eddo.<\/span><\/p>\n<p><span style=\"font-weight: 400\">Asimismo, en cuanto a su vida laboral, durante la segunda temporada vimos el fallecimiento de Hugo L\u00f3pez y el da\u00f1o personal que esta tragedia le trajo a Luis Miguel. Tiempo despu\u00e9s, el cantante decide terminar su relaci\u00f3n laboral con Alex McCluskey, para dar una oportunidad a Patricio Robles como su manager, dando paso al nacimiento de su propia empresa, por lo que suponemos que la tercera temporada describir\u00e1 el resurgimiento de su carrera bajo una nueva tutela administrativa.\u00a0<\/span><\/p>\n<p><span style=\"font-weight: 400\">El \u00faltimo cap\u00edtulo de la primera temporada se estren\u00f3 el 15 de julio de 2018 y el primer episodio de la segunda temporada pudimos verlo el 18 de abril de este 2021. \u00a1Esperemos que esta vez no tengamos que esperar casi 3 a\u00f1os para ver la siguiente entrega! Te mantendremos informada.\u00a0<\/span><\/p>\n<p><em><strong>*IMAGEN: Instagram &#8216;Luis Miguel la serie&#8217;<\/strong><\/em><\/p>\n","protected":false},"author":11628,"featured_media":97366,"template":"","format":"standard","categories":[114],"acf":[],"yoast_head":"<!-- This site is optimized with the Yoast SEO Premium plugin v18.5 (Yoast SEO v20.4) - https:\/\/yoast.com\/wordpress\/plugins\/seo\/ -->\n<title>\u00a1Confirmada la tercera temporada de &#039;Luis Miguel la serie&#039;! | Grazia M\u00e9xico y Latinoam\u00e9rica<\/title>\n<meta name=\"description\" content=\"A\u00fan tenemos Sol para rato.\" \/>\n<meta name=\"robots\" content=\"index, follow, max-snippet:-1, max-image-preview:large, max-video-preview:-1\" \/>\n<link rel=\"canonical\" href=\"https:\/\/graziamagazine.com\/mx\/articles\/confirmada-la-tercera-temporada-de-luis-miguel-la-serie\/\" \/>\n<meta property=\"og:locale\" content=\"es_MX\" \/>\n<meta property=\"og:type\" content=\"article\" \/>\n<meta property=\"og:title\" content=\"\u00a1Confirmada la tercera temporada de &#039;Luis Miguel la serie&#039;!\" \/>\n<meta property=\"og:description\" content=\"A\u00fan tenemos Sol para rato.\" \/>\n<meta property=\"og:url\" content=\"https:\/\/graziamagazine.com\/mx\/articles\/confirmada-la-tercera-temporada-de-luis-miguel-la-serie\/\" \/>\n<meta property=\"og:site_name\" content=\"Grazia M\u00e9xico y Latinoam\u00e9rica\" \/>\n<meta property=\"article:modified_time\" content=\"2021-05-31T17:55:51+00:00\" \/>\n<meta property=\"og:image\" content=\"https:\/\/graziamagazine.com\/mx\/wp-content\/uploads\/sites\/13\/2021\/05\/193801005_850660315660603_6259592249018272564_n.jpg?fit=1080%2C747\" \/>\n\t<meta property=\"og:image:width\" content=\"1080\" \/>\n\t<meta property=\"og:image:height\" content=\"747\" \/>\n\t<meta property=\"og:image:type\" content=\"image\/jpeg\" \/>\n<meta name=\"twitter:card\" content=\"summary_large_image\" \/>\n<meta name=\"twitter:label1\" content=\"Est. reading time\" \/>\n\t<meta name=\"twitter:data1\" content=\"2 minutos\" \/>\n<script type=\"application\/ld+json\" class=\"yoast-schema-graph\">{\"@context\":\"https:\/\/schema.org\",\"@graph\":[{\"@type\":\"WebPage\",\"@id\":\"https:\/\/graziamagazine.com\/mx\/articles\/confirmada-la-tercera-temporada-de-luis-miguel-la-serie\/\",\"url\":\"https:\/\/graziamagazine.com\/mx\/articles\/confirmada-la-tercera-temporada-de-luis-miguel-la-serie\/\",\"name\":\"\u00a1Confirmada la tercera temporada de 'Luis Miguel la serie'! | Grazia M\u00e9xico y Latinoam\u00e9rica\",\"isPartOf\":{\"@id\":\"https:\/\/graziamagazine.com\/mx\/#website\"},\"datePublished\":\"2021-05-31T17:23:36+00:00\",\"dateModified\":\"2021-05-31T17:55:51+00:00\",\"description\":\"A\u00fan tenemos Sol para rato.\",\"breadcrumb\":{\"@id\":\"https:\/\/graziamagazine.com\/mx\/articles\/confirmada-la-tercera-temporada-de-luis-miguel-la-serie\/#breadcrumb\"},\"inLanguage\":\"es-MX\",\"potentialAction\":[{\"@type\":\"ReadAction\",\"target\":[\"https:\/\/graziamagazine.com\/mx\/articles\/confirmada-la-tercera-temporada-de-luis-miguel-la-serie\/\"]}]},{\"@type\":\"BreadcrumbList\",\"@id\":\"https:\/\/graziamagazine.com\/mx\/articles\/confirmada-la-tercera-temporada-de-luis-miguel-la-serie\/#breadcrumb\",\"itemListElement\":[{\"@type\":\"ListItem\",\"position\":1,\"name\":\"Home\",\"item\":\"https:\/\/graziamagazine.com\/mx\/\"},{\"@type\":\"ListItem\",\"position\":2,\"name\":\"\u00a1Confirmada la tercera temporada de &#8216;Luis Miguel la serie&#8217;!\"}]},{\"@type\":\"WebSite\",\"@id\":\"https:\/\/graziamagazine.com\/mx\/#website\",\"url\":\"https:\/\/graziamagazine.com\/mx\/\",\"name\":\"Grazia M\u00e9xico y Latinoam\u00e9rica\",\"description\":\"Grazia es moda, belleza y noticias  de actualidad \",\"potentialAction\":[{\"@type\":\"SearchAction\",\"target\":{\"@type\":\"EntryPoint\",\"urlTemplate\":\"https:\/\/graziamagazine.com\/mx\/?s={search_term_string}\"},\"query-input\":\"required name=search_term_string\"}],\"inLanguage\":\"es-MX\"}]}<\/script>\n<!-- \/ Yoast SEO Premium plugin. -->","yoast_head_json":{"title":"\u00a1Confirmada la tercera temporada de 'Luis Miguel la serie'! | Grazia M\u00e9xico y Latinoam\u00e9rica","description":"A\u00fan tenemos Sol para rato.","robots":{"index":"index","follow":"follow","max-snippet":"max-snippet:-1","max-image-preview":"max-image-preview:large","max-video-preview":"max-video-preview:-1"},"canonical":"https:\/\/graziamagazine.com\/mx\/articles\/confirmada-la-tercera-temporada-de-luis-miguel-la-serie\/","og_locale":"es_MX","og_type":"article","og_title":"\u00a1Confirmada la tercera temporada de 'Luis Miguel la serie'!","og_description":"A\u00fan tenemos Sol para rato.","og_url":"https:\/\/graziamagazine.com\/mx\/articles\/confirmada-la-tercera-temporada-de-luis-miguel-la-serie\/","og_site_name":"Grazia M\u00e9xico y Latinoam\u00e9rica","article_modified_time":"2021-05-31T17:55:51+00:00","og_image":[{"width":1080,"height":747,"url":"https:\/\/graziamagazine.com\/mx\/wp-content\/uploads\/sites\/13\/2021\/05\/193801005_850660315660603_6259592249018272564_n.jpg?fit=1080%2C747","type":"image\/jpeg"}],"twitter_card":"summary_large_image","twitter_misc":{"Est. reading time":"2 minutos"},"schema":{"@context":"https:\/\/schema.org","@graph":[{"@type":"WebPage","@id":"https:\/\/graziamagazine.com\/mx\/articles\/confirmada-la-tercera-temporada-de-luis-miguel-la-serie\/","url":"https:\/\/graziamagazine.com\/mx\/articles\/confirmada-la-tercera-temporada-de-luis-miguel-la-serie\/","name":"\u00a1Confirmada la tercera temporada de 'Luis Miguel la serie'! | Grazia M\u00e9xico y Latinoam\u00e9rica","isPartOf":{"@id":"https:\/\/graziamagazine.com\/mx\/#website"},"datePublished":"2021-05-31T17:23:36+00:00","dateModified":"2021-05-31T17:55:51+00:00","description":"A\u00fan tenemos Sol para rato.","breadcrumb":{"@id":"https:\/\/graziamagazine.com\/mx\/articles\/confirmada-la-tercera-temporada-de-luis-miguel-la-serie\/#breadcrumb"},"inLanguage":"es-MX","potentialAction":[{"@type":"ReadAction","target":["https:\/\/graziamagazine.com\/mx\/articles\/confirmada-la-tercera-temporada-de-luis-miguel-la-serie\/"]}]},{"@type":"BreadcrumbList","@id":"https:\/\/graziamagazine.com\/mx\/articles\/confirmada-la-tercera-temporada-de-luis-miguel-la-serie\/#breadcrumb","itemListElement":[{"@type":"ListItem","position":1,"name":"Home","item":"https:\/\/graziamagazine.com\/mx\/"},{"@type":"ListItem","position":2,"name":"\u00a1Confirmada la tercera temporada de &#8216;Luis Miguel la serie&#8217;!"}]},{"@type":"WebSite","@id":"https:\/\/graziamagazine.com\/mx\/#website","url":"https:\/\/graziamagazine.com\/mx\/","name":"Grazia M\u00e9xico y Latinoam\u00e9rica","description":"Grazia es moda, belleza y noticias  de actualidad ","potentialAction":[{"@type":"SearchAction","target":{"@type":"EntryPoint","urlTemplate":"https:\/\/graziamagazine.com\/mx\/?s={search_term_string}"},"query-input":"required name=search_term_string"}],"inLanguage":"es-MX"}]}},"jetpack_sharing_enabled":true,"distributor_meta":false,"distributor_terms":false,"distributor_media":false,"distributor_original_site_name":"Grazia M\u00e9xico y Latinoam\u00e9rica","distributor_original_site_url":"https:\/\/graziamagazine.com\/mx","push-errors":false,"_links":{"self":[{"href":"https:\/\/graziamagazine.com\/mx\/wp-json\/wp\/v2\/articles\/97362"}],"collection":[{"href":"https:\/\/graziamagazine.com\/mx\/wp-json\/wp\/v2\/articles"}],"about":[{"href":"https:\/\/graziamagazine.com\/mx\/wp-json\/wp\/v2\/types\/articles"}],"author":[{"embeddable":true,"href":"https:\/\/graziamagazine.com\/mx\/wp-json\/wp\/v2\/users\/11628"}],"wp:featuredmedia":[{"embeddable":true,"href":"https:\/\/graziamagazine.com\/mx\/wp-json\/wp\/v2\/media\/97366"}],"wp:attachment":[{"href":"https:\/\/graziamagazine.com\/mx\/wp-json\/wp\/v2\/media?parent=97362"}],"wp:term":[{"taxonomy":"category","embeddable":true,"href":"https:\/\/graziamagazine.com\/mx\/wp-json\/wp\/v2\/categories?post=97362"}],"curies":[{"name":"wp","href":"https:\/\/api.w.org\/{rel}","templated":true}]}}