{"id":97310,"date":"2021-05-28T10:11:05","date_gmt":"2021-05-28T15:11:05","guid":{"rendered":"https:\/\/graziamagazine.com\/mx\/?post_type=articles&#038;p=97310"},"modified":"2021-05-28T10:24:19","modified_gmt":"2021-05-28T15:24:19","slug":"kanye-west-e-irina-shayk-estan-saliendo","status":"publish","type":"articles","link":"https:\/\/graziamagazine.com\/mx\/articles\/kanye-west-e-irina-shayk-estan-saliendo\/","title":{"rendered":"\u00bfKanye West e Irina Shayk est\u00e1n saliendo?"},"content":{"rendered":"<p><span style=\"font-weight: 400\">Un nuevo rumor despierta al mundo. Aparentemente, dos personas que recientemente han terminado una relaci\u00f3n, han sido captadas juntas o muy cerca, y como a los fan\u00e1ticos nada se les escapa ahora los han relacionado sentimentalmente. Nos referimos a la modelo <\/span><b>Irina Shayk <\/b><span style=\"font-weight: 400\">y al rapero <\/span><b>Kanye West.<\/b><span style=\"font-weight: 400\"> \u00bfSer\u00e1?<\/span><\/p>\n<p><span style=\"font-weight: 400\">La especulaci\u00f3n comenz\u00f3 en la cuenta an\u00f3nima de Instagram que siempre releva supuestas nuevas relaciones y muchas veces acierta &#8211; <\/span><b>DeuxMoi <\/b><span style=\"font-weight: 400\">&#8211; y va creciendo poco a poco conforme los fans a\u00f1aden m\u00e1s informaci\u00f3n. En espec\u00edfico, la respuesta a esa publicaci\u00f3n de alguien que parece tener informaci\u00f3n fidedigna, dijo que \u201cdefinitivamente est\u00e1n saliendo&#8221;. Lo cierto es que a pesar de no existir ninguna confirmaci\u00f3n, s\u00ed existen v\u00ednculos entre ellos. Te contamos todo.<\/span><\/p>\n<p><span style=\"font-weight: 400\">La historia se remonta a 2010, cuando Kanye West lanz\u00f3 el video musical de su canci\u00f3n <\/span><b><i>Power<\/i><\/b><span style=\"font-weight: 400\">, junto a <\/span><b>Dwele<\/b><span style=\"font-weight: 400\">. El video musical lo mostraba rodeado de hermosas mujeres, con t\u00fanicas flotantes, como en lo que ser\u00eda el para\u00edso. Casualmente esas mujeres son <\/span><b>Jessica White, Diandra Forrest e Irina Shayk.<\/b><\/p>\n<p><iframe loading=\"lazy\" title=\"Kanye West - POWER\" width=\"500\" height=\"281\" src=\"https:\/\/www.youtube.com\/embed\/L53gjP-TtGE?feature=oembed\" frameborder=\"0\" allow=\"accelerometer; autoplay; clipboard-write; encrypted-media; gyroscope; picture-in-picture\" allowfullscreen><\/iframe><\/p>\n<p><span style=\"font-weight: 400\">Ese mismo a\u00f1o Kanye lanz\u00f3 <\/span><b><i>Calvin Klein Denim Flow<\/i><\/b><span style=\"font-weight: 400\">. La letra incluye un resumen de las hermosas mujeres a las que le gustar\u00eda conocer: &#8220;Quiero ver a Irina Shayk junto a Doutzen&#8221;, dice la letra. Un mensaje muy directo para ella.<\/span><\/p>\n<p><span style=\"font-weight: 400\">Pero la admiraci\u00f3n es mutua, pues a ra\u00edz del fallecimiento del rapero <\/span><b>Earl Simmons<\/b><span style=\"font-weight: 400\">, mejor conocido por su nombre art\u00edstico, <\/span><b>DMX<\/b><span style=\"font-weight: 400\">, el mes pasado, Irina fue vista en Nueva York con una camiseta que porta la imagen del rapero, prenda dise\u00f1ada en colaboraci\u00f3n con <\/span><b>Kanye y Balenciaga.<\/b><\/p>\n<p><span style=\"font-weight: 400\">M\u00e1s all\u00e1 de esta informaci\u00f3n, no tenemos. Solo las especulaciones de los fan\u00e1ticos en redes sociales donde afirman haberlos visto en sitios muy cercanos en la ciudad de Nueva York, como si hubieran quedado de verse en determinado lugar, y luego se fueran por separado.\u00a0<\/span><\/p>\n<p><span style=\"font-weight: 400\">Sin embargo, para<\/span><b> Kim Kardashian<\/b><span style=\"font-weight: 400\">, ex esposa de Kanye West, son solo eso: rumores. Una fuente cercana a la empresaria dijo que Kim \u201cno cree los rumores de Irina en absoluto. Para ella, se trata de notas escandalosas en medios amarillistas justo en pleno mes de mayo, que ser\u00eda el aniversario de bodas con Kanye. \u201cA ella no le molesta en absoluto, a nadie en su c\u00edrculo parece importarle o creerlo. Incluso si es cierto, dudo que ella se moleste en este punto\u201d, a\u00f1adi\u00f3 esa fuente.\u00a0<\/span><\/p>\n<p><span style=\"font-weight: 400\">En efecto, son a\u00fan rumores y de confirmarse, seremos los primeros en informarte.<\/span><\/p>\n<h5><em>*IMAGEN: Getty Images<\/em><\/h5>\n","protected":false},"author":11628,"featured_media":97312,"template":"","format":"standard","categories":[2],"acf":[],"yoast_head":"<!-- This site is optimized with the Yoast SEO Premium plugin v18.5 (Yoast SEO v20.4) - https:\/\/yoast.com\/wordpress\/plugins\/seo\/ -->\n<title>\u00bfKanye West e Irina Shayk est\u00e1n saliendo? | Grazia M\u00e9xico y Latinoam\u00e9rica<\/title>\n<meta name=\"description\" content=\"Adem\u00e1s ent\u00e9rate de lo que piensa Kim Kardashian de todo esto.\" \/>\n<meta name=\"robots\" content=\"index, follow, max-snippet:-1, max-image-preview:large, max-video-preview:-1\" \/>\n<link rel=\"canonical\" href=\"https:\/\/graziamagazine.com\/mx\/articles\/kanye-west-e-irina-shayk-estan-saliendo\/\" \/>\n<meta property=\"og:locale\" content=\"es_MX\" \/>\n<meta property=\"og:type\" content=\"article\" \/>\n<meta property=\"og:title\" content=\"\u00bfKanye West e Irina Shayk est\u00e1n saliendo?\" \/>\n<meta property=\"og:description\" content=\"Adem\u00e1s ent\u00e9rate de lo que piensa Kim Kardashian de todo esto.\" \/>\n<meta property=\"og:url\" content=\"https:\/\/graziamagazine.com\/mx\/articles\/kanye-west-e-irina-shayk-estan-saliendo\/\" \/>\n<meta property=\"og:site_name\" content=\"Grazia M\u00e9xico y Latinoam\u00e9rica\" \/>\n<meta property=\"article:modified_time\" content=\"2021-05-28T15:24:19+00:00\" \/>\n<meta property=\"og:image\" content=\"https:\/\/graziamagazine.com\/mx\/wp-content\/uploads\/sites\/13\/2021\/05\/irina-shayk-le-roba-el-estilista-a-una-de-sus-mejores-amigas.jpeg?fit=1200%2C900\" \/>\n\t<meta property=\"og:image:width\" content=\"1200\" \/>\n\t<meta property=\"og:image:height\" content=\"900\" \/>\n\t<meta property=\"og:image:type\" content=\"image\/jpeg\" \/>\n<meta name=\"twitter:card\" content=\"summary_large_image\" \/>\n<meta name=\"twitter:label1\" content=\"Est. reading time\" \/>\n\t<meta name=\"twitter:data1\" content=\"2 minutos\" \/>\n<script type=\"application\/ld+json\" class=\"yoast-schema-graph\">{\"@context\":\"https:\/\/schema.org\",\"@graph\":[{\"@type\":\"WebPage\",\"@id\":\"https:\/\/graziamagazine.com\/mx\/articles\/kanye-west-e-irina-shayk-estan-saliendo\/\",\"url\":\"https:\/\/graziamagazine.com\/mx\/articles\/kanye-west-e-irina-shayk-estan-saliendo\/\",\"name\":\"\u00bfKanye West e Irina Shayk est\u00e1n saliendo? | Grazia M\u00e9xico y Latinoam\u00e9rica\",\"isPartOf\":{\"@id\":\"https:\/\/graziamagazine.com\/mx\/#website\"},\"datePublished\":\"2021-05-28T15:11:05+00:00\",\"dateModified\":\"2021-05-28T15:24:19+00:00\",\"description\":\"Adem\u00e1s ent\u00e9rate de lo que piensa Kim Kardashian de todo esto.\",\"breadcrumb\":{\"@id\":\"https:\/\/graziamagazine.com\/mx\/articles\/kanye-west-e-irina-shayk-estan-saliendo\/#breadcrumb\"},\"inLanguage\":\"es-MX\",\"potentialAction\":[{\"@type\":\"ReadAction\",\"target\":[\"https:\/\/graziamagazine.com\/mx\/articles\/kanye-west-e-irina-shayk-estan-saliendo\/\"]}]},{\"@type\":\"BreadcrumbList\",\"@id\":\"https:\/\/graziamagazine.com\/mx\/articles\/kanye-west-e-irina-shayk-estan-saliendo\/#breadcrumb\",\"itemListElement\":[{\"@type\":\"ListItem\",\"position\":1,\"name\":\"Home\",\"item\":\"https:\/\/graziamagazine.com\/mx\/\"},{\"@type\":\"ListItem\",\"position\":2,\"name\":\"\u00bfKanye West e Irina Shayk est\u00e1n saliendo?\"}]},{\"@type\":\"WebSite\",\"@id\":\"https:\/\/graziamagazine.com\/mx\/#website\",\"url\":\"https:\/\/graziamagazine.com\/mx\/\",\"name\":\"Grazia M\u00e9xico y Latinoam\u00e9rica\",\"description\":\"Grazia es moda, belleza y noticias  de actualidad \",\"potentialAction\":[{\"@type\":\"SearchAction\",\"target\":{\"@type\":\"EntryPoint\",\"urlTemplate\":\"https:\/\/graziamagazine.com\/mx\/?s={search_term_string}\"},\"query-input\":\"required name=search_term_string\"}],\"inLanguage\":\"es-MX\"}]}<\/script>\n<!-- \/ Yoast SEO Premium plugin. -->","yoast_head_json":{"title":"\u00bfKanye West e Irina Shayk est\u00e1n saliendo? | Grazia M\u00e9xico y Latinoam\u00e9rica","description":"Adem\u00e1s ent\u00e9rate de lo que piensa Kim Kardashian de todo esto.","robots":{"index":"index","follow":"follow","max-snippet":"max-snippet:-1","max-image-preview":"max-image-preview:large","max-video-preview":"max-video-preview:-1"},"canonical":"https:\/\/graziamagazine.com\/mx\/articles\/kanye-west-e-irina-shayk-estan-saliendo\/","og_locale":"es_MX","og_type":"article","og_title":"\u00bfKanye West e Irina Shayk est\u00e1n saliendo?","og_description":"Adem\u00e1s ent\u00e9rate de lo que piensa Kim Kardashian de todo esto.","og_url":"https:\/\/graziamagazine.com\/mx\/articles\/kanye-west-e-irina-shayk-estan-saliendo\/","og_site_name":"Grazia M\u00e9xico y Latinoam\u00e9rica","article_modified_time":"2021-05-28T15:24:19+00:00","og_image":[{"width":1200,"height":900,"url":"https:\/\/graziamagazine.com\/mx\/wp-content\/uploads\/sites\/13\/2021\/05\/irina-shayk-le-roba-el-estilista-a-una-de-sus-mejores-amigas.jpeg?fit=1200%2C900","type":"image\/jpeg"}],"twitter_card":"summary_large_image","twitter_misc":{"Est. reading time":"2 minutos"},"schema":{"@context":"https:\/\/schema.org","@graph":[{"@type":"WebPage","@id":"https:\/\/graziamagazine.com\/mx\/articles\/kanye-west-e-irina-shayk-estan-saliendo\/","url":"https:\/\/graziamagazine.com\/mx\/articles\/kanye-west-e-irina-shayk-estan-saliendo\/","name":"\u00bfKanye West e Irina Shayk est\u00e1n saliendo? | Grazia M\u00e9xico y Latinoam\u00e9rica","isPartOf":{"@id":"https:\/\/graziamagazine.com\/mx\/#website"},"datePublished":"2021-05-28T15:11:05+00:00","dateModified":"2021-05-28T15:24:19+00:00","description":"Adem\u00e1s ent\u00e9rate de lo que piensa Kim Kardashian de todo esto.","breadcrumb":{"@id":"https:\/\/graziamagazine.com\/mx\/articles\/kanye-west-e-irina-shayk-estan-saliendo\/#breadcrumb"},"inLanguage":"es-MX","potentialAction":[{"@type":"ReadAction","target":["https:\/\/graziamagazine.com\/mx\/articles\/kanye-west-e-irina-shayk-estan-saliendo\/"]}]},{"@type":"BreadcrumbList","@id":"https:\/\/graziamagazine.com\/mx\/articles\/kanye-west-e-irina-shayk-estan-saliendo\/#breadcrumb","itemListElement":[{"@type":"ListItem","position":1,"name":"Home","item":"https:\/\/graziamagazine.com\/mx\/"},{"@type":"ListItem","position":2,"name":"\u00bfKanye West e Irina Shayk est\u00e1n saliendo?"}]},{"@type":"WebSite","@id":"https:\/\/graziamagazine.com\/mx\/#website","url":"https:\/\/graziamagazine.com\/mx\/","name":"Grazia M\u00e9xico y Latinoam\u00e9rica","description":"Grazia es moda, belleza y noticias  de actualidad ","potentialAction":[{"@type":"SearchAction","target":{"@type":"EntryPoint","urlTemplate":"https:\/\/graziamagazine.com\/mx\/?s={search_term_string}"},"query-input":"required name=search_term_string"}],"inLanguage":"es-MX"}]}},"jetpack_sharing_enabled":true,"distributor_meta":false,"distributor_terms":false,"distributor_media":false,"distributor_original_site_name":"Grazia M\u00e9xico y Latinoam\u00e9rica","distributor_original_site_url":"https:\/\/graziamagazine.com\/mx","push-errors":false,"_links":{"self":[{"href":"https:\/\/graziamagazine.com\/mx\/wp-json\/wp\/v2\/articles\/97310"}],"collection":[{"href":"https:\/\/graziamagazine.com\/mx\/wp-json\/wp\/v2\/articles"}],"about":[{"href":"https:\/\/graziamagazine.com\/mx\/wp-json\/wp\/v2\/types\/articles"}],"author":[{"embeddable":true,"href":"https:\/\/graziamagazine.com\/mx\/wp-json\/wp\/v2\/users\/11628"}],"wp:featuredmedia":[{"embeddable":true,"href":"https:\/\/graziamagazine.com\/mx\/wp-json\/wp\/v2\/media\/97312"}],"wp:attachment":[{"href":"https:\/\/graziamagazine.com\/mx\/wp-json\/wp\/v2\/media?parent=97310"}],"wp:term":[{"taxonomy":"category","embeddable":true,"href":"https:\/\/graziamagazine.com\/mx\/wp-json\/wp\/v2\/categories?post=97310"}],"curies":[{"name":"wp","href":"https:\/\/api.w.org\/{rel}","templated":true}]}}