{"id":97258,"date":"2021-05-28T08:00:13","date_gmt":"2021-05-28T13:00:13","guid":{"rendered":"https:\/\/graziamagazine.com\/mx\/?post_type=articles&#038;p=97258"},"modified":"2021-05-27T22:20:14","modified_gmt":"2021-05-28T03:20:14","slug":"por-que-nos-fascina-la-vida-privada-de-las-celebridades","status":"publish","type":"articles","link":"https:\/\/graziamagazine.com\/mx\/articles\/por-que-nos-fascina-la-vida-privada-de-las-celebridades\/","title":{"rendered":"\u00bfPor qu\u00e9 nos fascina la vida privada de las celebridades?"},"content":{"rendered":"<p><strong>Por <a href=\"https:\/\/graziadaily.co.uk\/author\/guy-pewsey-2\/\" target=\"_blank\" rel=\"noopener\" target=\"_blank\">Guy Pewsey<\/a><\/strong><\/p>\n<p>\u00bfQu\u00e9 tienen esas personas a las que ni siquiera conocemos que nos fascinan tanto? \u00bfPor qu\u00e9 nos llaman la atenci\u00f3n las haza\u00f1as de las <strong>estrellas de cine, de los m\u00fasicos y de los modelos<\/strong>? Estos individuos, incre\u00edblemente hermosos y envidiablemente ricos, suelen vivir en mundos muy distinto al nuestro. Y aunque uno podr\u00eda esperar sentir extra\u00f1eza y rechazo hacia ellos, sucede justo lo contrario: nos sentimos encantados \u200bpor ese mundo en el que habitan. Durante el \u00faltimo a\u00f1o (y quiz\u00e1s m\u00e1s que nunca) el mundo ha buscado el escapismo en las pantallas, en las revistas y en nuestras redes sociales favoritas. Podr\u00eda parecer que nunca hemos necesitado tanto a las celebridades, aunque esto dista mucho de ser un fen\u00f3meno nuevo.<\/p>\n<blockquote><p>&#8220;Creo que nuestra <strong>fascinaci\u00f3n por las celebridades<\/strong> se remonta a mucho tiempo atr\u00e1s,&#8221;<\/p><\/blockquote>\n<p>Esto le dice a <em>Grazia<\/em> Laurie Santos, profesora de psicolog\u00eda en la Universidad de Yale, antes del lanzamiento de su nuevo proyecto con <strong>Chanel N \u00b0 5<\/strong>. \u201c<em>Siempre hemos buscado modelos a seguir, ya sean h\u00e9roes de historias de ficci\u00f3n o personas de la vida real con vidas incre\u00edbles. Se remonta, al menos, a la Antigua Grecia y nuestra fascinaci\u00f3n por los dioses del Olimpo: estas figuras que eran m\u00e1s grandes que la vida<\/em>&#8220;.<\/p>\n<p>Claro que hemos evolucionado para interesarnos en los rostros reales y tangibles sobre los seres celestiales, pero eso no significa que alguna vez no haya sido as\u00ed: los primates de los que evolucionamos incluso ten\u00edan celebridades propias. &#8220;<em>Hay pruebas del cient\u00edfico Michael Platt, de la Universidad de Pensilvania, de que los monos estar\u00edan dispuestos a \u2018pagar\u2019 para ver im\u00e1genes de monos de mayor estatus<\/em>&#8220;, explica Laurie.\u00a0Es un concepto fascinante: el inter\u00e9s en las personas con las que no tenemos conexi\u00f3n y que ha sido investigado a profundidad por el historiador Greg Jenner en su historia de celebridades, <em>Dead Famous<\/em>. Y ahora Chanel cuestiona y explora la idea m\u00e1s a fondo con una nueva serie reveladora.\u00a0El proyecto es para conmemorar los 100 a\u00f1os de Chanel N \u00b0 5, la fragancia m\u00e1s ic\u00f3nica de la historia. Reconocible al instante, tanto por su aroma como por su apariencia, es sin duda la fragancia m\u00e1s famosa del mundo. Como afirma Chanel, N \u00b0 5 no solo transform\u00f3 el mundo de la perfumer\u00eda, sino que tambi\u00e9n \u201cinspir\u00f3 a una generaci\u00f3n de innovadores, creadores del cambios y disruptores&#8217;. Se convirti\u00f3 en un \u00edcono cultural en s\u00ed mismo\u201d.<\/p>\n<p><img loading=\"lazy\" decoding=\"async\" class=\"size-medium wp-image-97264 alignleft\" src=\"https:\/\/graziamagazine.com\/mx\/wp-content\/uploads\/sites\/13\/2021\/05\/Marion-Cotillard-N5-egerie_WW.jpg?w=347\" alt=\"Marion Cotillard y Chanel No. 5\" width=\"347\" height=\"450\" \/><\/p>\n<p><strong>Por esa raz\u00f3n, la casa ha contratado a acad\u00e9micos, periodistas y artistas para explorar el poder de las celebridades, incluyendo a la actriz ganadora del Oscar <a href=\"https:\/\/graziamagazine.com\/mx\/articles\/marion-cotillard-celebra-el-centenario-de-chanel-no-5-y-nos-comparte-su-experiencia-como-imagen-del-perfume\/\" target=\"_blank\" rel=\"noopener\">Marion Cotillard<\/a>, el ex editor de <em>Vanity Fair<\/em>, Graydon Carter y, de hecho, la propia Laurie Santos. Puedes unirte a su viaje dando clic <a href=\"https:\/\/www.chanel.com\/gb\/fragrance\/n5-celebrity-by\/\" target=\"_blank\" rel=\"noopener\" target=\"_blank\">aqu\u00ed<\/a>.<\/strong><\/p>\n<p>Se podr\u00eda sugerir que el hecho de que estas personas vivan en mansiones, desfilen por alfombras rojas y vuelen en jets privados no necesariamente las acercar\u00eda a los mortales. Pero su proximidad a nosotros a trav\u00e9s de sus proyectos p\u00fablicos significa que la influencia de las celebridades es casi subliminal. &#8220;Tendemos a interactuar con ellos en espacios muy personales&#8221;, dice Laurie. \u201cCuando escuchamos a una celebridad en un p\u00f3dcast, literalmente la escuchamos en nuestros t\u00edmpanos. Vemos celebridades en la televisi\u00f3n cuando estamos en nuestra casa, y eso puede enga\u00f1ar a nuestros cerebros para hacernos creer que las celebridades est\u00e1n m\u00e1s cerca de nosotros de lo que realmente pensamos &#8220;.<\/p>\n<p>Claro que el auge de las redes sociales ha multiplicado por diez estos enlaces. &#8220;Ahora tenemos un ciclo de noticias de celebridades las 24 horas, los 7 d\u00edas de la semana&#8221;, se\u00f1ala Laurie. &#8220;<em>Eso significa que hemos pasado de ver celebridades durante una hora m\u00e1s o menos al d\u00eda en la televisi\u00f3n, a habitar en un mundo completamente saturado de celebridades. Podemos interactuar con ellas de manera m\u00e1s directa a trav\u00e9s de canales como Instagram y Twitter: se han vuelto m\u00e1s accesibles que nunca<\/em>\u201d.<\/p>\n<blockquote><p>Chanel, N \u00b0 5 no solo transform\u00f3 el mundo de la perfumer\u00eda, sino que tambi\u00e9n \u201cinspir\u00f3 a una generaci\u00f3n de innovadores, creadores del cambios y disruptores&#8217;. Se convirti\u00f3 en un \u00edcono cultural en s\u00ed mismo<\/p><\/blockquote>\n<p>Mucho se ha hablado en los \u00faltimos meses sobre el futuro de las celebridades, al ver a algunas de ellas viajar durante la pandemia o al mostrarse solidarios desde sus mansiones revestidas de m\u00e1rmol. Algunos cuestionaron si la era de la celebridad estaba llegando a su fin, pero el regreso de las ceremonias de premios y los cines en realidad podr\u00eda inclinar la balanza hacia otro lado, sugiere Laurie. &#8220;<em>Me imagino que podr\u00eda haber mecanismos que nos ayuden a obsesionarnos a\u00fan m\u00e1s con las celebridades&#8221;<\/em>, dice. \u201cSolo porque estamos muy emocionados de volver al cine y a las ceremonias de premios. Lo que est\u00e1 cambiando es la tecnolog\u00eda por medio de la que interactuamos y la facilidad con la que una persona se convierte en celebridad tambi\u00e9n va a cambiar &#8221;. Ella se\u00f1ala espec\u00edficamente que TikTok es un lugar donde cualquiera puede convertirse en una celebridad si es el momento es el indicado, la idea es buena y las estrellas se alinean.<\/p>\n<p>Sin importar a d\u00f3nde nos lleve el viaje a trav\u00e9s de las celebridades, parece que una cosa es segura: a medida que las tendencias vienen y van, y las figuras ascienden y descienden por la escalera de la fama, las alfombras rojas y los salones de baile del mundo siempre estar\u00e1n ba\u00f1ados por el aroma de Chanel N \u00b0 5.<\/p>\n<figure id=\"attachment_97262\" aria-describedby=\"caption-attachment-97262\" style=\"width: 347px\" class=\"wp-caption aligncenter\"><img loading=\"lazy\" decoding=\"async\" class=\"wp-image-97262 size-medium\" src=\"https:\/\/graziamagazine.com\/mx\/wp-content\/uploads\/sites\/13\/2021\/05\/01_PA2020_01_0002_1_HD.jpg?w=347\" alt=\"Marion Cotillard y Chanel No. 5\" width=\"347\" height=\"450\" \/><figcaption id=\"caption-attachment-97262\" class=\"wp-caption-text\">HyperFocal: 0<\/figcaption><\/figure>\n<p><a href=\"https:\/\/www.chanel.com\/gb\/fragrance\/n5-celebrity-by\/\" target=\"_blank\" rel=\"noopener\" target=\"_blank\">Aqu\u00ed puedes ver <em>Celebrity, by Six Inspiring Voices<\/em>, <em>Interviewed by Chanel<\/em><\/a>.<\/p>\n<p><strong><em>*IMAGEN: cortes\u00eda de Chanel<\/em><\/strong><\/p>\n","protected":false},"author":11636,"featured_media":97261,"template":"","format":"standard","categories":[2,9864,4],"acf":[],"yoast_head":"<!-- This site is optimized with the Yoast SEO Premium plugin v18.5 (Yoast SEO v20.4) - https:\/\/yoast.com\/wordpress\/plugins\/seo\/ -->\n<title>\u00bfPor qu\u00e9 nos fascina la vida privada de las celebridades? | Grazia M\u00e9xico y Latinoam\u00e9rica<\/title>\n<meta name=\"description\" content=\"\u00bfPor qu\u00e9 nos interesa tanto saber sobre la vida de gente a la que conocemos? Grazia explora que hay detr\u00e1s de nuestro encanto hacia los famosos.\" \/>\n<meta name=\"robots\" content=\"index, follow, max-snippet:-1, max-image-preview:large, max-video-preview:-1\" \/>\n<link rel=\"canonical\" href=\"https:\/\/graziamagazine.com\/mx\/articles\/por-que-nos-fascina-la-vida-privada-de-las-celebridades\/\" \/>\n<meta property=\"og:locale\" content=\"es_MX\" \/>\n<meta property=\"og:type\" content=\"article\" \/>\n<meta property=\"og:title\" content=\"\u00bfPor qu\u00e9 nos fascina la vida privada de las celebridades?\" \/>\n<meta property=\"og:description\" content=\"\u00bfPor qu\u00e9 nos interesa tanto saber sobre la vida de gente a la que conocemos? Grazia explora que hay detr\u00e1s de nuestro encanto hacia los famosos.\" \/>\n<meta property=\"og:url\" content=\"https:\/\/graziamagazine.com\/mx\/articles\/por-que-nos-fascina-la-vida-privada-de-las-celebridades\/\" \/>\n<meta property=\"og:site_name\" content=\"Grazia M\u00e9xico y Latinoam\u00e9rica\" \/>\n<meta property=\"article:modified_time\" content=\"2021-05-28T03:20:14+00:00\" \/>\n<meta property=\"og:image\" content=\"https:\/\/graziamagazine.com\/mx\/wp-content\/uploads\/sites\/13\/2021\/05\/Screen-Shot-2021-05-21-at-15.19.56.jpg?fit=1400%2C787\" \/>\n\t<meta property=\"og:image:width\" content=\"1400\" \/>\n\t<meta property=\"og:image:height\" content=\"787\" \/>\n\t<meta property=\"og:image:type\" content=\"image\/jpeg\" \/>\n<meta name=\"twitter:card\" content=\"summary_large_image\" \/>\n<meta name=\"twitter:label1\" content=\"Est. reading time\" \/>\n\t<meta name=\"twitter:data1\" content=\"5 minutos\" \/>\n<script type=\"application\/ld+json\" class=\"yoast-schema-graph\">{\"@context\":\"https:\/\/schema.org\",\"@graph\":[{\"@type\":\"WebPage\",\"@id\":\"https:\/\/graziamagazine.com\/mx\/articles\/por-que-nos-fascina-la-vida-privada-de-las-celebridades\/\",\"url\":\"https:\/\/graziamagazine.com\/mx\/articles\/por-que-nos-fascina-la-vida-privada-de-las-celebridades\/\",\"name\":\"\u00bfPor qu\u00e9 nos fascina la vida privada de las celebridades? | Grazia M\u00e9xico y Latinoam\u00e9rica\",\"isPartOf\":{\"@id\":\"https:\/\/graziamagazine.com\/mx\/#website\"},\"datePublished\":\"2021-05-28T13:00:13+00:00\",\"dateModified\":\"2021-05-28T03:20:14+00:00\",\"description\":\"\u00bfPor qu\u00e9 nos interesa tanto saber sobre la vida de gente a la que conocemos? Grazia explora que hay detr\u00e1s de nuestro encanto hacia los famosos.\",\"breadcrumb\":{\"@id\":\"https:\/\/graziamagazine.com\/mx\/articles\/por-que-nos-fascina-la-vida-privada-de-las-celebridades\/#breadcrumb\"},\"inLanguage\":\"es-MX\",\"potentialAction\":[{\"@type\":\"ReadAction\",\"target\":[\"https:\/\/graziamagazine.com\/mx\/articles\/por-que-nos-fascina-la-vida-privada-de-las-celebridades\/\"]}]},{\"@type\":\"BreadcrumbList\",\"@id\":\"https:\/\/graziamagazine.com\/mx\/articles\/por-que-nos-fascina-la-vida-privada-de-las-celebridades\/#breadcrumb\",\"itemListElement\":[{\"@type\":\"ListItem\",\"position\":1,\"name\":\"Home\",\"item\":\"https:\/\/graziamagazine.com\/mx\/\"},{\"@type\":\"ListItem\",\"position\":2,\"name\":\"\u00bfPor qu\u00e9 nos fascina la vida privada de las celebridades?\"}]},{\"@type\":\"WebSite\",\"@id\":\"https:\/\/graziamagazine.com\/mx\/#website\",\"url\":\"https:\/\/graziamagazine.com\/mx\/\",\"name\":\"Grazia M\u00e9xico y Latinoam\u00e9rica\",\"description\":\"Grazia es moda, belleza y noticias  de actualidad \",\"potentialAction\":[{\"@type\":\"SearchAction\",\"target\":{\"@type\":\"EntryPoint\",\"urlTemplate\":\"https:\/\/graziamagazine.com\/mx\/?s={search_term_string}\"},\"query-input\":\"required name=search_term_string\"}],\"inLanguage\":\"es-MX\"}]}<\/script>\n<!-- \/ Yoast SEO Premium plugin. -->","yoast_head_json":{"title":"\u00bfPor qu\u00e9 nos fascina la vida privada de las celebridades? | Grazia M\u00e9xico y Latinoam\u00e9rica","description":"\u00bfPor qu\u00e9 nos interesa tanto saber sobre la vida de gente a la que conocemos? Grazia explora que hay detr\u00e1s de nuestro encanto hacia los famosos.","robots":{"index":"index","follow":"follow","max-snippet":"max-snippet:-1","max-image-preview":"max-image-preview:large","max-video-preview":"max-video-preview:-1"},"canonical":"https:\/\/graziamagazine.com\/mx\/articles\/por-que-nos-fascina-la-vida-privada-de-las-celebridades\/","og_locale":"es_MX","og_type":"article","og_title":"\u00bfPor qu\u00e9 nos fascina la vida privada de las celebridades?","og_description":"\u00bfPor qu\u00e9 nos interesa tanto saber sobre la vida de gente a la que conocemos? Grazia explora que hay detr\u00e1s de nuestro encanto hacia los famosos.","og_url":"https:\/\/graziamagazine.com\/mx\/articles\/por-que-nos-fascina-la-vida-privada-de-las-celebridades\/","og_site_name":"Grazia M\u00e9xico y Latinoam\u00e9rica","article_modified_time":"2021-05-28T03:20:14+00:00","og_image":[{"width":1400,"height":787,"url":"https:\/\/graziamagazine.com\/mx\/wp-content\/uploads\/sites\/13\/2021\/05\/Screen-Shot-2021-05-21-at-15.19.56.jpg?fit=1400%2C787","type":"image\/jpeg"}],"twitter_card":"summary_large_image","twitter_misc":{"Est. reading time":"5 minutos"},"schema":{"@context":"https:\/\/schema.org","@graph":[{"@type":"WebPage","@id":"https:\/\/graziamagazine.com\/mx\/articles\/por-que-nos-fascina-la-vida-privada-de-las-celebridades\/","url":"https:\/\/graziamagazine.com\/mx\/articles\/por-que-nos-fascina-la-vida-privada-de-las-celebridades\/","name":"\u00bfPor qu\u00e9 nos fascina la vida privada de las celebridades? | Grazia M\u00e9xico y Latinoam\u00e9rica","isPartOf":{"@id":"https:\/\/graziamagazine.com\/mx\/#website"},"datePublished":"2021-05-28T13:00:13+00:00","dateModified":"2021-05-28T03:20:14+00:00","description":"\u00bfPor qu\u00e9 nos interesa tanto saber sobre la vida de gente a la que conocemos? Grazia explora que hay detr\u00e1s de nuestro encanto hacia los famosos.","breadcrumb":{"@id":"https:\/\/graziamagazine.com\/mx\/articles\/por-que-nos-fascina-la-vida-privada-de-las-celebridades\/#breadcrumb"},"inLanguage":"es-MX","potentialAction":[{"@type":"ReadAction","target":["https:\/\/graziamagazine.com\/mx\/articles\/por-que-nos-fascina-la-vida-privada-de-las-celebridades\/"]}]},{"@type":"BreadcrumbList","@id":"https:\/\/graziamagazine.com\/mx\/articles\/por-que-nos-fascina-la-vida-privada-de-las-celebridades\/#breadcrumb","itemListElement":[{"@type":"ListItem","position":1,"name":"Home","item":"https:\/\/graziamagazine.com\/mx\/"},{"@type":"ListItem","position":2,"name":"\u00bfPor qu\u00e9 nos fascina la vida privada de las celebridades?"}]},{"@type":"WebSite","@id":"https:\/\/graziamagazine.com\/mx\/#website","url":"https:\/\/graziamagazine.com\/mx\/","name":"Grazia M\u00e9xico y Latinoam\u00e9rica","description":"Grazia es moda, belleza y noticias  de actualidad ","potentialAction":[{"@type":"SearchAction","target":{"@type":"EntryPoint","urlTemplate":"https:\/\/graziamagazine.com\/mx\/?s={search_term_string}"},"query-input":"required name=search_term_string"}],"inLanguage":"es-MX"}]}},"jetpack_sharing_enabled":true,"distributor_meta":false,"distributor_terms":false,"distributor_media":false,"distributor_original_site_name":"Grazia M\u00e9xico y Latinoam\u00e9rica","distributor_original_site_url":"https:\/\/graziamagazine.com\/mx","push-errors":false,"_links":{"self":[{"href":"https:\/\/graziamagazine.com\/mx\/wp-json\/wp\/v2\/articles\/97258"}],"collection":[{"href":"https:\/\/graziamagazine.com\/mx\/wp-json\/wp\/v2\/articles"}],"about":[{"href":"https:\/\/graziamagazine.com\/mx\/wp-json\/wp\/v2\/types\/articles"}],"author":[{"embeddable":true,"href":"https:\/\/graziamagazine.com\/mx\/wp-json\/wp\/v2\/users\/11636"}],"wp:featuredmedia":[{"embeddable":true,"href":"https:\/\/graziamagazine.com\/mx\/wp-json\/wp\/v2\/media\/97261"}],"wp:attachment":[{"href":"https:\/\/graziamagazine.com\/mx\/wp-json\/wp\/v2\/media?parent=97258"}],"wp:term":[{"taxonomy":"category","embeddable":true,"href":"https:\/\/graziamagazine.com\/mx\/wp-json\/wp\/v2\/categories?post=97258"}],"curies":[{"name":"wp","href":"https:\/\/api.w.org\/{rel}","templated":true}]}}