{"id":97215,"date":"2021-05-27T07:30:24","date_gmt":"2021-05-27T12:30:24","guid":{"rendered":"https:\/\/graziamagazine.com\/mx\/?post_type=articles&#038;p=97215"},"modified":"2021-05-26T22:55:41","modified_gmt":"2021-05-27T03:55:41","slug":"el-nuevo-color-de-gucci-off-the-grid-que-se-ha-vuelto-un-simbolo-de-sostenibilidad","status":"publish","type":"articles","link":"https:\/\/graziamagazine.com\/mx\/articles\/el-nuevo-color-de-gucci-off-the-grid-que-se-ha-vuelto-un-simbolo-de-sostenibilidad\/","title":{"rendered":"El nuevo color de Gucci Off The Grid que se ha vuelto un s\u00edmbolo de sostenibilidad"},"content":{"rendered":"<p><span style=\"font-weight: 400\">Hoy en d\u00eda la sustentabilidad se ha vuelto todo un tema dentro de la industria de la moda, es por eso que creemos que marcas como <strong>Gucci<\/strong> empiezan a poner su granito de arena en apoyo al impacto ambiental que se genera tomando en cuenta a aquellas personas que son responsables y conscientes con la esfera natural en la que vivimos y la que nos provee de muchas maravillas no solo visuales sino para vivir de ella.<\/span><\/p>\n<p><span style=\"font-weight: 400\"><strong>Gucci Off the Grid<\/strong>, es una colecci\u00f3n inspirada en la riqueza natural y con ella un <strong>color gris antracita<\/strong> originado de ella, siendo el color distintivo de esta nueva selecci\u00f3n utilizando materiales reciclados, org\u00e1nicos, de base biol\u00f3gica y de <strong>origen sostenible<\/strong> siendo la primera colecci\u00f3n de <strong>Gucci Circular Lines<\/strong> ideada especialmente con el objetivo de hacer una producci\u00f3n circular.\u00a0<\/span><\/p>\n<p><span style=\"font-weight: 400\">Las bolsas de tela, mochilas, tennis, accesorios peque\u00f1os y piezas <\/span><i><span style=\"font-weight: 400\">pr\u00eat-\u00e0-porter <\/span><\/i><span style=\"font-weight: 400\">manufacturadas con <strong>ECONYL\u00ae<\/strong>, un material, para ser mas puntuales, un <\/span><strong><i>nylon <\/i><\/strong><span style=\"font-weight: 400\">regenerado a partir de desechos que de otra manera contaminar\u00edan los mares y la tierra como redes de pesca, alfombras viejas, retazos de tela junto con poli\u00e9ster reciclado y otras materias primas sostenibles.<\/span><\/p>\n<figure id=\"attachment_97233\" aria-describedby=\"caption-attachment-97233\" style=\"width: 532px\" class=\"wp-caption alignnone\"><img loading=\"lazy\" decoding=\"async\" class=\"wp-image-97233 size-large\" src=\"https:\/\/graziamagazine.com\/mx\/wp-content\/uploads\/sites\/13\/2021\/05\/657792_ZAEBN_1126_001_100_0000_Light.jpg?w=532\" alt=\"Gucci Off The Grid\" width=\"532\" height=\"709\" \/><figcaption id=\"caption-attachment-97233\" class=\"wp-caption-text\">Gucci Off The Grid<\/figcaption><\/figure>\n<p><span style=\"font-weight: 400\">La colecci\u00f3n trae con ella piezas vers\u00e1tiles, c\u00f3modas y combinables para estar lista en cualquier momento, tomar el coche o un avi\u00f3n sin destino, viajar al campo, la ciudad o simplemente ser libre y dejar que la vida junto con Gucci Off The Grid\u00a0 te lleve de la mano con un plus, siendo una persona responsable con el planeta.<\/span><\/p>\n<p><span style=\"font-weight: 400\">Sin embargo, Gucci no deja la esencia que tanto lo caracteriza, inspirados en el estilo retro los tenis Gucci 1977 en nylon gris antracita GG fabricados igualmente con ECONYL\u00ae\u00a0 son un dise\u00f1o contempor\u00e1neo con detalles en marfil y un distintivo 77 bordado en la parte superior, haciendo referencia al a\u00f1o en el que fueron dise\u00f1ados y no solo la coleccion va de esto, sino que la propuesta incluye bolsos en tejido ECONYL\u00ae con estampado gris todos con ribete color marfil y la mayor\u00eda con una etiqueta de cuero marfil con GUCCI en dorado.\u00a0 Podr\u00e1s encontrar bolsas medianas de lona, ri\u00f1oneras, bolso East\/West, bolso North\/South, bolso al hombro, bandolera y dos mochilas, bolsos de viaje mini, billeteras, estuches, tarjeteros y un sin fin de accesorios para complementar tu look.<\/span><\/p>\n<div class=\"content-gallery\"><div class=\"gallery-placeholder\"><div class=\"spinner\"><\/div><\/div><span class=\"gallery-pagination\"><\/span><div id=\"gallery-1\" class=\"gallery galleryid-97215 gallery-columns- gallery-size-\"><figure class=\"gallery-item\"><div class=\"gallery-icon landscape\"><img loading=\"lazy\" decoding=\"async\" width=\"532\" height=\"709\" src=\"https:\/\/graziamagazine.com\/mx\/wp-content\/uploads\/sites\/13\/2021\/05\/626160_H9HFN_1263_001_100_0000_Light.jpg\" class=\"lazy\" alt=\"Gucci Off The Grid\" \/><\/div><figcaption class=\"wp-caption-text gallery-caption\" id=\"gallery-1-97224\">Gucci Off The Grid<\/figcaption><\/figure><figure class=\"gallery-item\"><div class=\"gallery-icon landscape\"><img loading=\"lazy\" decoding=\"async\" width=\"532\" height=\"709\" src=\"https:\/\/graziamagazine.com\/mx\/wp-content\/uploads\/sites\/13\/2021\/05\/627115_4HK79_1177_001-1.jpg\" class=\"lazy\" alt=\"\" \/><\/div><figcaption class=\"wp-caption-text gallery-caption\" id=\"gallery-1-97225\">Gucci Off The Grid<\/figcaption><\/figure><figure class=\"gallery-item\"><div class=\"gallery-icon landscape\"><img loading=\"lazy\" decoding=\"async\" width=\"532\" height=\"709\" src=\"https:\/\/graziamagazine.com\/mx\/wp-content\/uploads\/sites\/13\/2021\/05\/630353_H9HAN_1263_001_100_0000_Light-1.jpg\" class=\"lazy\" alt=\"\" \/><\/div><figcaption class=\"wp-caption-text gallery-caption\" id=\"gallery-1-97226\">Gucci Off The Grid<\/figcaption><\/figure><figure class=\"gallery-item\"><div class=\"gallery-icon landscape\"><img loading=\"lazy\" decoding=\"async\" width=\"532\" height=\"709\" src=\"https:\/\/graziamagazine.com\/mx\/wp-content\/uploads\/sites\/13\/2021\/05\/628709_H9H70_1161_001_100_0000_Light.jpg\" class=\"lazy\" alt=\"\" \/><\/div><figcaption class=\"wp-caption-text gallery-caption\" id=\"gallery-1-97227\">Gucci Off The Grid<\/figcaption><\/figure><figure class=\"gallery-item\"><div class=\"gallery-icon landscape\"><img loading=\"lazy\" decoding=\"async\" width=\"532\" height=\"709\" src=\"https:\/\/graziamagazine.com\/mx\/wp-content\/uploads\/sites\/13\/2021\/05\/654843_ZAEBN_1126_001_100_0000_Light.jpg\" class=\"lazy\" alt=\"\" \/><\/div><figcaption class=\"wp-caption-text gallery-caption\" id=\"gallery-1-97228\">Gucci Off The Grid<\/figcaption><\/figure><figure class=\"gallery-item\"><div class=\"gallery-icon landscape\"><img loading=\"lazy\" decoding=\"async\" width=\"532\" height=\"709\" src=\"https:\/\/graziamagazine.com\/mx\/wp-content\/uploads\/sites\/13\/2021\/05\/656671_ZAEBN_1126_001_100_0000_Light.jpg\" class=\"lazy\" alt=\"\" \/><\/div><figcaption class=\"wp-caption-text gallery-caption\" id=\"gallery-1-97229\">Gucci Off The Grid<\/figcaption><\/figure><\/div><\/div>\n<p><span style=\"font-weight: 400\">Y por si fuera poco los productos de Gucci Off The Grid son empaquetados en materiales reciclados procedentes de fuentes forestales gestionadas de manera sustentable y bolsas hechas de <\/span><strong><i>nylon <\/i>reciclado.<\/strong><\/p>\n<p><span style=\"font-weight: 400\">Esta colecci\u00f3n de <\/span><strong><i>Gucci Off The Grid Grey <\/i><\/strong><span style=\"font-weight: 400\">estar\u00e1 disponible en tiendas seleccionadas Gucci y en <\/span><i><span style=\"font-weight: 400\">gucci.com <\/span><\/i><span style=\"font-weight: 400\">\u00a0a partir del mes de junio, asimismo puedes descubrir en <\/span><i><span style=\"font-weight: 400\">gucci.equilibrium.com <\/span><\/i><span style=\"font-weight: 400\">todas las actividades de sustentabilidad que lleva la marca. <\/span><span style=\"font-weight: 400\">Recuerda decir <strong>S\u00cd<\/strong> al estilo consciente.\u00a0<\/span><\/p>\n<figure id=\"attachment_97234\" aria-describedby=\"caption-attachment-97234\" style=\"width: 600px\" class=\"wp-caption alignnone\"><img loading=\"lazy\" decoding=\"async\" class=\"wp-image-97234 size-full\" src=\"https:\/\/graziamagazine.com\/mx\/wp-content\/uploads\/sites\/13\/2021\/05\/CapsulesBgTwo_Off-the-Grid-HS-08_001_Default.jpg\" alt=\"Gucci Off The Grid\" width=\"600\" height=\"450\" \/><figcaption id=\"caption-attachment-97234\" class=\"wp-caption-text\">Gucci Off The Grid<\/figcaption><\/figure>\n<h5>*IMAGEN: Cortes\u00eda Gucci, Google Images, Gucci<\/h5>\n","protected":false},"author":28953,"featured_media":97220,"template":"","format":"standard","categories":[4],"acf":[],"yoast_head":"<!-- This site is optimized with the Yoast SEO Premium plugin v18.5 (Yoast SEO v20.4) - https:\/\/yoast.com\/wordpress\/plugins\/seo\/ -->\n<title>El nuevo color de Gucci Off The Grid que se ha vuelto un s\u00edmbolo de sostenibilidad | Grazia M\u00e9xico y Latinoam\u00e9rica<\/title>\n<meta name=\"description\" content=\"Gucci Of The Grid lanza un nuevo color: gris antracita que nace de una colecci\u00f3n de Gucci Circular Lines enfocada en la sustentabilidad y la producci\u00f3n circular de sus productos.\" \/>\n<meta name=\"robots\" content=\"index, follow, max-snippet:-1, max-image-preview:large, max-video-preview:-1\" \/>\n<link rel=\"canonical\" href=\"https:\/\/graziamagazine.com\/mx\/articles\/el-nuevo-color-de-gucci-off-the-grid-que-se-ha-vuelto-un-simbolo-de-sostenibilidad\/\" \/>\n<meta property=\"og:locale\" content=\"es_MX\" \/>\n<meta property=\"og:type\" content=\"article\" \/>\n<meta property=\"og:title\" content=\"El nuevo color de Gucci Off The Grid que se ha vuelto un s\u00edmbolo de sostenibilidad\" \/>\n<meta property=\"og:description\" content=\"Gucci Of The Grid lanza un nuevo color: gris antracita que nace de una colecci\u00f3n de Gucci Circular Lines enfocada en la sustentabilidad y la producci\u00f3n circular de sus productos.\" \/>\n<meta property=\"og:url\" content=\"https:\/\/graziamagazine.com\/mx\/articles\/el-nuevo-color-de-gucci-off-the-grid-que-se-ha-vuelto-un-simbolo-de-sostenibilidad\/\" \/>\n<meta property=\"og:site_name\" content=\"Grazia M\u00e9xico y Latinoam\u00e9rica\" \/>\n<meta property=\"article:modified_time\" content=\"2021-05-27T03:55:41+00:00\" \/>\n<meta property=\"og:image\" content=\"https:\/\/graziamagazine.com\/mx\/wp-content\/uploads\/sites\/13\/2021\/05\/90.jpeg?fit=800%2C518\" \/>\n\t<meta property=\"og:image:width\" content=\"800\" \/>\n\t<meta property=\"og:image:height\" content=\"518\" \/>\n\t<meta property=\"og:image:type\" content=\"image\/jpeg\" \/>\n<meta name=\"twitter:card\" content=\"summary_large_image\" \/>\n<meta name=\"twitter:label1\" content=\"Est. reading time\" \/>\n\t<meta name=\"twitter:data1\" content=\"3 minutos\" \/>\n<script type=\"application\/ld+json\" class=\"yoast-schema-graph\">{\"@context\":\"https:\/\/schema.org\",\"@graph\":[{\"@type\":\"WebPage\",\"@id\":\"https:\/\/graziamagazine.com\/mx\/articles\/el-nuevo-color-de-gucci-off-the-grid-que-se-ha-vuelto-un-simbolo-de-sostenibilidad\/\",\"url\":\"https:\/\/graziamagazine.com\/mx\/articles\/el-nuevo-color-de-gucci-off-the-grid-que-se-ha-vuelto-un-simbolo-de-sostenibilidad\/\",\"name\":\"El nuevo color de Gucci Off The Grid que se ha vuelto un s\u00edmbolo de sostenibilidad | Grazia M\u00e9xico y Latinoam\u00e9rica\",\"isPartOf\":{\"@id\":\"https:\/\/graziamagazine.com\/mx\/#website\"},\"datePublished\":\"2021-05-27T12:30:24+00:00\",\"dateModified\":\"2021-05-27T03:55:41+00:00\",\"description\":\"Gucci Of The Grid lanza un nuevo color: gris antracita que nace de una colecci\u00f3n de Gucci Circular Lines enfocada en la sustentabilidad y la producci\u00f3n circular de sus productos.\",\"breadcrumb\":{\"@id\":\"https:\/\/graziamagazine.com\/mx\/articles\/el-nuevo-color-de-gucci-off-the-grid-que-se-ha-vuelto-un-simbolo-de-sostenibilidad\/#breadcrumb\"},\"inLanguage\":\"es-MX\",\"potentialAction\":[{\"@type\":\"ReadAction\",\"target\":[\"https:\/\/graziamagazine.com\/mx\/articles\/el-nuevo-color-de-gucci-off-the-grid-que-se-ha-vuelto-un-simbolo-de-sostenibilidad\/\"]}]},{\"@type\":\"BreadcrumbList\",\"@id\":\"https:\/\/graziamagazine.com\/mx\/articles\/el-nuevo-color-de-gucci-off-the-grid-que-se-ha-vuelto-un-simbolo-de-sostenibilidad\/#breadcrumb\",\"itemListElement\":[{\"@type\":\"ListItem\",\"position\":1,\"name\":\"Home\",\"item\":\"https:\/\/graziamagazine.com\/mx\/\"},{\"@type\":\"ListItem\",\"position\":2,\"name\":\"El nuevo color de Gucci Off The Grid que se ha vuelto un s\u00edmbolo de sostenibilidad\"}]},{\"@type\":\"WebSite\",\"@id\":\"https:\/\/graziamagazine.com\/mx\/#website\",\"url\":\"https:\/\/graziamagazine.com\/mx\/\",\"name\":\"Grazia M\u00e9xico y Latinoam\u00e9rica\",\"description\":\"Grazia es moda, belleza y noticias  de actualidad \",\"potentialAction\":[{\"@type\":\"SearchAction\",\"target\":{\"@type\":\"EntryPoint\",\"urlTemplate\":\"https:\/\/graziamagazine.com\/mx\/?s={search_term_string}\"},\"query-input\":\"required name=search_term_string\"}],\"inLanguage\":\"es-MX\"}]}<\/script>\n<!-- \/ Yoast SEO Premium plugin. -->","yoast_head_json":{"title":"El nuevo color de Gucci Off The Grid que se ha vuelto un s\u00edmbolo de sostenibilidad | Grazia M\u00e9xico y Latinoam\u00e9rica","description":"Gucci Of The Grid lanza un nuevo color: gris antracita que nace de una colecci\u00f3n de Gucci Circular Lines enfocada en la sustentabilidad y la producci\u00f3n circular de sus productos.","robots":{"index":"index","follow":"follow","max-snippet":"max-snippet:-1","max-image-preview":"max-image-preview:large","max-video-preview":"max-video-preview:-1"},"canonical":"https:\/\/graziamagazine.com\/mx\/articles\/el-nuevo-color-de-gucci-off-the-grid-que-se-ha-vuelto-un-simbolo-de-sostenibilidad\/","og_locale":"es_MX","og_type":"article","og_title":"El nuevo color de Gucci Off The Grid que se ha vuelto un s\u00edmbolo de sostenibilidad","og_description":"Gucci Of The Grid lanza un nuevo color: gris antracita que nace de una colecci\u00f3n de Gucci Circular Lines enfocada en la sustentabilidad y la producci\u00f3n circular de sus productos.","og_url":"https:\/\/graziamagazine.com\/mx\/articles\/el-nuevo-color-de-gucci-off-the-grid-que-se-ha-vuelto-un-simbolo-de-sostenibilidad\/","og_site_name":"Grazia M\u00e9xico y Latinoam\u00e9rica","article_modified_time":"2021-05-27T03:55:41+00:00","og_image":[{"width":800,"height":518,"url":"https:\/\/graziamagazine.com\/mx\/wp-content\/uploads\/sites\/13\/2021\/05\/90.jpeg?fit=800%2C518","type":"image\/jpeg"}],"twitter_card":"summary_large_image","twitter_misc":{"Est. reading time":"3 minutos"},"schema":{"@context":"https:\/\/schema.org","@graph":[{"@type":"WebPage","@id":"https:\/\/graziamagazine.com\/mx\/articles\/el-nuevo-color-de-gucci-off-the-grid-que-se-ha-vuelto-un-simbolo-de-sostenibilidad\/","url":"https:\/\/graziamagazine.com\/mx\/articles\/el-nuevo-color-de-gucci-off-the-grid-que-se-ha-vuelto-un-simbolo-de-sostenibilidad\/","name":"El nuevo color de Gucci Off The Grid que se ha vuelto un s\u00edmbolo de sostenibilidad | Grazia M\u00e9xico y Latinoam\u00e9rica","isPartOf":{"@id":"https:\/\/graziamagazine.com\/mx\/#website"},"datePublished":"2021-05-27T12:30:24+00:00","dateModified":"2021-05-27T03:55:41+00:00","description":"Gucci Of The Grid lanza un nuevo color: gris antracita que nace de una colecci\u00f3n de Gucci Circular Lines enfocada en la sustentabilidad y la producci\u00f3n circular de sus productos.","breadcrumb":{"@id":"https:\/\/graziamagazine.com\/mx\/articles\/el-nuevo-color-de-gucci-off-the-grid-que-se-ha-vuelto-un-simbolo-de-sostenibilidad\/#breadcrumb"},"inLanguage":"es-MX","potentialAction":[{"@type":"ReadAction","target":["https:\/\/graziamagazine.com\/mx\/articles\/el-nuevo-color-de-gucci-off-the-grid-que-se-ha-vuelto-un-simbolo-de-sostenibilidad\/"]}]},{"@type":"BreadcrumbList","@id":"https:\/\/graziamagazine.com\/mx\/articles\/el-nuevo-color-de-gucci-off-the-grid-que-se-ha-vuelto-un-simbolo-de-sostenibilidad\/#breadcrumb","itemListElement":[{"@type":"ListItem","position":1,"name":"Home","item":"https:\/\/graziamagazine.com\/mx\/"},{"@type":"ListItem","position":2,"name":"El nuevo color de Gucci Off The Grid que se ha vuelto un s\u00edmbolo de sostenibilidad"}]},{"@type":"WebSite","@id":"https:\/\/graziamagazine.com\/mx\/#website","url":"https:\/\/graziamagazine.com\/mx\/","name":"Grazia M\u00e9xico y Latinoam\u00e9rica","description":"Grazia es moda, belleza y noticias  de actualidad ","potentialAction":[{"@type":"SearchAction","target":{"@type":"EntryPoint","urlTemplate":"https:\/\/graziamagazine.com\/mx\/?s={search_term_string}"},"query-input":"required name=search_term_string"}],"inLanguage":"es-MX"}]}},"jetpack_sharing_enabled":true,"distributor_meta":false,"distributor_terms":false,"distributor_media":false,"distributor_original_site_name":"Grazia M\u00e9xico y Latinoam\u00e9rica","distributor_original_site_url":"https:\/\/graziamagazine.com\/mx","push-errors":false,"_links":{"self":[{"href":"https:\/\/graziamagazine.com\/mx\/wp-json\/wp\/v2\/articles\/97215"}],"collection":[{"href":"https:\/\/graziamagazine.com\/mx\/wp-json\/wp\/v2\/articles"}],"about":[{"href":"https:\/\/graziamagazine.com\/mx\/wp-json\/wp\/v2\/types\/articles"}],"author":[{"embeddable":true,"href":"https:\/\/graziamagazine.com\/mx\/wp-json\/wp\/v2\/users\/28953"}],"wp:featuredmedia":[{"embeddable":true,"href":"https:\/\/graziamagazine.com\/mx\/wp-json\/wp\/v2\/media\/97220"}],"wp:attachment":[{"href":"https:\/\/graziamagazine.com\/mx\/wp-json\/wp\/v2\/media?parent=97215"}],"wp:term":[{"taxonomy":"category","embeddable":true,"href":"https:\/\/graziamagazine.com\/mx\/wp-json\/wp\/v2\/categories?post=97215"}],"curies":[{"name":"wp","href":"https:\/\/api.w.org\/{rel}","templated":true}]}}