{"id":97156,"date":"2021-05-25T13:09:29","date_gmt":"2021-05-25T18:09:29","guid":{"rendered":"https:\/\/graziamagazine.com\/mx\/?post_type=articles&#038;p=97156"},"modified":"2021-05-25T13:10:27","modified_gmt":"2021-05-25T18:10:27","slug":"celebrity-style-ashley-graham-tiene-la-clave-para-llevar-la-tendencia-estelar-de-la-temporada","status":"publish","type":"articles","link":"https:\/\/graziamagazine.com\/mx\/articles\/celebrity-style-ashley-graham-tiene-la-clave-para-llevar-la-tendencia-estelar-de-la-temporada\/","title":{"rendered":"Celebrity Style: Ashley Graham tiene la clave para llevar la tendencia estelar de la temporada"},"content":{"rendered":"<p>Si todo el tiempo te topas con tendencias que no van con tu estilo y crees que jam\u00e1s te ver\u00edas bien en ellas, te tenemos una buena noticia: <strong>Ashley Graham<\/strong> acaba de darnos la mejor lecci\u00f3n de estilo de la temporada, \u00a1y es perfecta para cualquier tipo de cuerpo!<\/p>\n<p>La modelo fue sorprendida por los <em>paparazzi<\/em> saliendo de CBS Studios en Nueva York, luciendo una camisa <em>oversized<\/em> en color jacaranda sobre <em>biker shorts: <\/em>uno de los <em>outfits<\/em> favoritos para los d\u00edas calurosos del 2021. Este a\u00f1o, los <em>leggings<\/em> cortos han sido una de las prendas m\u00e1s vendidas en internet, \u00bfy c\u00f3mo no? Si lo que todos queremos es estar c\u00f3modos y sentirnos con libertad de movimiento.<\/p>\n<p><img loading=\"lazy\" decoding=\"async\" class=\"alignnone wp-image-97157 size-large\" src=\"https:\/\/graziamagazine.com\/mx\/wp-content\/uploads\/sites\/13\/2021\/05\/3TMIiSbE.jpeg?w=709\" alt=\"\" width=\"709\" height=\"1024\" \/><\/p>\n<p>Graham es conocida por sus l<em>ooks<\/em> casuales y c\u00f3modos, y una cosa es segura: el diablo est\u00e1 en los detalles y todo depende de los accesorios que lleves para complementar tus <em>outfits<\/em>. En esta ocasi\u00f3n, Ashley eligi\u00f3 para caminar con confianza unas sandalias de malla y tac\u00f3n estilo 90s. Y como las gafas solares no pueden faltar en un d\u00eda as\u00ed de soleado, Graham opt\u00f3 por unas de Prada.<\/p>\n<p>El color jacaranda es uno de los tonos m\u00e1s usados por las it-girls en 2021, y viene con fuerza en todas las prendas y accesorios. Incluso, Hailey Bieber tambi\u00e9n ya lo convirti\u00f3 en su favorito para contrastar con<em> outfits<\/em> monocrom\u00e1ticos. \u00bfTe atreves a llevarlo?<\/p>\n<h5><em>*IM\u00c1GENES: Getty Images<\/em><\/h5>\n","protected":false},"author":11656,"featured_media":97158,"template":"","format":"standard","categories":[2,4],"acf":[],"yoast_head":"<!-- This site is optimized with the Yoast SEO Premium plugin v18.5 (Yoast SEO v20.4) - https:\/\/yoast.com\/wordpress\/plugins\/seo\/ -->\n<title>Celebrity Style: Ashley Graham tiene la clave para llevar la tendencia estelar de la temporada | Grazia M\u00e9xico y Latinoam\u00e9rica<\/title>\n<meta name=\"description\" content=\"Muy fiel a su estilo, la modelo nos dio el outfit que queremos llevar para los d\u00edas m\u00e1s calurosos.\" \/>\n<meta name=\"robots\" content=\"index, follow, max-snippet:-1, max-image-preview:large, max-video-preview:-1\" \/>\n<link rel=\"canonical\" href=\"https:\/\/graziamagazine.com\/mx\/articles\/celebrity-style-ashley-graham-tiene-la-clave-para-llevar-la-tendencia-estelar-de-la-temporada\/\" \/>\n<meta property=\"og:locale\" content=\"es_MX\" \/>\n<meta property=\"og:type\" content=\"article\" \/>\n<meta property=\"og:title\" content=\"Celebrity Style: Ashley Graham tiene la clave para llevar la tendencia estelar de la temporada\" \/>\n<meta property=\"og:description\" content=\"Muy fiel a su estilo, la modelo nos dio el outfit que queremos llevar para los d\u00edas m\u00e1s calurosos.\" \/>\n<meta property=\"og:url\" content=\"https:\/\/graziamagazine.com\/mx\/articles\/celebrity-style-ashley-graham-tiene-la-clave-para-llevar-la-tendencia-estelar-de-la-temporada\/\" \/>\n<meta property=\"og:site_name\" content=\"Grazia M\u00e9xico y Latinoam\u00e9rica\" \/>\n<meta property=\"article:modified_time\" content=\"2021-05-25T18:10:27+00:00\" \/>\n<meta property=\"og:image\" content=\"https:\/\/graziamagazine.com\/mx\/wp-content\/uploads\/sites\/13\/2021\/05\/Copia-de-3TMIiSbE.jpeg?fit=2069%2C1162\" \/>\n\t<meta property=\"og:image:width\" content=\"2069\" \/>\n\t<meta property=\"og:image:height\" content=\"1162\" \/>\n\t<meta property=\"og:image:type\" content=\"image\/jpeg\" \/>\n<meta name=\"twitter:card\" content=\"summary_large_image\" \/>\n<meta name=\"twitter:label1\" content=\"Est. reading time\" \/>\n\t<meta name=\"twitter:data1\" content=\"1 minuto\" \/>\n<script type=\"application\/ld+json\" class=\"yoast-schema-graph\">{\"@context\":\"https:\/\/schema.org\",\"@graph\":[{\"@type\":\"WebPage\",\"@id\":\"https:\/\/graziamagazine.com\/mx\/articles\/celebrity-style-ashley-graham-tiene-la-clave-para-llevar-la-tendencia-estelar-de-la-temporada\/\",\"url\":\"https:\/\/graziamagazine.com\/mx\/articles\/celebrity-style-ashley-graham-tiene-la-clave-para-llevar-la-tendencia-estelar-de-la-temporada\/\",\"name\":\"Celebrity Style: Ashley Graham tiene la clave para llevar la tendencia estelar de la temporada | Grazia M\u00e9xico y Latinoam\u00e9rica\",\"isPartOf\":{\"@id\":\"https:\/\/graziamagazine.com\/mx\/#website\"},\"datePublished\":\"2021-05-25T18:09:29+00:00\",\"dateModified\":\"2021-05-25T18:10:27+00:00\",\"description\":\"Muy fiel a su estilo, la modelo nos dio el outfit que queremos llevar para los d\u00edas m\u00e1s calurosos.\",\"breadcrumb\":{\"@id\":\"https:\/\/graziamagazine.com\/mx\/articles\/celebrity-style-ashley-graham-tiene-la-clave-para-llevar-la-tendencia-estelar-de-la-temporada\/#breadcrumb\"},\"inLanguage\":\"es-MX\",\"potentialAction\":[{\"@type\":\"ReadAction\",\"target\":[\"https:\/\/graziamagazine.com\/mx\/articles\/celebrity-style-ashley-graham-tiene-la-clave-para-llevar-la-tendencia-estelar-de-la-temporada\/\"]}]},{\"@type\":\"BreadcrumbList\",\"@id\":\"https:\/\/graziamagazine.com\/mx\/articles\/celebrity-style-ashley-graham-tiene-la-clave-para-llevar-la-tendencia-estelar-de-la-temporada\/#breadcrumb\",\"itemListElement\":[{\"@type\":\"ListItem\",\"position\":1,\"name\":\"Home\",\"item\":\"https:\/\/graziamagazine.com\/mx\/\"},{\"@type\":\"ListItem\",\"position\":2,\"name\":\"Celebrity Style: Ashley Graham tiene la clave para llevar la tendencia estelar de la temporada\"}]},{\"@type\":\"WebSite\",\"@id\":\"https:\/\/graziamagazine.com\/mx\/#website\",\"url\":\"https:\/\/graziamagazine.com\/mx\/\",\"name\":\"Grazia M\u00e9xico y Latinoam\u00e9rica\",\"description\":\"Grazia es moda, belleza y noticias  de actualidad \",\"potentialAction\":[{\"@type\":\"SearchAction\",\"target\":{\"@type\":\"EntryPoint\",\"urlTemplate\":\"https:\/\/graziamagazine.com\/mx\/?s={search_term_string}\"},\"query-input\":\"required name=search_term_string\"}],\"inLanguage\":\"es-MX\"}]}<\/script>\n<!-- \/ Yoast SEO Premium plugin. -->","yoast_head_json":{"title":"Celebrity Style: Ashley Graham tiene la clave para llevar la tendencia estelar de la temporada | Grazia M\u00e9xico y Latinoam\u00e9rica","description":"Muy fiel a su estilo, la modelo nos dio el outfit que queremos llevar para los d\u00edas m\u00e1s calurosos.","robots":{"index":"index","follow":"follow","max-snippet":"max-snippet:-1","max-image-preview":"max-image-preview:large","max-video-preview":"max-video-preview:-1"},"canonical":"https:\/\/graziamagazine.com\/mx\/articles\/celebrity-style-ashley-graham-tiene-la-clave-para-llevar-la-tendencia-estelar-de-la-temporada\/","og_locale":"es_MX","og_type":"article","og_title":"Celebrity Style: Ashley Graham tiene la clave para llevar la tendencia estelar de la temporada","og_description":"Muy fiel a su estilo, la modelo nos dio el outfit que queremos llevar para los d\u00edas m\u00e1s calurosos.","og_url":"https:\/\/graziamagazine.com\/mx\/articles\/celebrity-style-ashley-graham-tiene-la-clave-para-llevar-la-tendencia-estelar-de-la-temporada\/","og_site_name":"Grazia M\u00e9xico y Latinoam\u00e9rica","article_modified_time":"2021-05-25T18:10:27+00:00","og_image":[{"width":2069,"height":1162,"url":"https:\/\/graziamagazine.com\/mx\/wp-content\/uploads\/sites\/13\/2021\/05\/Copia-de-3TMIiSbE.jpeg?fit=2069%2C1162","type":"image\/jpeg"}],"twitter_card":"summary_large_image","twitter_misc":{"Est. reading time":"1 minuto"},"schema":{"@context":"https:\/\/schema.org","@graph":[{"@type":"WebPage","@id":"https:\/\/graziamagazine.com\/mx\/articles\/celebrity-style-ashley-graham-tiene-la-clave-para-llevar-la-tendencia-estelar-de-la-temporada\/","url":"https:\/\/graziamagazine.com\/mx\/articles\/celebrity-style-ashley-graham-tiene-la-clave-para-llevar-la-tendencia-estelar-de-la-temporada\/","name":"Celebrity Style: Ashley Graham tiene la clave para llevar la tendencia estelar de la temporada | Grazia M\u00e9xico y Latinoam\u00e9rica","isPartOf":{"@id":"https:\/\/graziamagazine.com\/mx\/#website"},"datePublished":"2021-05-25T18:09:29+00:00","dateModified":"2021-05-25T18:10:27+00:00","description":"Muy fiel a su estilo, la modelo nos dio el outfit que queremos llevar para los d\u00edas m\u00e1s calurosos.","breadcrumb":{"@id":"https:\/\/graziamagazine.com\/mx\/articles\/celebrity-style-ashley-graham-tiene-la-clave-para-llevar-la-tendencia-estelar-de-la-temporada\/#breadcrumb"},"inLanguage":"es-MX","potentialAction":[{"@type":"ReadAction","target":["https:\/\/graziamagazine.com\/mx\/articles\/celebrity-style-ashley-graham-tiene-la-clave-para-llevar-la-tendencia-estelar-de-la-temporada\/"]}]},{"@type":"BreadcrumbList","@id":"https:\/\/graziamagazine.com\/mx\/articles\/celebrity-style-ashley-graham-tiene-la-clave-para-llevar-la-tendencia-estelar-de-la-temporada\/#breadcrumb","itemListElement":[{"@type":"ListItem","position":1,"name":"Home","item":"https:\/\/graziamagazine.com\/mx\/"},{"@type":"ListItem","position":2,"name":"Celebrity Style: Ashley Graham tiene la clave para llevar la tendencia estelar de la temporada"}]},{"@type":"WebSite","@id":"https:\/\/graziamagazine.com\/mx\/#website","url":"https:\/\/graziamagazine.com\/mx\/","name":"Grazia M\u00e9xico y Latinoam\u00e9rica","description":"Grazia es moda, belleza y noticias  de actualidad ","potentialAction":[{"@type":"SearchAction","target":{"@type":"EntryPoint","urlTemplate":"https:\/\/graziamagazine.com\/mx\/?s={search_term_string}"},"query-input":"required name=search_term_string"}],"inLanguage":"es-MX"}]}},"jetpack_sharing_enabled":true,"distributor_meta":false,"distributor_terms":false,"distributor_media":false,"distributor_original_site_name":"Grazia M\u00e9xico y Latinoam\u00e9rica","distributor_original_site_url":"https:\/\/graziamagazine.com\/mx","push-errors":false,"_links":{"self":[{"href":"https:\/\/graziamagazine.com\/mx\/wp-json\/wp\/v2\/articles\/97156"}],"collection":[{"href":"https:\/\/graziamagazine.com\/mx\/wp-json\/wp\/v2\/articles"}],"about":[{"href":"https:\/\/graziamagazine.com\/mx\/wp-json\/wp\/v2\/types\/articles"}],"author":[{"embeddable":true,"href":"https:\/\/graziamagazine.com\/mx\/wp-json\/wp\/v2\/users\/11656"}],"wp:featuredmedia":[{"embeddable":true,"href":"https:\/\/graziamagazine.com\/mx\/wp-json\/wp\/v2\/media\/97158"}],"wp:attachment":[{"href":"https:\/\/graziamagazine.com\/mx\/wp-json\/wp\/v2\/media?parent=97156"}],"wp:term":[{"taxonomy":"category","embeddable":true,"href":"https:\/\/graziamagazine.com\/mx\/wp-json\/wp\/v2\/categories?post=97156"}],"curies":[{"name":"wp","href":"https:\/\/api.w.org\/{rel}","templated":true}]}}