{"id":97144,"date":"2021-05-26T13:18:20","date_gmt":"2021-05-26T18:18:20","guid":{"rendered":"https:\/\/graziamagazine.com\/mx\/?post_type=articles&#038;p=97144"},"modified":"2021-05-31T13:35:51","modified_gmt":"2021-05-31T18:35:51","slug":"celebrity-style-inspirate-en-el-estilo-de-irina-shayk-para-llevar-combat-boots-este-verano","status":"publish","type":"articles","link":"https:\/\/graziamagazine.com\/mx\/articles\/celebrity-style-inspirate-en-el-estilo-de-irina-shayk-para-llevar-combat-boots-este-verano\/","title":{"rendered":"Celebrity Style: Insp\u00edrate en el estilo de Irina Shayk para llevar combat boots este verano"},"content":{"rendered":"<p>\u00bfTambi\u00e9n te pasa que est\u00e1s harta de las sandalias y no sabes c\u00f3mo darle un giro a tus <em>outfits<\/em>? <strong>Irina Shayk<\/strong> tiene la respuesta: un par de <strong><em>combat boots<\/em><\/strong> es todo lo que necesitas. Aunque tengas la idea de que este tipo de zapatos solo se usan en la temporada de oto\u00f1o-invierno, es hora de sacarlos del armario y usarlos de manera apropiada durante los d\u00edas m\u00e1s calurosos.<\/p>\n<p>La modelo nos ha demostrado que las botas altas en negro son el mejor complemento para cualquier <em>look<\/em> de verano. Y para ayudarte a seguir la tendencia, te dejamos cuatro maneras de llevarlas\u00a0de acuerdo a la icono de estilo:<\/p>\n<h3>1.- Con mini vestido y gabardina<\/h3>\n<p>Esta temporada contrasta colores vibrantes con negro. Si pensabas que ya no te servir\u00eda ese mini vestido estampado que tanto te gusta, es hora de sacarlo del fondo de tu cl\u00f3set y llevarlo con <em>combat boots<\/em> <em>\u00e0 la<\/em> Irina Shayk. Adem\u00e1s, la modelo tiene el peinado ideal para los d\u00edas m\u00e1s calurosos y las gafas de sol noventeras perfectas para complementar.<\/p>\n<p><img loading=\"lazy\" decoding=\"async\" class=\"alignnone wp-image-97146 size-large\" style=\"font-family: -apple-system, BlinkMacSystemFont, 'Segoe UI', Roboto, Oxygen-Sans, Ubuntu, Cantarell, 'Helvetica Neue', sans-serif\" src=\"https:\/\/graziamagazine.com\/mx\/wp-content\/uploads\/sites\/13\/2021\/05\/WhatsApp-Image-2021-05-24-at-2.53.56-PM-2.jpeg?w=682\" alt=\"\" width=\"682\" height=\"1024\" \/><\/p>\n<h3>2.- Con conjuntos de minifalda a cuadros<\/h3>\n<p>Los trajes de minifalda con tablones y a cuadros son una de las tendencias m\u00e1s fuertes del 2021, y si no sabes en qu\u00e9 tonos comprar uno, te dejamos este ejemplo de morado y amarillo (uno de los colores del a\u00f1o). \u00a1Atr\u00e9vete a llevarlos con este tipo de botas para conquistar las calles!<\/p>\n<p><img loading=\"lazy\" decoding=\"async\" class=\"alignnone wp-image-97148 size-large\" src=\"https:\/\/graziamagazine.com\/mx\/wp-content\/uploads\/sites\/13\/2021\/05\/WhatsApp-Image-2021-05-24-at-2.53.56-PM.jpeg?w=682\" alt=\"\" width=\"682\" height=\"1024\" \/><\/p>\n<h3>3.- Con trajes monocrom\u00e1ticos<\/h3>\n<p>Un traje en rosa es un imprescindible de verano, y si buscas estar c\u00f3moda pero ya te cansaste de llevar <em>sneakers<\/em>, es hora de llevarlo con tus <em>combat boots<\/em> favoritas.<\/p>\n<p><img loading=\"lazy\" decoding=\"async\" class=\"alignnone wp-image-97145 size-large\" src=\"https:\/\/graziamagazine.com\/mx\/wp-content\/uploads\/sites\/13\/2021\/05\/WhatsApp-Image-2021-05-24-at-2.53.56-PM-1.jpeg?w=682\" alt=\"\" width=\"682\" height=\"1024\" \/><\/p>\n<h3>4.- Con una camisa blanca y sobre leggings<\/h3>\n<p>Los leggings se han convertido en un b\u00e1sico por su comodidad y funcionalidad, y si te ha costado trabajo encontrar el par de zapatos que vayan perfecto, \u00a1las botas altas son la mejor opci\u00f3n! Lleva sobre ellos una camisa blanca y encima un abrigo liviano en colores llamativos.<\/p>\n<p><img loading=\"lazy\" decoding=\"async\" class=\"alignnone wp-image-97147 size-large\" src=\"https:\/\/graziamagazine.com\/mx\/wp-content\/uploads\/sites\/13\/2021\/05\/WhatsApp-Image-2021-05-24-at-2.53.56-PM-3.jpeg?w=758\" alt=\"\" width=\"758\" height=\"1024\" \/><\/p>\n<p><strong>\u00bfD\u00f3nde conseguirlas?\u00a0<\/strong><\/p>\n<p>Te dejamos nuestras opciones favoritas para que no falten en tu armario.<\/p>\n<p><img loading=\"lazy\" decoding=\"async\" class=\"alignnone wp-image-97208 size-large\" src=\"https:\/\/graziamagazine.com\/mx\/wp-content\/uploads\/sites\/13\/2021\/05\/Captura-de-Pantalla-2021-05-26-a-las-12.47.50.png?w=822\" alt=\"\" width=\"822\" height=\"1023\" \/><\/p>\n<p>De Zara, $899 pesos mexicanos.<\/p>\n<p><a href=\"https:\/\/www.zara.com\/mx\/es\/bot%C3%ADn-plano-suela-track-p11110710.html?v1=78505478&amp;v2=1718919\" target=\"_blank\" rel=\"noopener\" target=\"_blank\"><strong>C\u00f3mpralas aqu\u00ed<\/strong><\/a>.<\/p>\n<p>&nbsp;<\/p>\n<p><img loading=\"lazy\" decoding=\"async\" class=\"alignnone wp-image-97214 size-large\" src=\"https:\/\/graziamagazine.com\/mx\/wp-content\/uploads\/sites\/13\/2021\/05\/7050780040_1_1_2.jpeg?w=746\" alt=\"\" width=\"746\" height=\"1024\" \/><\/p>\n<p>De Uterq\u00fce, $4, 950 pesos mexicanos.<\/p>\n<p><a href=\"https:\/\/www.uterque.com\/mx\/calzado\/botas-y-botines\/bota-alta-piel-hebillas-piso-track-c1751004p9132284.html?colorId=040\" target=\"_blank\" rel=\"noopener\" target=\"_blank\"><strong>C\u00f3mpralas aqu\u00ed<\/strong><\/a>.<\/p>\n<p>&nbsp;<\/p>\n<p><img loading=\"lazy\" decoding=\"async\" class=\"alignnone wp-image-97211 size-large\" src=\"https:\/\/graziamagazine.com\/mx\/wp-content\/uploads\/sites\/13\/2021\/05\/1224660040_1_1_3.jpeg?w=800\" alt=\"\" width=\"800\" height=\"1024\" \/><\/p>\n<p>De Bershka, $1,299 pesos mexicanos.<\/p>\n<p><a href=\"https:\/\/www.bershka.com\/mx\/botines-plataforma-ajustados-c0p102729939.html?colorId=040\" target=\"_blank\" rel=\"noopener\" target=\"_blank\"><strong>C\u00f3mpralas aqu\u00ed<\/strong><\/a>.<\/p>\n<p>&nbsp;<\/p>\n<p><img loading=\"lazy\" decoding=\"async\" class=\"alignnone wp-image-97213 size-large\" src=\"https:\/\/graziamagazine.com\/mx\/wp-content\/uploads\/sites\/13\/2021\/05\/6150680040_1_1_2.jpeg?w=746\" alt=\"\" width=\"746\" height=\"1024\" \/><\/p>\n<p>De Uterq\u00fce, $3,950 pesos mexicanos.<\/p>\n<p><a href=\"https:\/\/www.uterque.com\/mx\/calzado\/botas-y-botines\/bot%C3%ADn-cordones-piso-track-c1751004p9130653.html?colorId=040\" target=\"_blank\" rel=\"noopener\" target=\"_blank\"><strong>C\u00f3mpralas aqu\u00ed<\/strong><\/a>.<\/p>\n<p>&nbsp;<\/p>\n<p><img loading=\"lazy\" decoding=\"async\" class=\"alignnone wp-image-97212 size-large\" src=\"https:\/\/graziamagazine.com\/mx\/wp-content\/uploads\/sites\/13\/2021\/05\/9354770040_2_2_2.jpeg?w=619\" alt=\"\" width=\"619\" height=\"1024\" \/><\/p>\n<p>De Stradivarius, $1,499 pesos mexicanos.<\/p>\n<p><a href=\"https:\/\/www.stradivarius.com\/mx\/nueva-colecci%C3%B3n\/zapatos\/compra-por-producto\/botas-y-botines\/bota-plana-engomada-c1020048017p302028154.html?colorId=040&amp;style=2\" target=\"_blank\" rel=\"noopener\" target=\"_blank\"><strong>C\u00f3mpralas aqu\u00ed<\/strong><\/a>.<\/p>\n<p>&nbsp;<\/p>\n<p><img loading=\"lazy\" decoding=\"async\" class=\"alignnone wp-image-97210 size-large\" src=\"https:\/\/graziamagazine.com\/mx\/wp-content\/uploads\/sites\/13\/2021\/05\/Captura-de-Pantalla-2021-05-26-a-las-12.49.57.png?w=713\" alt=\"\" width=\"713\" height=\"1024\" \/><\/p>\n<p>De Zara, $799 pesos mexicanos.<\/p>\n<p><a href=\"https:\/\/www.zara.com\/mx\/es\/bot%C3%ADn-plano-calcet%C3%ADn-cremallera-p13116610.html?v1=86349963&amp;v2=1718919\" target=\"_blank\" rel=\"noopener\" target=\"_blank\"><strong>C\u00f3mpralas aqu\u00ed<\/strong><\/a>.<\/p>\n<h5><em>*IM\u00c1GENES: Getty Images<\/em><\/h5>\n","protected":false},"author":11656,"featured_media":97149,"template":"","format":"standard","categories":[4],"acf":[],"yoast_head":"<!-- This site is optimized with the Yoast SEO Premium plugin v18.5 (Yoast SEO v20.4) - https:\/\/yoast.com\/wordpress\/plugins\/seo\/ -->\n<title>Celebrity Style: Insp\u00edrate en el estilo de Irina Shayk para llevar combat boots este verano | Grazia M\u00e9xico y Latinoam\u00e9rica<\/title>\n<meta name=\"description\" content=\"Si est\u00e1s aburrida y cansada de llevar sandalias, las combat boots son tu mejor opci\u00f3n para llevar con tus looks de primavera-verano. Irina Shayk tiene la clave para lucir en ellas espectacular, \u00a1toma nota!\" \/>\n<meta name=\"robots\" content=\"index, follow, max-snippet:-1, max-image-preview:large, max-video-preview:-1\" \/>\n<link rel=\"canonical\" href=\"https:\/\/graziamagazine.com\/mx\/articles\/celebrity-style-inspirate-en-el-estilo-de-irina-shayk-para-llevar-combat-boots-este-verano\/\" \/>\n<meta property=\"og:locale\" content=\"es_MX\" \/>\n<meta property=\"og:type\" content=\"article\" \/>\n<meta property=\"og:title\" content=\"Celebrity Style: Insp\u00edrate en el estilo de Irina Shayk para llevar combat boots este verano\" \/>\n<meta property=\"og:description\" content=\"Si est\u00e1s aburrida y cansada de llevar sandalias, las combat boots son tu mejor opci\u00f3n para llevar con tus looks de primavera-verano. Irina Shayk tiene la clave para lucir en ellas espectacular, \u00a1toma nota!\" \/>\n<meta property=\"og:url\" content=\"https:\/\/graziamagazine.com\/mx\/articles\/celebrity-style-inspirate-en-el-estilo-de-irina-shayk-para-llevar-combat-boots-este-verano\/\" \/>\n<meta property=\"og:site_name\" content=\"Grazia M\u00e9xico y Latinoam\u00e9rica\" \/>\n<meta property=\"article:modified_time\" content=\"2021-05-31T18:35:51+00:00\" \/>\n<meta property=\"og:image\" content=\"https:\/\/graziamagazine.com\/mx\/wp-content\/uploads\/sites\/13\/2021\/05\/GettyImages-1315065445-1.jpeg?fit=1024%2C654\" \/>\n\t<meta property=\"og:image:width\" content=\"1024\" \/>\n\t<meta property=\"og:image:height\" content=\"654\" \/>\n\t<meta property=\"og:image:type\" content=\"image\/jpeg\" \/>\n<meta name=\"twitter:card\" content=\"summary_large_image\" \/>\n<meta name=\"twitter:label1\" content=\"Est. reading time\" \/>\n\t<meta name=\"twitter:data1\" content=\"2 minutos\" \/>\n<script type=\"application\/ld+json\" class=\"yoast-schema-graph\">{\"@context\":\"https:\/\/schema.org\",\"@graph\":[{\"@type\":\"WebPage\",\"@id\":\"https:\/\/graziamagazine.com\/mx\/articles\/celebrity-style-inspirate-en-el-estilo-de-irina-shayk-para-llevar-combat-boots-este-verano\/\",\"url\":\"https:\/\/graziamagazine.com\/mx\/articles\/celebrity-style-inspirate-en-el-estilo-de-irina-shayk-para-llevar-combat-boots-este-verano\/\",\"name\":\"Celebrity Style: Insp\u00edrate en el estilo de Irina Shayk para llevar combat boots este verano | Grazia M\u00e9xico y Latinoam\u00e9rica\",\"isPartOf\":{\"@id\":\"https:\/\/graziamagazine.com\/mx\/#website\"},\"datePublished\":\"2021-05-26T18:18:20+00:00\",\"dateModified\":\"2021-05-31T18:35:51+00:00\",\"description\":\"Si est\u00e1s aburrida y cansada de llevar sandalias, las combat boots son tu mejor opci\u00f3n para llevar con tus looks de primavera-verano. Irina Shayk tiene la clave para lucir en ellas espectacular, \u00a1toma nota!\",\"breadcrumb\":{\"@id\":\"https:\/\/graziamagazine.com\/mx\/articles\/celebrity-style-inspirate-en-el-estilo-de-irina-shayk-para-llevar-combat-boots-este-verano\/#breadcrumb\"},\"inLanguage\":\"es-MX\",\"potentialAction\":[{\"@type\":\"ReadAction\",\"target\":[\"https:\/\/graziamagazine.com\/mx\/articles\/celebrity-style-inspirate-en-el-estilo-de-irina-shayk-para-llevar-combat-boots-este-verano\/\"]}]},{\"@type\":\"BreadcrumbList\",\"@id\":\"https:\/\/graziamagazine.com\/mx\/articles\/celebrity-style-inspirate-en-el-estilo-de-irina-shayk-para-llevar-combat-boots-este-verano\/#breadcrumb\",\"itemListElement\":[{\"@type\":\"ListItem\",\"position\":1,\"name\":\"Home\",\"item\":\"https:\/\/graziamagazine.com\/mx\/\"},{\"@type\":\"ListItem\",\"position\":2,\"name\":\"Celebrity Style: Insp\u00edrate en el estilo de Irina Shayk para llevar combat boots este verano\"}]},{\"@type\":\"WebSite\",\"@id\":\"https:\/\/graziamagazine.com\/mx\/#website\",\"url\":\"https:\/\/graziamagazine.com\/mx\/\",\"name\":\"Grazia M\u00e9xico y Latinoam\u00e9rica\",\"description\":\"Grazia es moda, belleza y noticias  de actualidad \",\"potentialAction\":[{\"@type\":\"SearchAction\",\"target\":{\"@type\":\"EntryPoint\",\"urlTemplate\":\"https:\/\/graziamagazine.com\/mx\/?s={search_term_string}\"},\"query-input\":\"required name=search_term_string\"}],\"inLanguage\":\"es-MX\"}]}<\/script>\n<!-- \/ Yoast SEO Premium plugin. -->","yoast_head_json":{"title":"Celebrity Style: Insp\u00edrate en el estilo de Irina Shayk para llevar combat boots este verano | Grazia M\u00e9xico y Latinoam\u00e9rica","description":"Si est\u00e1s aburrida y cansada de llevar sandalias, las combat boots son tu mejor opci\u00f3n para llevar con tus looks de primavera-verano. Irina Shayk tiene la clave para lucir en ellas espectacular, \u00a1toma nota!","robots":{"index":"index","follow":"follow","max-snippet":"max-snippet:-1","max-image-preview":"max-image-preview:large","max-video-preview":"max-video-preview:-1"},"canonical":"https:\/\/graziamagazine.com\/mx\/articles\/celebrity-style-inspirate-en-el-estilo-de-irina-shayk-para-llevar-combat-boots-este-verano\/","og_locale":"es_MX","og_type":"article","og_title":"Celebrity Style: Insp\u00edrate en el estilo de Irina Shayk para llevar combat boots este verano","og_description":"Si est\u00e1s aburrida y cansada de llevar sandalias, las combat boots son tu mejor opci\u00f3n para llevar con tus looks de primavera-verano. Irina Shayk tiene la clave para lucir en ellas espectacular, \u00a1toma nota!","og_url":"https:\/\/graziamagazine.com\/mx\/articles\/celebrity-style-inspirate-en-el-estilo-de-irina-shayk-para-llevar-combat-boots-este-verano\/","og_site_name":"Grazia M\u00e9xico y Latinoam\u00e9rica","article_modified_time":"2021-05-31T18:35:51+00:00","og_image":[{"width":1024,"height":654,"url":"https:\/\/graziamagazine.com\/mx\/wp-content\/uploads\/sites\/13\/2021\/05\/GettyImages-1315065445-1.jpeg?fit=1024%2C654","type":"image\/jpeg"}],"twitter_card":"summary_large_image","twitter_misc":{"Est. reading time":"2 minutos"},"schema":{"@context":"https:\/\/schema.org","@graph":[{"@type":"WebPage","@id":"https:\/\/graziamagazine.com\/mx\/articles\/celebrity-style-inspirate-en-el-estilo-de-irina-shayk-para-llevar-combat-boots-este-verano\/","url":"https:\/\/graziamagazine.com\/mx\/articles\/celebrity-style-inspirate-en-el-estilo-de-irina-shayk-para-llevar-combat-boots-este-verano\/","name":"Celebrity Style: Insp\u00edrate en el estilo de Irina Shayk para llevar combat boots este verano | Grazia M\u00e9xico y Latinoam\u00e9rica","isPartOf":{"@id":"https:\/\/graziamagazine.com\/mx\/#website"},"datePublished":"2021-05-26T18:18:20+00:00","dateModified":"2021-05-31T18:35:51+00:00","description":"Si est\u00e1s aburrida y cansada de llevar sandalias, las combat boots son tu mejor opci\u00f3n para llevar con tus looks de primavera-verano. Irina Shayk tiene la clave para lucir en ellas espectacular, \u00a1toma nota!","breadcrumb":{"@id":"https:\/\/graziamagazine.com\/mx\/articles\/celebrity-style-inspirate-en-el-estilo-de-irina-shayk-para-llevar-combat-boots-este-verano\/#breadcrumb"},"inLanguage":"es-MX","potentialAction":[{"@type":"ReadAction","target":["https:\/\/graziamagazine.com\/mx\/articles\/celebrity-style-inspirate-en-el-estilo-de-irina-shayk-para-llevar-combat-boots-este-verano\/"]}]},{"@type":"BreadcrumbList","@id":"https:\/\/graziamagazine.com\/mx\/articles\/celebrity-style-inspirate-en-el-estilo-de-irina-shayk-para-llevar-combat-boots-este-verano\/#breadcrumb","itemListElement":[{"@type":"ListItem","position":1,"name":"Home","item":"https:\/\/graziamagazine.com\/mx\/"},{"@type":"ListItem","position":2,"name":"Celebrity Style: Insp\u00edrate en el estilo de Irina Shayk para llevar combat boots este verano"}]},{"@type":"WebSite","@id":"https:\/\/graziamagazine.com\/mx\/#website","url":"https:\/\/graziamagazine.com\/mx\/","name":"Grazia M\u00e9xico y Latinoam\u00e9rica","description":"Grazia es moda, belleza y noticias  de actualidad ","potentialAction":[{"@type":"SearchAction","target":{"@type":"EntryPoint","urlTemplate":"https:\/\/graziamagazine.com\/mx\/?s={search_term_string}"},"query-input":"required name=search_term_string"}],"inLanguage":"es-MX"}]}},"jetpack_sharing_enabled":true,"distributor_meta":false,"distributor_terms":false,"distributor_media":false,"distributor_original_site_name":"Grazia M\u00e9xico y Latinoam\u00e9rica","distributor_original_site_url":"https:\/\/graziamagazine.com\/mx","push-errors":false,"_links":{"self":[{"href":"https:\/\/graziamagazine.com\/mx\/wp-json\/wp\/v2\/articles\/97144"}],"collection":[{"href":"https:\/\/graziamagazine.com\/mx\/wp-json\/wp\/v2\/articles"}],"about":[{"href":"https:\/\/graziamagazine.com\/mx\/wp-json\/wp\/v2\/types\/articles"}],"author":[{"embeddable":true,"href":"https:\/\/graziamagazine.com\/mx\/wp-json\/wp\/v2\/users\/11656"}],"wp:featuredmedia":[{"embeddable":true,"href":"https:\/\/graziamagazine.com\/mx\/wp-json\/wp\/v2\/media\/97149"}],"wp:attachment":[{"href":"https:\/\/graziamagazine.com\/mx\/wp-json\/wp\/v2\/media?parent=97144"}],"wp:term":[{"taxonomy":"category","embeddable":true,"href":"https:\/\/graziamagazine.com\/mx\/wp-json\/wp\/v2\/categories?post=97144"}],"curies":[{"name":"wp","href":"https:\/\/api.w.org\/{rel}","templated":true}]}}