{"id":96946,"date":"2021-05-19T07:30:42","date_gmt":"2021-05-19T12:30:42","guid":{"rendered":"https:\/\/graziamagazine.com\/mx\/?post_type=articles&#038;p=96946"},"modified":"2021-05-18T16:55:26","modified_gmt":"2021-05-18T21:55:26","slug":"disenchanted-este-es-el-elenco-completo-de-la-secuela-de-enchanted","status":"publish","type":"articles","link":"https:\/\/graziamagazine.com\/mx\/articles\/disenchanted-este-es-el-elenco-completo-de-la-secuela-de-enchanted\/","title":{"rendered":"Disenchanted: Este es el elenco completo de la secuela de Enchanted"},"content":{"rendered":"<p><span style=\"font-weight: 400\">Catorce a\u00f1os despu\u00e9s del estreno de aquella comedia rom\u00e1ntica musical protagonizada por <\/span><b>Amy Adams <\/b><span style=\"font-weight: 400\">y<\/span><b> Patrick Dempsey, <\/b><b><i>Enchanted<\/i><\/b><i><span style=\"font-weight: 400\">,<\/span><\/i><span style=\"font-weight: 400\"> llegar\u00e1 a nuestras pantallas la segunda parte, <\/span><b><i>Disenchanted<\/i><\/b><i><span style=\"font-weight: 400\">.<\/span><\/i><span style=\"font-weight: 400\"> Hasta ahora sab\u00edamos que ambos protagonistas participar\u00e1n en la secuela, pero la noticia se vuelve mejor con la confirmaci\u00f3n del elenco completo.<\/span><\/p>\n<p><i><span style=\"font-weight: 400\">Enchanted,<\/span><\/i><span style=\"font-weight: 400\"> estrenada en noviembre de 2007, se centr\u00f3 en una princesa llamada Giselle (Amy Adams), que tuvo un dif\u00edcil despertar despu\u00e9s de ser empujada a un pozo m\u00e1gico y transportada desde la tierra animada de Andalasia a la vida real en Nueva York.<\/span><\/p>\n<p><span style=\"font-weight: 400\">Ahora,<\/span><i><span style=\"font-weight: 400\"> Disenchanted <\/span><\/i><span style=\"font-weight: 400\">est\u00e1 planeada para estrenarse en <\/span><b>Disney+<\/b><span style=\"font-weight: 400\">, y \u201ctrata de la vida de Giselle 10 a\u00f1os despu\u00e9s\u201d, seg\u00fan ha trascendido. Y adem\u00e1s, plantea una duda al aire cuya respuesta en la pel\u00edcula ser\u00e1 muy interesante de observar: \u201c\u00bfQu\u00e9 es un feliz para siempre?\u201d.<\/span><\/p>\n<blockquote class=\"twitter-tweet\" data-width=\"500\" data-dnt=\"true\">\n<p lang=\"en\" dir=\"ltr\">Should we dress for Andalasia or\u2026 the big city? We\u2019ll overpack either way. \ud83e\uddf3<\/p>\n<p>&mdash; Disney+ (@disneyplus) <a href=\"https:\/\/twitter.com\/disneyplus\/status\/1394331476490031107?ref_src=twsrc%5Etfw\" target=\"_blank\">May 17, 2021<\/a><\/p><\/blockquote>\n<p><script async src=\"https:\/\/platform.twitter.com\/widgets.js\" charset=\"utf-8\"><\/script><\/p>\n<p><span style=\"font-weight: 400\">El elenco de la primera parte de esta saga incluy\u00f3 tambi\u00e9n a <\/span><b>James Marsden e Idina Menzel, <\/b><span style=\"font-weight: 400\">como Prince Edward y Nancy, respectivamente, y la gran noticia es que \u00a1volveremos a verlos en la segunda parte!<\/span><\/p>\n<p><span style=\"font-weight: 400\">El anuncio de la producci\u00f3n de esta segunda parte fue comunicada por Patrick Dempsey, quien da vida al abogado Robert Philip, durante su participaci\u00f3n en un programa estadounidense: \u201cAcabo de recibir este gui\u00f3n para la segunda pel\u00edcula y luego empiezo a revisar y tomar notas. Se habla de que comenzaremos a filmar en primavera, lo cual es emocionante\u201d.<\/span><\/p>\n<p><span style=\"font-weight: 400\">El actor de <\/span><b><i>Grey\u2019s Anatomy<\/i><\/b><span style=\"font-weight: 400\"> tambi\u00e9n elogi\u00f3 la actuaci\u00f3n de Adams en la primera pel\u00edcula al interpretar a Giselle, la princesa de cuento de hadas que es desterrada a la ciudad de Nueva York por una reina malvada (<\/span><b>Susan Sarandon<\/b><span style=\"font-weight: 400\">) antes de casarse con el encantador (pero un poco tonto) Prince Edward. Pero la vida ten\u00eda preparados otros planes para ella, pues se enamora de Robert en la Gran Manzana. \u201cAmy Adams es tan asombrosa en esa pel\u00edcula. Fue un proyecto divertido de formar parte\u201d, dijo.<\/span><\/p>\n<p><span style=\"font-weight: 400\">Adem\u00e1s, ahora sabemos que <\/span><b>Maya Rudolph<\/b><span style=\"font-weight: 400\">, la actriz de <\/span><b><i>Community<\/i><\/b><b>, Yvette Nicole Brown<\/b><span style=\"font-weight: 400\"> y la actriz de <\/span><b><i>Glee<\/i><\/b><b>, Jayma Mays<\/b><span style=\"font-weight: 400\">, se unir\u00e1n al elenco. Se ha confirmado que Rudolph interpretar\u00e1 a una villana, y se cree que las otras dos actrices tambi\u00e9n ser\u00e1n antagonistas.<\/span><\/p>\n<p><span style=\"font-weight: 400\">Finalmente, <\/span><b>Gabby Baldacchino<\/b><span style=\"font-weight: 400\"> dar\u00e1 vida a Morgan, la hija de Giselle y Robert.\u00a0<\/span><\/p>\n<p><span style=\"font-weight: 400\">La pel\u00edcula, dirigida por <\/span><b>Adam Shankman<\/b><span style=\"font-weight: 400\">, estar\u00e1 disponible para transmitir exclusivamente en <\/span><b>Disney+<\/b><span style=\"font-weight: 400\"> en 2022. Actualmente ha comenzado la producci\u00f3n, y est\u00e1 grab\u00e1ndose en Irlanda.<\/span><\/p>\n<p><span style=\"font-weight: 400\">\u00a1Tr\u00e1game tierra y esc\u00fapeme en el pr\u00f3ximo a\u00f1o!<\/span><\/p>\n<p>*IMAGEN:<\/p>\n","protected":false},"author":11628,"featured_media":96958,"template":"","format":"standard","categories":[114],"acf":[],"yoast_head":"<!-- This site is optimized with the Yoast SEO Premium plugin v18.5 (Yoast SEO v20.4) - https:\/\/yoast.com\/wordpress\/plugins\/seo\/ -->\n<title>Disenchanted: Este es el elenco completo de la secuela de Enchanted | Grazia M\u00e9xico y Latinoam\u00e9rica<\/title>\n<meta name=\"description\" content=\"Esta noticia no podr\u00eda hacernos m\u00e1s que felices.\" \/>\n<meta name=\"robots\" content=\"index, follow, max-snippet:-1, max-image-preview:large, max-video-preview:-1\" \/>\n<link rel=\"canonical\" href=\"https:\/\/graziamagazine.com\/mx\/articles\/disenchanted-este-es-el-elenco-completo-de-la-secuela-de-enchanted\/\" \/>\n<meta property=\"og:locale\" content=\"es_MX\" \/>\n<meta property=\"og:type\" content=\"article\" \/>\n<meta property=\"og:title\" content=\"Disenchanted: Este es el elenco completo de la secuela de Enchanted\" \/>\n<meta property=\"og:description\" content=\"Esta noticia no podr\u00eda hacernos m\u00e1s que felices.\" \/>\n<meta property=\"og:url\" content=\"https:\/\/graziamagazine.com\/mx\/articles\/disenchanted-este-es-el-elenco-completo-de-la-secuela-de-enchanted\/\" \/>\n<meta property=\"og:site_name\" content=\"Grazia M\u00e9xico y Latinoam\u00e9rica\" \/>\n<meta property=\"article:modified_time\" content=\"2021-05-18T21:55:26+00:00\" \/>\n<meta property=\"og:image\" content=\"https:\/\/graziamagazine.com\/mx\/wp-content\/uploads\/sites\/13\/2021\/05\/enchanted.jpeg?fit=1000%2C600\" \/>\n\t<meta property=\"og:image:width\" content=\"1000\" \/>\n\t<meta property=\"og:image:height\" content=\"600\" \/>\n\t<meta property=\"og:image:type\" content=\"image\/jpeg\" \/>\n<meta name=\"twitter:card\" content=\"summary_large_image\" \/>\n<meta name=\"twitter:label1\" content=\"Est. reading time\" \/>\n\t<meta name=\"twitter:data1\" content=\"2 minutos\" \/>\n<script type=\"application\/ld+json\" class=\"yoast-schema-graph\">{\"@context\":\"https:\/\/schema.org\",\"@graph\":[{\"@type\":\"WebPage\",\"@id\":\"https:\/\/graziamagazine.com\/mx\/articles\/disenchanted-este-es-el-elenco-completo-de-la-secuela-de-enchanted\/\",\"url\":\"https:\/\/graziamagazine.com\/mx\/articles\/disenchanted-este-es-el-elenco-completo-de-la-secuela-de-enchanted\/\",\"name\":\"Disenchanted: Este es el elenco completo de la secuela de Enchanted | Grazia M\u00e9xico y Latinoam\u00e9rica\",\"isPartOf\":{\"@id\":\"https:\/\/graziamagazine.com\/mx\/#website\"},\"datePublished\":\"2021-05-19T12:30:42+00:00\",\"dateModified\":\"2021-05-18T21:55:26+00:00\",\"description\":\"Esta noticia no podr\u00eda hacernos m\u00e1s que felices.\",\"breadcrumb\":{\"@id\":\"https:\/\/graziamagazine.com\/mx\/articles\/disenchanted-este-es-el-elenco-completo-de-la-secuela-de-enchanted\/#breadcrumb\"},\"inLanguage\":\"es-MX\",\"potentialAction\":[{\"@type\":\"ReadAction\",\"target\":[\"https:\/\/graziamagazine.com\/mx\/articles\/disenchanted-este-es-el-elenco-completo-de-la-secuela-de-enchanted\/\"]}]},{\"@type\":\"BreadcrumbList\",\"@id\":\"https:\/\/graziamagazine.com\/mx\/articles\/disenchanted-este-es-el-elenco-completo-de-la-secuela-de-enchanted\/#breadcrumb\",\"itemListElement\":[{\"@type\":\"ListItem\",\"position\":1,\"name\":\"Home\",\"item\":\"https:\/\/graziamagazine.com\/mx\/\"},{\"@type\":\"ListItem\",\"position\":2,\"name\":\"Disenchanted: Este es el elenco completo de la secuela de Enchanted\"}]},{\"@type\":\"WebSite\",\"@id\":\"https:\/\/graziamagazine.com\/mx\/#website\",\"url\":\"https:\/\/graziamagazine.com\/mx\/\",\"name\":\"Grazia M\u00e9xico y Latinoam\u00e9rica\",\"description\":\"Grazia es moda, belleza y noticias  de actualidad \",\"potentialAction\":[{\"@type\":\"SearchAction\",\"target\":{\"@type\":\"EntryPoint\",\"urlTemplate\":\"https:\/\/graziamagazine.com\/mx\/?s={search_term_string}\"},\"query-input\":\"required name=search_term_string\"}],\"inLanguage\":\"es-MX\"}]}<\/script>\n<!-- \/ Yoast SEO Premium plugin. -->","yoast_head_json":{"title":"Disenchanted: Este es el elenco completo de la secuela de Enchanted | Grazia M\u00e9xico y Latinoam\u00e9rica","description":"Esta noticia no podr\u00eda hacernos m\u00e1s que felices.","robots":{"index":"index","follow":"follow","max-snippet":"max-snippet:-1","max-image-preview":"max-image-preview:large","max-video-preview":"max-video-preview:-1"},"canonical":"https:\/\/graziamagazine.com\/mx\/articles\/disenchanted-este-es-el-elenco-completo-de-la-secuela-de-enchanted\/","og_locale":"es_MX","og_type":"article","og_title":"Disenchanted: Este es el elenco completo de la secuela de Enchanted","og_description":"Esta noticia no podr\u00eda hacernos m\u00e1s que felices.","og_url":"https:\/\/graziamagazine.com\/mx\/articles\/disenchanted-este-es-el-elenco-completo-de-la-secuela-de-enchanted\/","og_site_name":"Grazia M\u00e9xico y Latinoam\u00e9rica","article_modified_time":"2021-05-18T21:55:26+00:00","og_image":[{"width":1000,"height":600,"url":"https:\/\/graziamagazine.com\/mx\/wp-content\/uploads\/sites\/13\/2021\/05\/enchanted.jpeg?fit=1000%2C600","type":"image\/jpeg"}],"twitter_card":"summary_large_image","twitter_misc":{"Est. reading time":"2 minutos"},"schema":{"@context":"https:\/\/schema.org","@graph":[{"@type":"WebPage","@id":"https:\/\/graziamagazine.com\/mx\/articles\/disenchanted-este-es-el-elenco-completo-de-la-secuela-de-enchanted\/","url":"https:\/\/graziamagazine.com\/mx\/articles\/disenchanted-este-es-el-elenco-completo-de-la-secuela-de-enchanted\/","name":"Disenchanted: Este es el elenco completo de la secuela de Enchanted | Grazia M\u00e9xico y Latinoam\u00e9rica","isPartOf":{"@id":"https:\/\/graziamagazine.com\/mx\/#website"},"datePublished":"2021-05-19T12:30:42+00:00","dateModified":"2021-05-18T21:55:26+00:00","description":"Esta noticia no podr\u00eda hacernos m\u00e1s que felices.","breadcrumb":{"@id":"https:\/\/graziamagazine.com\/mx\/articles\/disenchanted-este-es-el-elenco-completo-de-la-secuela-de-enchanted\/#breadcrumb"},"inLanguage":"es-MX","potentialAction":[{"@type":"ReadAction","target":["https:\/\/graziamagazine.com\/mx\/articles\/disenchanted-este-es-el-elenco-completo-de-la-secuela-de-enchanted\/"]}]},{"@type":"BreadcrumbList","@id":"https:\/\/graziamagazine.com\/mx\/articles\/disenchanted-este-es-el-elenco-completo-de-la-secuela-de-enchanted\/#breadcrumb","itemListElement":[{"@type":"ListItem","position":1,"name":"Home","item":"https:\/\/graziamagazine.com\/mx\/"},{"@type":"ListItem","position":2,"name":"Disenchanted: Este es el elenco completo de la secuela de Enchanted"}]},{"@type":"WebSite","@id":"https:\/\/graziamagazine.com\/mx\/#website","url":"https:\/\/graziamagazine.com\/mx\/","name":"Grazia M\u00e9xico y Latinoam\u00e9rica","description":"Grazia es moda, belleza y noticias  de actualidad ","potentialAction":[{"@type":"SearchAction","target":{"@type":"EntryPoint","urlTemplate":"https:\/\/graziamagazine.com\/mx\/?s={search_term_string}"},"query-input":"required name=search_term_string"}],"inLanguage":"es-MX"}]}},"jetpack_sharing_enabled":true,"distributor_meta":false,"distributor_terms":false,"distributor_media":false,"distributor_original_site_name":"Grazia M\u00e9xico y Latinoam\u00e9rica","distributor_original_site_url":"https:\/\/graziamagazine.com\/mx","push-errors":false,"_links":{"self":[{"href":"https:\/\/graziamagazine.com\/mx\/wp-json\/wp\/v2\/articles\/96946"}],"collection":[{"href":"https:\/\/graziamagazine.com\/mx\/wp-json\/wp\/v2\/articles"}],"about":[{"href":"https:\/\/graziamagazine.com\/mx\/wp-json\/wp\/v2\/types\/articles"}],"author":[{"embeddable":true,"href":"https:\/\/graziamagazine.com\/mx\/wp-json\/wp\/v2\/users\/11628"}],"wp:featuredmedia":[{"embeddable":true,"href":"https:\/\/graziamagazine.com\/mx\/wp-json\/wp\/v2\/media\/96958"}],"wp:attachment":[{"href":"https:\/\/graziamagazine.com\/mx\/wp-json\/wp\/v2\/media?parent=96946"}],"wp:term":[{"taxonomy":"category","embeddable":true,"href":"https:\/\/graziamagazine.com\/mx\/wp-json\/wp\/v2\/categories?post=96946"}],"curies":[{"name":"wp","href":"https:\/\/api.w.org\/{rel}","templated":true}]}}