{"id":96906,"date":"2021-05-18T10:30:44","date_gmt":"2021-05-18T15:30:44","guid":{"rendered":"https:\/\/graziamagazine.com\/mx\/?post_type=articles&#038;p=96906"},"modified":"2021-05-18T10:35:29","modified_gmt":"2021-05-18T15:35:29","slug":"celebra-el-dia-internacional-del-museo-con-tiktok","status":"publish","type":"articles","link":"https:\/\/graziamagazine.com\/mx\/articles\/celebra-el-dia-internacional-del-museo-con-tiktok\/","title":{"rendered":"\u00a1Celebra el D\u00eda Internacional de los Museos con TikTok!"},"content":{"rendered":"<p><span style=\"font-weight: 400\">Hoy se celebra el <\/span><b>D\u00eda Internacional del Museo<\/b><span style=\"font-weight: 400\"> con el objetivo de concientizar \u201csobre el hecho de que los museos son un importante medio para el intercambio cultural, el enriquecimiento de las culturas, as\u00ed como para el desarrollo de la comprensi\u00f3n mutua, de la colaboraci\u00f3n y de la paz entre los pueblos\u201d, afirma el <\/span><b>Consejo Internacional de Museos.\u00a0<\/b><\/p>\n<p><span style=\"font-weight: 400\">Organizados cada <\/span><b>18 de mayo<\/b><span style=\"font-weight: 400\"> o alrededor de este d\u00eda desde hace m\u00e1s de 40 a\u00f1os, los eventos y actividades planeados para celebrar esta fecha pueden durar un d\u00eda, un fin de semana o incluso toda la semana.\u00a0<\/span><\/p>\n<p><span style=\"font-weight: 400\">Cada vez son m\u00e1s los museos por todo el mundo que participan en esta celebraci\u00f3n mundial. En 2020 fueron 37,000 museos los que tomaron parte en el evento en 158 pa\u00edses y territorios, y este a\u00f1o gracias a TikTok ser\u00e1n muchos m\u00e1s.\u00a0<\/span><\/p>\n<p><span style=\"font-weight: 400\">Gracias al movimiento <\/span><b><i>#MuseumMoment<\/i><\/b><span style=\"font-weight: 400\">, TikTok recorrer\u00e1 23 museos de 12 pa\u00edses diferentes en 4 continentes para conectar con arte moderno, artefactos hist\u00f3ricos, esculturas antiguas y arquitectura peculiar en los diferentes recintos.<\/span><\/p>\n<blockquote class=\"tiktok-embed\" cite=\"https:\/\/www.tiktok.com\/@MS4wLjABAAAAcnZpf_JE8RlAYTLsICDFB6CbPkqbfluOC2V4toocNAo\/video\/6963515718046338309\" data-video-id=\"6963515718046338309\" style=\"max-width: 605px;min-width: 325px;\" >\n<section> <a href=\"https:\/\/www.tiktok.com\/@MS4wLjABAAAAcnZpf_JE8RlAYTLsICDFB6CbPkqbfluOC2V4toocNAo\"target=\"_blank\" title=\"@tiktok_espa\u00f1ol\"  target=\"_blank\">@tiktok_espa\u00f1ol<\/a> <\/p>\n<p>\u00a1Es hoy! No te pierdas este 18 de mayo, un d\u00eda de LIVES con museos del mundo desde @tiktokforgood . <a href=\"https:\/\/www.tiktok.com\/tag\/museummoment\"title=\"museummoment\" target=\"_blank\"  target=\"_blank\">#MuseumMoment<\/a> ya empieza en TikTok<\/p>\n<p> <a href=\"https:\/\/www.tiktok.com\/music\/sonido-original-6963515225899354886\"target=\"_blank\" title=\"\u266c sonido original - TikTok en espa\u00f1ol\"  target=\"_blank\">\u266c sonido original &#8211; TikTok en espa\u00f1ol<\/a> <\/section>\n<\/blockquote>\n<p> <script async src=\"https:\/\/www.tiktok.com\/embed.js\"><\/script><\/p>\n<p><span style=\"font-weight: 400\">A trav\u00e9s de <\/span><i><span style=\"font-weight: 400\">lives<\/span><\/i><span style=\"font-weight: 400\"> en TikTok, podr\u00e1s recorrer desde la Galer\u00eda Nacional de Singapur, hasta vivir un viaje a trav\u00e9s del arte por Israel, Jap\u00f3n, Brasil, Francia, Italia, Holanda, Alemania, Reino Unido, Estados Unidos y, desde luego, M\u00e9xico.<\/span><\/p>\n<p><span style=\"font-weight: 400\">\u201c#<\/span><i><span style=\"font-weight: 400\">MuseumMoment<\/span><\/i><span style=\"font-weight: 400\">, que realizar\u00e1 una serie de streamings en vivo durante todo el d\u00eda en el hub <\/span><b><i>TikTok for Good<\/i><\/b><span style=\"font-weight: 400\">, brindar\u00e1 a las personas la oportunidad de tener experiencias como un recorrido por la Inglaterra de los a\u00f1os 30 a trav\u00e9s del Black Country Museum (Reino Unido) hasta escuchar a un experto en taxidermia en el Museum f\u00fcr Naturkunde Berlin (Alemania) y ver a famosos obras de arte como La ronda de noche de Rembrandt en el Rijksmuseum (Pa\u00edses Bajos). Desde arte moderno y artefactos hist\u00f3ricos hasta esculturas antiguas y arquitectura peculiar, siempre habr\u00e1 algo interesante para todos los amantes de la cultura\u201d, dice el comunicado oficial.<\/span><\/p>\n<p><span style=\"font-weight: 400\">En M\u00e9xico, en espec\u00edfico, tres museos formar\u00e1n parte de este gran evento virtual: el <\/span><b>Museo de Arte Moderno (MAM)<\/b><span style=\"font-weight: 400\">, el <\/span><b>Museo Interactivo de Econom\u00eda (MIDE)<\/b><span style=\"font-weight: 400\"> &#8211; para permitir a las personas aprender sobre esta materia de forma f\u00e1cil y divertida, y \u201cdescubrir m\u00e1s sobre los detalles totalmente interactivos del recinto, su interior y parte de su peculiar arquitectura\u201d &#8211; y el <\/span><b>Museo de Arte Popular<\/b><span style=\"font-weight: 400\">, que presentar\u00e1 en un live la exposici\u00f3n Rebozo, sustentada en una amplia investigaci\u00f3n de m\u00e1s de 25 a\u00f1os realizada por la Dra. Ana Paulina G\u00e1mez, quien es experta en el tema y curadora de la exhibici\u00f3n.\u00a0<\/span><\/p>\n<p><span style=\"font-weight: 400\">&#8220;En TikTok estamos orgullosos de ser un espacio en el que los museos y las galer\u00edas pueden abrir sus puertas digitalmente y mostrar a la comunidad global todo su acervo cultural. En este D\u00eda Internacional de los Museos, nos sentimos emocionados por ver qu\u00e9 hay detr\u00e1s de escena de algunas de las instituciones m\u00e1s emblem\u00e1ticas del mundo, las cuales pueden ser visitado por turistas virtuales y estar inmersos en la cultura de las civilizaciones que sentaron las bases de la sociedad actual\u201d, dijo Eridany Vazquez de la Cerda, de <\/span><i><span style=\"font-weight: 400\">Content Partnerships.<\/span><\/i><\/p>\n<p><span style=\"font-weight: 400\">\u00bfTe sumas al movimiento? \u00a1No te pierdas las transmisiones en vivo!<\/span><\/p>\n<h5><em>*IMAGEN: Getty Images<\/em><\/h5>\n","protected":false},"author":11628,"featured_media":96908,"template":"","format":"standard","categories":[114],"acf":[],"yoast_head":"<!-- This site is optimized with the Yoast SEO Premium plugin v18.5 (Yoast SEO v20.4) - https:\/\/yoast.com\/wordpress\/plugins\/seo\/ -->\n<title>\u00a1Celebra el D\u00eda Internacional de los Museos con TikTok! | Grazia M\u00e9xico y Latinoam\u00e9rica<\/title>\n<meta name=\"description\" content=\"TikTok celebra el D\u00eda Internacional del Museo con un recorrido por los sitios m\u00e1s emblem\u00e1ticos de M\u00e9xico y el mundo.\" \/>\n<meta name=\"robots\" content=\"index, follow, max-snippet:-1, max-image-preview:large, max-video-preview:-1\" \/>\n<link rel=\"canonical\" href=\"https:\/\/graziamagazine.com\/mx\/articles\/celebra-el-dia-internacional-del-museo-con-tiktok\/\" \/>\n<meta property=\"og:locale\" content=\"es_MX\" \/>\n<meta property=\"og:type\" content=\"article\" \/>\n<meta property=\"og:title\" content=\"\u00a1Celebra el D\u00eda Internacional de los Museos con TikTok!\" \/>\n<meta property=\"og:description\" content=\"TikTok celebra el D\u00eda Internacional del Museo con un recorrido por los sitios m\u00e1s emblem\u00e1ticos de M\u00e9xico y el mundo.\" \/>\n<meta property=\"og:url\" content=\"https:\/\/graziamagazine.com\/mx\/articles\/celebra-el-dia-internacional-del-museo-con-tiktok\/\" \/>\n<meta property=\"og:site_name\" content=\"Grazia M\u00e9xico y Latinoam\u00e9rica\" \/>\n<meta property=\"article:modified_time\" content=\"2021-05-18T15:35:29+00:00\" \/>\n<meta property=\"og:image\" content=\"https:\/\/graziamagazine.com\/mx\/wp-content\/uploads\/sites\/13\/2021\/05\/WhatsApp-Image-2021-05-18-at-10.34.47-AM.jpeg?fit=1600%2C1066\" \/>\n\t<meta property=\"og:image:width\" content=\"1600\" \/>\n\t<meta property=\"og:image:height\" content=\"1066\" \/>\n\t<meta property=\"og:image:type\" content=\"image\/jpeg\" \/>\n<meta name=\"twitter:card\" content=\"summary_large_image\" \/>\n<meta name=\"twitter:label1\" content=\"Est. reading time\" \/>\n\t<meta name=\"twitter:data1\" content=\"3 minutos\" \/>\n<script type=\"application\/ld+json\" class=\"yoast-schema-graph\">{\"@context\":\"https:\/\/schema.org\",\"@graph\":[{\"@type\":\"WebPage\",\"@id\":\"https:\/\/graziamagazine.com\/mx\/articles\/celebra-el-dia-internacional-del-museo-con-tiktok\/\",\"url\":\"https:\/\/graziamagazine.com\/mx\/articles\/celebra-el-dia-internacional-del-museo-con-tiktok\/\",\"name\":\"\u00a1Celebra el D\u00eda Internacional de los Museos con TikTok! | Grazia M\u00e9xico y Latinoam\u00e9rica\",\"isPartOf\":{\"@id\":\"https:\/\/graziamagazine.com\/mx\/#website\"},\"datePublished\":\"2021-05-18T15:30:44+00:00\",\"dateModified\":\"2021-05-18T15:35:29+00:00\",\"description\":\"TikTok celebra el D\u00eda Internacional del Museo con un recorrido por los sitios m\u00e1s emblem\u00e1ticos de M\u00e9xico y el mundo.\",\"breadcrumb\":{\"@id\":\"https:\/\/graziamagazine.com\/mx\/articles\/celebra-el-dia-internacional-del-museo-con-tiktok\/#breadcrumb\"},\"inLanguage\":\"es-MX\",\"potentialAction\":[{\"@type\":\"ReadAction\",\"target\":[\"https:\/\/graziamagazine.com\/mx\/articles\/celebra-el-dia-internacional-del-museo-con-tiktok\/\"]}]},{\"@type\":\"BreadcrumbList\",\"@id\":\"https:\/\/graziamagazine.com\/mx\/articles\/celebra-el-dia-internacional-del-museo-con-tiktok\/#breadcrumb\",\"itemListElement\":[{\"@type\":\"ListItem\",\"position\":1,\"name\":\"Home\",\"item\":\"https:\/\/graziamagazine.com\/mx\/\"},{\"@type\":\"ListItem\",\"position\":2,\"name\":\"\u00a1Celebra el D\u00eda Internacional de los Museos con TikTok!\"}]},{\"@type\":\"WebSite\",\"@id\":\"https:\/\/graziamagazine.com\/mx\/#website\",\"url\":\"https:\/\/graziamagazine.com\/mx\/\",\"name\":\"Grazia M\u00e9xico y Latinoam\u00e9rica\",\"description\":\"Grazia es moda, belleza y noticias  de actualidad \",\"potentialAction\":[{\"@type\":\"SearchAction\",\"target\":{\"@type\":\"EntryPoint\",\"urlTemplate\":\"https:\/\/graziamagazine.com\/mx\/?s={search_term_string}\"},\"query-input\":\"required name=search_term_string\"}],\"inLanguage\":\"es-MX\"}]}<\/script>\n<!-- \/ Yoast SEO Premium plugin. -->","yoast_head_json":{"title":"\u00a1Celebra el D\u00eda Internacional de los Museos con TikTok! | Grazia M\u00e9xico y Latinoam\u00e9rica","description":"TikTok celebra el D\u00eda Internacional del Museo con un recorrido por los sitios m\u00e1s emblem\u00e1ticos de M\u00e9xico y el mundo.","robots":{"index":"index","follow":"follow","max-snippet":"max-snippet:-1","max-image-preview":"max-image-preview:large","max-video-preview":"max-video-preview:-1"},"canonical":"https:\/\/graziamagazine.com\/mx\/articles\/celebra-el-dia-internacional-del-museo-con-tiktok\/","og_locale":"es_MX","og_type":"article","og_title":"\u00a1Celebra el D\u00eda Internacional de los Museos con TikTok!","og_description":"TikTok celebra el D\u00eda Internacional del Museo con un recorrido por los sitios m\u00e1s emblem\u00e1ticos de M\u00e9xico y el mundo.","og_url":"https:\/\/graziamagazine.com\/mx\/articles\/celebra-el-dia-internacional-del-museo-con-tiktok\/","og_site_name":"Grazia M\u00e9xico y Latinoam\u00e9rica","article_modified_time":"2021-05-18T15:35:29+00:00","og_image":[{"width":1600,"height":1066,"url":"https:\/\/graziamagazine.com\/mx\/wp-content\/uploads\/sites\/13\/2021\/05\/WhatsApp-Image-2021-05-18-at-10.34.47-AM.jpeg?fit=1600%2C1066","type":"image\/jpeg"}],"twitter_card":"summary_large_image","twitter_misc":{"Est. reading time":"3 minutos"},"schema":{"@context":"https:\/\/schema.org","@graph":[{"@type":"WebPage","@id":"https:\/\/graziamagazine.com\/mx\/articles\/celebra-el-dia-internacional-del-museo-con-tiktok\/","url":"https:\/\/graziamagazine.com\/mx\/articles\/celebra-el-dia-internacional-del-museo-con-tiktok\/","name":"\u00a1Celebra el D\u00eda Internacional de los Museos con TikTok! | Grazia M\u00e9xico y Latinoam\u00e9rica","isPartOf":{"@id":"https:\/\/graziamagazine.com\/mx\/#website"},"datePublished":"2021-05-18T15:30:44+00:00","dateModified":"2021-05-18T15:35:29+00:00","description":"TikTok celebra el D\u00eda Internacional del Museo con un recorrido por los sitios m\u00e1s emblem\u00e1ticos de M\u00e9xico y el mundo.","breadcrumb":{"@id":"https:\/\/graziamagazine.com\/mx\/articles\/celebra-el-dia-internacional-del-museo-con-tiktok\/#breadcrumb"},"inLanguage":"es-MX","potentialAction":[{"@type":"ReadAction","target":["https:\/\/graziamagazine.com\/mx\/articles\/celebra-el-dia-internacional-del-museo-con-tiktok\/"]}]},{"@type":"BreadcrumbList","@id":"https:\/\/graziamagazine.com\/mx\/articles\/celebra-el-dia-internacional-del-museo-con-tiktok\/#breadcrumb","itemListElement":[{"@type":"ListItem","position":1,"name":"Home","item":"https:\/\/graziamagazine.com\/mx\/"},{"@type":"ListItem","position":2,"name":"\u00a1Celebra el D\u00eda Internacional de los Museos con TikTok!"}]},{"@type":"WebSite","@id":"https:\/\/graziamagazine.com\/mx\/#website","url":"https:\/\/graziamagazine.com\/mx\/","name":"Grazia M\u00e9xico y Latinoam\u00e9rica","description":"Grazia es moda, belleza y noticias  de actualidad ","potentialAction":[{"@type":"SearchAction","target":{"@type":"EntryPoint","urlTemplate":"https:\/\/graziamagazine.com\/mx\/?s={search_term_string}"},"query-input":"required name=search_term_string"}],"inLanguage":"es-MX"}]}},"jetpack_sharing_enabled":true,"distributor_meta":false,"distributor_terms":false,"distributor_media":false,"distributor_original_site_name":"Grazia M\u00e9xico y Latinoam\u00e9rica","distributor_original_site_url":"https:\/\/graziamagazine.com\/mx","push-errors":false,"_links":{"self":[{"href":"https:\/\/graziamagazine.com\/mx\/wp-json\/wp\/v2\/articles\/96906"}],"collection":[{"href":"https:\/\/graziamagazine.com\/mx\/wp-json\/wp\/v2\/articles"}],"about":[{"href":"https:\/\/graziamagazine.com\/mx\/wp-json\/wp\/v2\/types\/articles"}],"author":[{"embeddable":true,"href":"https:\/\/graziamagazine.com\/mx\/wp-json\/wp\/v2\/users\/11628"}],"wp:featuredmedia":[{"embeddable":true,"href":"https:\/\/graziamagazine.com\/mx\/wp-json\/wp\/v2\/media\/96908"}],"wp:attachment":[{"href":"https:\/\/graziamagazine.com\/mx\/wp-json\/wp\/v2\/media?parent=96906"}],"wp:term":[{"taxonomy":"category","embeddable":true,"href":"https:\/\/graziamagazine.com\/mx\/wp-json\/wp\/v2\/categories?post=96906"}],"curies":[{"name":"wp","href":"https:\/\/api.w.org\/{rel}","templated":true}]}}