{"id":96891,"date":"2021-05-18T09:40:19","date_gmt":"2021-05-18T14:40:19","guid":{"rendered":"https:\/\/graziamagazine.com\/mx\/?post_type=articles&#038;p=96891"},"modified":"2021-05-18T09:41:17","modified_gmt":"2021-05-18T14:41:17","slug":"los-8-museos-mas-bonitos-de-latinoamerica","status":"publish","type":"articles","link":"https:\/\/graziamagazine.com\/mx\/articles\/los-8-museos-mas-bonitos-de-latinoamerica\/","title":{"rendered":"Los 8 museos m\u00e1s bonitos de Latinoam\u00e9rica"},"content":{"rendered":"<p><span style=\"font-weight: 400\">Am\u00e9rica Latina es una regi\u00f3n del mundo llena de belleza sin igual. Tenemos algunas de las mejores playas del mundo, bosques, glaciares, desiertos y espesas selvas. Pero tambi\u00e9n es una zona repleta de cultura, de tradiciones, de artesan\u00edas y de gastronom\u00eda espectacular. Hoy, en el <\/span><b>D\u00eda Internacional de los Museos 2021<\/b><span style=\"font-weight: 400\"> &#8211; una fecha promovida en 1977 por el Consejo Internacional de los Museos &#8211; te damos un recorrido por algunos de los museos m\u00e1s importantes de Latinoam\u00e9rica, varios de ellos retomando apenas actividades luego del cierre provocado por la pandemia.<\/span><\/p>\n<p><span style=\"font-weight: 400\">De acuerdo con el blog de los autos <\/span><b>Mini Cooper <\/b><span style=\"font-weight: 400\">en Latinoam\u00e9rica, estos son los 8 de los museos m\u00e1s importantes e impactantes de la regi\u00f3n, uno por pa\u00eds.<\/span><\/p>\n<h3><b>Museo Nacional de Antropolog\u00eda e Historia, Ciudad de M\u00e9xico, M\u00e9xico<\/b><\/h3>\n<p><span style=\"font-weight: 400\">Este museo es importante porque en \u00e9l se albergan las colecciones arqueol\u00f3gicas y etnogr\u00e1ficas m\u00e1s importantes del pa\u00eds, y adem\u00e1s tiene un dise\u00f1o y planeaci\u00f3n \u00fanicos en la historia de la arquitectura moderna en M\u00e9xico.\u00a0<\/span><\/p>\n<p><span style=\"font-weight: 400\">\u201cEl dise\u00f1o museogr\u00e1fico de este recinto tiene un impacto nacional y mundial porque una de las caracter\u00edsticas es que las salas contemplan alturas diferenciadas en los techos: tres metros y medio en la secci\u00f3n de los antecedentes, y seis metros en las \u00e1reas donde se exhiben los grandes logros culturales (&#8230;) El museo tiene 24 salas de exhibici\u00f3n, de las cuales 22 son permanentes y dos salas para las exposiciones temporales\u201d, se lee en el sitio web del Instituto Nacional de Antropolog\u00eda e Historia (INAH), posicion\u00e1ndose as\u00ed como uno de los museos m\u00e1s importantes del mundo por su contenido y dise\u00f1o.<\/span><\/p>\n<p><img loading=\"lazy\" decoding=\"async\" class=\"alignnone wp-image-96899 size-large\" src=\"https:\/\/graziamagazine.com\/mx\/wp-content\/uploads\/sites\/13\/2021\/05\/IMG_6246.jpg?w=828\" alt=\"\" width=\"828\" height=\"1024\" \/><\/p>\n<h3><b>Observatorio Astron\u00f3mico, Quito, Ecuador<\/b><\/h3>\n<p><span style=\"font-weight: 400\">Este observatorio es una instituci\u00f3n cient\u00edfica y cultural ecuatoriana fundada en 1873, y se encarga de temas relacionados con la Astronom\u00eda\u200b en las \u00e1reas de investigaci\u00f3n, educaci\u00f3n y capacitaci\u00f3n, con el fin de la investigar los cielos ecuatorianos.<\/span><\/p>\n<p><span style=\"font-weight: 400\">El Observatorio Astron\u00f3mico de Quito es uno de los m\u00e1s antiguos en Am\u00e9rica del Sur y el \u00fanico observatorio de Ecuador, por lo que &#8211; adem\u00e1s de la tem\u00e1tica &#8211; cobra importancia de inmediato.<\/span><\/p>\n<p><img loading=\"lazy\" decoding=\"async\" class=\"alignnone wp-image-96896 size-large\" src=\"https:\/\/graziamagazine.com\/mx\/wp-content\/uploads\/sites\/13\/2021\/05\/IMG_6243.jpg?w=680\" alt=\"\" width=\"680\" height=\"510\" \/><\/p>\n<h3><b>Museo del Oro, Bogot\u00e1, Colombia<\/b><\/h3>\n<p><span style=\"font-weight: 400\">Con m\u00e1s de 20 mil piezas exhibidas, el mayor museo de oro del mundo deleita a todos sus visitantes con el brillo espectacular de este metal precioso, trascendental en la historia latinoamericana. Sus salas cuentan la historia colombiana a trav\u00e9s de deslumbrantes colecciones que datan de \u00e9pocas prehisp\u00e1nicas y coloniales.<\/span><\/p>\n<figure id=\"attachment_96895\" aria-describedby=\"caption-attachment-96895\" style=\"width: 1024px\" class=\"wp-caption alignnone\"><img loading=\"lazy\" decoding=\"async\" class=\"wp-image-96895 size-large\" src=\"https:\/\/graziamagazine.com\/mx\/wp-content\/uploads\/sites\/13\/2021\/05\/IMG_6242.jpg?w=1024\" alt=\"\" width=\"1024\" height=\"535\" \/><figcaption id=\"caption-attachment-96895\" class=\"wp-caption-text\">\u00a0<\/figcaption><\/figure>\n<h3><b>Museo Paulista de USP, S\u00e3o Paulo, Brasil<\/b><\/h3>\n<p><span style=\"font-weight: 400\">Despu\u00e9s de que en 1822, de la mano del emperador Pedro I, se proclamara la independencia de Brasil, decidieron construir un edificio a manera de monumento sobre el lugar donde se declar\u00f3 dicha independencia. A\u00f1os despu\u00e9s se convirti\u00f3 en museo operado por la Universidad de S\u00e3o Paulo (USP), un espacio art\u00edstico que alberga una importante colecci\u00f3n de obras, documentos, muebles y accesorios pertenecientes, en su mayor\u00eda, a la \u00e9poca del Imperio Brasile\u00f1o.<\/span><\/p>\n<p><img loading=\"lazy\" decoding=\"async\" class=\"alignnone wp-image-96903 size-large\" src=\"https:\/\/graziamagazine.com\/mx\/wp-content\/uploads\/sites\/13\/2021\/05\/Captura-de-Pantalla-2021-05-18-a-las-9.34.06.png?w=1024\" alt=\"\" width=\"1024\" height=\"675\" \/><\/p>\n<h3><b>Museo Arqueol\u00f3gico de Alta Monta\u00f1a, Salta, Argentina<\/b><\/h3>\n<p><span style=\"font-weight: 400\">\u201cCiencia y compromiso humano se conjugan para generar un ambiente de conocimiento y emotivo respeto en el Museo de Arqueolog\u00eda de Alta Monta\u00f1a, en Salta. Se pueden observar hist\u00f3ricos hallazgos de la cultura incaica y en especial el tesoro arqueol\u00f3gico de los \u2018Ni\u00f1os del Llullaillaco\u2019\u201d, se lee en la p\u00e1gina web oficial del museo.<\/span><\/p>\n<p><span style=\"font-weight: 400\">\u201cModerno y vanguardista, el Museo de Arqueolog\u00eda de Alta Monta\u00f1a (MAAM) brinda la posibilidad de recorrer la historia inca a trav\u00e9s de flamantes salones acondicionados con tecnolog\u00eda de vanguardia. Utilizando innovadores m\u00e9todos museogr\u00e1ficos, se recrea un ambiente respetuoso del mundo andino en el que se ponen al alcance de los visitantes laboratorios, espacios de investigaci\u00f3n y salas de exposici\u00f3n\u201d, a\u00f1ade.<\/span><\/p>\n<p>&nbsp;<\/p>\n<h3><b>Museo-Taller de Casapueblo, Punta Ballena, Uruguay<\/b><\/h3>\n<p><span style=\"font-weight: 400\">Este museo de Uruguay fue creado por Carlos P\u00e1ez Vilar\u00f3, con sus propias manos, bajo el concepto de horno de pan, sobre los acantilados rocosos de Punta Ballena. La construcci\u00f3n comenz\u00f3 en 1958 y llev\u00f3 m\u00e1s de cuarenta a\u00f1os.<\/span><\/p>\n<p><span style=\"font-weight: 400\">\u201cEs mundialmente conocida como una\u00a0 escultura habitable, famosa tambi\u00e9n por sus atardeceres. En sus salas se pueden apreciar pinturas, cer\u00e1micas, esculturas y ediciones literarias realizadas por el artista durante m\u00e1s de sesenta a\u00f1os de continua labor. El Museo Taller de Casapueblo cuenta con salas de exposiciones, terrazas frente al mar, sala de proyecciones, boutiques de arte y una cafeter\u00eda, donde los visitantes pueden hacer un alto en su recorrido para disfrutar de la tranquilidad que les regala el paisaje\u201d, dice el sitio web del museo.<\/span><\/p>\n<p><img loading=\"lazy\" decoding=\"async\" class=\"alignnone wp-image-96897 size-large\" src=\"https:\/\/graziamagazine.com\/mx\/wp-content\/uploads\/sites\/13\/2021\/05\/IMG_6244.jpg?w=828\" alt=\"\" width=\"828\" height=\"547\" \/><\/p>\n<h3><b>Museo Tumbas Reales de Sip\u00e1n, Chiclayo, Per\u00fa<\/b><\/h3>\n<p><span style=\"font-weight: 400\">Al pensar en el antiguo Per\u00fa, de inmediato nos viene a la mente el imperio inca, y aunque hayan sido de las culturas m\u00e1s relevantes para el continente, no son los \u00fanicos antepasados de esta regi\u00f3n andina. Los mochicas fueron una civilizaci\u00f3n previa que data del Siglo III, cuyo gobernante, conocido como el Se\u00f1or Sip\u00e1n, se hospeda en este museo ubicado al norte del pa\u00eds. Un enorme recinto que resguarda el ata\u00fad del que fuera el primer hallazgo de su tipo en todo el continente americano.<\/span><\/p>\n<p><img loading=\"lazy\" decoding=\"async\" class=\"alignnone wp-image-96905 size-large\" src=\"https:\/\/graziamagazine.com\/mx\/wp-content\/uploads\/sites\/13\/2021\/05\/standard_TUMBAS3.jpg.jpg?w=645\" alt=\"\" width=\"645\" height=\"363\" \/><\/p>\n<h3><b>Museo Nacional de Bellas Artes, Santiago de Chile, Chile<\/b><\/h3>\n<p><span style=\"font-weight: 400\">El museo es uno de los principales centros de difusi\u00f3n de las artes visuales en Chile. Fundado el 18 de septiembre de 1880 bajo el nombre de Museo Nacional de Pinturas, es el primer museo de arte en Latinoam\u00e9rica.\u200b Desde 1910 se encuentra en un edificio ubicado en el parque Forestal, obra del arquitecto franco-chileno Emile J\u00e9quier construido en conmemoraci\u00f3n del centenario del pa\u00eds, y declarado Monumento Hist\u00f3rico en 1976. Su dise\u00f1o est\u00e1 inspirado en el Petit Palais de Par\u00eds.<\/span><\/p>\n<p><span style=\"font-weight: 400\">\u201cEl museo posee un patrimonio art\u00edstico compuesto por m\u00e1s de 3000 piezas, adquiridas por medio de compras, donaciones y premios de salones oficiales; tiene la principal selecci\u00f3n de escultura chilena y la segunda de pintura nacional m\u00e1s completa del pa\u00eds despu\u00e9s de la Casa del Arte o Pinacoteca de la Universidad de Concepci\u00f3n. Las obras abarcan la producci\u00f3n art\u00edstica nacional desde la \u00e9poca colonial; adem\u00e1s, conserva n\u00facleos de arte universal, destacando sus colecciones de pinturas espa\u00f1olas, flamencas e italianas, su colecci\u00f3n de kakemonos y grabados, sus colecciones de dibujos y fotograf\u00edas, y un conjunto de esculturas africanas\u201d.<\/span><\/p>\n<p><img loading=\"lazy\" decoding=\"async\" class=\"alignnone wp-image-96902 size-large\" src=\"https:\/\/graziamagazine.com\/mx\/wp-content\/uploads\/sites\/13\/2021\/05\/IMG_6245-1.png?w=823\" alt=\"\" width=\"823\" height=\"1024\" \/><\/p>\n<p><span style=\"font-weight: 400\">\u00a1Feliz D\u00eda Internacional del Museo!<\/span><\/p>\n<h5><em>*IM\u00c1GENES: Instagram, cortes\u00edas.<\/em><\/h5>\n","protected":false},"author":11628,"featured_media":96904,"template":"","format":"standard","categories":[114],"acf":[],"yoast_head":"<!-- This site is optimized with the Yoast SEO Premium plugin v18.5 (Yoast SEO v20.4) - https:\/\/yoast.com\/wordpress\/plugins\/seo\/ -->\n<title>Los 8 museos m\u00e1s bonitos de Latinoam\u00e9rica | Grazia M\u00e9xico y Latinoam\u00e9rica<\/title>\n<meta name=\"description\" content=\"Un repaso a lo mejor de la regi\u00f3n en conmemoraci\u00f3n del D\u00eda Internacional del Museo.\" \/>\n<meta name=\"robots\" content=\"index, follow, max-snippet:-1, max-image-preview:large, max-video-preview:-1\" \/>\n<link rel=\"canonical\" href=\"https:\/\/graziamagazine.com\/mx\/articles\/los-8-museos-mas-bonitos-de-latinoamerica\/\" \/>\n<meta property=\"og:locale\" content=\"es_MX\" \/>\n<meta property=\"og:type\" content=\"article\" \/>\n<meta property=\"og:title\" content=\"Los 8 museos m\u00e1s bonitos de Latinoam\u00e9rica\" \/>\n<meta property=\"og:description\" content=\"Un repaso a lo mejor de la regi\u00f3n en conmemoraci\u00f3n del D\u00eda Internacional del Museo.\" \/>\n<meta property=\"og:url\" content=\"https:\/\/graziamagazine.com\/mx\/articles\/los-8-museos-mas-bonitos-de-latinoamerica\/\" \/>\n<meta property=\"og:site_name\" content=\"Grazia M\u00e9xico y Latinoam\u00e9rica\" \/>\n<meta property=\"article:modified_time\" content=\"2021-05-18T14:41:17+00:00\" \/>\n<meta property=\"og:image\" content=\"https:\/\/graziamagazine.com\/mx\/wp-content\/uploads\/sites\/13\/2021\/05\/WhatsApp-Image-2021-05-18-at-9.02.35-AM-1.jpeg?fit=1600%2C836\" \/>\n\t<meta property=\"og:image:width\" content=\"1600\" \/>\n\t<meta property=\"og:image:height\" content=\"836\" \/>\n\t<meta property=\"og:image:type\" content=\"image\/jpeg\" \/>\n<meta name=\"twitter:card\" content=\"summary_large_image\" \/>\n<meta name=\"twitter:label1\" content=\"Est. reading time\" \/>\n\t<meta name=\"twitter:data1\" content=\"6 minutos\" \/>\n<script type=\"application\/ld+json\" class=\"yoast-schema-graph\">{\"@context\":\"https:\/\/schema.org\",\"@graph\":[{\"@type\":\"WebPage\",\"@id\":\"https:\/\/graziamagazine.com\/mx\/articles\/los-8-museos-mas-bonitos-de-latinoamerica\/\",\"url\":\"https:\/\/graziamagazine.com\/mx\/articles\/los-8-museos-mas-bonitos-de-latinoamerica\/\",\"name\":\"Los 8 museos m\u00e1s bonitos de Latinoam\u00e9rica | Grazia M\u00e9xico y Latinoam\u00e9rica\",\"isPartOf\":{\"@id\":\"https:\/\/graziamagazine.com\/mx\/#website\"},\"datePublished\":\"2021-05-18T14:40:19+00:00\",\"dateModified\":\"2021-05-18T14:41:17+00:00\",\"description\":\"Un repaso a lo mejor de la regi\u00f3n en conmemoraci\u00f3n del D\u00eda Internacional del Museo.\",\"breadcrumb\":{\"@id\":\"https:\/\/graziamagazine.com\/mx\/articles\/los-8-museos-mas-bonitos-de-latinoamerica\/#breadcrumb\"},\"inLanguage\":\"es-MX\",\"potentialAction\":[{\"@type\":\"ReadAction\",\"target\":[\"https:\/\/graziamagazine.com\/mx\/articles\/los-8-museos-mas-bonitos-de-latinoamerica\/\"]}]},{\"@type\":\"BreadcrumbList\",\"@id\":\"https:\/\/graziamagazine.com\/mx\/articles\/los-8-museos-mas-bonitos-de-latinoamerica\/#breadcrumb\",\"itemListElement\":[{\"@type\":\"ListItem\",\"position\":1,\"name\":\"Home\",\"item\":\"https:\/\/graziamagazine.com\/mx\/\"},{\"@type\":\"ListItem\",\"position\":2,\"name\":\"Los 8 museos m\u00e1s bonitos de Latinoam\u00e9rica\"}]},{\"@type\":\"WebSite\",\"@id\":\"https:\/\/graziamagazine.com\/mx\/#website\",\"url\":\"https:\/\/graziamagazine.com\/mx\/\",\"name\":\"Grazia M\u00e9xico y Latinoam\u00e9rica\",\"description\":\"Grazia es moda, belleza y noticias  de actualidad \",\"potentialAction\":[{\"@type\":\"SearchAction\",\"target\":{\"@type\":\"EntryPoint\",\"urlTemplate\":\"https:\/\/graziamagazine.com\/mx\/?s={search_term_string}\"},\"query-input\":\"required name=search_term_string\"}],\"inLanguage\":\"es-MX\"}]}<\/script>\n<!-- \/ Yoast SEO Premium plugin. -->","yoast_head_json":{"title":"Los 8 museos m\u00e1s bonitos de Latinoam\u00e9rica | Grazia M\u00e9xico y Latinoam\u00e9rica","description":"Un repaso a lo mejor de la regi\u00f3n en conmemoraci\u00f3n del D\u00eda Internacional del Museo.","robots":{"index":"index","follow":"follow","max-snippet":"max-snippet:-1","max-image-preview":"max-image-preview:large","max-video-preview":"max-video-preview:-1"},"canonical":"https:\/\/graziamagazine.com\/mx\/articles\/los-8-museos-mas-bonitos-de-latinoamerica\/","og_locale":"es_MX","og_type":"article","og_title":"Los 8 museos m\u00e1s bonitos de Latinoam\u00e9rica","og_description":"Un repaso a lo mejor de la regi\u00f3n en conmemoraci\u00f3n del D\u00eda Internacional del Museo.","og_url":"https:\/\/graziamagazine.com\/mx\/articles\/los-8-museos-mas-bonitos-de-latinoamerica\/","og_site_name":"Grazia M\u00e9xico y Latinoam\u00e9rica","article_modified_time":"2021-05-18T14:41:17+00:00","og_image":[{"width":1600,"height":836,"url":"https:\/\/graziamagazine.com\/mx\/wp-content\/uploads\/sites\/13\/2021\/05\/WhatsApp-Image-2021-05-18-at-9.02.35-AM-1.jpeg?fit=1600%2C836","type":"image\/jpeg"}],"twitter_card":"summary_large_image","twitter_misc":{"Est. reading time":"6 minutos"},"schema":{"@context":"https:\/\/schema.org","@graph":[{"@type":"WebPage","@id":"https:\/\/graziamagazine.com\/mx\/articles\/los-8-museos-mas-bonitos-de-latinoamerica\/","url":"https:\/\/graziamagazine.com\/mx\/articles\/los-8-museos-mas-bonitos-de-latinoamerica\/","name":"Los 8 museos m\u00e1s bonitos de Latinoam\u00e9rica | Grazia M\u00e9xico y Latinoam\u00e9rica","isPartOf":{"@id":"https:\/\/graziamagazine.com\/mx\/#website"},"datePublished":"2021-05-18T14:40:19+00:00","dateModified":"2021-05-18T14:41:17+00:00","description":"Un repaso a lo mejor de la regi\u00f3n en conmemoraci\u00f3n del D\u00eda Internacional del Museo.","breadcrumb":{"@id":"https:\/\/graziamagazine.com\/mx\/articles\/los-8-museos-mas-bonitos-de-latinoamerica\/#breadcrumb"},"inLanguage":"es-MX","potentialAction":[{"@type":"ReadAction","target":["https:\/\/graziamagazine.com\/mx\/articles\/los-8-museos-mas-bonitos-de-latinoamerica\/"]}]},{"@type":"BreadcrumbList","@id":"https:\/\/graziamagazine.com\/mx\/articles\/los-8-museos-mas-bonitos-de-latinoamerica\/#breadcrumb","itemListElement":[{"@type":"ListItem","position":1,"name":"Home","item":"https:\/\/graziamagazine.com\/mx\/"},{"@type":"ListItem","position":2,"name":"Los 8 museos m\u00e1s bonitos de Latinoam\u00e9rica"}]},{"@type":"WebSite","@id":"https:\/\/graziamagazine.com\/mx\/#website","url":"https:\/\/graziamagazine.com\/mx\/","name":"Grazia M\u00e9xico y Latinoam\u00e9rica","description":"Grazia es moda, belleza y noticias  de actualidad ","potentialAction":[{"@type":"SearchAction","target":{"@type":"EntryPoint","urlTemplate":"https:\/\/graziamagazine.com\/mx\/?s={search_term_string}"},"query-input":"required name=search_term_string"}],"inLanguage":"es-MX"}]}},"jetpack_sharing_enabled":true,"distributor_meta":false,"distributor_terms":false,"distributor_media":false,"distributor_original_site_name":"Grazia M\u00e9xico y Latinoam\u00e9rica","distributor_original_site_url":"https:\/\/graziamagazine.com\/mx","push-errors":false,"_links":{"self":[{"href":"https:\/\/graziamagazine.com\/mx\/wp-json\/wp\/v2\/articles\/96891"}],"collection":[{"href":"https:\/\/graziamagazine.com\/mx\/wp-json\/wp\/v2\/articles"}],"about":[{"href":"https:\/\/graziamagazine.com\/mx\/wp-json\/wp\/v2\/types\/articles"}],"author":[{"embeddable":true,"href":"https:\/\/graziamagazine.com\/mx\/wp-json\/wp\/v2\/users\/11628"}],"wp:featuredmedia":[{"embeddable":true,"href":"https:\/\/graziamagazine.com\/mx\/wp-json\/wp\/v2\/media\/96904"}],"wp:attachment":[{"href":"https:\/\/graziamagazine.com\/mx\/wp-json\/wp\/v2\/media?parent=96891"}],"wp:term":[{"taxonomy":"category","embeddable":true,"href":"https:\/\/graziamagazine.com\/mx\/wp-json\/wp\/v2\/categories?post=96891"}],"curies":[{"name":"wp","href":"https:\/\/api.w.org\/{rel}","templated":true}]}}