{"id":96858,"date":"2021-05-28T09:00:50","date_gmt":"2021-05-28T14:00:50","guid":{"rendered":"https:\/\/graziamagazine.com\/mx\/?post_type=articles&#038;p=96858"},"modified":"2021-05-27T18:14:33","modified_gmt":"2021-05-27T23:14:33","slug":"trabaja-desde-casa-pero-sin-perder-el-estilo-5-prendas-comodas-para-verte-bien-aunque-estes-en-casa","status":"publish","type":"articles","link":"https:\/\/graziamagazine.com\/mx\/articles\/trabaja-desde-casa-pero-sin-perder-el-estilo-5-prendas-comodas-para-verte-bien-aunque-estes-en-casa\/","title":{"rendered":"Trabaja desde casa, pero sin perder el estilo: 5 prendas c\u00f3modas para verte bien, aunque est\u00e9s en casa"},"content":{"rendered":"<p>Verse bien es sentirse bien, \u00bfno? Aunque al inicio de la pandemia muchos prefer\u00edamos quedarnos en pijama todo el d\u00eda, hemos comprobado que vestirnos todas las ma\u00f1anas para <strong>trabajar desde casa<\/strong> s\u00ed levanta el \u00e1nimo y nos dice que es hora de ponernos activas. A\u00fan as\u00ed, nuestra mente y cuerpo nos pide estar c\u00f3modos, \u00bfest\u00e1s de acuerdo de que trabajar todo el d\u00eda en traje no es nada pr\u00e1ctico ni funcional? Adem\u00e1s, las cosas han cambiado y estos tiempos no son para estar con la ropa m\u00e1s sofisticada y elegante de oficina, ahora todo se trata de la ropa <em>comfy<\/em>.<\/p>\n<p>Todos necesitamos prendas funcionales para sobrevivir el d\u00eda y realizar nuestras actividades, pero si eres como nosotras que no nos gusta comprometer nuestro estilo, entonces estas cinco opciones que enlistamos para ti, son las ideales.<\/p>\n<p><span style=\"color: #000000;font-family: BrandonGrotesque, Arial, Helvetica, sans-serif;font-size: 23px;font-weight: bold;letter-spacing: 2px;text-transform: uppercase\">Una camisa <\/span><em style=\"color: #000000;font-family: BrandonGrotesque, Arial, Helvetica, sans-serif;font-size: 23px;font-weight: bold;letter-spacing: 2px;text-transform: uppercase\">oversized<\/em><\/p>\n<p>En el color del a\u00f1o, una camisa larga y <em>oversize<\/em> no puede faltar en tu armario.<\/p>\n<div class=\"content-gallery\"><div class=\"gallery-placeholder\"><div class=\"spinner\"><\/div><\/div><span class=\"gallery-pagination\"><\/span><div id=\"gallery-1\" class=\"gallery galleryid-96858 gallery-columns- gallery-size-\"><figure class=\"gallery-item\"><div class=\"gallery-icon landscape\"><img loading=\"lazy\" decoding=\"async\" width=\"799\" height=\"920\" src=\"https:\/\/graziamagazine.com\/mx\/wp-content\/uploads\/sites\/13\/2021\/05\/41649763_33-AMARILLO.jpeg\" class=\"lazy\" alt=\"\" \/><\/div><\/figure><figure class=\"gallery-item\"><div class=\"gallery-icon landscape\"><img loading=\"lazy\" decoding=\"async\" width=\"686\" height=\"785\" src=\"https:\/\/graziamagazine.com\/mx\/wp-content\/uploads\/sites\/13\/2021\/05\/41649763_33-AMARILLO_x2.jpeg\" class=\"lazy\" alt=\"\" \/><\/div><\/figure><\/div><\/div>\n<p>De <strong>Mango<\/strong>, $899 pesos mexicanos.<\/p>\n<p>C\u00f3mprala<a href=\"https:\/\/shop.mango.com\/mx\/mujer\/camisas-camisas\/camisa-popelin-oversize_87024026.html?c=12\" target=\"_blank\" rel=\"noopener\" target=\"_blank\"><strong> aqu\u00ed<\/strong><\/a>.<\/p>\n<p>&nbsp;<\/p>\n<h3>Un chaleco de punto<\/h3>\n<p>Esta tendencia setentera est\u00e1 de regreso y se ha convertido en una de las estelares para el 2021. <a href=\"https:\/\/graziamagazine.com\/mx\/articles\/celebrity-style-los-chalecos-son-la-tendencia-favorita-de-kendall-jenner-y-harry-styles\/\" target=\"_blank\" rel=\"noopener\">Muy al estilo <strong>Harry Styles y Kendall Jenner<\/strong><\/a>, puedes llevarlo para trabajar en casa sobre una camisa blanca, pantalones anchos con pinzas, y claro, mocasines.<\/p>\n<div class=\"content-gallery\"><div class=\"gallery-placeholder\"><div class=\"spinner\"><\/div><\/div><span class=\"gallery-pagination\"><\/span><div id=\"gallery-2\" class=\"gallery galleryid-96858 gallery-columns- gallery-size-\"><figure class=\"gallery-item\"><div class=\"gallery-icon landscape\"><img loading=\"lazy\" decoding=\"async\" width=\"628\" height=\"879\" src=\"https:\/\/graziamagazine.com\/mx\/wp-content\/uploads\/sites\/13\/2021\/05\/87037652_06_D5.jpeg\" class=\"lazy\" alt=\"\" \/><\/div><\/figure><figure class=\"gallery-item\"><div class=\"gallery-icon landscape\"><img loading=\"lazy\" decoding=\"async\" width=\"628\" height=\"878\" src=\"https:\/\/graziamagazine.com\/mx\/wp-content\/uploads\/sites\/13\/2021\/05\/87037652_06_D8.jpeg\" class=\"lazy\" alt=\"\" \/><\/div><\/figure><\/div><\/div>\n<p>De <strong>Mango<\/strong>, $999 pesos mexicanos.<\/p>\n<p>C\u00f3mpralo <a href=\"https:\/\/shop.mango.com\/mx\/mujer\/cardigans-y-jerseis-chalecos\/chaleco-punto-estampado-floral_87037652.html\" target=\"_blank\" rel=\"noopener\" target=\"_blank\"><strong>aqu\u00ed<\/strong><\/a>.<\/p>\n<p>&nbsp;<\/p>\n<h3>Vestido liviano y oversize<\/h3>\n<p>Estamos en la temporada m\u00e1s calurosa del a\u00f1o y un vestido maxi en una silueta holgada y liviana te sacar\u00e1 del apuro.<\/p>\n<div class=\"content-gallery\"><div class=\"gallery-placeholder\"><div class=\"spinner\"><\/div><\/div><span class=\"gallery-pagination\"><\/span><div id=\"gallery-3\" class=\"gallery galleryid-96858 gallery-columns- gallery-size-\"><figure class=\"gallery-item\"><div class=\"gallery-icon landscape\"><img loading=\"lazy\" decoding=\"async\" width=\"1110\" height=\"1500\" src=\"https:\/\/graziamagazine.com\/mx\/wp-content\/uploads\/sites\/13\/2021\/05\/9_705a0a48-b89d-4141-b03c-4e265649a217_1296x.jpeg\" class=\"lazy\" alt=\"\" \/><\/div><\/figure><figure class=\"gallery-item\"><div class=\"gallery-icon landscape\"><img loading=\"lazy\" decoding=\"async\" width=\"1110\" height=\"1500\" src=\"https:\/\/graziamagazine.com\/mx\/wp-content\/uploads\/sites\/13\/2021\/05\/8_31f04078-2973-4929-a761-d6d98f2fa3df_1296x.jpeg\" class=\"lazy\" alt=\"\" \/><\/div><\/figure><\/div><\/div>\n<p>De <strong>Octavia<\/strong>, $1,390 pesos mexicanos.<\/p>\n<p>C\u00f3mpralo <a href=\"https:\/\/octavia.com.mx\/search?q=vestido+gris&amp;type=product%2Carticle%2Cpage&amp;options%5Bprefix%5D=last\" target=\"_blank\" rel=\"noopener\" target=\"_blank\"><strong>aqu\u00ed<\/strong><\/a>.<\/p>\n<p>&nbsp;<\/p>\n<h3>Pantalones de punto<\/h3>\n<p>No hay nada mejor para estar en casa que las prendas de punto y esta opci\u00f3n es ideal para esos d\u00edas que tienes que pasar sentada todo el d\u00eda. No te incomodar\u00e1 y te dar\u00e1 libertada de movimiento.<\/p>\n<div class=\"content-gallery\"><div class=\"gallery-placeholder\"><div class=\"spinner\"><\/div><\/div><span class=\"gallery-pagination\"><\/span><div id=\"gallery-4\" class=\"gallery galleryid-96858 gallery-columns- gallery-size-\"><figure class=\"gallery-item\"><div class=\"gallery-icon landscape\"><img loading=\"lazy\" decoding=\"async\" width=\"835\" height=\"1293\" src=\"https:\/\/graziamagazine.com\/mx\/wp-content\/uploads\/sites\/13\/2021\/05\/Captura-de-Pantalla-2021-05-27-a-las-18.11.24.png\" class=\"lazy\" alt=\"\" \/><\/div><\/figure><figure class=\"gallery-item\"><div class=\"gallery-icon landscape\"><img loading=\"lazy\" decoding=\"async\" width=\"843\" height=\"1285\" src=\"https:\/\/graziamagazine.com\/mx\/wp-content\/uploads\/sites\/13\/2021\/05\/Captura-de-Pantalla-2021-05-27-a-las-18.11.27.png\" class=\"lazy\" alt=\"\" \/><\/div><\/figure><\/div><\/div>\n<p>De <strong>Zara<\/strong>, $749 pesos mexicanos.<\/p>\n<p>C\u00f3mpralos <a href=\"https:\/\/www.zara.com\/mx\/es\/pantal%C3%B3n-punto-p02142193.html?v1=89152048\" target=\"_blank\" rel=\"noopener\" target=\"_blank\"><strong>aqu\u00ed<\/strong><\/a>.<\/p>\n<p>&nbsp;<\/p>\n<h3><em>Dad Sandals<\/em><\/h3>\n<p>Para esta temporada no hay nada m\u00e1s c\u00f3modo y en tendencia que las <em>dad sandals<\/em>. Estas han conquistando el street style, pero tambi\u00e9n son una gran opci\u00f3n para trabajar c\u00f3moda desde casa.<\/p>\n<div class=\"content-gallery\"><div class=\"gallery-placeholder\"><div class=\"spinner\"><\/div><\/div><span class=\"gallery-pagination\"><\/span><div id=\"gallery-5\" class=\"gallery galleryid-96858 gallery-columns- gallery-size-\"><figure class=\"gallery-item\"><div class=\"gallery-icon landscape\"><img loading=\"lazy\" decoding=\"async\" width=\"686\" height=\"785\" src=\"https:\/\/graziamagazine.com\/mx\/wp-content\/uploads\/sites\/13\/2021\/05\/41600308_NEGRO-CON-OTRO-COLOR_x1.jpeg\" class=\"lazy\" alt=\"\" \/><\/div><\/figure><figure class=\"gallery-item\"><div class=\"gallery-icon landscape\"><img loading=\"lazy\" decoding=\"async\" width=\"686\" height=\"785\" src=\"https:\/\/graziamagazine.com\/mx\/wp-content\/uploads\/sites\/13\/2021\/05\/41600308_NEGRO-CON-OTRO-COLOR_x3.jpeg\" class=\"lazy\" alt=\"\" \/><\/div><\/figure><\/div><\/div>\n<p>De <strong>Camper<\/strong>, $2,550 pesos mexicanos.<\/p>\n<p>C\u00f3mpralas <a href=\"https:\/\/www.camper.com\/mx_MX\/women\/shoes\/oruga\/camper-oruga_up-K200851-006\" target=\"_blank\" rel=\"noopener\" target=\"_blank\"><strong>aqu\u00ed<\/strong><\/a>.<\/p>\n<h5><em>*IM\u00c1GENES: Cortes\u00edas, Film Still<\/em><\/h5>\n","protected":false},"author":11656,"featured_media":96875,"template":"","format":"standard","categories":[4],"acf":[],"yoast_head":"<!-- This site is optimized with the Yoast SEO Premium plugin v18.5 (Yoast SEO v20.4) - https:\/\/yoast.com\/wordpress\/plugins\/seo\/ -->\n<title>Trabaja desde casa, pero sin perder el estilo: 5 prendas c\u00f3modas para verte bien, aunque est\u00e9s en casa | Grazia M\u00e9xico y Latinoam\u00e9rica<\/title>\n<meta name=\"description\" content=\"Verse bien es sentirse bien, \u00bfno? Aunque al inicio de la pandemia muchos prefer\u00edamos quedarnos en pijama todo el d\u00eda, hemos comprobado que vestirnos todas\" \/>\n<meta name=\"robots\" content=\"index, follow, max-snippet:-1, max-image-preview:large, max-video-preview:-1\" \/>\n<link rel=\"canonical\" href=\"https:\/\/graziamagazine.com\/mx\/articles\/trabaja-desde-casa-pero-sin-perder-el-estilo-5-prendas-comodas-para-verte-bien-aunque-estes-en-casa\/\" \/>\n<meta property=\"og:locale\" content=\"es_MX\" \/>\n<meta property=\"og:type\" content=\"article\" \/>\n<meta property=\"og:title\" content=\"Trabaja desde casa, pero sin perder el estilo: 5 prendas c\u00f3modas para verte bien, aunque est\u00e9s en casa\" \/>\n<meta property=\"og:description\" content=\"Verse bien es sentirse bien, \u00bfno? Aunque al inicio de la pandemia muchos prefer\u00edamos quedarnos en pijama todo el d\u00eda, hemos comprobado que vestirnos todas\" \/>\n<meta property=\"og:url\" content=\"https:\/\/graziamagazine.com\/mx\/articles\/trabaja-desde-casa-pero-sin-perder-el-estilo-5-prendas-comodas-para-verte-bien-aunque-estes-en-casa\/\" \/>\n<meta property=\"og:site_name\" content=\"Grazia M\u00e9xico y Latinoam\u00e9rica\" \/>\n<meta property=\"article:modified_time\" content=\"2021-05-27T23:14:33+00:00\" \/>\n<meta property=\"og:image\" content=\"https:\/\/graziamagazine.com\/mx\/wp-content\/uploads\/sites\/13\/2021\/05\/WFH_MegRyan.jpeg?fit=1472%2C736\" \/>\n\t<meta property=\"og:image:width\" content=\"1472\" \/>\n\t<meta property=\"og:image:height\" content=\"736\" \/>\n\t<meta property=\"og:image:type\" content=\"image\/jpeg\" \/>\n<meta name=\"twitter:card\" content=\"summary_large_image\" \/>\n<meta name=\"twitter:label1\" content=\"Est. reading time\" \/>\n\t<meta name=\"twitter:data1\" content=\"2 minutos\" \/>\n<script type=\"application\/ld+json\" class=\"yoast-schema-graph\">{\"@context\":\"https:\/\/schema.org\",\"@graph\":[{\"@type\":\"WebPage\",\"@id\":\"https:\/\/graziamagazine.com\/mx\/articles\/trabaja-desde-casa-pero-sin-perder-el-estilo-5-prendas-comodas-para-verte-bien-aunque-estes-en-casa\/\",\"url\":\"https:\/\/graziamagazine.com\/mx\/articles\/trabaja-desde-casa-pero-sin-perder-el-estilo-5-prendas-comodas-para-verte-bien-aunque-estes-en-casa\/\",\"name\":\"Trabaja desde casa, pero sin perder el estilo: 5 prendas c\u00f3modas para verte bien, aunque est\u00e9s en casa | Grazia M\u00e9xico y Latinoam\u00e9rica\",\"isPartOf\":{\"@id\":\"https:\/\/graziamagazine.com\/mx\/#website\"},\"datePublished\":\"2021-05-28T14:00:50+00:00\",\"dateModified\":\"2021-05-27T23:14:33+00:00\",\"description\":\"Verse bien es sentirse bien, \u00bfno? Aunque al inicio de la pandemia muchos prefer\u00edamos quedarnos en pijama todo el d\u00eda, hemos comprobado que vestirnos todas\",\"breadcrumb\":{\"@id\":\"https:\/\/graziamagazine.com\/mx\/articles\/trabaja-desde-casa-pero-sin-perder-el-estilo-5-prendas-comodas-para-verte-bien-aunque-estes-en-casa\/#breadcrumb\"},\"inLanguage\":\"es-MX\",\"potentialAction\":[{\"@type\":\"ReadAction\",\"target\":[\"https:\/\/graziamagazine.com\/mx\/articles\/trabaja-desde-casa-pero-sin-perder-el-estilo-5-prendas-comodas-para-verte-bien-aunque-estes-en-casa\/\"]}]},{\"@type\":\"BreadcrumbList\",\"@id\":\"https:\/\/graziamagazine.com\/mx\/articles\/trabaja-desde-casa-pero-sin-perder-el-estilo-5-prendas-comodas-para-verte-bien-aunque-estes-en-casa\/#breadcrumb\",\"itemListElement\":[{\"@type\":\"ListItem\",\"position\":1,\"name\":\"Home\",\"item\":\"https:\/\/graziamagazine.com\/mx\/\"},{\"@type\":\"ListItem\",\"position\":2,\"name\":\"Trabaja desde casa, pero sin perder el estilo: 5 prendas c\u00f3modas para verte bien, aunque est\u00e9s en casa\"}]},{\"@type\":\"WebSite\",\"@id\":\"https:\/\/graziamagazine.com\/mx\/#website\",\"url\":\"https:\/\/graziamagazine.com\/mx\/\",\"name\":\"Grazia M\u00e9xico y Latinoam\u00e9rica\",\"description\":\"Grazia es moda, belleza y noticias  de actualidad \",\"potentialAction\":[{\"@type\":\"SearchAction\",\"target\":{\"@type\":\"EntryPoint\",\"urlTemplate\":\"https:\/\/graziamagazine.com\/mx\/?s={search_term_string}\"},\"query-input\":\"required name=search_term_string\"}],\"inLanguage\":\"es-MX\"}]}<\/script>\n<!-- \/ Yoast SEO Premium plugin. -->","yoast_head_json":{"title":"Trabaja desde casa, pero sin perder el estilo: 5 prendas c\u00f3modas para verte bien, aunque est\u00e9s en casa | Grazia M\u00e9xico y Latinoam\u00e9rica","description":"Verse bien es sentirse bien, \u00bfno? Aunque al inicio de la pandemia muchos prefer\u00edamos quedarnos en pijama todo el d\u00eda, hemos comprobado que vestirnos todas","robots":{"index":"index","follow":"follow","max-snippet":"max-snippet:-1","max-image-preview":"max-image-preview:large","max-video-preview":"max-video-preview:-1"},"canonical":"https:\/\/graziamagazine.com\/mx\/articles\/trabaja-desde-casa-pero-sin-perder-el-estilo-5-prendas-comodas-para-verte-bien-aunque-estes-en-casa\/","og_locale":"es_MX","og_type":"article","og_title":"Trabaja desde casa, pero sin perder el estilo: 5 prendas c\u00f3modas para verte bien, aunque est\u00e9s en casa","og_description":"Verse bien es sentirse bien, \u00bfno? Aunque al inicio de la pandemia muchos prefer\u00edamos quedarnos en pijama todo el d\u00eda, hemos comprobado que vestirnos todas","og_url":"https:\/\/graziamagazine.com\/mx\/articles\/trabaja-desde-casa-pero-sin-perder-el-estilo-5-prendas-comodas-para-verte-bien-aunque-estes-en-casa\/","og_site_name":"Grazia M\u00e9xico y Latinoam\u00e9rica","article_modified_time":"2021-05-27T23:14:33+00:00","og_image":[{"width":1472,"height":736,"url":"https:\/\/graziamagazine.com\/mx\/wp-content\/uploads\/sites\/13\/2021\/05\/WFH_MegRyan.jpeg?fit=1472%2C736","type":"image\/jpeg"}],"twitter_card":"summary_large_image","twitter_misc":{"Est. reading time":"2 minutos"},"schema":{"@context":"https:\/\/schema.org","@graph":[{"@type":"WebPage","@id":"https:\/\/graziamagazine.com\/mx\/articles\/trabaja-desde-casa-pero-sin-perder-el-estilo-5-prendas-comodas-para-verte-bien-aunque-estes-en-casa\/","url":"https:\/\/graziamagazine.com\/mx\/articles\/trabaja-desde-casa-pero-sin-perder-el-estilo-5-prendas-comodas-para-verte-bien-aunque-estes-en-casa\/","name":"Trabaja desde casa, pero sin perder el estilo: 5 prendas c\u00f3modas para verte bien, aunque est\u00e9s en casa | Grazia M\u00e9xico y Latinoam\u00e9rica","isPartOf":{"@id":"https:\/\/graziamagazine.com\/mx\/#website"},"datePublished":"2021-05-28T14:00:50+00:00","dateModified":"2021-05-27T23:14:33+00:00","description":"Verse bien es sentirse bien, \u00bfno? Aunque al inicio de la pandemia muchos prefer\u00edamos quedarnos en pijama todo el d\u00eda, hemos comprobado que vestirnos todas","breadcrumb":{"@id":"https:\/\/graziamagazine.com\/mx\/articles\/trabaja-desde-casa-pero-sin-perder-el-estilo-5-prendas-comodas-para-verte-bien-aunque-estes-en-casa\/#breadcrumb"},"inLanguage":"es-MX","potentialAction":[{"@type":"ReadAction","target":["https:\/\/graziamagazine.com\/mx\/articles\/trabaja-desde-casa-pero-sin-perder-el-estilo-5-prendas-comodas-para-verte-bien-aunque-estes-en-casa\/"]}]},{"@type":"BreadcrumbList","@id":"https:\/\/graziamagazine.com\/mx\/articles\/trabaja-desde-casa-pero-sin-perder-el-estilo-5-prendas-comodas-para-verte-bien-aunque-estes-en-casa\/#breadcrumb","itemListElement":[{"@type":"ListItem","position":1,"name":"Home","item":"https:\/\/graziamagazine.com\/mx\/"},{"@type":"ListItem","position":2,"name":"Trabaja desde casa, pero sin perder el estilo: 5 prendas c\u00f3modas para verte bien, aunque est\u00e9s en casa"}]},{"@type":"WebSite","@id":"https:\/\/graziamagazine.com\/mx\/#website","url":"https:\/\/graziamagazine.com\/mx\/","name":"Grazia M\u00e9xico y Latinoam\u00e9rica","description":"Grazia es moda, belleza y noticias  de actualidad ","potentialAction":[{"@type":"SearchAction","target":{"@type":"EntryPoint","urlTemplate":"https:\/\/graziamagazine.com\/mx\/?s={search_term_string}"},"query-input":"required name=search_term_string"}],"inLanguage":"es-MX"}]}},"jetpack_sharing_enabled":true,"distributor_meta":false,"distributor_terms":false,"distributor_media":false,"distributor_original_site_name":"Grazia M\u00e9xico y Latinoam\u00e9rica","distributor_original_site_url":"https:\/\/graziamagazine.com\/mx","push-errors":false,"_links":{"self":[{"href":"https:\/\/graziamagazine.com\/mx\/wp-json\/wp\/v2\/articles\/96858"}],"collection":[{"href":"https:\/\/graziamagazine.com\/mx\/wp-json\/wp\/v2\/articles"}],"about":[{"href":"https:\/\/graziamagazine.com\/mx\/wp-json\/wp\/v2\/types\/articles"}],"author":[{"embeddable":true,"href":"https:\/\/graziamagazine.com\/mx\/wp-json\/wp\/v2\/users\/11656"}],"wp:featuredmedia":[{"embeddable":true,"href":"https:\/\/graziamagazine.com\/mx\/wp-json\/wp\/v2\/media\/96875"}],"wp:attachment":[{"href":"https:\/\/graziamagazine.com\/mx\/wp-json\/wp\/v2\/media?parent=96858"}],"wp:term":[{"taxonomy":"category","embeddable":true,"href":"https:\/\/graziamagazine.com\/mx\/wp-json\/wp\/v2\/categories?post=96858"}],"curies":[{"name":"wp","href":"https:\/\/api.w.org\/{rel}","templated":true}]}}