{"id":96673,"date":"2021-05-12T09:51:50","date_gmt":"2021-05-12T14:51:50","guid":{"rendered":"https:\/\/graziamagazine.com\/mx\/?post_type=articles&#038;p=96673"},"modified":"2021-05-12T09:52:05","modified_gmt":"2021-05-12T14:52:05","slug":"la-historia-de-cuando-luis-miguel-conocio-a-frank-sinatra-y-como-se-convirtio-en-el-sinatra-mexicano","status":"publish","type":"articles","link":"https:\/\/graziamagazine.com\/mx\/articles\/la-historia-de-cuando-luis-miguel-conocio-a-frank-sinatra-y-como-se-convirtio-en-el-sinatra-mexicano\/","title":{"rendered":"La historia de cuando Luis Miguel conoci\u00f3 a Frank Sinatra y c\u00f3mo se convirti\u00f3 en el \u2018Sinatra mexicano\u2019"},"content":{"rendered":"<p><span style=\"font-weight: 400\">\u00bfSab\u00edas que <\/span><b>Luis Miguel <\/b><span style=\"font-weight: 400\">cant\u00f3 a dueto con <\/span><b>Frank Sinatra<\/b><span style=\"font-weight: 400\">? Si eres de los fans de toda la vida de LuisMi, \u00a1claro que lo sab\u00edas! Pero si eres de los j\u00f3venes que est\u00e1n picados con <\/span><b><i>Luis Miguel, la serie<\/i><\/b><span style=\"font-weight: 400\">, probablemente te acabes de enterar gracias al \u00faltimo cap\u00edtulo de la segunda temporada, que el \u00eddolo mexicano cant\u00f3 con el legendario Frank Sinatra por all\u00e1 de los a\u00f1os 90. \u00a1Te contamos la historia!<\/span><\/p>\n<p><span style=\"font-weight: 400\">Todo comenz\u00f3 cuando en 1993 Frank Sinatra estaba trabajando en un \u00e1lbum de duetos y debido a su talento para interpretar baladas rom\u00e1nticas, \u2018El Sol\u2019 fue el \u00fanico cantante latino invitado a esta colaboraci\u00f3n, con lo que la canci\u00f3n <\/span><b><i>Come Fly With Me<\/i><\/b><span style=\"font-weight: 400\"> comparte \u00e1lbum con otros cantantes de la talla de <\/span><b>Stevie Wonder, Gladys Knight, Willie Nelson y Neil Diamond.<\/b><span style=\"font-weight: 400\"> Sin embargo, sus agendas no coincidieron y la melod\u00eda fue grabada por separado.<\/span><\/p>\n<p><iframe loading=\"lazy\" title=\"Come Fly With Me Luis Miguel &amp; Frank Sinatra Duets 2 Live 2012\" width=\"500\" height=\"375\" src=\"https:\/\/www.youtube.com\/embed\/QYV2QQkeF34?feature=oembed\" frameborder=\"0\" allow=\"accelerometer; autoplay; clipboard-write; encrypted-media; gyroscope; picture-in-picture\" allowfullscreen><\/iframe><\/p>\n<p><span style=\"font-weight: 400\">Esta importante colaboraci\u00f3n musical se logr\u00f3 gracias a su manager, <\/span><b>Mauricio Aboroa<\/b><span style=\"font-weight: 400\">, y la melod\u00eda fue tan aclamada que Luis Miguel fue invitado a la fiesta del cumplea\u00f1os 80 de Sinatra &#8211; dos a\u00f1os antes de que el astro falleciera &#8211; para cantar su propia versi\u00f3n de <\/span><i><span style=\"font-weight: 400\">Come Fly With Me<\/span><\/i><span style=\"font-weight: 400\">. En la fiesta, \u2018El Sol\u2019 le dijo a Sinatra que hab\u00eda aprendido ingl\u00e9s escuchando sus canciones, y despu\u00e9s, \u00e9ste le escribi\u00f3 una carta donde lo felicitaba por haber conseguido una estrella en el Paseo de la Fama de Hollywood. &#8220;Durante a\u00f1os, ha sido halagador escuchar a los j\u00f3venes cantantes hablar del nuevo Frank Sinatra. Fue a\u00fan mejor cuando escuch\u00e9 sobre un hombre joven en M\u00e9xico que no tiene comparaci\u00f3n con nadie&#8221;, dec\u00eda la carta.<\/span><\/p>\n<p><span style=\"font-weight: 400\">Este suceso marc\u00f3 un sue\u00f1o cumplido para Luis Miguel, pues siempre lo admir\u00f3 profesionalmente y con la colaboraci\u00f3n sum\u00f3 nombres importantes a su lista de duetos con grandes int\u00e9rpretes como <\/span><b>Celine Dion y Juan Gabriel.<\/b><\/p>\n<p><i><span style=\"font-weight: 400\">Come Fly With Me<\/span><\/i><span style=\"font-weight: 400\"> no fue escrita por Frank Sinatra, sino por Jimmy Van Heusen y Sammy Cahn, y en una entrevista, el vicepresidente de Frank Sinatra Enterprises, Charles Pignone, dijo que: &#8220;Ellos escribieron <\/span><i><span style=\"font-weight: 400\">Come Fly With Me<\/span><\/i><span style=\"font-weight: 400\"> con Luis Miguel en mente. Y creo que personific\u00f3 esa d\u00e9cada y la buena vida y pas\u00e1ndolo bien. Estados Unidos estaba recogiendo las piezas de la Segunda Guerra Mundial, y la d\u00e9cada anterior estaban en una guerra, y las cosas estaban cambiando en Estados Unidos. Esa canci\u00f3n se puso de moda y ese fue uno de sus \u00e1lbumes m\u00e1s populares\u201d.<\/span><\/p>\n<p><span style=\"font-weight: 400\">Fue gracias a este acercamiento que a Luis Miguel se le lleg\u00f3 a conocer como el \u2018Sinatra mexicano\u2019.<\/span><\/p>\n<h5><em>*IMAGEN: Getty Images<\/em><\/h5>\n","protected":false},"author":11628,"featured_media":96675,"template":"","format":"standard","categories":[2],"acf":[],"yoast_head":"<!-- This site is optimized with the Yoast SEO Premium plugin v18.5 (Yoast SEO v20.4) - https:\/\/yoast.com\/wordpress\/plugins\/seo\/ -->\n<title>La historia de cuando Luis Miguel conoci\u00f3 a Frank Sinatra y c\u00f3mo se convirti\u00f3 en el \u2018Sinatra mexicano\u2019 | Grazia M\u00e9xico y Latinoam\u00e9rica<\/title>\n<meta name=\"description\" content=\"Un sue\u00f1o cumplido para el int\u00e9rprete mexicano.\" \/>\n<meta name=\"robots\" content=\"index, follow, max-snippet:-1, max-image-preview:large, max-video-preview:-1\" \/>\n<link rel=\"canonical\" href=\"https:\/\/graziamagazine.com\/mx\/articles\/la-historia-de-cuando-luis-miguel-conocio-a-frank-sinatra-y-como-se-convirtio-en-el-sinatra-mexicano\/\" \/>\n<meta property=\"og:locale\" content=\"es_MX\" \/>\n<meta property=\"og:type\" content=\"article\" \/>\n<meta property=\"og:title\" content=\"La historia de cuando Luis Miguel conoci\u00f3 a Frank Sinatra y c\u00f3mo se convirti\u00f3 en el \u2018Sinatra mexicano\u2019\" \/>\n<meta property=\"og:description\" content=\"Un sue\u00f1o cumplido para el int\u00e9rprete mexicano.\" \/>\n<meta property=\"og:url\" content=\"https:\/\/graziamagazine.com\/mx\/articles\/la-historia-de-cuando-luis-miguel-conocio-a-frank-sinatra-y-como-se-convirtio-en-el-sinatra-mexicano\/\" \/>\n<meta property=\"og:site_name\" content=\"Grazia M\u00e9xico y Latinoam\u00e9rica\" \/>\n<meta property=\"article:modified_time\" content=\"2021-05-12T14:52:05+00:00\" \/>\n<meta property=\"og:image\" content=\"https:\/\/graziamagazine.com\/mx\/wp-content\/uploads\/sites\/13\/2021\/05\/gettyimages-104135299-e1561478339817.jpeg?fit=1200%2C960\" \/>\n\t<meta property=\"og:image:width\" content=\"1200\" \/>\n\t<meta property=\"og:image:height\" content=\"960\" \/>\n\t<meta property=\"og:image:type\" content=\"image\/jpeg\" \/>\n<meta name=\"twitter:card\" content=\"summary_large_image\" \/>\n<meta name=\"twitter:label1\" content=\"Est. reading time\" \/>\n\t<meta name=\"twitter:data1\" content=\"2 minutos\" \/>\n<script type=\"application\/ld+json\" class=\"yoast-schema-graph\">{\"@context\":\"https:\/\/schema.org\",\"@graph\":[{\"@type\":\"WebPage\",\"@id\":\"https:\/\/graziamagazine.com\/mx\/articles\/la-historia-de-cuando-luis-miguel-conocio-a-frank-sinatra-y-como-se-convirtio-en-el-sinatra-mexicano\/\",\"url\":\"https:\/\/graziamagazine.com\/mx\/articles\/la-historia-de-cuando-luis-miguel-conocio-a-frank-sinatra-y-como-se-convirtio-en-el-sinatra-mexicano\/\",\"name\":\"La historia de cuando Luis Miguel conoci\u00f3 a Frank Sinatra y c\u00f3mo se convirti\u00f3 en el \u2018Sinatra mexicano\u2019 | Grazia M\u00e9xico y Latinoam\u00e9rica\",\"isPartOf\":{\"@id\":\"https:\/\/graziamagazine.com\/mx\/#website\"},\"datePublished\":\"2021-05-12T14:51:50+00:00\",\"dateModified\":\"2021-05-12T14:52:05+00:00\",\"description\":\"Un sue\u00f1o cumplido para el int\u00e9rprete mexicano.\",\"breadcrumb\":{\"@id\":\"https:\/\/graziamagazine.com\/mx\/articles\/la-historia-de-cuando-luis-miguel-conocio-a-frank-sinatra-y-como-se-convirtio-en-el-sinatra-mexicano\/#breadcrumb\"},\"inLanguage\":\"es-MX\",\"potentialAction\":[{\"@type\":\"ReadAction\",\"target\":[\"https:\/\/graziamagazine.com\/mx\/articles\/la-historia-de-cuando-luis-miguel-conocio-a-frank-sinatra-y-como-se-convirtio-en-el-sinatra-mexicano\/\"]}]},{\"@type\":\"BreadcrumbList\",\"@id\":\"https:\/\/graziamagazine.com\/mx\/articles\/la-historia-de-cuando-luis-miguel-conocio-a-frank-sinatra-y-como-se-convirtio-en-el-sinatra-mexicano\/#breadcrumb\",\"itemListElement\":[{\"@type\":\"ListItem\",\"position\":1,\"name\":\"Home\",\"item\":\"https:\/\/graziamagazine.com\/mx\/\"},{\"@type\":\"ListItem\",\"position\":2,\"name\":\"La historia de cuando Luis Miguel conoci\u00f3 a Frank Sinatra y c\u00f3mo se convirti\u00f3 en el \u2018Sinatra mexicano\u2019\"}]},{\"@type\":\"WebSite\",\"@id\":\"https:\/\/graziamagazine.com\/mx\/#website\",\"url\":\"https:\/\/graziamagazine.com\/mx\/\",\"name\":\"Grazia M\u00e9xico y Latinoam\u00e9rica\",\"description\":\"Grazia es moda, belleza y noticias  de actualidad \",\"potentialAction\":[{\"@type\":\"SearchAction\",\"target\":{\"@type\":\"EntryPoint\",\"urlTemplate\":\"https:\/\/graziamagazine.com\/mx\/?s={search_term_string}\"},\"query-input\":\"required name=search_term_string\"}],\"inLanguage\":\"es-MX\"}]}<\/script>\n<!-- \/ Yoast SEO Premium plugin. -->","yoast_head_json":{"title":"La historia de cuando Luis Miguel conoci\u00f3 a Frank Sinatra y c\u00f3mo se convirti\u00f3 en el \u2018Sinatra mexicano\u2019 | Grazia M\u00e9xico y Latinoam\u00e9rica","description":"Un sue\u00f1o cumplido para el int\u00e9rprete mexicano.","robots":{"index":"index","follow":"follow","max-snippet":"max-snippet:-1","max-image-preview":"max-image-preview:large","max-video-preview":"max-video-preview:-1"},"canonical":"https:\/\/graziamagazine.com\/mx\/articles\/la-historia-de-cuando-luis-miguel-conocio-a-frank-sinatra-y-como-se-convirtio-en-el-sinatra-mexicano\/","og_locale":"es_MX","og_type":"article","og_title":"La historia de cuando Luis Miguel conoci\u00f3 a Frank Sinatra y c\u00f3mo se convirti\u00f3 en el \u2018Sinatra mexicano\u2019","og_description":"Un sue\u00f1o cumplido para el int\u00e9rprete mexicano.","og_url":"https:\/\/graziamagazine.com\/mx\/articles\/la-historia-de-cuando-luis-miguel-conocio-a-frank-sinatra-y-como-se-convirtio-en-el-sinatra-mexicano\/","og_site_name":"Grazia M\u00e9xico y Latinoam\u00e9rica","article_modified_time":"2021-05-12T14:52:05+00:00","og_image":[{"width":1200,"height":960,"url":"https:\/\/graziamagazine.com\/mx\/wp-content\/uploads\/sites\/13\/2021\/05\/gettyimages-104135299-e1561478339817.jpeg?fit=1200%2C960","type":"image\/jpeg"}],"twitter_card":"summary_large_image","twitter_misc":{"Est. reading time":"2 minutos"},"schema":{"@context":"https:\/\/schema.org","@graph":[{"@type":"WebPage","@id":"https:\/\/graziamagazine.com\/mx\/articles\/la-historia-de-cuando-luis-miguel-conocio-a-frank-sinatra-y-como-se-convirtio-en-el-sinatra-mexicano\/","url":"https:\/\/graziamagazine.com\/mx\/articles\/la-historia-de-cuando-luis-miguel-conocio-a-frank-sinatra-y-como-se-convirtio-en-el-sinatra-mexicano\/","name":"La historia de cuando Luis Miguel conoci\u00f3 a Frank Sinatra y c\u00f3mo se convirti\u00f3 en el \u2018Sinatra mexicano\u2019 | Grazia M\u00e9xico y Latinoam\u00e9rica","isPartOf":{"@id":"https:\/\/graziamagazine.com\/mx\/#website"},"datePublished":"2021-05-12T14:51:50+00:00","dateModified":"2021-05-12T14:52:05+00:00","description":"Un sue\u00f1o cumplido para el int\u00e9rprete mexicano.","breadcrumb":{"@id":"https:\/\/graziamagazine.com\/mx\/articles\/la-historia-de-cuando-luis-miguel-conocio-a-frank-sinatra-y-como-se-convirtio-en-el-sinatra-mexicano\/#breadcrumb"},"inLanguage":"es-MX","potentialAction":[{"@type":"ReadAction","target":["https:\/\/graziamagazine.com\/mx\/articles\/la-historia-de-cuando-luis-miguel-conocio-a-frank-sinatra-y-como-se-convirtio-en-el-sinatra-mexicano\/"]}]},{"@type":"BreadcrumbList","@id":"https:\/\/graziamagazine.com\/mx\/articles\/la-historia-de-cuando-luis-miguel-conocio-a-frank-sinatra-y-como-se-convirtio-en-el-sinatra-mexicano\/#breadcrumb","itemListElement":[{"@type":"ListItem","position":1,"name":"Home","item":"https:\/\/graziamagazine.com\/mx\/"},{"@type":"ListItem","position":2,"name":"La historia de cuando Luis Miguel conoci\u00f3 a Frank Sinatra y c\u00f3mo se convirti\u00f3 en el \u2018Sinatra mexicano\u2019"}]},{"@type":"WebSite","@id":"https:\/\/graziamagazine.com\/mx\/#website","url":"https:\/\/graziamagazine.com\/mx\/","name":"Grazia M\u00e9xico y Latinoam\u00e9rica","description":"Grazia es moda, belleza y noticias  de actualidad ","potentialAction":[{"@type":"SearchAction","target":{"@type":"EntryPoint","urlTemplate":"https:\/\/graziamagazine.com\/mx\/?s={search_term_string}"},"query-input":"required name=search_term_string"}],"inLanguage":"es-MX"}]}},"jetpack_sharing_enabled":true,"distributor_meta":false,"distributor_terms":false,"distributor_media":false,"distributor_original_site_name":"Grazia M\u00e9xico y Latinoam\u00e9rica","distributor_original_site_url":"https:\/\/graziamagazine.com\/mx","push-errors":false,"_links":{"self":[{"href":"https:\/\/graziamagazine.com\/mx\/wp-json\/wp\/v2\/articles\/96673"}],"collection":[{"href":"https:\/\/graziamagazine.com\/mx\/wp-json\/wp\/v2\/articles"}],"about":[{"href":"https:\/\/graziamagazine.com\/mx\/wp-json\/wp\/v2\/types\/articles"}],"author":[{"embeddable":true,"href":"https:\/\/graziamagazine.com\/mx\/wp-json\/wp\/v2\/users\/11628"}],"wp:featuredmedia":[{"embeddable":true,"href":"https:\/\/graziamagazine.com\/mx\/wp-json\/wp\/v2\/media\/96675"}],"wp:attachment":[{"href":"https:\/\/graziamagazine.com\/mx\/wp-json\/wp\/v2\/media?parent=96673"}],"wp:term":[{"taxonomy":"category","embeddable":true,"href":"https:\/\/graziamagazine.com\/mx\/wp-json\/wp\/v2\/categories?post=96673"}],"curies":[{"name":"wp","href":"https:\/\/api.w.org\/{rel}","templated":true}]}}