{"id":95970,"date":"2021-05-03T09:15:42","date_gmt":"2021-05-03T14:15:42","guid":{"rendered":"https:\/\/graziamagazine.com\/mx\/?post_type=articles&#038;p=95970"},"modified":"2021-05-02T08:45:50","modified_gmt":"2021-05-02T13:45:50","slug":"adidas-lanza-segunda-generacion-de-estupendas-cubiertas-faciales","status":"publish","type":"articles","link":"https:\/\/graziamagazine.com\/mx\/articles\/adidas-lanza-segunda-generacion-de-estupendas-cubiertas-faciales\/","title":{"rendered":"Adidas lanza segunda generaci\u00f3n de estupendas cubiertas faciales"},"content":{"rendered":"<p><span style=\"font-weight: 400\">A medida que todos salimos de uno de los a\u00f1os m\u00e1s inesperados e inciertos hasta ahora, d\u00f3nde lo \u00fanico que anhelamos es poder volver a respirar libremente,<strong> Adidas<\/strong> nos acompa\u00f1a en este proceso que para muchos ha sido todo un reto!\u00a0<\/span><\/p>\n<p><span style=\"font-weight: 400\">Dirigido a todas las personas en\u00e9rgicas, el cuerpo es una m\u00e1quina maravillosa\u00a0 que nos permite hacer diferentes actividades tanto f\u00edsicas como mentales y el motor que nos sostiene es una buena respiraci\u00f3n dentro de nuestro dinamismo cotidiano.\u00a0<\/span><span style=\"font-weight: 400\">Nuestra <strong>respiraci\u00f3n<\/strong> es algo vital y en promedio respiramos unas 21.000 veces por jornada \u00bfCu\u00e1ntas de esas veces eres consciente de tu respiraci\u00f3n?<\/span><\/p>\n<p><img loading=\"lazy\" decoding=\"async\" class=\"alignnone wp-image-95972 size-large\" src=\"https:\/\/graziamagazine.com\/mx\/wp-content\/uploads\/sites\/13\/2021\/04\/video-fc.gif?w=828\" alt=\"Adidas, segunda Generaci\u00f3n cubrebocas\" width=\"828\" height=\"600\" \/><\/p>\n<p><span style=\"font-weight: 400\">Dise\u00f1ados con un proceso impecable y de manera segura, Adidas lanza una <strong>segunda generaci\u00f3n de cubiertas faciales<\/strong> confortables para realizar tanto actividades f\u00edsicas como entrenamientos, facilitando la respiraci\u00f3n al hacer ejercicio.\u00a0<\/span><\/p>\n<p><span style=\"font-weight: 400\">Si bien es cierto, Adidas se caracteriza en el mercado por ser el <strong>l\u00edder mundial<\/strong> en la industria de productos deportivos y as\u00ed, manteniendo su prestigio, sigue a la vanguardia\u00a0<\/span><span style=\"font-weight: 400\">creando cubiertas faciales que te permitir\u00e1n una funci\u00f3n <strong>c\u00f3moda, fresca, flexible y transpirable<\/strong> gracias a una correa que conserva el producto en su misma posici\u00f3n durante la actividad f\u00edsica que realices en ese momento y por si esto no es suficiente, podr\u00e1s tirar de la cubierta hacia arriba y abajo para poder colgarla del cuello cuando no desees utilizarla.<\/span><\/p>\n<div class=\"content-gallery\"><div class=\"gallery-placeholder\"><div class=\"spinner\"><\/div><\/div><span class=\"gallery-pagination\"><\/span><div id=\"gallery-1\" class=\"gallery galleryid-95970 gallery-columns- gallery-size-\"><figure class=\"gallery-item\"><div class=\"gallery-icon landscape\"><img loading=\"lazy\" decoding=\"async\" width=\"840\" height=\"840\" src=\"https:\/\/graziamagazine.com\/mx\/wp-content\/uploads\/sites\/13\/2021\/04\/cubierta-facial.jpg\" class=\"lazy\" alt=\"Adidas Cubierta Facial\" \/><\/div><figcaption class=\"wp-caption-text gallery-caption\" id=\"gallery-1-95974\">Adidas Cubierta Facial<\/figcaption><\/figure><figure class=\"gallery-item\"><div class=\"gallery-icon landscape\"><img loading=\"lazy\" decoding=\"async\" width=\"840\" height=\"840\" src=\"https:\/\/graziamagazine.com\/mx\/wp-content\/uploads\/sites\/13\/2021\/04\/cf2.jpg\" class=\"lazy\" alt=\"\" \/><\/div><figcaption class=\"wp-caption-text gallery-caption\" id=\"gallery-1-95975\">Adidas Cubierta Facial<\/figcaption><\/figure><figure class=\"gallery-item\"><div class=\"gallery-icon landscape\"><img loading=\"lazy\" decoding=\"async\" width=\"840\" height=\"840\" src=\"https:\/\/graziamagazine.com\/mx\/wp-content\/uploads\/sites\/13\/2021\/04\/cf3.jpg\" class=\"lazy\" alt=\"\" \/><\/div><figcaption class=\"wp-caption-text gallery-caption\" id=\"gallery-1-95976\">Adidas Cubierta Facial<\/figcaption><\/figure><\/div><\/div>\n<p><span style=\"font-weight: 400\">Probablemente te gustar\u00eda una cubierta que brinde mayor <strong>protecci\u00f3n<\/strong> en estos d\u00edas para boca y nariz. Cada mascarilla cuenta con un clip nasal dando seguridad y evitando fugas desde la parte superior de la cubierta facial as\u00ed como el empa\u00f1amiento de anteojos.\u00a0<\/span><\/p>\n<p><span style=\"font-weight: 400\">Podr\u00e1s encontrar las cubiertas faciales disponibles a la venta en la <strong>adidas app, en adidas.mx<\/strong>, tiendas adidas seleccionadas y en clientes seleccionados como<strong> Liverpool, Innovasport, Coppel, Marti, Dportenis, Andrea y Price Shoes.<\/strong><\/span><\/p>\n<p><img loading=\"lazy\" decoding=\"async\" class=\"alignnone wp-image-95977 size-large\" src=\"https:\/\/graziamagazine.com\/mx\/wp-content\/uploads\/sites\/13\/2021\/04\/Cubierta_Facial_moldeada_-_No_para_uso_medico_UNISEX_Negro_HF7048_42_detail.jpg?w=1024\" alt=\"Adidas Cubierta Facial\" width=\"1024\" height=\"1024\" \/><br \/>\n<span style=\"font-weight: 400\">No obstante, es importante mencionar que estas cubiertas faciales <strong>no reemplazan insumos de grado m\u00e9dico<\/strong> ni alguna otra de las normas de higiene, como <strong>quedarse en casa<\/strong> si no es necesario salir y mantener una <strong>sana distancia<\/strong> as\u00ed como <strong>lavarse las manos con agua y jab\u00f3n<\/strong> con frecuencia.\u00a0<\/span><\/p>\n<p><span style=\"font-weight: 400\">Recuerda que el<strong> utilizar cubrebocas<\/strong> puede beneficiar y ayudar a evitar la transmisi\u00f3n de g\u00e9rmenes y virus. \u00a1Ayudemos a proteger a m\u00e1s personas, a nuestros familiares, y quienes nos rodean!<\/span><\/p>\n<h5><em>*IMAGEN: Cortes\u00eda Adidas, Adidas.mx<\/em><\/h5>\n","protected":false},"author":28953,"featured_media":95973,"template":"","format":"standard","categories":[4],"acf":[],"yoast_head":"<!-- This site is optimized with the Yoast SEO Premium plugin v18.5 (Yoast SEO v20.4) - https:\/\/yoast.com\/wordpress\/plugins\/seo\/ -->\n<title>Adidas lanza segunda generaci\u00f3n de estupendas cubiertas faciales | Grazia M\u00e9xico y Latinoam\u00e9rica<\/title>\n<meta name=\"description\" content=\"A medida que todos salimos de uno de los a\u00f1os m\u00e1s inesperados e inciertos hasta ahora, d\u00f3nde lo \u00fanico que anhelamos es poder volver a respirar libremente,\" \/>\n<meta name=\"robots\" content=\"index, follow, max-snippet:-1, max-image-preview:large, max-video-preview:-1\" \/>\n<link rel=\"canonical\" href=\"https:\/\/graziamagazine.com\/mx\/articles\/adidas-lanza-segunda-generacion-de-estupendas-cubiertas-faciales\/\" \/>\n<meta property=\"og:locale\" content=\"es_MX\" \/>\n<meta property=\"og:type\" content=\"article\" \/>\n<meta property=\"og:title\" content=\"Adidas lanza segunda generaci\u00f3n de estupendas cubiertas faciales\" \/>\n<meta property=\"og:description\" content=\"A medida que todos salimos de uno de los a\u00f1os m\u00e1s inesperados e inciertos hasta ahora, d\u00f3nde lo \u00fanico que anhelamos es poder volver a respirar libremente,\" \/>\n<meta property=\"og:url\" content=\"https:\/\/graziamagazine.com\/mx\/articles\/adidas-lanza-segunda-generacion-de-estupendas-cubiertas-faciales\/\" \/>\n<meta property=\"og:site_name\" content=\"Grazia M\u00e9xico y Latinoam\u00e9rica\" \/>\n<meta property=\"article:modified_time\" content=\"2021-05-02T13:45:50+00:00\" \/>\n<meta property=\"og:image\" content=\"https:\/\/graziamagazine.com\/mx\/wp-content\/uploads\/sites\/13\/2021\/04\/Cubierta_Facial_moldeada_-_No_para_uso_medico_UNISEX_Negro_HF7048_21_model.jpg?fit=840%2C840\" \/>\n\t<meta property=\"og:image:width\" content=\"840\" \/>\n\t<meta property=\"og:image:height\" content=\"840\" \/>\n\t<meta property=\"og:image:type\" content=\"image\/jpeg\" \/>\n<meta name=\"twitter:card\" content=\"summary_large_image\" \/>\n<meta name=\"twitter:label1\" content=\"Est. reading time\" \/>\n\t<meta name=\"twitter:data1\" content=\"2 minutos\" \/>\n<script type=\"application\/ld+json\" class=\"yoast-schema-graph\">{\"@context\":\"https:\/\/schema.org\",\"@graph\":[{\"@type\":\"WebPage\",\"@id\":\"https:\/\/graziamagazine.com\/mx\/articles\/adidas-lanza-segunda-generacion-de-estupendas-cubiertas-faciales\/\",\"url\":\"https:\/\/graziamagazine.com\/mx\/articles\/adidas-lanza-segunda-generacion-de-estupendas-cubiertas-faciales\/\",\"name\":\"Adidas lanza segunda generaci\u00f3n de estupendas cubiertas faciales | Grazia M\u00e9xico y Latinoam\u00e9rica\",\"isPartOf\":{\"@id\":\"https:\/\/graziamagazine.com\/mx\/#website\"},\"datePublished\":\"2021-05-03T14:15:42+00:00\",\"dateModified\":\"2021-05-02T13:45:50+00:00\",\"description\":\"A medida que todos salimos de uno de los a\u00f1os m\u00e1s inesperados e inciertos hasta ahora, d\u00f3nde lo \u00fanico que anhelamos es poder volver a respirar libremente,\",\"breadcrumb\":{\"@id\":\"https:\/\/graziamagazine.com\/mx\/articles\/adidas-lanza-segunda-generacion-de-estupendas-cubiertas-faciales\/#breadcrumb\"},\"inLanguage\":\"es-MX\",\"potentialAction\":[{\"@type\":\"ReadAction\",\"target\":[\"https:\/\/graziamagazine.com\/mx\/articles\/adidas-lanza-segunda-generacion-de-estupendas-cubiertas-faciales\/\"]}]},{\"@type\":\"BreadcrumbList\",\"@id\":\"https:\/\/graziamagazine.com\/mx\/articles\/adidas-lanza-segunda-generacion-de-estupendas-cubiertas-faciales\/#breadcrumb\",\"itemListElement\":[{\"@type\":\"ListItem\",\"position\":1,\"name\":\"Home\",\"item\":\"https:\/\/graziamagazine.com\/mx\/\"},{\"@type\":\"ListItem\",\"position\":2,\"name\":\"Adidas lanza segunda generaci\u00f3n de estupendas cubiertas faciales\"}]},{\"@type\":\"WebSite\",\"@id\":\"https:\/\/graziamagazine.com\/mx\/#website\",\"url\":\"https:\/\/graziamagazine.com\/mx\/\",\"name\":\"Grazia M\u00e9xico y Latinoam\u00e9rica\",\"description\":\"Grazia es moda, belleza y noticias  de actualidad \",\"potentialAction\":[{\"@type\":\"SearchAction\",\"target\":{\"@type\":\"EntryPoint\",\"urlTemplate\":\"https:\/\/graziamagazine.com\/mx\/?s={search_term_string}\"},\"query-input\":\"required name=search_term_string\"}],\"inLanguage\":\"es-MX\"}]}<\/script>\n<!-- \/ Yoast SEO Premium plugin. -->","yoast_head_json":{"title":"Adidas lanza segunda generaci\u00f3n de estupendas cubiertas faciales | Grazia M\u00e9xico y Latinoam\u00e9rica","description":"A medida que todos salimos de uno de los a\u00f1os m\u00e1s inesperados e inciertos hasta ahora, d\u00f3nde lo \u00fanico que anhelamos es poder volver a respirar libremente,","robots":{"index":"index","follow":"follow","max-snippet":"max-snippet:-1","max-image-preview":"max-image-preview:large","max-video-preview":"max-video-preview:-1"},"canonical":"https:\/\/graziamagazine.com\/mx\/articles\/adidas-lanza-segunda-generacion-de-estupendas-cubiertas-faciales\/","og_locale":"es_MX","og_type":"article","og_title":"Adidas lanza segunda generaci\u00f3n de estupendas cubiertas faciales","og_description":"A medida que todos salimos de uno de los a\u00f1os m\u00e1s inesperados e inciertos hasta ahora, d\u00f3nde lo \u00fanico que anhelamos es poder volver a respirar libremente,","og_url":"https:\/\/graziamagazine.com\/mx\/articles\/adidas-lanza-segunda-generacion-de-estupendas-cubiertas-faciales\/","og_site_name":"Grazia M\u00e9xico y Latinoam\u00e9rica","article_modified_time":"2021-05-02T13:45:50+00:00","og_image":[{"width":840,"height":840,"url":"https:\/\/graziamagazine.com\/mx\/wp-content\/uploads\/sites\/13\/2021\/04\/Cubierta_Facial_moldeada_-_No_para_uso_medico_UNISEX_Negro_HF7048_21_model.jpg?fit=840%2C840","type":"image\/jpeg"}],"twitter_card":"summary_large_image","twitter_misc":{"Est. reading time":"2 minutos"},"schema":{"@context":"https:\/\/schema.org","@graph":[{"@type":"WebPage","@id":"https:\/\/graziamagazine.com\/mx\/articles\/adidas-lanza-segunda-generacion-de-estupendas-cubiertas-faciales\/","url":"https:\/\/graziamagazine.com\/mx\/articles\/adidas-lanza-segunda-generacion-de-estupendas-cubiertas-faciales\/","name":"Adidas lanza segunda generaci\u00f3n de estupendas cubiertas faciales | Grazia M\u00e9xico y Latinoam\u00e9rica","isPartOf":{"@id":"https:\/\/graziamagazine.com\/mx\/#website"},"datePublished":"2021-05-03T14:15:42+00:00","dateModified":"2021-05-02T13:45:50+00:00","description":"A medida que todos salimos de uno de los a\u00f1os m\u00e1s inesperados e inciertos hasta ahora, d\u00f3nde lo \u00fanico que anhelamos es poder volver a respirar libremente,","breadcrumb":{"@id":"https:\/\/graziamagazine.com\/mx\/articles\/adidas-lanza-segunda-generacion-de-estupendas-cubiertas-faciales\/#breadcrumb"},"inLanguage":"es-MX","potentialAction":[{"@type":"ReadAction","target":["https:\/\/graziamagazine.com\/mx\/articles\/adidas-lanza-segunda-generacion-de-estupendas-cubiertas-faciales\/"]}]},{"@type":"BreadcrumbList","@id":"https:\/\/graziamagazine.com\/mx\/articles\/adidas-lanza-segunda-generacion-de-estupendas-cubiertas-faciales\/#breadcrumb","itemListElement":[{"@type":"ListItem","position":1,"name":"Home","item":"https:\/\/graziamagazine.com\/mx\/"},{"@type":"ListItem","position":2,"name":"Adidas lanza segunda generaci\u00f3n de estupendas cubiertas faciales"}]},{"@type":"WebSite","@id":"https:\/\/graziamagazine.com\/mx\/#website","url":"https:\/\/graziamagazine.com\/mx\/","name":"Grazia M\u00e9xico y Latinoam\u00e9rica","description":"Grazia es moda, belleza y noticias  de actualidad ","potentialAction":[{"@type":"SearchAction","target":{"@type":"EntryPoint","urlTemplate":"https:\/\/graziamagazine.com\/mx\/?s={search_term_string}"},"query-input":"required name=search_term_string"}],"inLanguage":"es-MX"}]}},"jetpack_sharing_enabled":true,"distributor_meta":false,"distributor_terms":false,"distributor_media":false,"distributor_original_site_name":"Grazia M\u00e9xico y Latinoam\u00e9rica","distributor_original_site_url":"https:\/\/graziamagazine.com\/mx","push-errors":false,"_links":{"self":[{"href":"https:\/\/graziamagazine.com\/mx\/wp-json\/wp\/v2\/articles\/95970"}],"collection":[{"href":"https:\/\/graziamagazine.com\/mx\/wp-json\/wp\/v2\/articles"}],"about":[{"href":"https:\/\/graziamagazine.com\/mx\/wp-json\/wp\/v2\/types\/articles"}],"author":[{"embeddable":true,"href":"https:\/\/graziamagazine.com\/mx\/wp-json\/wp\/v2\/users\/28953"}],"wp:featuredmedia":[{"embeddable":true,"href":"https:\/\/graziamagazine.com\/mx\/wp-json\/wp\/v2\/media\/95973"}],"wp:attachment":[{"href":"https:\/\/graziamagazine.com\/mx\/wp-json\/wp\/v2\/media?parent=95970"}],"wp:term":[{"taxonomy":"category","embeddable":true,"href":"https:\/\/graziamagazine.com\/mx\/wp-json\/wp\/v2\/categories?post=95970"}],"curies":[{"name":"wp","href":"https:\/\/api.w.org\/{rel}","templated":true}]}}