{"id":95865,"date":"2021-04-22T09:06:23","date_gmt":"2021-04-22T14:06:23","guid":{"rendered":"https:\/\/graziamagazine.com\/mx\/?post_type=articles&#038;p=95865"},"modified":"2021-04-22T09:06:40","modified_gmt":"2021-04-22T14:06:40","slug":"trend-alert-las-prendas-plisadas-estan-de-regreso-esta-primavera","status":"publish","type":"articles","link":"https:\/\/graziamagazine.com\/mx\/articles\/trend-alert-las-prendas-plisadas-estan-de-regreso-esta-primavera\/","title":{"rendered":"Trend Alert: las prendas plisadas est\u00e1n de regreso esta primavera"},"content":{"rendered":"<p>Las estrellas del <em>street style<\/em> han dejado claro que <strong>las prendas plisadas est\u00e1n de regreso<\/strong>. Desde 2019 las vimos reinar en diferentes tonos y texturas, pero esta primavera se est\u00e1n llevando todo el protagonismo con un aire muy preppy que puede ser parte de tu armario sin comprometer tu estilo.<\/p>\n<p>Llevarlas con un par de botas vaqueras, los famosos <em>grandpa sneakers<\/em> o incluso sandalias con calcetines son las lecciones de estilo que estrellas de Hollywood como <strong>Katie Holmes, Hailey Bieber y Chiara Ferragni<\/strong> nos han dejado en 2021. No importa el corte o el material, este acabado textil le va bien a cualquier tipo de cuerpo, pues estiliza la figura y le dar\u00e1 movimiento y volumen a tus <em>outfits<\/em>.<\/p>\n<p>\u00a1Prep\u00e1rate para llevar prendas plisadas toda la temporada de calor! Aqu\u00ed te decimos c\u00f3mo llevarlas esta temporada y te dejamos nuestras cinco opciones favoritas que puedes encontrar en <strong>Liverpool<\/strong>:<\/p>\n<h3>1.- Falda midi En uno de los colores m\u00e1s fuertes de la temporada<\/h3>\n<p>Este tono de azul est\u00e1 reinando este a\u00f1o, sobretodo en looks de primavera. Atr\u00e9vete a contrastarlo con colores como naranja, o si eres m\u00e1s cl\u00e1sica y prefieres mantener la misma gama de tonos, con gris y unos <em>sneakers<\/em> te encantar\u00e1.<\/p>\n<div class=\"content-gallery\"><div class=\"gallery-placeholder\"><div class=\"spinner\"><\/div><\/div><span class=\"gallery-pagination\"><\/span><div id=\"gallery-1\" class=\"gallery galleryid-95865 gallery-columns- gallery-size-\"><figure class=\"gallery-item\"><div class=\"gallery-icon landscape\"><img loading=\"lazy\" decoding=\"async\" width=\"722\" height=\"1214\" src=\"https:\/\/graziamagazine.com\/mx\/wp-content\/uploads\/sites\/13\/2021\/04\/Captura-de-Pantalla-2021-04-21-a-las-13.32.04.png\" class=\"lazy\" alt=\"Trend Alert: las prendas plisadas est\u00e1n de regreso esta primavera\" \/><\/div><\/figure><figure class=\"gallery-item\"><div class=\"gallery-icon landscape\"><img loading=\"lazy\" decoding=\"async\" width=\"743\" height=\"1219\" src=\"https:\/\/graziamagazine.com\/mx\/wp-content\/uploads\/sites\/13\/2021\/04\/Captura-de-Pantalla-2021-04-21-a-las-13.32.08.png\" class=\"lazy\" alt=\"Trend Alert: las prendas plisadas est\u00e1n de regreso esta primavera\" \/><\/div><\/figure><\/div><\/div>\n<p>De <strong>LOB<\/strong>, $499 pesos mexicanos.<\/p>\n<p>C\u00f3mprala <a href=\"https:\/\/www.liverpool.com.mx\/tienda\/pdp\/falda-midi-lob-cintura\/1100328450\" target=\"_blank\" rel=\"noopener\" target=\"_blank\"><strong>aqu\u00ed<\/strong><\/a>.<\/p>\n<p>&nbsp;<\/p>\n<h3>2.- Una blusa ligera y En verde<\/h3>\n<p>En 2021 los d\u00edas calurosos se antojan llenos de vida y color. Esta blusa en verde es una de las m\u00e1s bonitas que encontrar\u00e1s en Liverpool y que puedes llevar con<em> jeans<\/em> e incluso\u00a0 combinar con una falda tambi\u00e9n plisada. Recuerda que el diablo est\u00e1 en los detalles, as\u00ed que puedes complementar tu look con unas gafas retro y unos <a href=\"https:\/\/graziamagazine.com\/mx\/articles\/9-mocasines-que-querras-llevar-esta-primavera\/\" target=\"_blank\" rel=\"noopener\"><strong>mocasines<\/strong><\/a>.<\/p>\n<div class=\"content-gallery\"><div class=\"gallery-placeholder\"><div class=\"spinner\"><\/div><\/div><span class=\"gallery-pagination\"><\/span><div id=\"gallery-2\" class=\"gallery galleryid-95865 gallery-columns- gallery-size-\"><figure class=\"gallery-item\"><div class=\"gallery-icon landscape\"><img loading=\"lazy\" decoding=\"async\" width=\"940\" height=\"1222\" src=\"https:\/\/graziamagazine.com\/mx\/wp-content\/uploads\/sites\/13\/2021\/04\/Captura-de-Pantalla-2021-04-21-a-las-13.12.07.png\" class=\"lazy\" alt=\"Trend Alert: las prendas plisadas est\u00e1n de regreso esta primavera\" \/><\/div><\/figure><figure class=\"gallery-item\"><div class=\"gallery-icon landscape\"><img loading=\"lazy\" decoding=\"async\" width=\"946\" height=\"1222\" src=\"https:\/\/graziamagazine.com\/mx\/wp-content\/uploads\/sites\/13\/2021\/04\/Captura-de-Pantalla-2021-04-21-a-las-13.12.05.png\" class=\"lazy\" alt=\"Trend Alert: las prendas plisadas est\u00e1n de regreso esta primavera\" \/><\/div><\/figure><\/div><\/div>\n<p>De <strong>Coffee Bean<\/strong>, $296 pesos mexicanos.<\/p>\n<p>C\u00f3mprala <a href=\"https:\/\/www.liverpool.com.mx\/tienda\/pdp\/blusa-coffee-bean-verde-plisada\/1098542611\" target=\"_blank\" rel=\"noopener\" target=\"_blank\"><strong>aqu\u00ed<\/strong><\/a>.<\/p>\n<p>&nbsp;<\/p>\n<h3>3.- Un vestido asim\u00e9trico y en negro<\/h3>\n<p>Dale vida a tus sandalias o a tus botas vaqueras con un vestido ligero y plisado. Esta prenda te har\u00e1 sentir fresca y c\u00f3moda toda la estaci\u00f3n.<\/p>\n<div class=\"content-gallery\"><div class=\"gallery-placeholder\"><div class=\"spinner\"><\/div><\/div><span class=\"gallery-pagination\"><\/span><div id=\"gallery-3\" class=\"gallery galleryid-95865 gallery-columns- gallery-size-\"><figure class=\"gallery-item\"><div class=\"gallery-icon landscape\"><img loading=\"lazy\" decoding=\"async\" width=\"722\" height=\"1249\" src=\"https:\/\/graziamagazine.com\/mx\/wp-content\/uploads\/sites\/13\/2021\/04\/Captura-de-Pantalla-2021-04-21-a-las-13.21.14.png\" class=\"lazy\" alt=\"Trend Alert: las prendas plisadas est\u00e1n de regreso esta primavera\" \/><\/div><\/figure><figure class=\"gallery-item\"><div class=\"gallery-icon landscape\"><img loading=\"lazy\" decoding=\"async\" width=\"746\" height=\"1247\" src=\"https:\/\/graziamagazine.com\/mx\/wp-content\/uploads\/sites\/13\/2021\/04\/Captura-de-Pantalla-2021-04-21-a-las-13.21.18.png\" class=\"lazy\" alt=\"Trend Alert: las prendas plisadas est\u00e1n de regreso esta primavera\" \/><\/div><\/figure><\/div><\/div>\n<p>De <strong>Calvin Klein Jeans<\/strong>, $1,554 pesos mexicanos.<\/p>\n<p>C\u00f3mpralo <a href=\"https:\/\/www.liverpool.com.mx\/tienda\/pdp\/vestido-casual-calvin-klein-jeans-negro-plisado\/1095242128\" target=\"_blank\" rel=\"noopener\" target=\"_blank\"><strong>aqu\u00ed<\/strong><\/a>.<\/p>\n<p>&nbsp;<\/p>\n<h3>4.- En un jumpsuit plateado<\/h3>\n<p>Las telas plisadas le dan libertad de movimiento a cualquier prenda, y para esos d\u00edas que decidas quedarte en casa, esta es la opci\u00f3n perfecta para llevar a cabo tus actividades siempre c\u00f3moda.<\/p>\n<div class=\"content-gallery\"><div class=\"gallery-placeholder\"><div class=\"spinner\"><\/div><\/div><span class=\"gallery-pagination\"><\/span><div id=\"gallery-4\" class=\"gallery galleryid-95865 gallery-columns- gallery-size-\"><figure class=\"gallery-item\"><div class=\"gallery-icon landscape\"><img loading=\"lazy\" decoding=\"async\" width=\"953\" height=\"1223\" src=\"https:\/\/graziamagazine.com\/mx\/wp-content\/uploads\/sites\/13\/2021\/04\/Captura-de-Pantalla-2021-04-21-a-las-13.23.50.png\" class=\"lazy\" alt=\"Trend Alert: las prendas plisadas est\u00e1n de regreso esta primavera\" \/><\/div><\/figure><figure class=\"gallery-item\"><div class=\"gallery-icon landscape\"><img loading=\"lazy\" decoding=\"async\" width=\"940\" height=\"1220\" src=\"https:\/\/graziamagazine.com\/mx\/wp-content\/uploads\/sites\/13\/2021\/04\/Captura-de-Pantalla-2021-04-21-a-las-13.24.15.png\" class=\"lazy\" alt=\"Trend Alert: las prendas plisadas est\u00e1n de regreso esta primavera\" \/><\/div><\/figure><\/div><\/div>\n<p>De <strong>French Connection<\/strong>, $1,299 pesos mexicanos.<\/p>\n<p>C\u00f3mpralo <a href=\"https:\/\/www.liverpool.com.mx\/tienda\/pdp\/jumpsuit-french-connection-gris-plisado-con-cinta\/1092713359\" target=\"_blank\" rel=\"noopener\" target=\"_blank\"><strong>aqu\u00ed<\/strong><\/a>.<\/p>\n<p>&nbsp;<\/p>\n<h3>5.- Falda midi de l\u00edneas coloridas<\/h3>\n<p>Una de las cosas que debemos aprovechar para darle vida a nuestros <em>looks<\/em> de calor son los colores. Esta falda midi con una camiseta blanca y mocasines con calcetines es una opci\u00f3n para estar c\u00f3moda y lucir formal sin perder el estilo.<\/p>\n<div class=\"content-gallery\"><div class=\"gallery-placeholder\"><div class=\"spinner\"><\/div><\/div><span class=\"gallery-pagination\"><\/span><div id=\"gallery-5\" class=\"gallery galleryid-95865 gallery-columns- gallery-size-\"><figure class=\"gallery-item\"><div class=\"gallery-icon landscape\"><img loading=\"lazy\" decoding=\"async\" width=\"951\" height=\"1218\" src=\"https:\/\/graziamagazine.com\/mx\/wp-content\/uploads\/sites\/13\/2021\/04\/Captura-de-Pantalla-2021-04-21-a-las-13.28.14.png\" class=\"lazy\" alt=\"Trend Alert: las prendas plisadas est\u00e1n de regreso esta primavera\" \/><\/div><\/figure><figure class=\"gallery-item\"><div class=\"gallery-icon landscape\"><img loading=\"lazy\" decoding=\"async\" width=\"945\" height=\"1216\" src=\"https:\/\/graziamagazine.com\/mx\/wp-content\/uploads\/sites\/13\/2021\/04\/Captura-de-Pantalla-2021-04-21-a-las-13.28.18.png\" class=\"lazy\" alt=\"Trend Alert: las prendas plisadas est\u00e1n de regreso esta primavera\" \/><\/div><\/figure><\/div><\/div>\n<p>De That&#8217;s It, $509 pesos mexicanos.<\/p>\n<p>C\u00f3mprala <strong><a href=\"https:\/\/www.liverpool.com.mx\/tienda\/pdp\/falda-midi-that%27s-it-de-poli%C3%A9ster-estampado-gr%C3%A1fico-corte-a-la-cintura\/1092365521\" target=\"_blank\" rel=\"noopener\" target=\"_blank\">aqu\u00ed<\/a><\/strong>.<\/p>\n<p>\u00bfCu\u00e1les son tus plisados favoritos?<\/p>\n<h5><em>*IM\u00c1GENES: Getty Images y cortes\u00eda Liverpool<\/em><\/h5>\n","protected":false},"author":11656,"featured_media":95881,"template":"","format":"standard","categories":[4],"acf":[],"yoast_head":"<!-- This site is optimized with the Yoast SEO Premium plugin v18.5 (Yoast SEO v20.4) - https:\/\/yoast.com\/wordpress\/plugins\/seo\/ -->\n<title>Trend Alert: las prendas plisadas est\u00e1n de regreso esta primavera | Grazia M\u00e9xico y Latinoam\u00e9rica<\/title>\n<meta name=\"description\" content=\"Las prendas plisadas esta temporada har\u00e1n que te sientas c\u00f3moda y con libertad de movimiento. Ll\u00e9valos para acompa\u00f1arte en todas tus actividades sin comprometer tu estilo con las mejores opciones que aqu\u00ed te dejamos.\" \/>\n<meta name=\"robots\" content=\"index, follow, max-snippet:-1, max-image-preview:large, max-video-preview:-1\" \/>\n<link rel=\"canonical\" href=\"https:\/\/graziamagazine.com\/mx\/articles\/trend-alert-las-prendas-plisadas-estan-de-regreso-esta-primavera\/\" \/>\n<meta property=\"og:locale\" content=\"es_MX\" \/>\n<meta property=\"og:type\" content=\"article\" \/>\n<meta property=\"og:title\" content=\"Trend Alert: las prendas plisadas est\u00e1n de regreso esta primavera\" \/>\n<meta property=\"og:description\" content=\"Las prendas plisadas esta temporada har\u00e1n que te sientas c\u00f3moda y con libertad de movimiento. Ll\u00e9valos para acompa\u00f1arte en todas tus actividades sin comprometer tu estilo con las mejores opciones que aqu\u00ed te dejamos.\" \/>\n<meta property=\"og:url\" content=\"https:\/\/graziamagazine.com\/mx\/articles\/trend-alert-las-prendas-plisadas-estan-de-regreso-esta-primavera\/\" \/>\n<meta property=\"og:site_name\" content=\"Grazia M\u00e9xico y Latinoam\u00e9rica\" \/>\n<meta property=\"article:modified_time\" content=\"2021-04-22T14:06:40+00:00\" \/>\n<meta property=\"og:image\" content=\"https:\/\/graziamagazine.com\/mx\/wp-content\/uploads\/sites\/13\/2021\/04\/GettyImages-504654968-Kirstin-Sinclair.jpeg?fit=2200%2C1467\" \/>\n\t<meta property=\"og:image:width\" content=\"2200\" \/>\n\t<meta property=\"og:image:height\" content=\"1467\" \/>\n\t<meta property=\"og:image:type\" content=\"image\/jpeg\" \/>\n<meta name=\"twitter:card\" content=\"summary_large_image\" \/>\n<meta name=\"twitter:label1\" content=\"Est. reading time\" \/>\n\t<meta name=\"twitter:data1\" content=\"2 minutos\" \/>\n<script type=\"application\/ld+json\" class=\"yoast-schema-graph\">{\"@context\":\"https:\/\/schema.org\",\"@graph\":[{\"@type\":\"WebPage\",\"@id\":\"https:\/\/graziamagazine.com\/mx\/articles\/trend-alert-las-prendas-plisadas-estan-de-regreso-esta-primavera\/\",\"url\":\"https:\/\/graziamagazine.com\/mx\/articles\/trend-alert-las-prendas-plisadas-estan-de-regreso-esta-primavera\/\",\"name\":\"Trend Alert: las prendas plisadas est\u00e1n de regreso esta primavera | Grazia M\u00e9xico y Latinoam\u00e9rica\",\"isPartOf\":{\"@id\":\"https:\/\/graziamagazine.com\/mx\/#website\"},\"datePublished\":\"2021-04-22T14:06:23+00:00\",\"dateModified\":\"2021-04-22T14:06:40+00:00\",\"description\":\"Las prendas plisadas esta temporada har\u00e1n que te sientas c\u00f3moda y con libertad de movimiento. Ll\u00e9valos para acompa\u00f1arte en todas tus actividades sin comprometer tu estilo con las mejores opciones que aqu\u00ed te dejamos.\",\"breadcrumb\":{\"@id\":\"https:\/\/graziamagazine.com\/mx\/articles\/trend-alert-las-prendas-plisadas-estan-de-regreso-esta-primavera\/#breadcrumb\"},\"inLanguage\":\"es-MX\",\"potentialAction\":[{\"@type\":\"ReadAction\",\"target\":[\"https:\/\/graziamagazine.com\/mx\/articles\/trend-alert-las-prendas-plisadas-estan-de-regreso-esta-primavera\/\"]}]},{\"@type\":\"BreadcrumbList\",\"@id\":\"https:\/\/graziamagazine.com\/mx\/articles\/trend-alert-las-prendas-plisadas-estan-de-regreso-esta-primavera\/#breadcrumb\",\"itemListElement\":[{\"@type\":\"ListItem\",\"position\":1,\"name\":\"Home\",\"item\":\"https:\/\/graziamagazine.com\/mx\/\"},{\"@type\":\"ListItem\",\"position\":2,\"name\":\"Trend Alert: las prendas plisadas est\u00e1n de regreso esta primavera\"}]},{\"@type\":\"WebSite\",\"@id\":\"https:\/\/graziamagazine.com\/mx\/#website\",\"url\":\"https:\/\/graziamagazine.com\/mx\/\",\"name\":\"Grazia M\u00e9xico y Latinoam\u00e9rica\",\"description\":\"Grazia es moda, belleza y noticias  de actualidad \",\"potentialAction\":[{\"@type\":\"SearchAction\",\"target\":{\"@type\":\"EntryPoint\",\"urlTemplate\":\"https:\/\/graziamagazine.com\/mx\/?s={search_term_string}\"},\"query-input\":\"required name=search_term_string\"}],\"inLanguage\":\"es-MX\"}]}<\/script>\n<!-- \/ Yoast SEO Premium plugin. -->","yoast_head_json":{"title":"Trend Alert: las prendas plisadas est\u00e1n de regreso esta primavera | Grazia M\u00e9xico y Latinoam\u00e9rica","description":"Las prendas plisadas esta temporada har\u00e1n que te sientas c\u00f3moda y con libertad de movimiento. Ll\u00e9valos para acompa\u00f1arte en todas tus actividades sin comprometer tu estilo con las mejores opciones que aqu\u00ed te dejamos.","robots":{"index":"index","follow":"follow","max-snippet":"max-snippet:-1","max-image-preview":"max-image-preview:large","max-video-preview":"max-video-preview:-1"},"canonical":"https:\/\/graziamagazine.com\/mx\/articles\/trend-alert-las-prendas-plisadas-estan-de-regreso-esta-primavera\/","og_locale":"es_MX","og_type":"article","og_title":"Trend Alert: las prendas plisadas est\u00e1n de regreso esta primavera","og_description":"Las prendas plisadas esta temporada har\u00e1n que te sientas c\u00f3moda y con libertad de movimiento. Ll\u00e9valos para acompa\u00f1arte en todas tus actividades sin comprometer tu estilo con las mejores opciones que aqu\u00ed te dejamos.","og_url":"https:\/\/graziamagazine.com\/mx\/articles\/trend-alert-las-prendas-plisadas-estan-de-regreso-esta-primavera\/","og_site_name":"Grazia M\u00e9xico y Latinoam\u00e9rica","article_modified_time":"2021-04-22T14:06:40+00:00","og_image":[{"width":2200,"height":1467,"url":"https:\/\/graziamagazine.com\/mx\/wp-content\/uploads\/sites\/13\/2021\/04\/GettyImages-504654968-Kirstin-Sinclair.jpeg?fit=2200%2C1467","type":"image\/jpeg"}],"twitter_card":"summary_large_image","twitter_misc":{"Est. reading time":"2 minutos"},"schema":{"@context":"https:\/\/schema.org","@graph":[{"@type":"WebPage","@id":"https:\/\/graziamagazine.com\/mx\/articles\/trend-alert-las-prendas-plisadas-estan-de-regreso-esta-primavera\/","url":"https:\/\/graziamagazine.com\/mx\/articles\/trend-alert-las-prendas-plisadas-estan-de-regreso-esta-primavera\/","name":"Trend Alert: las prendas plisadas est\u00e1n de regreso esta primavera | Grazia M\u00e9xico y Latinoam\u00e9rica","isPartOf":{"@id":"https:\/\/graziamagazine.com\/mx\/#website"},"datePublished":"2021-04-22T14:06:23+00:00","dateModified":"2021-04-22T14:06:40+00:00","description":"Las prendas plisadas esta temporada har\u00e1n que te sientas c\u00f3moda y con libertad de movimiento. Ll\u00e9valos para acompa\u00f1arte en todas tus actividades sin comprometer tu estilo con las mejores opciones que aqu\u00ed te dejamos.","breadcrumb":{"@id":"https:\/\/graziamagazine.com\/mx\/articles\/trend-alert-las-prendas-plisadas-estan-de-regreso-esta-primavera\/#breadcrumb"},"inLanguage":"es-MX","potentialAction":[{"@type":"ReadAction","target":["https:\/\/graziamagazine.com\/mx\/articles\/trend-alert-las-prendas-plisadas-estan-de-regreso-esta-primavera\/"]}]},{"@type":"BreadcrumbList","@id":"https:\/\/graziamagazine.com\/mx\/articles\/trend-alert-las-prendas-plisadas-estan-de-regreso-esta-primavera\/#breadcrumb","itemListElement":[{"@type":"ListItem","position":1,"name":"Home","item":"https:\/\/graziamagazine.com\/mx\/"},{"@type":"ListItem","position":2,"name":"Trend Alert: las prendas plisadas est\u00e1n de regreso esta primavera"}]},{"@type":"WebSite","@id":"https:\/\/graziamagazine.com\/mx\/#website","url":"https:\/\/graziamagazine.com\/mx\/","name":"Grazia M\u00e9xico y Latinoam\u00e9rica","description":"Grazia es moda, belleza y noticias  de actualidad ","potentialAction":[{"@type":"SearchAction","target":{"@type":"EntryPoint","urlTemplate":"https:\/\/graziamagazine.com\/mx\/?s={search_term_string}"},"query-input":"required name=search_term_string"}],"inLanguage":"es-MX"}]}},"jetpack_sharing_enabled":true,"distributor_meta":false,"distributor_terms":false,"distributor_media":false,"distributor_original_site_name":"Grazia M\u00e9xico y Latinoam\u00e9rica","distributor_original_site_url":"https:\/\/graziamagazine.com\/mx","push-errors":false,"_links":{"self":[{"href":"https:\/\/graziamagazine.com\/mx\/wp-json\/wp\/v2\/articles\/95865"}],"collection":[{"href":"https:\/\/graziamagazine.com\/mx\/wp-json\/wp\/v2\/articles"}],"about":[{"href":"https:\/\/graziamagazine.com\/mx\/wp-json\/wp\/v2\/types\/articles"}],"author":[{"embeddable":true,"href":"https:\/\/graziamagazine.com\/mx\/wp-json\/wp\/v2\/users\/11656"}],"wp:featuredmedia":[{"embeddable":true,"href":"https:\/\/graziamagazine.com\/mx\/wp-json\/wp\/v2\/media\/95881"}],"wp:attachment":[{"href":"https:\/\/graziamagazine.com\/mx\/wp-json\/wp\/v2\/media?parent=95865"}],"wp:term":[{"taxonomy":"category","embeddable":true,"href":"https:\/\/graziamagazine.com\/mx\/wp-json\/wp\/v2\/categories?post=95865"}],"curies":[{"name":"wp","href":"https:\/\/api.w.org\/{rel}","templated":true}]}}