{"id":95587,"date":"2021-04-14T13:10:23","date_gmt":"2021-04-14T18:10:23","guid":{"rendered":"https:\/\/graziamagazine.com\/mx\/?post_type=articles&#038;p=95587"},"modified":"2021-04-14T13:14:32","modified_gmt":"2021-04-14T18:14:32","slug":"assouline-x-zara-la-coleccion-masculina-inspirada-en-los-libros-de-viaje-de-la-editorial","status":"publish","type":"articles","link":"https:\/\/graziamagazine.com\/mx\/articles\/assouline-x-zara-la-coleccion-masculina-inspirada-en-los-libros-de-viaje-de-la-editorial\/","title":{"rendered":"Assouline x Zara, la colecci\u00f3n masculina inspirada en los libros de viaje de la editorial"},"content":{"rendered":"<p><span style=\"font-weight: 400\">\u00a1Oh la l\u00e1! <\/span><b>Zara<\/b><span style=\"font-weight: 400\"> ha lanzado una l\u00ednea especial de ropa masculina inspirada en lo bonito que es viajar a ciertos destinos lujosos de playa, y vaya que se luci\u00f3 con el resultado. En colaboraci\u00f3n con la editorial <\/span><b>Assouline <\/b><span style=\"font-weight: 400\">que tiene varios libros de viajes, lanzaron la colecci\u00f3n <\/span><b>Capsule Summer Menswear<\/b><span style=\"font-weight: 400\">, que ya est\u00e1 disponible en tiendas f\u00edsicas y online.<\/span><\/p>\n<p><span style=\"font-weight: 400\">Esta l\u00ednea de prendas de verano est\u00e1 inspirada en algunos de los t\u00edtulos m\u00e1s vendidos de <\/span><b>Travel Series<\/b><span style=\"font-weight: 400\"> de Assouline, y consta de T-shirts, camisas, gorras, jeans, sweatshirts, una bolsa playera y hasta una toalla, desde la talla peque\u00f1a hasta la extra grande, para que los hombres por todo el mundo luzcan c\u00f3modos, frescos y elegantes con ese toque cl\u00e1sico que tienen todas las prendas.<\/span><\/p>\n<p><img loading=\"lazy\" decoding=\"async\" class=\"alignnone wp-image-95593 size-large\" src=\"https:\/\/graziamagazine.com\/mx\/wp-content\/uploads\/sites\/13\/2021\/04\/Taschen-Zara-008-copia.jpg?w=640\" alt=\"Zara lanza colecci\u00f3n de ropa masculina inspirada en los libros de viajes de Assouline\" width=\"640\" height=\"415\" \/><\/p>\n<p><span style=\"font-weight: 400\">\u201cEn el centro de nuestra afinidad por la cultura, est\u00e1 nuestro amor por compartir su belleza en todo el mundo. Estamos encantados de haber colaborado con Zara no solo en traducir nuestra visi\u00f3n \u00fanica del mundo a trav\u00e9s de los destinos m\u00e1s queridos, sino tambi\u00e9n alentando a otros a abrazarlo\u201d, dijo el dise\u00f1ador editorial <\/span><b>Alex Assouline<\/b><span style=\"font-weight: 400\"> en el comunicado conjunto.<\/span><\/p>\n<p><span style=\"font-weight: 400\">\u201cMuy emocionado de finalmente anunciar nuestra colecci\u00f3n c\u00e1psula con Zara para el verano 2021\u201d, a\u00f1adi\u00f3 Alex &#8211; parte de la familia propietaria de la editorial, Assouline &#8211; en su cuenta de Instagram.<\/span><\/p>\n<p><img loading=\"lazy\" decoding=\"async\" class=\"alignnone wp-image-95591 size-large\" src=\"https:\/\/graziamagazine.com\/mx\/wp-content\/uploads\/sites\/13\/2021\/04\/1617998359256264-assouline-zara-coleccion-capsula-hombre-lofficiel-mexico3.jpg?w=683\" alt=\"Zara lanza colecci\u00f3n de ropa masculina inspirada en los libros de viajes de Assouline\" width=\"683\" height=\"1024\" \/><\/p>\n<p><span style=\"font-weight: 400\">La fuente de inspiraci\u00f3n principal de esta colecci\u00f3n proviene de libros como <\/span><b><i>Capri Dolce Vita, St. Tropez Soleil <\/i><\/b><span style=\"font-weight: 400\">o<\/span><b><i> Provence Glory<\/i><\/b><span style=\"font-weight: 400\">, serie de viajes \u201cdedicada a celebrar lo mejor de la cultura en todo el mundo. Assouline se complace en expandir su impronta internacional y democratizar su aclamada serie invitando a los clientes a experimentarla en una forma completamente nueva y port\u00e1til\u201d, se lee tambi\u00e9n en el comunicado de las prendas que oscilan entre los $25.90 y los $49.90 d\u00f3lares.<\/span><\/p>\n<p><img loading=\"lazy\" decoding=\"async\" class=\"alignnone wp-image-95592 size-large\" src=\"https:\/\/graziamagazine.com\/mx\/wp-content\/uploads\/sites\/13\/2021\/04\/1617998359347889-assouline-zara-coleccion-capsula-hombre-lofficiel-mexico2.jpg?w=683\" alt=\"Zara lanza colecci\u00f3n de ropa masculina inspirada en los libros de viajes de Assouline\" width=\"683\" height=\"1024\" \/><\/p>\n<p><span style=\"font-weight: 400\">Una bell\u00edsima colecci\u00f3n que es ideal para regalar en esta \u00e9poca a los hombres de nuestras vidas, y qu\u00e9 mejor si adem\u00e1s incluimos algunos de los t\u00edtulos de Travel Series de Assouline. \u00a1Combo completo!<\/span><\/p>\n<p><em><strong>*IMAGEN: Cortes\u00eda de Zara<\/strong><\/em><\/p>\n","protected":false},"author":11628,"featured_media":95594,"template":"","format":"standard","categories":[4],"acf":[],"yoast_head":"<!-- This site is optimized with the Yoast SEO Premium plugin v18.5 (Yoast SEO v20.4) - https:\/\/yoast.com\/wordpress\/plugins\/seo\/ -->\n<title>Assouline x Zara, la colecci\u00f3n masculina inspirada en los libros de viaje de la editorial | Grazia M\u00e9xico y Latinoam\u00e9rica<\/title>\n<meta name=\"description\" content=\"Una de las colecciones m\u00e1s bonitas y adecuadas para esta temporada de calor.\" \/>\n<meta name=\"robots\" content=\"index, follow, max-snippet:-1, max-image-preview:large, max-video-preview:-1\" \/>\n<link rel=\"canonical\" href=\"https:\/\/graziamagazine.com\/mx\/articles\/assouline-x-zara-la-coleccion-masculina-inspirada-en-los-libros-de-viaje-de-la-editorial\/\" \/>\n<meta property=\"og:locale\" content=\"es_MX\" \/>\n<meta property=\"og:type\" content=\"article\" \/>\n<meta property=\"og:title\" content=\"Assouline x Zara, la colecci\u00f3n masculina inspirada en los libros de viaje de la editorial\" \/>\n<meta property=\"og:description\" content=\"Una de las colecciones m\u00e1s bonitas y adecuadas para esta temporada de calor.\" \/>\n<meta property=\"og:url\" content=\"https:\/\/graziamagazine.com\/mx\/articles\/assouline-x-zara-la-coleccion-masculina-inspirada-en-los-libros-de-viaje-de-la-editorial\/\" \/>\n<meta property=\"og:site_name\" content=\"Grazia M\u00e9xico y Latinoam\u00e9rica\" \/>\n<meta property=\"article:modified_time\" content=\"2021-04-14T18:14:32+00:00\" \/>\n<meta property=\"og:image\" content=\"https:\/\/graziamagazine.com\/mx\/wp-content\/uploads\/sites\/13\/2021\/04\/06188401712-30-ult_2048x-copia.jpg?fit=2048%2C1257\" \/>\n\t<meta property=\"og:image:width\" content=\"2048\" \/>\n\t<meta property=\"og:image:height\" content=\"1257\" \/>\n\t<meta property=\"og:image:type\" content=\"image\/jpeg\" \/>\n<meta name=\"twitter:card\" content=\"summary_large_image\" \/>\n<meta name=\"twitter:label1\" content=\"Est. reading time\" \/>\n\t<meta name=\"twitter:data1\" content=\"2 minutos\" \/>\n<script type=\"application\/ld+json\" class=\"yoast-schema-graph\">{\"@context\":\"https:\/\/schema.org\",\"@graph\":[{\"@type\":\"WebPage\",\"@id\":\"https:\/\/graziamagazine.com\/mx\/articles\/assouline-x-zara-la-coleccion-masculina-inspirada-en-los-libros-de-viaje-de-la-editorial\/\",\"url\":\"https:\/\/graziamagazine.com\/mx\/articles\/assouline-x-zara-la-coleccion-masculina-inspirada-en-los-libros-de-viaje-de-la-editorial\/\",\"name\":\"Assouline x Zara, la colecci\u00f3n masculina inspirada en los libros de viaje de la editorial | Grazia M\u00e9xico y Latinoam\u00e9rica\",\"isPartOf\":{\"@id\":\"https:\/\/graziamagazine.com\/mx\/#website\"},\"datePublished\":\"2021-04-14T18:10:23+00:00\",\"dateModified\":\"2021-04-14T18:14:32+00:00\",\"description\":\"Una de las colecciones m\u00e1s bonitas y adecuadas para esta temporada de calor.\",\"breadcrumb\":{\"@id\":\"https:\/\/graziamagazine.com\/mx\/articles\/assouline-x-zara-la-coleccion-masculina-inspirada-en-los-libros-de-viaje-de-la-editorial\/#breadcrumb\"},\"inLanguage\":\"es-MX\",\"potentialAction\":[{\"@type\":\"ReadAction\",\"target\":[\"https:\/\/graziamagazine.com\/mx\/articles\/assouline-x-zara-la-coleccion-masculina-inspirada-en-los-libros-de-viaje-de-la-editorial\/\"]}]},{\"@type\":\"BreadcrumbList\",\"@id\":\"https:\/\/graziamagazine.com\/mx\/articles\/assouline-x-zara-la-coleccion-masculina-inspirada-en-los-libros-de-viaje-de-la-editorial\/#breadcrumb\",\"itemListElement\":[{\"@type\":\"ListItem\",\"position\":1,\"name\":\"Home\",\"item\":\"https:\/\/graziamagazine.com\/mx\/\"},{\"@type\":\"ListItem\",\"position\":2,\"name\":\"Assouline x Zara, la colecci\u00f3n masculina inspirada en los libros de viaje de la editorial\"}]},{\"@type\":\"WebSite\",\"@id\":\"https:\/\/graziamagazine.com\/mx\/#website\",\"url\":\"https:\/\/graziamagazine.com\/mx\/\",\"name\":\"Grazia M\u00e9xico y Latinoam\u00e9rica\",\"description\":\"Grazia es moda, belleza y noticias  de actualidad \",\"potentialAction\":[{\"@type\":\"SearchAction\",\"target\":{\"@type\":\"EntryPoint\",\"urlTemplate\":\"https:\/\/graziamagazine.com\/mx\/?s={search_term_string}\"},\"query-input\":\"required name=search_term_string\"}],\"inLanguage\":\"es-MX\"}]}<\/script>\n<!-- \/ Yoast SEO Premium plugin. -->","yoast_head_json":{"title":"Assouline x Zara, la colecci\u00f3n masculina inspirada en los libros de viaje de la editorial | Grazia M\u00e9xico y Latinoam\u00e9rica","description":"Una de las colecciones m\u00e1s bonitas y adecuadas para esta temporada de calor.","robots":{"index":"index","follow":"follow","max-snippet":"max-snippet:-1","max-image-preview":"max-image-preview:large","max-video-preview":"max-video-preview:-1"},"canonical":"https:\/\/graziamagazine.com\/mx\/articles\/assouline-x-zara-la-coleccion-masculina-inspirada-en-los-libros-de-viaje-de-la-editorial\/","og_locale":"es_MX","og_type":"article","og_title":"Assouline x Zara, la colecci\u00f3n masculina inspirada en los libros de viaje de la editorial","og_description":"Una de las colecciones m\u00e1s bonitas y adecuadas para esta temporada de calor.","og_url":"https:\/\/graziamagazine.com\/mx\/articles\/assouline-x-zara-la-coleccion-masculina-inspirada-en-los-libros-de-viaje-de-la-editorial\/","og_site_name":"Grazia M\u00e9xico y Latinoam\u00e9rica","article_modified_time":"2021-04-14T18:14:32+00:00","og_image":[{"width":2048,"height":1257,"url":"https:\/\/graziamagazine.com\/mx\/wp-content\/uploads\/sites\/13\/2021\/04\/06188401712-30-ult_2048x-copia.jpg?fit=2048%2C1257","type":"image\/jpeg"}],"twitter_card":"summary_large_image","twitter_misc":{"Est. reading time":"2 minutos"},"schema":{"@context":"https:\/\/schema.org","@graph":[{"@type":"WebPage","@id":"https:\/\/graziamagazine.com\/mx\/articles\/assouline-x-zara-la-coleccion-masculina-inspirada-en-los-libros-de-viaje-de-la-editorial\/","url":"https:\/\/graziamagazine.com\/mx\/articles\/assouline-x-zara-la-coleccion-masculina-inspirada-en-los-libros-de-viaje-de-la-editorial\/","name":"Assouline x Zara, la colecci\u00f3n masculina inspirada en los libros de viaje de la editorial | Grazia M\u00e9xico y Latinoam\u00e9rica","isPartOf":{"@id":"https:\/\/graziamagazine.com\/mx\/#website"},"datePublished":"2021-04-14T18:10:23+00:00","dateModified":"2021-04-14T18:14:32+00:00","description":"Una de las colecciones m\u00e1s bonitas y adecuadas para esta temporada de calor.","breadcrumb":{"@id":"https:\/\/graziamagazine.com\/mx\/articles\/assouline-x-zara-la-coleccion-masculina-inspirada-en-los-libros-de-viaje-de-la-editorial\/#breadcrumb"},"inLanguage":"es-MX","potentialAction":[{"@type":"ReadAction","target":["https:\/\/graziamagazine.com\/mx\/articles\/assouline-x-zara-la-coleccion-masculina-inspirada-en-los-libros-de-viaje-de-la-editorial\/"]}]},{"@type":"BreadcrumbList","@id":"https:\/\/graziamagazine.com\/mx\/articles\/assouline-x-zara-la-coleccion-masculina-inspirada-en-los-libros-de-viaje-de-la-editorial\/#breadcrumb","itemListElement":[{"@type":"ListItem","position":1,"name":"Home","item":"https:\/\/graziamagazine.com\/mx\/"},{"@type":"ListItem","position":2,"name":"Assouline x Zara, la colecci\u00f3n masculina inspirada en los libros de viaje de la editorial"}]},{"@type":"WebSite","@id":"https:\/\/graziamagazine.com\/mx\/#website","url":"https:\/\/graziamagazine.com\/mx\/","name":"Grazia M\u00e9xico y Latinoam\u00e9rica","description":"Grazia es moda, belleza y noticias  de actualidad ","potentialAction":[{"@type":"SearchAction","target":{"@type":"EntryPoint","urlTemplate":"https:\/\/graziamagazine.com\/mx\/?s={search_term_string}"},"query-input":"required name=search_term_string"}],"inLanguage":"es-MX"}]}},"jetpack_sharing_enabled":true,"distributor_meta":false,"distributor_terms":false,"distributor_media":false,"distributor_original_site_name":"Grazia M\u00e9xico y Latinoam\u00e9rica","distributor_original_site_url":"https:\/\/graziamagazine.com\/mx","push-errors":false,"_links":{"self":[{"href":"https:\/\/graziamagazine.com\/mx\/wp-json\/wp\/v2\/articles\/95587"}],"collection":[{"href":"https:\/\/graziamagazine.com\/mx\/wp-json\/wp\/v2\/articles"}],"about":[{"href":"https:\/\/graziamagazine.com\/mx\/wp-json\/wp\/v2\/types\/articles"}],"author":[{"embeddable":true,"href":"https:\/\/graziamagazine.com\/mx\/wp-json\/wp\/v2\/users\/11628"}],"wp:featuredmedia":[{"embeddable":true,"href":"https:\/\/graziamagazine.com\/mx\/wp-json\/wp\/v2\/media\/95594"}],"wp:attachment":[{"href":"https:\/\/graziamagazine.com\/mx\/wp-json\/wp\/v2\/media?parent=95587"}],"wp:term":[{"taxonomy":"category","embeddable":true,"href":"https:\/\/graziamagazine.com\/mx\/wp-json\/wp\/v2\/categories?post=95587"}],"curies":[{"name":"wp","href":"https:\/\/api.w.org\/{rel}","templated":true}]}}