{"id":95559,"date":"2021-04-20T10:00:42","date_gmt":"2021-04-20T15:00:42","guid":{"rendered":"https:\/\/graziamagazine.com\/mx\/?post_type=articles&#038;p=95559"},"modified":"2021-04-20T10:47:46","modified_gmt":"2021-04-20T15:47:46","slug":"gucci-beloved-lines-el-bolso-que-celebra-los-100-anos-de-gucci","status":"publish","type":"articles","link":"https:\/\/graziamagazine.com\/mx\/articles\/gucci-beloved-lines-el-bolso-que-celebra-los-100-anos-de-gucci\/","title":{"rendered":"Gucci Beloved Lines, el bolso que celebra los 100 a\u00f1os de Gucci"},"content":{"rendered":"<p style=\"text-align: left\"><span style=\"font-weight: 400\">Seguramente recuerdas el empoderamiento, la felicidad y la independencia que te provocaba tomar los tacones y los bolsos de tu mam\u00e1 para completar tu look, sentirte lista y glamourosa para salir y comerte el mundo. Y de pronto, de repente, un d\u00eda, abres los ojos y te encuentras con la herencia que nunca pas\u00f3 de moda. Los bolsos de <strong><a href=\"https:\/\/graziamagazine.com\/mx\/articles\/gucci-cumple-100-anos-y-lo-festeja-junto-con-nuestras-celebridades-favoritas-en-su-nueva-campana-beloved\/\">Gucci<\/a> Beloved<\/strong> son todo lo que necesitas, tama\u00f1os ideales para toda ocasi\u00f3n y combinaciones fant\u00e1sticas para estar deslumbrante en cualquier evento.<\/span><\/p>\n<div class=\"content-gallery\"><div class=\"gallery-placeholder\"><div class=\"spinner\"><\/div><\/div><span class=\"gallery-pagination\"><\/span><div id=\"gallery-1\" class=\"gallery galleryid-95559 gallery-columns-2 gallery-size-full\"><figure class=\"gallery-item\"><div class=\"gallery-icon landscape\"><img loading=\"lazy\" decoding=\"async\" width=\"528\" height=\"343\" src=\"https:\/\/graziamagazine.com\/mx\/wp-content\/uploads\/sites\/13\/2021\/04\/400249_18YQX_6664_001_076_0000_Light-e1618930376204.jpg\" class=\"lazy\" alt=\"Gucci Beloved Lines\" \/><\/div><figcaption class=\"wp-caption-text gallery-caption\" id=\"gallery-1-95714\"> Dionysus Gucci<\/figcaption><\/figure><figure class=\"gallery-item\"><div class=\"gallery-icon landscape\"><img loading=\"lazy\" decoding=\"async\" width=\"419\" height=\"259\" src=\"https:\/\/graziamagazine.com\/mx\/wp-content\/uploads\/sites\/13\/2021\/04\/400249_18YQX_3765_001_076_0006_light-e1618930422938.jpg\" class=\"lazy\" alt=\"Gucci Beloved Lines\" \/><\/div><figcaption class=\"wp-caption-text gallery-caption\" id=\"gallery-1-95713\">Dionysus Gucci<\/figcaption><\/figure><figure class=\"gallery-item\"><div class=\"gallery-icon landscape\"><img loading=\"lazy\" decoding=\"async\" width=\"517\" height=\"324\" src=\"https:\/\/graziamagazine.com\/mx\/wp-content\/uploads\/sites\/13\/2021\/04\/400249_18YPX_9575_001_076_0000_Light-e1618930445341.jpg\" class=\"lazy\" alt=\"Gucci Beloved Lines\" \/><\/div><figcaption class=\"wp-caption-text gallery-caption\" id=\"gallery-1-95712\">Dionysus Gucci<\/figcaption><\/figure><figure class=\"gallery-item\"><div class=\"gallery-icon landscape\"><img loading=\"lazy\" decoding=\"async\" width=\"415\" height=\"265\" src=\"https:\/\/graziamagazine.com\/mx\/wp-content\/uploads\/sites\/13\/2021\/04\/400249_18YIN_9382_001_076_0000_light-e1618930467534.jpg\" class=\"lazy\" alt=\"Gucci Beloved Lines\" \/><\/div><figcaption class=\"wp-caption-text gallery-caption\" id=\"gallery-1-95711\">Dionysus Gucci<\/figcaption><\/figure><\/div><\/div>\n<p>&nbsp;<\/p>\n<p>La marca celebra el <strong style=\"font-weight: 400\">centenario<\/strong> de Gucci haciendo extraordinarias colaboraciones junto con celebridades de lujo como <strong style=\"font-weight: 400\">Harry Styles, Awkwafina, Diane Keaton, Serena Williams<\/strong> y <strong><span style=\"font-weight: 400\"><strong>James Corden<\/strong>\u00a0<\/span><\/strong>abri\u00e9ndoles<span style=\"font-weight: 400\">\u00a0<\/span>los brazos y\u00a0d\u00e1ndoles la bienvenida a la gran familia Gucci.<\/p>\n<p>Como siempre, la casa nos sorprende lanzando Gucci Beloved, una colecci\u00f3n dirigida por el dise\u00f1ador Alessandro Michele recordando los mas ic\u00f3nicos dise\u00f1os. Uno de los bolsos m\u00e1s emblem\u00e1ticos de esta l\u00ednea\u00a0es el bolso <strong><i>Dionysus<\/i><\/strong>, un bolso lleno de poder debutando en el desfile de Oto\u00f1o \/ Invierno 2015.<\/p>\n<p><span style=\"font-weight: 400\">Seguido por <strong><em>Gucci Horsebit 1955<\/em><\/strong>, un bolso que sobresale por un doble anillo y una barra, una caracter\u00edstica esencial de la marca siendo un bolso contempor\u00e1neo que no deja sus ra\u00edces del pasado.\u00a0<\/span><\/p>\n<p><span style=\"font-weight: 400\">El<strong><em> GG Marmont<\/em><\/strong>, determinado por su doble G, el estilo propio de la marca y por \u00faltimo el modelo\u00a0<strong><em>Jackie 1961<\/em><\/strong>, notable bolso por su forma curva de media luna y su ic\u00f3nico cierre de pist\u00f3n, un bolso totalmente atemporal, siempre a la vista de todos y con un alma vintage.\u00a0<\/span><\/p>\n<figure id=\"attachment_95715\" aria-describedby=\"caption-attachment-95715\" style=\"width: 408px\" class=\"wp-caption alignnone\"><img loading=\"lazy\" decoding=\"async\" class=\"wp-image-95715 size-large\" src=\"https:\/\/graziamagazine.com\/mx\/wp-content\/uploads\/sites\/13\/2021\/04\/443497_1X5EG_8382_001_063_0006_Light-e1618930535600.jpg?w=408\" alt=\"Gucci GG Marmont\" width=\"408\" height=\"273\" \/><figcaption id=\"caption-attachment-95715\" class=\"wp-caption-text\">GG Marmont<\/figcaption><\/figure>\n<p><span style=\"font-weight: 400\">Si bien es cierto, <strong>Gucci<\/strong> cuenta con piezas clave dentro de sus colecciones y esta no es la excepci\u00f3n. Zafiros, esmeraldas y rub\u00edes ser\u00e1n los parteaguas dentro de la l\u00ednea.\u00a0<\/span><\/p>\n<p><span style=\"font-weight: 400\">Colores brillantes, como lo es el bolso <strong><em>Gucci Horsebit 1955<\/em><\/strong> en cuero verde, azul y rojo. Los ribetes contrastantes particularizan los tres colores: Petr\u00f3leo sobre azul el\u00e9ctrico, verde oscuro sobre un verde luminoso y rosa claro sobre un rojo pasi\u00f3n. Asimismo, es la primera vez que se introduce una hebilla esmaltada color blanco para<strong> <em>Dionysus<\/em><\/strong>, el elemento de <\/span><i><span style=\"font-weight: 400\">torchon<\/span><\/i><span style=\"font-weight: 400\"> doble G trenzado para <strong><em>GG Marmont<\/em><\/strong> le da un toque fascinante, un color dorado con esmalte de cuero tono sobre tono.\u00a0<\/span><\/p>\n<p><span style=\"font-weight: 400\">Siguiendo con el tema de color, la mezcla de bicolores y tricolores crean una atmosfera fresca y veraniega.<\/span><\/p>\n<p><span style=\"font-weight: 400\">Otra combinaci\u00f3n de colores tiene un ambiente de verano n\u00e1utico con un esp\u00edritu <\/span><i><span style=\"font-weight: 400\">vintage<\/span><\/i><span style=\"font-weight: 400\"> est\u00e1 el bolso <strong><em>Jackie 1961<\/em><\/strong> bicolor, una combinaci\u00f3n de cuero azul y rojo con ribete color mantequilla para templar los estilos <strong>Dionysus<\/strong> y <strong>GG Marmont<\/strong>.\u00a0 y para un aspecto oto\u00f1al, de nuevo se utilizan tonos, rojo, marr\u00f3n, azul oscuro y beige cl\u00e1sico.<\/span><\/p>\n<p><span style=\"font-weight: 400\">Una fusi\u00f3n de estos estilos har\u00e1n de<strong> Gucci Beloved<\/strong> una explosi\u00f3n de vida, elegancia, estilo y porte para cualquier look sin pasar de moda.<\/span><\/p>\n<div class=\"content-gallery\"><div class=\"gallery-placeholder\"><div class=\"spinner\"><\/div><\/div><span class=\"gallery-pagination\"><\/span><div id=\"gallery-2\" class=\"gallery galleryid-95559 gallery-columns- gallery-size-full\"><figure class=\"gallery-item\"><div class=\"gallery-icon landscape\"><img loading=\"lazy\" decoding=\"async\" width=\"413\" height=\"259\" src=\"https:\/\/graziamagazine.com\/mx\/wp-content\/uploads\/sites\/13\/2021\/04\/655667_2VAAX_4977_001_072_0000_Light-e1618930579716.jpg\" class=\"lazy\" alt=\"Gucci Horsebit 1955\" \/><\/div><figcaption class=\"wp-caption-text gallery-caption\" id=\"gallery-2-95726\">Gucci Horsebit 1955<\/figcaption><\/figure><figure class=\"gallery-item\"><div class=\"gallery-icon landscape\"><img loading=\"lazy\" decoding=\"async\" width=\"415\" height=\"267\" src=\"https:\/\/graziamagazine.com\/mx\/wp-content\/uploads\/sites\/13\/2021\/04\/655667_2VAAX_3189_001_072_0000_Light-e1618930602909.jpg\" class=\"lazy\" alt=\"Gucci Horsebit 1955\" \/><\/div><figcaption class=\"wp-caption-text gallery-caption\" id=\"gallery-2-95725\">Gucci Horsebit 1955<\/figcaption><\/figure><figure class=\"gallery-item\"><div class=\"gallery-icon landscape\"><img loading=\"lazy\" decoding=\"async\" width=\"425\" height=\"567\" src=\"https:\/\/graziamagazine.com\/mx\/wp-content\/uploads\/sites\/13\/2021\/04\/640716_2VAAG_6569_001_065_0000_Light.jpg\" class=\"lazy\" alt=\"Gucci Horsebit 1955\" \/><\/div><figcaption class=\"wp-caption-text gallery-caption\" id=\"gallery-2-95721\">Gucci Horsebit 1955<\/figcaption><\/figure><\/div><\/div>\n<h5><em>*IM\u00c1GENES: Cortes\u00eda Gucci<\/em><\/h5>\n","protected":false},"author":28953,"featured_media":95795,"template":"","format":"standard","categories":[4],"acf":[],"yoast_head":"<!-- This site is optimized with the Yoast SEO Premium plugin v18.5 (Yoast SEO v20.4) - https:\/\/yoast.com\/wordpress\/plugins\/seo\/ -->\n<title>Gucci Beloved Lines, el bolso que celebra los 100 a\u00f1os de Gucci | Grazia M\u00e9xico y Latinoam\u00e9rica<\/title>\n<meta name=\"description\" content=\"Gucci Beloved Lines, una \u00a0l\u00ednea de 4 estilos dirigidos por el dise\u00f1ador Alessandro Michele, inspirado en la contemporaneidad de los registros pasados.\" \/>\n<meta name=\"robots\" content=\"index, follow, max-snippet:-1, max-image-preview:large, max-video-preview:-1\" \/>\n<link rel=\"canonical\" href=\"https:\/\/graziamagazine.com\/mx\/articles\/gucci-beloved-lines-el-bolso-que-celebra-los-100-anos-de-gucci\/\" \/>\n<meta property=\"og:locale\" content=\"es_MX\" \/>\n<meta property=\"og:type\" content=\"article\" \/>\n<meta property=\"og:title\" content=\"Gucci Beloved Lines, el bolso que celebra los 100 a\u00f1os de Gucci\" \/>\n<meta property=\"og:description\" content=\"Gucci Beloved Lines, una \u00a0l\u00ednea de 4 estilos dirigidos por el dise\u00f1ador Alessandro Michele, inspirado en la contemporaneidad de los registros pasados.\" \/>\n<meta property=\"og:url\" content=\"https:\/\/graziamagazine.com\/mx\/articles\/gucci-beloved-lines-el-bolso-que-celebra-los-100-anos-de-gucci\/\" \/>\n<meta property=\"og:site_name\" content=\"Grazia M\u00e9xico y Latinoam\u00e9rica\" \/>\n<meta property=\"article:modified_time\" content=\"2021-04-20T15:47:46+00:00\" \/>\n<meta property=\"og:image\" content=\"https:\/\/graziamagazine.com\/mx\/wp-content\/uploads\/sites\/13\/2021\/04\/Captura-de-pantalla-2021-04-20-a-las-10.01.45.png?fit=2098%2C1334\" \/>\n\t<meta property=\"og:image:width\" content=\"2098\" \/>\n\t<meta property=\"og:image:height\" content=\"1334\" \/>\n\t<meta property=\"og:image:type\" content=\"image\/png\" \/>\n<meta name=\"twitter:card\" content=\"summary_large_image\" \/>\n<meta name=\"twitter:label1\" content=\"Est. reading time\" \/>\n\t<meta name=\"twitter:data1\" content=\"3 minutos\" \/>\n<script type=\"application\/ld+json\" class=\"yoast-schema-graph\">{\"@context\":\"https:\/\/schema.org\",\"@graph\":[{\"@type\":\"WebPage\",\"@id\":\"https:\/\/graziamagazine.com\/mx\/articles\/gucci-beloved-lines-el-bolso-que-celebra-los-100-anos-de-gucci\/\",\"url\":\"https:\/\/graziamagazine.com\/mx\/articles\/gucci-beloved-lines-el-bolso-que-celebra-los-100-anos-de-gucci\/\",\"name\":\"Gucci Beloved Lines, el bolso que celebra los 100 a\u00f1os de Gucci | Grazia M\u00e9xico y Latinoam\u00e9rica\",\"isPartOf\":{\"@id\":\"https:\/\/graziamagazine.com\/mx\/#website\"},\"datePublished\":\"2021-04-20T15:00:42+00:00\",\"dateModified\":\"2021-04-20T15:47:46+00:00\",\"description\":\"Gucci Beloved Lines, una \u00a0l\u00ednea de 4 estilos dirigidos por el dise\u00f1ador Alessandro Michele, inspirado en la contemporaneidad de los registros pasados.\",\"breadcrumb\":{\"@id\":\"https:\/\/graziamagazine.com\/mx\/articles\/gucci-beloved-lines-el-bolso-que-celebra-los-100-anos-de-gucci\/#breadcrumb\"},\"inLanguage\":\"es-MX\",\"potentialAction\":[{\"@type\":\"ReadAction\",\"target\":[\"https:\/\/graziamagazine.com\/mx\/articles\/gucci-beloved-lines-el-bolso-que-celebra-los-100-anos-de-gucci\/\"]}]},{\"@type\":\"BreadcrumbList\",\"@id\":\"https:\/\/graziamagazine.com\/mx\/articles\/gucci-beloved-lines-el-bolso-que-celebra-los-100-anos-de-gucci\/#breadcrumb\",\"itemListElement\":[{\"@type\":\"ListItem\",\"position\":1,\"name\":\"Home\",\"item\":\"https:\/\/graziamagazine.com\/mx\/\"},{\"@type\":\"ListItem\",\"position\":2,\"name\":\"Gucci Beloved Lines, el bolso que celebra los 100 a\u00f1os de Gucci\"}]},{\"@type\":\"WebSite\",\"@id\":\"https:\/\/graziamagazine.com\/mx\/#website\",\"url\":\"https:\/\/graziamagazine.com\/mx\/\",\"name\":\"Grazia M\u00e9xico y Latinoam\u00e9rica\",\"description\":\"Grazia es moda, belleza y noticias  de actualidad \",\"potentialAction\":[{\"@type\":\"SearchAction\",\"target\":{\"@type\":\"EntryPoint\",\"urlTemplate\":\"https:\/\/graziamagazine.com\/mx\/?s={search_term_string}\"},\"query-input\":\"required name=search_term_string\"}],\"inLanguage\":\"es-MX\"}]}<\/script>\n<!-- \/ Yoast SEO Premium plugin. -->","yoast_head_json":{"title":"Gucci Beloved Lines, el bolso que celebra los 100 a\u00f1os de Gucci | Grazia M\u00e9xico y Latinoam\u00e9rica","description":"Gucci Beloved Lines, una \u00a0l\u00ednea de 4 estilos dirigidos por el dise\u00f1ador Alessandro Michele, inspirado en la contemporaneidad de los registros pasados.","robots":{"index":"index","follow":"follow","max-snippet":"max-snippet:-1","max-image-preview":"max-image-preview:large","max-video-preview":"max-video-preview:-1"},"canonical":"https:\/\/graziamagazine.com\/mx\/articles\/gucci-beloved-lines-el-bolso-que-celebra-los-100-anos-de-gucci\/","og_locale":"es_MX","og_type":"article","og_title":"Gucci Beloved Lines, el bolso que celebra los 100 a\u00f1os de Gucci","og_description":"Gucci Beloved Lines, una \u00a0l\u00ednea de 4 estilos dirigidos por el dise\u00f1ador Alessandro Michele, inspirado en la contemporaneidad de los registros pasados.","og_url":"https:\/\/graziamagazine.com\/mx\/articles\/gucci-beloved-lines-el-bolso-que-celebra-los-100-anos-de-gucci\/","og_site_name":"Grazia M\u00e9xico y Latinoam\u00e9rica","article_modified_time":"2021-04-20T15:47:46+00:00","og_image":[{"width":2098,"height":1334,"url":"https:\/\/graziamagazine.com\/mx\/wp-content\/uploads\/sites\/13\/2021\/04\/Captura-de-pantalla-2021-04-20-a-las-10.01.45.png?fit=2098%2C1334","type":"image\/png"}],"twitter_card":"summary_large_image","twitter_misc":{"Est. reading time":"3 minutos"},"schema":{"@context":"https:\/\/schema.org","@graph":[{"@type":"WebPage","@id":"https:\/\/graziamagazine.com\/mx\/articles\/gucci-beloved-lines-el-bolso-que-celebra-los-100-anos-de-gucci\/","url":"https:\/\/graziamagazine.com\/mx\/articles\/gucci-beloved-lines-el-bolso-que-celebra-los-100-anos-de-gucci\/","name":"Gucci Beloved Lines, el bolso que celebra los 100 a\u00f1os de Gucci | Grazia M\u00e9xico y Latinoam\u00e9rica","isPartOf":{"@id":"https:\/\/graziamagazine.com\/mx\/#website"},"datePublished":"2021-04-20T15:00:42+00:00","dateModified":"2021-04-20T15:47:46+00:00","description":"Gucci Beloved Lines, una \u00a0l\u00ednea de 4 estilos dirigidos por el dise\u00f1ador Alessandro Michele, inspirado en la contemporaneidad de los registros pasados.","breadcrumb":{"@id":"https:\/\/graziamagazine.com\/mx\/articles\/gucci-beloved-lines-el-bolso-que-celebra-los-100-anos-de-gucci\/#breadcrumb"},"inLanguage":"es-MX","potentialAction":[{"@type":"ReadAction","target":["https:\/\/graziamagazine.com\/mx\/articles\/gucci-beloved-lines-el-bolso-que-celebra-los-100-anos-de-gucci\/"]}]},{"@type":"BreadcrumbList","@id":"https:\/\/graziamagazine.com\/mx\/articles\/gucci-beloved-lines-el-bolso-que-celebra-los-100-anos-de-gucci\/#breadcrumb","itemListElement":[{"@type":"ListItem","position":1,"name":"Home","item":"https:\/\/graziamagazine.com\/mx\/"},{"@type":"ListItem","position":2,"name":"Gucci Beloved Lines, el bolso que celebra los 100 a\u00f1os de Gucci"}]},{"@type":"WebSite","@id":"https:\/\/graziamagazine.com\/mx\/#website","url":"https:\/\/graziamagazine.com\/mx\/","name":"Grazia M\u00e9xico y Latinoam\u00e9rica","description":"Grazia es moda, belleza y noticias  de actualidad ","potentialAction":[{"@type":"SearchAction","target":{"@type":"EntryPoint","urlTemplate":"https:\/\/graziamagazine.com\/mx\/?s={search_term_string}"},"query-input":"required name=search_term_string"}],"inLanguage":"es-MX"}]}},"jetpack_sharing_enabled":true,"distributor_meta":false,"distributor_terms":false,"distributor_media":false,"distributor_original_site_name":"Grazia M\u00e9xico y Latinoam\u00e9rica","distributor_original_site_url":"https:\/\/graziamagazine.com\/mx","push-errors":false,"_links":{"self":[{"href":"https:\/\/graziamagazine.com\/mx\/wp-json\/wp\/v2\/articles\/95559"}],"collection":[{"href":"https:\/\/graziamagazine.com\/mx\/wp-json\/wp\/v2\/articles"}],"about":[{"href":"https:\/\/graziamagazine.com\/mx\/wp-json\/wp\/v2\/types\/articles"}],"author":[{"embeddable":true,"href":"https:\/\/graziamagazine.com\/mx\/wp-json\/wp\/v2\/users\/28953"}],"wp:featuredmedia":[{"embeddable":true,"href":"https:\/\/graziamagazine.com\/mx\/wp-json\/wp\/v2\/media\/95795"}],"wp:attachment":[{"href":"https:\/\/graziamagazine.com\/mx\/wp-json\/wp\/v2\/media?parent=95559"}],"wp:term":[{"taxonomy":"category","embeddable":true,"href":"https:\/\/graziamagazine.com\/mx\/wp-json\/wp\/v2\/categories?post=95559"}],"curies":[{"name":"wp","href":"https:\/\/api.w.org\/{rel}","templated":true}]}}