{"id":95353,"date":"2021-04-12T08:15:57","date_gmt":"2021-04-12T13:15:57","guid":{"rendered":"https:\/\/graziamagazine.com\/mx\/?post_type=articles&#038;p=95353"},"modified":"2021-04-12T00:02:13","modified_gmt":"2021-04-12T05:02:13","slug":"converse-x-comme-des-garcons-el-clasico-duo-del-streetstyle-regresa-con-un-nuevo-diseno","status":"publish","type":"articles","link":"https:\/\/graziamagazine.com\/mx\/articles\/converse-x-comme-des-garcons-el-clasico-duo-del-streetstyle-regresa-con-un-nuevo-diseno\/","title":{"rendered":"Converse x Comme des Gar\u00e7ons: El cl\u00e1sico d\u00fao del streetstyle regresa con un nuevo dise\u00f1o"},"content":{"rendered":"<p><span style=\"font-weight: 400\">La d\u00e9cada del 2010 trajo al mundo de la moda ic\u00f3nicas creaciones que marcaron al <\/span><i><span style=\"font-weight: 400\">streetstyle, <\/span><\/i><span style=\"font-weight: 400\">pero definitivamente, la colaboraci\u00f3n del 2009 entre <\/span><b>Converse<\/b><span style=\"font-weight: 400\"> y <\/span><b>Comme des Gar\u00e7ons Play <\/b><span style=\"font-weight: 400\">en los Chuck Taylor All Star fue un <\/span><i><span style=\"font-weight: 400\">boom <\/span><\/i><span style=\"font-weight: 400\">que influenci\u00f3 completamente el calzado casual que hoy conocemos y tanto amamos.\u00a0<\/span><\/p>\n<p><span style=\"font-weight: 400\">Despu\u00e9s de m\u00e1s de 10 a\u00f1os, la firma <\/span><b>japonesa<\/b><span style=\"font-weight: 400\"> colabora una vez m\u00e1s con la cl\u00e1sica del basquetbol <\/span><b>estadounidense<\/b><span style=\"font-weight: 400\">, ahora en otra silueta consentida de la marca: los <\/span><i><span style=\"font-weight: 400\">Jack Purcell.<\/span><\/i><span style=\"font-weight: 400\"> Inicialmente creados bajo la inspiraci\u00f3n del <\/span><b>b\u00e1dminton, <\/b><span style=\"font-weight: 400\">su caracter\u00edstica punta de goma los convierten en un <\/span><i><span style=\"font-weight: 400\">must-have <\/span><\/i><span style=\"font-weight: 400\">definitivo.<\/span><\/p>\n<p><img loading=\"lazy\" decoding=\"async\" class=\"alignnone wp-image-95354\" src=\"https:\/\/graziamagazine.com\/mx\/wp-content\/uploads\/sites\/13\/2021\/04\/CONVERSE-X-CDG-NEGRO.jpeg?w=450\" alt=\"\" width=\"492\" height=\"410\" \/><\/p>\n<h3><strong>CONVERSE X COMME DE GAR<i>\u00c7ONS PLAY JACK PURCELL, NEGRO<\/i><\/strong><\/h3>\n<p><span style=\"font-weight: 400\">El <\/span><i><span style=\"font-weight: 400\">collab <\/span><\/i><span style=\"font-weight: 400\">incluye dos modelos de <strong>lona<\/strong> color <\/span><i><span style=\"font-weight: 400\">silver filigreen, <\/span><\/i><span style=\"font-weight: 400\">que intercambian el coraz\u00f3n de <\/span><b>Comme des Gar\u00e7ons <\/b><span style=\"font-weight: 400\">en negro y rojo por los laterales de los tenis, as\u00ed como una <strong>franja<\/strong> entre capas de la suela que le agrega much\u00edsima personalidad. Complementados con cordones <\/span><i><span style=\"font-weight: 400\">Egret <\/span><\/i><span style=\"font-weight: 400\">y revestidos con un fondo <\/span><i><span style=\"font-weight: 400\">Drizzle, <\/span><\/i><span style=\"font-weight: 400\">los <\/span><i><span style=\"font-weight: 400\">sneakers <\/span><\/i><span style=\"font-weight: 400\">prometen ser de los m\u00e1s <strong>populares<\/strong> de esta d\u00e9cada.<\/span><\/p>\n<p><img loading=\"lazy\" decoding=\"async\" class=\"alignnone wp-image-95355\" src=\"https:\/\/graziamagazine.com\/mx\/wp-content\/uploads\/sites\/13\/2021\/04\/CONVERSE-X-CDG-ROJO.jpeg?w=450\" alt=\"\" width=\"487\" height=\"406\" \/><\/p>\n<p><strong>CONVERSE X COMME DE GAR<i>\u00c7ONS PLAY JACK PURCELL, ROJO<\/i><\/strong><\/p>\n<p><span style=\"font-weight: 400\">Con un costo de 140 d\u00f3lares, ya puedes conseguir <\/span><i><span style=\"font-weight: 400\">Converse x COMME des GAR\u00c7ONS PLAY Jack Purcell <\/span><\/i><span style=\"font-weight: 400\">en la p\u00e1gina web de <\/span><b>Converse, <\/b><span style=\"font-weight: 400\">as\u00ed como en Dover Street Market y tiendas selectas de <\/span><b>Comme des Gar\u00e7ons.<\/b><\/p>\n<p><strong><em>*IM\u00c1GENES: Cortes\u00eda de Converse<\/em><\/strong><\/p>\n","protected":false},"author":28524,"featured_media":95356,"template":"","format":"standard","categories":[4],"acf":[],"yoast_head":"<!-- This site is optimized with the Yoast SEO Premium plugin v18.5 (Yoast SEO v20.4) - https:\/\/yoast.com\/wordpress\/plugins\/seo\/ -->\n<title>Converse x Comme des Gar\u00e7ons: El cl\u00e1sico d\u00fao del streetstyle regresa con un nuevo dise\u00f1o<\/title>\n<meta name=\"description\" content=\"El inconfundible coraz\u00f3n rojo vuelve en los Jack Purcell, uno de los dise\u00f1os m\u00e1s emblem\u00e1ticos de la marca de sneakers por excelencia.\" \/>\n<meta name=\"robots\" content=\"index, follow, max-snippet:-1, max-image-preview:large, max-video-preview:-1\" \/>\n<link rel=\"canonical\" href=\"https:\/\/graziamagazine.com\/mx\/articles\/converse-x-comme-des-garcons-el-clasico-duo-del-streetstyle-regresa-con-un-nuevo-diseno\/\" \/>\n<meta property=\"og:locale\" content=\"es_MX\" \/>\n<meta property=\"og:type\" content=\"article\" \/>\n<meta property=\"og:title\" content=\"Converse x Comme des Gar\u00e7ons: El cl\u00e1sico d\u00fao del streetstyle regresa con un nuevo dise\u00f1o\" \/>\n<meta property=\"og:description\" content=\"El inconfundible coraz\u00f3n rojo vuelve en los Jack Purcell, uno de los dise\u00f1os m\u00e1s emblem\u00e1ticos de la marca de sneakers por excelencia.\" \/>\n<meta property=\"og:url\" content=\"https:\/\/graziamagazine.com\/mx\/articles\/converse-x-comme-des-garcons-el-clasico-duo-del-streetstyle-regresa-con-un-nuevo-diseno\/\" \/>\n<meta property=\"og:site_name\" content=\"Grazia M\u00e9xico y Latinoam\u00e9rica\" \/>\n<meta property=\"article:modified_time\" content=\"2021-04-12T05:02:13+00:00\" \/>\n<meta property=\"og:image\" content=\"https:\/\/graziamagazine.com\/mx\/wp-content\/uploads\/sites\/13\/2021\/04\/CONVERSE-X-CDG.jpeg?fit=2000%2C1250\" \/>\n\t<meta property=\"og:image:width\" content=\"2000\" \/>\n\t<meta property=\"og:image:height\" content=\"1250\" \/>\n\t<meta property=\"og:image:type\" content=\"image\/jpeg\" \/>\n<meta name=\"twitter:card\" content=\"summary_large_image\" \/>\n<meta name=\"twitter:label1\" content=\"Est. reading time\" \/>\n\t<meta name=\"twitter:data1\" content=\"1 minuto\" \/>\n<script type=\"application\/ld+json\" class=\"yoast-schema-graph\">{\"@context\":\"https:\/\/schema.org\",\"@graph\":[{\"@type\":\"WebPage\",\"@id\":\"https:\/\/graziamagazine.com\/mx\/articles\/converse-x-comme-des-garcons-el-clasico-duo-del-streetstyle-regresa-con-un-nuevo-diseno\/\",\"url\":\"https:\/\/graziamagazine.com\/mx\/articles\/converse-x-comme-des-garcons-el-clasico-duo-del-streetstyle-regresa-con-un-nuevo-diseno\/\",\"name\":\"Converse x Comme des Gar\u00e7ons: El cl\u00e1sico d\u00fao del streetstyle regresa con un nuevo dise\u00f1o\",\"isPartOf\":{\"@id\":\"https:\/\/graziamagazine.com\/mx\/#website\"},\"datePublished\":\"2021-04-12T13:15:57+00:00\",\"dateModified\":\"2021-04-12T05:02:13+00:00\",\"description\":\"El inconfundible coraz\u00f3n rojo vuelve en los Jack Purcell, uno de los dise\u00f1os m\u00e1s emblem\u00e1ticos de la marca de sneakers por excelencia.\",\"breadcrumb\":{\"@id\":\"https:\/\/graziamagazine.com\/mx\/articles\/converse-x-comme-des-garcons-el-clasico-duo-del-streetstyle-regresa-con-un-nuevo-diseno\/#breadcrumb\"},\"inLanguage\":\"es-MX\",\"potentialAction\":[{\"@type\":\"ReadAction\",\"target\":[\"https:\/\/graziamagazine.com\/mx\/articles\/converse-x-comme-des-garcons-el-clasico-duo-del-streetstyle-regresa-con-un-nuevo-diseno\/\"]}]},{\"@type\":\"BreadcrumbList\",\"@id\":\"https:\/\/graziamagazine.com\/mx\/articles\/converse-x-comme-des-garcons-el-clasico-duo-del-streetstyle-regresa-con-un-nuevo-diseno\/#breadcrumb\",\"itemListElement\":[{\"@type\":\"ListItem\",\"position\":1,\"name\":\"Home\",\"item\":\"https:\/\/graziamagazine.com\/mx\/\"},{\"@type\":\"ListItem\",\"position\":2,\"name\":\"Converse x Comme des Gar\u00e7ons: El cl\u00e1sico d\u00fao del streetstyle regresa con un nuevo dise\u00f1o\"}]},{\"@type\":\"WebSite\",\"@id\":\"https:\/\/graziamagazine.com\/mx\/#website\",\"url\":\"https:\/\/graziamagazine.com\/mx\/\",\"name\":\"Grazia M\u00e9xico y Latinoam\u00e9rica\",\"description\":\"Grazia es moda, belleza y noticias  de actualidad \",\"potentialAction\":[{\"@type\":\"SearchAction\",\"target\":{\"@type\":\"EntryPoint\",\"urlTemplate\":\"https:\/\/graziamagazine.com\/mx\/?s={search_term_string}\"},\"query-input\":\"required name=search_term_string\"}],\"inLanguage\":\"es-MX\"}]}<\/script>\n<!-- \/ Yoast SEO Premium plugin. -->","yoast_head_json":{"title":"Converse x Comme des Gar\u00e7ons: El cl\u00e1sico d\u00fao del streetstyle regresa con un nuevo dise\u00f1o","description":"El inconfundible coraz\u00f3n rojo vuelve en los Jack Purcell, uno de los dise\u00f1os m\u00e1s emblem\u00e1ticos de la marca de sneakers por excelencia.","robots":{"index":"index","follow":"follow","max-snippet":"max-snippet:-1","max-image-preview":"max-image-preview:large","max-video-preview":"max-video-preview:-1"},"canonical":"https:\/\/graziamagazine.com\/mx\/articles\/converse-x-comme-des-garcons-el-clasico-duo-del-streetstyle-regresa-con-un-nuevo-diseno\/","og_locale":"es_MX","og_type":"article","og_title":"Converse x Comme des Gar\u00e7ons: El cl\u00e1sico d\u00fao del streetstyle regresa con un nuevo dise\u00f1o","og_description":"El inconfundible coraz\u00f3n rojo vuelve en los Jack Purcell, uno de los dise\u00f1os m\u00e1s emblem\u00e1ticos de la marca de sneakers por excelencia.","og_url":"https:\/\/graziamagazine.com\/mx\/articles\/converse-x-comme-des-garcons-el-clasico-duo-del-streetstyle-regresa-con-un-nuevo-diseno\/","og_site_name":"Grazia M\u00e9xico y Latinoam\u00e9rica","article_modified_time":"2021-04-12T05:02:13+00:00","og_image":[{"width":2000,"height":1250,"url":"https:\/\/graziamagazine.com\/mx\/wp-content\/uploads\/sites\/13\/2021\/04\/CONVERSE-X-CDG.jpeg?fit=2000%2C1250","type":"image\/jpeg"}],"twitter_card":"summary_large_image","twitter_misc":{"Est. reading time":"1 minuto"},"schema":{"@context":"https:\/\/schema.org","@graph":[{"@type":"WebPage","@id":"https:\/\/graziamagazine.com\/mx\/articles\/converse-x-comme-des-garcons-el-clasico-duo-del-streetstyle-regresa-con-un-nuevo-diseno\/","url":"https:\/\/graziamagazine.com\/mx\/articles\/converse-x-comme-des-garcons-el-clasico-duo-del-streetstyle-regresa-con-un-nuevo-diseno\/","name":"Converse x Comme des Gar\u00e7ons: El cl\u00e1sico d\u00fao del streetstyle regresa con un nuevo dise\u00f1o","isPartOf":{"@id":"https:\/\/graziamagazine.com\/mx\/#website"},"datePublished":"2021-04-12T13:15:57+00:00","dateModified":"2021-04-12T05:02:13+00:00","description":"El inconfundible coraz\u00f3n rojo vuelve en los Jack Purcell, uno de los dise\u00f1os m\u00e1s emblem\u00e1ticos de la marca de sneakers por excelencia.","breadcrumb":{"@id":"https:\/\/graziamagazine.com\/mx\/articles\/converse-x-comme-des-garcons-el-clasico-duo-del-streetstyle-regresa-con-un-nuevo-diseno\/#breadcrumb"},"inLanguage":"es-MX","potentialAction":[{"@type":"ReadAction","target":["https:\/\/graziamagazine.com\/mx\/articles\/converse-x-comme-des-garcons-el-clasico-duo-del-streetstyle-regresa-con-un-nuevo-diseno\/"]}]},{"@type":"BreadcrumbList","@id":"https:\/\/graziamagazine.com\/mx\/articles\/converse-x-comme-des-garcons-el-clasico-duo-del-streetstyle-regresa-con-un-nuevo-diseno\/#breadcrumb","itemListElement":[{"@type":"ListItem","position":1,"name":"Home","item":"https:\/\/graziamagazine.com\/mx\/"},{"@type":"ListItem","position":2,"name":"Converse x Comme des Gar\u00e7ons: El cl\u00e1sico d\u00fao del streetstyle regresa con un nuevo dise\u00f1o"}]},{"@type":"WebSite","@id":"https:\/\/graziamagazine.com\/mx\/#website","url":"https:\/\/graziamagazine.com\/mx\/","name":"Grazia M\u00e9xico y Latinoam\u00e9rica","description":"Grazia es moda, belleza y noticias  de actualidad ","potentialAction":[{"@type":"SearchAction","target":{"@type":"EntryPoint","urlTemplate":"https:\/\/graziamagazine.com\/mx\/?s={search_term_string}"},"query-input":"required name=search_term_string"}],"inLanguage":"es-MX"}]}},"jetpack_sharing_enabled":true,"distributor_meta":false,"distributor_terms":false,"distributor_media":false,"distributor_original_site_name":"Grazia M\u00e9xico y Latinoam\u00e9rica","distributor_original_site_url":"https:\/\/graziamagazine.com\/mx","push-errors":false,"_links":{"self":[{"href":"https:\/\/graziamagazine.com\/mx\/wp-json\/wp\/v2\/articles\/95353"}],"collection":[{"href":"https:\/\/graziamagazine.com\/mx\/wp-json\/wp\/v2\/articles"}],"about":[{"href":"https:\/\/graziamagazine.com\/mx\/wp-json\/wp\/v2\/types\/articles"}],"author":[{"embeddable":true,"href":"https:\/\/graziamagazine.com\/mx\/wp-json\/wp\/v2\/users\/28524"}],"wp:featuredmedia":[{"embeddable":true,"href":"https:\/\/graziamagazine.com\/mx\/wp-json\/wp\/v2\/media\/95356"}],"wp:attachment":[{"href":"https:\/\/graziamagazine.com\/mx\/wp-json\/wp\/v2\/media?parent=95353"}],"wp:term":[{"taxonomy":"category","embeddable":true,"href":"https:\/\/graziamagazine.com\/mx\/wp-json\/wp\/v2\/categories?post=95353"}],"curies":[{"name":"wp","href":"https:\/\/api.w.org\/{rel}","templated":true}]}}