{"id":95345,"date":"2021-04-07T09:46:53","date_gmt":"2021-04-07T14:46:53","guid":{"rendered":"https:\/\/graziamagazine.com\/mx\/?post_type=articles&#038;p=95345"},"modified":"2021-04-07T09:46:34","modified_gmt":"2021-04-07T14:46:34","slug":"estas-son-las-nuevas-velas-aromaticas-que-no-esperabas-de-zara-home","status":"publish","type":"articles","link":"https:\/\/graziamagazine.com\/mx\/articles\/estas-son-las-nuevas-velas-aromaticas-que-no-esperabas-de-zara-home\/","title":{"rendered":"Estas son las nuevas velas arom\u00e1ticas que no esperabas de Zara Home"},"content":{"rendered":"<p><strong><a href=\"https:\/\/www.zarahome.com\/mx\/\" target=\"_blank\" rel=\"noopener\" target=\"_blank\">Zara Home<\/a> <\/strong>se caracteriza por su gran variedad de <strong>accesorios hogare\u00f1os<\/strong>, perfectos para cualquier estilo y cualquier espacio. Pero en esta ocasi\u00f3n se ha ido al siguiente nivel, lanzando una nueva l\u00ednea velas arom\u00e1ticas de las que vas a enamorarte.<\/p>\n<p>La firma ha <strong>evolucionado en el mundo de las fragancias<\/strong>, d\u00e1ndonos los aromas m\u00e1s originales que te har\u00e1n querer experimentar con el ambiente de tu hogar. Entre la colecci\u00f3n, podr\u00e1s encontrar una vela de<a href=\"https:\/\/www.zarahome.com\/mx\/(250-g)-vela-arom%C3%A1tica-betterave-c0p302159576.html?colorId=654&amp;srch=true\" target=\"_blank\" rel=\"noopener\" target=\"_blank\"> remolacha<\/a>, de &#8220;aroma extravagante y atrevido&#8221;, se lee en la descripci\u00f3n de Zara Home. Esto gracias al toque agridulce de la ra\u00edz de remolacha, sus hojas y el car\u00e1cter del pachul\u00ed. Su precio es de <strong>$559.00 pesos mexicanos<\/strong> y se trata de una vela de cera <strong>100% vegetal<\/strong> con \u00a0una duraci\u00f3n aproximada de 50 horas.<\/p>\n<p><img loading=\"lazy\" decoding=\"async\" class=\"alignnone size-medium wp-image-95351\" src=\"https:\/\/graziamagazine.com\/mx\/wp-content\/uploads\/sites\/13\/2021\/04\/1366_2000-1.jpeg?w=363\" alt=\"Estas son las nuevas velas arom\u00e1ticas que no esperabas de Zara Home\" width=\"363\" height=\"450\" \/><\/p>\n<p>Tambi\u00e9n est\u00e1 disponible un<a href=\"https:\/\/www.zarahome.com\/mx\/(250-g)-vela-arom%C3%A1tica-tomato-c0p302159587.html?colorId=114&amp;srch=true\" target=\"_blank\" rel=\"noopener\" target=\"_blank\">\u00a0aroma a tomate<\/a>, con una fragancia que &#8220;te lleva a un paseo por el mercado del centro&#8221;. \u00bfQu\u00e9 mejor que recordar esas caminatas por el mercado en un d\u00eda soleado <em>covid<\/em> <em>free<\/em>?\u00a0Esta vela combina la frescura de las hojas de albahaca junto con la bergamota. El vetiver ofrece su firma \u00fanica, infundiendo la fragancia con facetas amaderadas. Su precio es de <strong>$559.00 pesos mexicanos<\/strong> y tiene una duraci\u00f3n aproximada de 140 horas.<\/p>\n<p><img loading=\"lazy\" decoding=\"async\" class=\"alignnone size-medium wp-image-95350\" src=\"https:\/\/graziamagazine.com\/mx\/wp-content\/uploads\/sites\/13\/2021\/04\/1366_2000-2.jpeg?w=363\" alt=\"Estas son las nuevas velas arom\u00e1ticas que no esperabas de Zara Home\" width=\"363\" height=\"450\" \/><\/p>\n<p>Por \u00faltimo, dentro de esta colecci\u00f3n de velas (nada convencionales), est\u00e1 disponible una de cera 100% vegetal con <a href=\"https:\/\/www.zarahome.com\/mx\/(250-g)-vela-arom%C3%A1tica-oregano-c0p302159584.html?colorId=120&amp;srch=true\" target=\"_blank\" rel=\"noopener\" target=\"_blank\">fragancia a or\u00e9gano<\/a>, un aroma mezclado con la esencia chispeante de la bergamota de Calabria y la nobleza amaderada de la madera de cedro. Su precio es de <strong>$559.00 pesos mexicanos<\/strong> y tiene una duraci\u00f3n aproximada de 50 horas.<\/p>\n<p><img loading=\"lazy\" decoding=\"async\" class=\"alignnone size-medium wp-image-95349\" src=\"https:\/\/graziamagazine.com\/mx\/wp-content\/uploads\/sites\/13\/2021\/04\/1366_2000-3.jpeg?w=363\" alt=\"Estas son las nuevas velas arom\u00e1ticas que no esperabas de Zara Home\" width=\"363\" height=\"450\" \/><\/p>\n<p>Esta colecci\u00f3n arom\u00e1tica la puedes encontrar directamente en su <a href=\"https:\/\/www.zarahome.com\/mx\/fragancias\/productos\/velas-c1020116810.html\" target=\"_blank\" rel=\"noopener\" target=\"_blank\"><strong>p\u00e1gina web<\/strong><\/a> o en tiendas f\u00edsicas. \u00bfLas comprar\u00edas o eres m\u00e1s de aromas cl\u00e1sicos?<\/p>\n<h5><em>*IM\u00c1GENES: Zara Home<\/em><\/h5>\n","protected":false},"author":27779,"featured_media":95374,"template":"","format":"standard","categories":[9864],"acf":[],"yoast_head":"<!-- This site is optimized with the Yoast SEO Premium plugin v18.5 (Yoast SEO v20.4) - https:\/\/yoast.com\/wordpress\/plugins\/seo\/ -->\n<title>Estas son las nuevas velas arom\u00e1ticas que no esperabas de Zara Home | Grazia M\u00e9xico y Latinoam\u00e9rica<\/title>\n<meta name=\"description\" content=\"Con aromas como tomate, or\u00e9gano o remolacha, estas fragancias sin duda son una innovaci\u00f3n (y controversia) en la industria. \u00bfTe atreves a probarlas?\" \/>\n<meta name=\"robots\" content=\"index, follow, max-snippet:-1, max-image-preview:large, max-video-preview:-1\" \/>\n<link rel=\"canonical\" href=\"https:\/\/graziamagazine.com\/mx\/articles\/estas-son-las-nuevas-velas-aromaticas-que-no-esperabas-de-zara-home\/\" \/>\n<meta property=\"og:locale\" content=\"es_MX\" \/>\n<meta property=\"og:type\" content=\"article\" \/>\n<meta property=\"og:title\" content=\"Estas son las nuevas velas arom\u00e1ticas que no esperabas de Zara Home\" \/>\n<meta property=\"og:description\" content=\"Con aromas como tomate, or\u00e9gano o remolacha, estas fragancias sin duda son una innovaci\u00f3n (y controversia) en la industria. \u00bfTe atreves a probarlas?\" \/>\n<meta property=\"og:url\" content=\"https:\/\/graziamagazine.com\/mx\/articles\/estas-son-las-nuevas-velas-aromaticas-que-no-esperabas-de-zara-home\/\" \/>\n<meta property=\"og:site_name\" content=\"Grazia M\u00e9xico y Latinoam\u00e9rica\" \/>\n<meta property=\"article:modified_time\" content=\"2021-04-07T14:46:34+00:00\" \/>\n<meta property=\"og:image\" content=\"https:\/\/graziamagazine.com\/mx\/wp-content\/uploads\/sites\/13\/2021\/04\/1366_2000.jpeg?fit=1366%2C824\" \/>\n\t<meta property=\"og:image:width\" content=\"1366\" \/>\n\t<meta property=\"og:image:height\" content=\"824\" \/>\n\t<meta property=\"og:image:type\" content=\"image\/jpeg\" \/>\n<meta name=\"twitter:card\" content=\"summary_large_image\" \/>\n<meta name=\"twitter:label1\" content=\"Est. reading time\" \/>\n\t<meta name=\"twitter:data1\" content=\"2 minutos\" \/>\n<script type=\"application\/ld+json\" class=\"yoast-schema-graph\">{\"@context\":\"https:\/\/schema.org\",\"@graph\":[{\"@type\":\"WebPage\",\"@id\":\"https:\/\/graziamagazine.com\/mx\/articles\/estas-son-las-nuevas-velas-aromaticas-que-no-esperabas-de-zara-home\/\",\"url\":\"https:\/\/graziamagazine.com\/mx\/articles\/estas-son-las-nuevas-velas-aromaticas-que-no-esperabas-de-zara-home\/\",\"name\":\"Estas son las nuevas velas arom\u00e1ticas que no esperabas de Zara Home | Grazia M\u00e9xico y Latinoam\u00e9rica\",\"isPartOf\":{\"@id\":\"https:\/\/graziamagazine.com\/mx\/#website\"},\"datePublished\":\"2021-04-07T14:46:53+00:00\",\"dateModified\":\"2021-04-07T14:46:34+00:00\",\"description\":\"Con aromas como tomate, or\u00e9gano o remolacha, estas fragancias sin duda son una innovaci\u00f3n (y controversia) en la industria. \u00bfTe atreves a probarlas?\",\"breadcrumb\":{\"@id\":\"https:\/\/graziamagazine.com\/mx\/articles\/estas-son-las-nuevas-velas-aromaticas-que-no-esperabas-de-zara-home\/#breadcrumb\"},\"inLanguage\":\"es-MX\",\"potentialAction\":[{\"@type\":\"ReadAction\",\"target\":[\"https:\/\/graziamagazine.com\/mx\/articles\/estas-son-las-nuevas-velas-aromaticas-que-no-esperabas-de-zara-home\/\"]}]},{\"@type\":\"BreadcrumbList\",\"@id\":\"https:\/\/graziamagazine.com\/mx\/articles\/estas-son-las-nuevas-velas-aromaticas-que-no-esperabas-de-zara-home\/#breadcrumb\",\"itemListElement\":[{\"@type\":\"ListItem\",\"position\":1,\"name\":\"Home\",\"item\":\"https:\/\/graziamagazine.com\/mx\/\"},{\"@type\":\"ListItem\",\"position\":2,\"name\":\"Estas son las nuevas velas arom\u00e1ticas que no esperabas de Zara Home\"}]},{\"@type\":\"WebSite\",\"@id\":\"https:\/\/graziamagazine.com\/mx\/#website\",\"url\":\"https:\/\/graziamagazine.com\/mx\/\",\"name\":\"Grazia M\u00e9xico y Latinoam\u00e9rica\",\"description\":\"Grazia es moda, belleza y noticias  de actualidad \",\"potentialAction\":[{\"@type\":\"SearchAction\",\"target\":{\"@type\":\"EntryPoint\",\"urlTemplate\":\"https:\/\/graziamagazine.com\/mx\/?s={search_term_string}\"},\"query-input\":\"required name=search_term_string\"}],\"inLanguage\":\"es-MX\"}]}<\/script>\n<!-- \/ Yoast SEO Premium plugin. -->","yoast_head_json":{"title":"Estas son las nuevas velas arom\u00e1ticas que no esperabas de Zara Home | Grazia M\u00e9xico y Latinoam\u00e9rica","description":"Con aromas como tomate, or\u00e9gano o remolacha, estas fragancias sin duda son una innovaci\u00f3n (y controversia) en la industria. \u00bfTe atreves a probarlas?","robots":{"index":"index","follow":"follow","max-snippet":"max-snippet:-1","max-image-preview":"max-image-preview:large","max-video-preview":"max-video-preview:-1"},"canonical":"https:\/\/graziamagazine.com\/mx\/articles\/estas-son-las-nuevas-velas-aromaticas-que-no-esperabas-de-zara-home\/","og_locale":"es_MX","og_type":"article","og_title":"Estas son las nuevas velas arom\u00e1ticas que no esperabas de Zara Home","og_description":"Con aromas como tomate, or\u00e9gano o remolacha, estas fragancias sin duda son una innovaci\u00f3n (y controversia) en la industria. \u00bfTe atreves a probarlas?","og_url":"https:\/\/graziamagazine.com\/mx\/articles\/estas-son-las-nuevas-velas-aromaticas-que-no-esperabas-de-zara-home\/","og_site_name":"Grazia M\u00e9xico y Latinoam\u00e9rica","article_modified_time":"2021-04-07T14:46:34+00:00","og_image":[{"width":1366,"height":824,"url":"https:\/\/graziamagazine.com\/mx\/wp-content\/uploads\/sites\/13\/2021\/04\/1366_2000.jpeg?fit=1366%2C824","type":"image\/jpeg"}],"twitter_card":"summary_large_image","twitter_misc":{"Est. reading time":"2 minutos"},"schema":{"@context":"https:\/\/schema.org","@graph":[{"@type":"WebPage","@id":"https:\/\/graziamagazine.com\/mx\/articles\/estas-son-las-nuevas-velas-aromaticas-que-no-esperabas-de-zara-home\/","url":"https:\/\/graziamagazine.com\/mx\/articles\/estas-son-las-nuevas-velas-aromaticas-que-no-esperabas-de-zara-home\/","name":"Estas son las nuevas velas arom\u00e1ticas que no esperabas de Zara Home | Grazia M\u00e9xico y Latinoam\u00e9rica","isPartOf":{"@id":"https:\/\/graziamagazine.com\/mx\/#website"},"datePublished":"2021-04-07T14:46:53+00:00","dateModified":"2021-04-07T14:46:34+00:00","description":"Con aromas como tomate, or\u00e9gano o remolacha, estas fragancias sin duda son una innovaci\u00f3n (y controversia) en la industria. \u00bfTe atreves a probarlas?","breadcrumb":{"@id":"https:\/\/graziamagazine.com\/mx\/articles\/estas-son-las-nuevas-velas-aromaticas-que-no-esperabas-de-zara-home\/#breadcrumb"},"inLanguage":"es-MX","potentialAction":[{"@type":"ReadAction","target":["https:\/\/graziamagazine.com\/mx\/articles\/estas-son-las-nuevas-velas-aromaticas-que-no-esperabas-de-zara-home\/"]}]},{"@type":"BreadcrumbList","@id":"https:\/\/graziamagazine.com\/mx\/articles\/estas-son-las-nuevas-velas-aromaticas-que-no-esperabas-de-zara-home\/#breadcrumb","itemListElement":[{"@type":"ListItem","position":1,"name":"Home","item":"https:\/\/graziamagazine.com\/mx\/"},{"@type":"ListItem","position":2,"name":"Estas son las nuevas velas arom\u00e1ticas que no esperabas de Zara Home"}]},{"@type":"WebSite","@id":"https:\/\/graziamagazine.com\/mx\/#website","url":"https:\/\/graziamagazine.com\/mx\/","name":"Grazia M\u00e9xico y Latinoam\u00e9rica","description":"Grazia es moda, belleza y noticias  de actualidad ","potentialAction":[{"@type":"SearchAction","target":{"@type":"EntryPoint","urlTemplate":"https:\/\/graziamagazine.com\/mx\/?s={search_term_string}"},"query-input":"required name=search_term_string"}],"inLanguage":"es-MX"}]}},"jetpack_sharing_enabled":true,"distributor_meta":false,"distributor_terms":false,"distributor_media":false,"distributor_original_site_name":"Grazia M\u00e9xico y Latinoam\u00e9rica","distributor_original_site_url":"https:\/\/graziamagazine.com\/mx","push-errors":false,"_links":{"self":[{"href":"https:\/\/graziamagazine.com\/mx\/wp-json\/wp\/v2\/articles\/95345"}],"collection":[{"href":"https:\/\/graziamagazine.com\/mx\/wp-json\/wp\/v2\/articles"}],"about":[{"href":"https:\/\/graziamagazine.com\/mx\/wp-json\/wp\/v2\/types\/articles"}],"author":[{"embeddable":true,"href":"https:\/\/graziamagazine.com\/mx\/wp-json\/wp\/v2\/users\/27779"}],"wp:featuredmedia":[{"embeddable":true,"href":"https:\/\/graziamagazine.com\/mx\/wp-json\/wp\/v2\/media\/95374"}],"wp:attachment":[{"href":"https:\/\/graziamagazine.com\/mx\/wp-json\/wp\/v2\/media?parent=95345"}],"wp:term":[{"taxonomy":"category","embeddable":true,"href":"https:\/\/graziamagazine.com\/mx\/wp-json\/wp\/v2\/categories?post=95345"}],"curies":[{"name":"wp","href":"https:\/\/api.w.org\/{rel}","templated":true}]}}