{"id":95314,"date":"2021-04-05T07:17:00","date_gmt":"2021-04-05T12:17:00","guid":{"rendered":"https:\/\/graziamagazine.com\/mx\/?post_type=articles&#038;p=95314"},"modified":"2021-04-14T11:30:48","modified_gmt":"2021-04-14T16:30:48","slug":"95314","status":"publish","type":"articles","link":"https:\/\/graziamagazine.com\/mx\/articles\/95314\/","title":{"rendered":"Enam\u00f3rate de las nuevas propuestas de moda para la primavera"},"content":{"rendered":"<div class=\"page\" title=\"Page 1\">\n<div class=\"section\">\n<div class=\"layoutArea\">\n<div class=\"column\">\n<p>Amarillos, azules, rosas y por supuesto <em>camels<\/em> son parte del aco\u00edris de <strong>Max Mara y Sportmax<\/strong> para la estaci\u00f3n. \u00a1Enam\u00f3rate de ellos!<\/p>\n<div class=\"content-gallery\"><div class=\"gallery-placeholder\"><div class=\"spinner\"><\/div><\/div><span class=\"gallery-pagination\"><\/span><div id=\"gallery-1\" class=\"gallery galleryid-95314 gallery-columns- gallery-size-\"><figure class=\"gallery-item grazia-gallery-show-text\"><div class=\"gallery-icon landscape\"><img loading=\"lazy\" decoding=\"async\" width=\"1000\" height=\"1250\" src=\"https:\/\/graziamagazine.com\/mx\/wp-content\/uploads\/sites\/13\/2021\/04\/DSC_1474.jpg\" class=\"lazy\" alt=\"Enam\u00f3rate de las nuevas propuestas de moda para la primavera\" \/><\/div><div class=\"grazia-gallery-text\"><div class=\"page\" title=\"Page 2\">\n<div class=\"section\">\n<div class=\"layoutArea\">\n<div class=\"column\">\n<p>SUN VIBES<\/p>\n<p>EL AMARILLO ES OBLIGADO PARA RECIBIR EL SOL.<\/p>\n<p>Sue\u0301ter en tejido de punto y falda en seda, <strong>Sportmax<\/strong>.<\/p>\n<\/div>\n<\/div>\n<\/div>\n<\/div>\n<\/div><\/figure><figure class=\"gallery-item grazia-gallery-show-text\"><div class=\"gallery-icon landscape\"><img loading=\"lazy\" decoding=\"async\" width=\"1000\" height=\"1250\" src=\"https:\/\/graziamagazine.com\/mx\/wp-content\/uploads\/sites\/13\/2021\/04\/DSC_1380.jpg\" class=\"lazy\" alt=\"Enam\u00f3rate de las nuevas propuestas de moda para la primavera\" \/><\/div><div class=\"grazia-gallery-text\"><div class=\"page\" title=\"Page 3\">\n<div class=\"layoutArea\">\n<div class=\"column\">\n<p>PRINTING FLOWERS<\/p>\n<p>ESTAMPADOS SUTILES TE ACERCAN AL JARDI\u0301N DE TUS SUEN\u0303OS.<\/p>\n<p>Vestido, <strong>Max Mara<\/strong>.<\/p>\n<\/div>\n<\/div>\n<\/div>\n<\/div><\/figure><figure class=\"gallery-item grazia-gallery-show-text\"><div class=\"gallery-icon landscape\"><img loading=\"lazy\" decoding=\"async\" width=\"1000\" height=\"1250\" src=\"https:\/\/graziamagazine.com\/mx\/wp-content\/uploads\/sites\/13\/2021\/04\/DSC_1709.jpg\" class=\"lazy\" alt=\"Enam\u00f3rate de las nuevas propuestas de moda para la primavera\" \/><\/div><div class=\"grazia-gallery-text\"><div class=\"page\" title=\"Page 4\">\n<div class=\"layoutArea\">\n<div class=\"column\">\n<p>EARTH TONES<\/p>\n<p>PALO DE ROSA Y CAMEL SON UN GRAN COMBO, LOS TENIS DARA\u0301N EL TOQUE COOL.<\/p>\n<p>Abrigo, top y pantalo\u0301n, <strong>Max Mara<\/strong>.<\/p>\n<\/div>\n<\/div>\n<\/div>\n<\/div><\/figure><figure class=\"gallery-item grazia-gallery-show-text\"><div class=\"gallery-icon landscape\"><img loading=\"lazy\" decoding=\"async\" width=\"1000\" height=\"800\" src=\"https:\/\/graziamagazine.com\/mx\/wp-content\/uploads\/sites\/13\/2021\/04\/DSC_1957.jpg\" class=\"lazy\" alt=\"Enam\u00f3rate de las nuevas propuestas de moda para la primavera\" \/><\/div><div class=\"grazia-gallery-text\"><div class=\"page\" title=\"Page 5\">\n<div class=\"layoutArea\">\n<div class=\"column\">\n<p>CAMEL FOREVER<\/p>\n<p>ESTE COLOR SE VUELVE MA\u0301S AUDAZ CUANDO SE LLEVA EN UN VESTIDO MINI.<\/p>\n<p>Vestido, <strong>Max Mara<\/strong>.<\/p>\n<\/div>\n<\/div>\n<\/div>\n<\/div><\/figure><figure class=\"gallery-item grazia-gallery-show-text\"><div class=\"gallery-icon landscape\"><img loading=\"lazy\" decoding=\"async\" width=\"1000\" height=\"1251\" src=\"https:\/\/graziamagazine.com\/mx\/wp-content\/uploads\/sites\/13\/2021\/04\/DSC_2106.jpg\" class=\"lazy\" alt=\"Enam\u00f3rate de las nuevas propuestas de moda para la primavera\" \/><\/div><div class=\"grazia-gallery-text\"><div class=\"page\" title=\"Page 7\">\n<div class=\"layoutArea\">\n<div class=\"column\">\n<p>BLUISH<\/p>\n<p>RELAJA LA SOBRIEDAD DE UN TRAJE AL ACOMPAN\u0303ARLO DE UN PULLOVER.<\/p>\n<p>Saco y pantalo\u0301n en seda y sue\u0301ter en tejido de punto, <strong>Max Mara<\/strong>.<\/p>\n<\/div>\n<\/div>\n<\/div>\n<\/div><\/figure><figure class=\"gallery-item grazia-gallery-show-text\"><div class=\"gallery-icon landscape\"><img loading=\"lazy\" decoding=\"async\" width=\"1000\" height=\"1251\" src=\"https:\/\/graziamagazine.com\/mx\/wp-content\/uploads\/sites\/13\/2021\/04\/DSC_1575.jpg\" class=\"lazy\" alt=\"Enam\u00f3rate de las nuevas propuestas de moda para la primavera\" \/><\/div><div class=\"grazia-gallery-text\"><div class=\"page\" title=\"Page 8\">\n<div class=\"layoutArea\">\n<div class=\"column\">\n<p>ALWAYS TEDDY&#8230;<\/p>\n<p>NO DEJES DE ABRAZAR A TU ABRIGO CONSENTIDO.<\/p>\n<p>Abrigo Teddy, pantalo\u0301n, top y clutch, <strong>Max Mara<\/strong>.<\/p>\n<\/div>\n<\/div>\n<\/div>\n<\/div><\/figure><\/div><\/div>\n<div style=\"width: 1920px;\" class=\"wp-video\"><video class=\"wp-video-shortcode\" id=\"video-95314-1\" width=\"1920\" height=\"1080\" preload=\"metadata\" controls=\"controls\"><source type=\"video\/mp4\" src=\"https:\/\/graziamagazine.com\/mx\/wp-content\/uploads\/sites\/13\/2021\/04\/GRAZIA-MaxMaraAbril21.mp4?_=1\" \/><\/video><\/div>\n<div class=\"page\" title=\"Page 8\">\n<div class=\"layoutArea\">\n<div class=\"column\">\n<h5><em>Fotograf\u00edas y video: Khristio<\/em><\/h5>\n<h5><em>Editora de moda: Annie Lask<\/em><\/h5>\n<h5><em>Pelo y Maquillaje: Gustavo Bortolotti<\/em><\/h5>\n<h5><em>Asistente de fotografi\u0301a: Jean Carlo Delgado<\/em><\/h5>\n<h5><em>Arte: Alonso Murillo<\/em><\/h5>\n<h5><em>Modelo: Sam para Queta Rojas<\/em><\/h5>\n<\/div>\n<\/div>\n<\/div>\n<\/div>\n<\/div>\n<\/div>\n<\/div>\n","protected":false},"author":11636,"featured_media":95321,"template":"","format":"standard","categories":[4],"acf":[],"yoast_head":"<!-- This site is optimized with the Yoast SEO Premium plugin v18.5 (Yoast SEO v20.4) - https:\/\/yoast.com\/wordpress\/plugins\/seo\/ -->\n<title>Enam\u00f3rate de las nuevas propuestas de moda para la primavera | Grazia M\u00e9xico y Latinoam\u00e9rica<\/title>\n<meta name=\"description\" content=\"Max Mara y Sportmax tienen las propuestas m\u00e1s coloridas, ligeras y frescas para la temporada. Con\u00f3celas aqu\u00ed con una incre\u00edble historia de moda.\" \/>\n<meta name=\"robots\" content=\"index, follow, max-snippet:-1, max-image-preview:large, max-video-preview:-1\" \/>\n<link rel=\"canonical\" href=\"https:\/\/graziamagazine.com\/mx\/articles\/95314\/\" \/>\n<meta property=\"og:locale\" content=\"es_MX\" \/>\n<meta property=\"og:type\" content=\"article\" \/>\n<meta property=\"og:title\" content=\"Enam\u00f3rate de las nuevas propuestas de moda para la primavera\" \/>\n<meta property=\"og:description\" content=\"Max Mara y Sportmax tienen las propuestas m\u00e1s coloridas, ligeras y frescas para la temporada. Con\u00f3celas aqu\u00ed con una incre\u00edble historia de moda.\" \/>\n<meta property=\"og:url\" content=\"https:\/\/graziamagazine.com\/mx\/articles\/95314\/\" \/>\n<meta property=\"og:site_name\" content=\"Grazia M\u00e9xico y Latinoam\u00e9rica\" \/>\n<meta property=\"article:modified_time\" content=\"2021-04-14T16:30:48+00:00\" \/>\n<meta property=\"og:image\" content=\"https:\/\/graziamagazine.com\/mx\/wp-content\/uploads\/sites\/13\/2021\/04\/DSC_1957.jpg?fit=1000%2C800\" \/>\n\t<meta property=\"og:image:width\" content=\"1000\" \/>\n\t<meta property=\"og:image:height\" content=\"800\" \/>\n\t<meta property=\"og:image:type\" content=\"image\/jpeg\" \/>\n<meta name=\"twitter:card\" content=\"summary_large_image\" \/>\n<script type=\"application\/ld+json\" class=\"yoast-schema-graph\">{\"@context\":\"https:\/\/schema.org\",\"@graph\":[{\"@type\":\"WebPage\",\"@id\":\"https:\/\/graziamagazine.com\/mx\/articles\/95314\/\",\"url\":\"https:\/\/graziamagazine.com\/mx\/articles\/95314\/\",\"name\":\"Enam\u00f3rate de las nuevas propuestas de moda para la primavera | Grazia M\u00e9xico y Latinoam\u00e9rica\",\"isPartOf\":{\"@id\":\"https:\/\/graziamagazine.com\/mx\/#website\"},\"datePublished\":\"2021-04-05T12:17:00+00:00\",\"dateModified\":\"2021-04-14T16:30:48+00:00\",\"description\":\"Max Mara y Sportmax tienen las propuestas m\u00e1s coloridas, ligeras y frescas para la temporada. Con\u00f3celas aqu\u00ed con una incre\u00edble historia de moda.\",\"breadcrumb\":{\"@id\":\"https:\/\/graziamagazine.com\/mx\/articles\/95314\/#breadcrumb\"},\"inLanguage\":\"es-MX\",\"potentialAction\":[{\"@type\":\"ReadAction\",\"target\":[\"https:\/\/graziamagazine.com\/mx\/articles\/95314\/\"]}]},{\"@type\":\"BreadcrumbList\",\"@id\":\"https:\/\/graziamagazine.com\/mx\/articles\/95314\/#breadcrumb\",\"itemListElement\":[{\"@type\":\"ListItem\",\"position\":1,\"name\":\"Home\",\"item\":\"https:\/\/graziamagazine.com\/mx\/\"},{\"@type\":\"ListItem\",\"position\":2,\"name\":\"Enam\u00f3rate de las nuevas propuestas de moda para la primavera\"}]},{\"@type\":\"WebSite\",\"@id\":\"https:\/\/graziamagazine.com\/mx\/#website\",\"url\":\"https:\/\/graziamagazine.com\/mx\/\",\"name\":\"Grazia M\u00e9xico y Latinoam\u00e9rica\",\"description\":\"Grazia es moda, belleza y noticias  de actualidad \",\"potentialAction\":[{\"@type\":\"SearchAction\",\"target\":{\"@type\":\"EntryPoint\",\"urlTemplate\":\"https:\/\/graziamagazine.com\/mx\/?s={search_term_string}\"},\"query-input\":\"required name=search_term_string\"}],\"inLanguage\":\"es-MX\"}]}<\/script>\n<!-- \/ Yoast SEO Premium plugin. -->","yoast_head_json":{"title":"Enam\u00f3rate de las nuevas propuestas de moda para la primavera | Grazia M\u00e9xico y Latinoam\u00e9rica","description":"Max Mara y Sportmax tienen las propuestas m\u00e1s coloridas, ligeras y frescas para la temporada. Con\u00f3celas aqu\u00ed con una incre\u00edble historia de moda.","robots":{"index":"index","follow":"follow","max-snippet":"max-snippet:-1","max-image-preview":"max-image-preview:large","max-video-preview":"max-video-preview:-1"},"canonical":"https:\/\/graziamagazine.com\/mx\/articles\/95314\/","og_locale":"es_MX","og_type":"article","og_title":"Enam\u00f3rate de las nuevas propuestas de moda para la primavera","og_description":"Max Mara y Sportmax tienen las propuestas m\u00e1s coloridas, ligeras y frescas para la temporada. Con\u00f3celas aqu\u00ed con una incre\u00edble historia de moda.","og_url":"https:\/\/graziamagazine.com\/mx\/articles\/95314\/","og_site_name":"Grazia M\u00e9xico y Latinoam\u00e9rica","article_modified_time":"2021-04-14T16:30:48+00:00","og_image":[{"width":1000,"height":800,"url":"https:\/\/graziamagazine.com\/mx\/wp-content\/uploads\/sites\/13\/2021\/04\/DSC_1957.jpg?fit=1000%2C800","type":"image\/jpeg"}],"twitter_card":"summary_large_image","schema":{"@context":"https:\/\/schema.org","@graph":[{"@type":"WebPage","@id":"https:\/\/graziamagazine.com\/mx\/articles\/95314\/","url":"https:\/\/graziamagazine.com\/mx\/articles\/95314\/","name":"Enam\u00f3rate de las nuevas propuestas de moda para la primavera | Grazia M\u00e9xico y Latinoam\u00e9rica","isPartOf":{"@id":"https:\/\/graziamagazine.com\/mx\/#website"},"datePublished":"2021-04-05T12:17:00+00:00","dateModified":"2021-04-14T16:30:48+00:00","description":"Max Mara y Sportmax tienen las propuestas m\u00e1s coloridas, ligeras y frescas para la temporada. Con\u00f3celas aqu\u00ed con una incre\u00edble historia de moda.","breadcrumb":{"@id":"https:\/\/graziamagazine.com\/mx\/articles\/95314\/#breadcrumb"},"inLanguage":"es-MX","potentialAction":[{"@type":"ReadAction","target":["https:\/\/graziamagazine.com\/mx\/articles\/95314\/"]}]},{"@type":"BreadcrumbList","@id":"https:\/\/graziamagazine.com\/mx\/articles\/95314\/#breadcrumb","itemListElement":[{"@type":"ListItem","position":1,"name":"Home","item":"https:\/\/graziamagazine.com\/mx\/"},{"@type":"ListItem","position":2,"name":"Enam\u00f3rate de las nuevas propuestas de moda para la primavera"}]},{"@type":"WebSite","@id":"https:\/\/graziamagazine.com\/mx\/#website","url":"https:\/\/graziamagazine.com\/mx\/","name":"Grazia M\u00e9xico y Latinoam\u00e9rica","description":"Grazia es moda, belleza y noticias  de actualidad ","potentialAction":[{"@type":"SearchAction","target":{"@type":"EntryPoint","urlTemplate":"https:\/\/graziamagazine.com\/mx\/?s={search_term_string}"},"query-input":"required name=search_term_string"}],"inLanguage":"es-MX"}]}},"jetpack_sharing_enabled":true,"distributor_meta":false,"distributor_terms":false,"distributor_media":false,"distributor_original_site_name":"Grazia M\u00e9xico y Latinoam\u00e9rica","distributor_original_site_url":"https:\/\/graziamagazine.com\/mx","push-errors":false,"_links":{"self":[{"href":"https:\/\/graziamagazine.com\/mx\/wp-json\/wp\/v2\/articles\/95314"}],"collection":[{"href":"https:\/\/graziamagazine.com\/mx\/wp-json\/wp\/v2\/articles"}],"about":[{"href":"https:\/\/graziamagazine.com\/mx\/wp-json\/wp\/v2\/types\/articles"}],"author":[{"embeddable":true,"href":"https:\/\/graziamagazine.com\/mx\/wp-json\/wp\/v2\/users\/11636"}],"wp:featuredmedia":[{"embeddable":true,"href":"https:\/\/graziamagazine.com\/mx\/wp-json\/wp\/v2\/media\/95321"}],"wp:attachment":[{"href":"https:\/\/graziamagazine.com\/mx\/wp-json\/wp\/v2\/media?parent=95314"}],"wp:term":[{"taxonomy":"category","embeddable":true,"href":"https:\/\/graziamagazine.com\/mx\/wp-json\/wp\/v2\/categories?post=95314"}],"curies":[{"name":"wp","href":"https:\/\/api.w.org\/{rel}","templated":true}]}}