{"id":95282,"date":"2021-04-05T07:00:54","date_gmt":"2021-04-05T12:00:54","guid":{"rendered":"https:\/\/graziamagazine.com\/mx\/?post_type=articles&#038;p=95282"},"modified":"2021-04-05T10:15:26","modified_gmt":"2021-04-05T15:15:26","slug":"dejate-conquistar-por-la-vision-fresca-y-primaveral-de-salvatore-ferragamo-desde-milan","status":"publish","type":"articles","link":"https:\/\/graziamagazine.com\/mx\/articles\/dejate-conquistar-por-la-vision-fresca-y-primaveral-de-salvatore-ferragamo-desde-milan\/","title":{"rendered":"D\u00e9jate conquistar por la visi\u00f3n fresca y primaveral de Salvatore Ferragamo"},"content":{"rendered":"<div class=\"page\" title=\"Page 1\">\n<div class=\"layoutArea\">\n<div class=\"column\">\n<p>La primavera trae consigo puros buenos sentimientos: esperanza, alegr\u00eda y amor. Enam\u00f3rate de las nuevas tendencias que <strong>Salvatore Ferragamo<\/strong> tiene para la nueva estaci\u00f3n.<\/p>\n<\/div>\n<\/div>\n<\/div>\n<div class=\"content-gallery\"><div class=\"gallery-placeholder\"><div class=\"spinner\"><\/div><\/div><span class=\"gallery-pagination\"><\/span><div id=\"gallery-1\" class=\"gallery galleryid-95282 gallery-columns- gallery-size-\"><figure class=\"gallery-item grazia-gallery-show-text\"><div class=\"gallery-icon landscape\"><img loading=\"lazy\" decoding=\"async\" width=\"1000\" height=\"1250\" src=\"https:\/\/graziamagazine.com\/mx\/wp-content\/uploads\/sites\/13\/2021\/04\/GRAZIAFERRAGAMO_04_0294.jpg\" class=\"lazy\" alt=\"D\u00e9jate conquistar por la visi\u00f3n fresca y primaveral de Salvatore Ferragamo desde Mil\u00e1n\" \/><\/div><div class=\"grazia-gallery-text\"><div class=\"page\" title=\"Page 2\">\n<div class=\"layoutArea\">\n<div class=\"column\">\n<p>CAMBIA LA INTENCIO\u0301N DE UNA FALDA RECTA CON UNA NUEVA TEXTURA QUE LA LLENA DE MOVIMIENTO Y&#8230; \u00a1FELICIDAD!<\/p>\n<p>Amerigo: camisa y pantalo\u0301n, <strong>Salvatore Ferragamo<\/strong>.<\/p>\n<p>Anne: crop top, falda tejida y slingbacks Viva, <strong>Salvatore Ferragamo<\/strong>.<\/p>\n<\/div>\n<\/div>\n<\/div>\n<\/div><\/figure><figure class=\"gallery-item grazia-gallery-show-text\"><div class=\"gallery-icon landscape\"><img loading=\"lazy\" decoding=\"async\" width=\"1000\" height=\"667\" src=\"https:\/\/graziamagazine.com\/mx\/wp-content\/uploads\/sites\/13\/2021\/04\/GRAZIAFERRAGAMO_10_0762.jpg\" class=\"lazy\" alt=\"D\u00e9jate conquistar por la visi\u00f3n fresca y primaveral de Salvatore Ferragamo desde Mil\u00e1n\" \/><\/div><div class=\"grazia-gallery-text\"><div class=\"page\" title=\"Page 3\">\n<div class=\"layoutArea\">\n<div class=\"column\">\n<p>CUANDO COMBINAS UN COLOR A\u0301CIDO CON UN TONO TIERRA EL EFECTO WOW ES INSTANTA\u0301NEO.<\/p>\n<p>Gabardina, pantalo\u0301n, camisa en algodo\u0301n, <strong>Salvatore Ferragamo<\/strong>.<\/p>\n<\/div>\n<\/div>\n<\/div>\n<\/div><\/figure><figure class=\"gallery-item grazia-gallery-show-text\"><div class=\"gallery-icon landscape\"><img loading=\"lazy\" decoding=\"async\" width=\"1000\" height=\"1250\" src=\"https:\/\/graziamagazine.com\/mx\/wp-content\/uploads\/sites\/13\/2021\/04\/GRAZIAFERRAGAMO_10_0620.jpg\" class=\"lazy\" alt=\"D\u00e9jate conquistar por la visi\u00f3n fresca y primaveral de Salvatore Ferragamo desde Mil\u00e1n\" \/><\/div><div class=\"grazia-gallery-text\"><div class=\"page\" title=\"Page 5\">\n<div class=\"layoutArea\">\n<div class=\"column\">\n<p>ESTE AMARILLO NOS DA FELICIDAD Y ESTILO.<\/p>\n<p>Anne: gabardina, pantalo\u0301n, camisa en algodo\u0301n, slingbacks Viva y Shoulder Bag, <strong>Salvatore Ferragamo<\/strong>.<\/p>\n<p>Amerigo: sue\u0301ter en tejido de punto, gabardina, pantalo\u0301n y mocasines, <strong>Salvatore Ferragamo<\/strong>.<\/p>\n<\/div>\n<\/div>\n<\/div>\n<\/div><\/figure><figure class=\"gallery-item grazia-gallery-show-text\"><div class=\"gallery-icon landscape\"><img loading=\"lazy\" decoding=\"async\" width=\"1000\" height=\"1250\" src=\"https:\/\/graziamagazine.com\/mx\/wp-content\/uploads\/sites\/13\/2021\/04\/GRAZIAFERRAGAMO_09_0552.jpg\" class=\"lazy\" alt=\"D\u00e9jate conquistar por la visi\u00f3n fresca y primaveral de Salvatore Ferragamo desde Mil\u00e1n\" \/><\/div><div class=\"grazia-gallery-text\"><div class=\"page\" title=\"Page 6\">\n<div class=\"layoutArea\">\n<div class=\"column\">\n<p>UN VESTIDO DE CUERO ES OBLIGADO EN PRIMAVERA.<\/p>\n<p>Vestido en piel y slingbacks Viva, <strong>Salvatore Ferragamo<\/strong>.<\/p>\n<\/div>\n<\/div>\n<\/div>\n<\/div><\/figure><figure class=\"gallery-item grazia-gallery-show-text\"><div class=\"gallery-icon landscape\"><img loading=\"lazy\" decoding=\"async\" width=\"1000\" height=\"1250\" src=\"https:\/\/graziamagazine.com\/mx\/wp-content\/uploads\/sites\/13\/2021\/04\/GRAZIAFERRAGAMO_11_0786-1.jpg\" class=\"lazy\" alt=\"D\u00e9jate conquistar por la visi\u00f3n fresca y primaveral de Salvatore Ferragamo desde Mil\u00e1n\" \/><\/div><div class=\"grazia-gallery-text\"><div class=\"page\" title=\"Page 7\">\n<div class=\"layoutArea\">\n<div class=\"column\">\n<p>A TUS PASEOS, LLE\u0301NALOS DE AMOR.<\/p>\n<p>Anne: vestido y slingbacks Viva, <strong>Salvatore Ferragamo<\/strong>.<\/p>\n<p>Amerigo: chamarra en piel, top en tejido de punto, pantalo\u0301n y zapatos, <strong>Salvatore Ferragamo<\/strong>.<\/p>\n<\/div>\n<\/div>\n<\/div>\n<\/div><\/figure><figure class=\"gallery-item grazia-gallery-show-text\"><div class=\"gallery-icon landscape\"><img loading=\"lazy\" decoding=\"async\" width=\"1000\" height=\"1250\" src=\"https:\/\/graziamagazine.com\/mx\/wp-content\/uploads\/sites\/13\/2021\/04\/GRAZIAFERRAGAMO_07_0454.jpg\" class=\"lazy\" alt=\"D\u00e9jate conquistar por la visi\u00f3n fresca y primaveral de Salvatore Ferragamo desde Mil\u00e1n\" \/><\/div><div class=\"grazia-gallery-text\"><div class=\"page\" title=\"Page 8\">\n<div class=\"layoutArea\">\n<div class=\"column\">\n<p>RECIBE AL SOL FRESCA Y CO\u0301MODA.<\/p>\n<p>Vestido con cinturo\u0301n, <strong>Salvatore Ferragamo<\/strong>.<\/p>\n<\/div>\n<\/div>\n<\/div>\n<\/div><\/figure><figure class=\"gallery-item grazia-gallery-show-text\"><div class=\"gallery-icon landscape\"><img loading=\"lazy\" decoding=\"async\" width=\"4000\" height=\"2667\" src=\"https:\/\/graziamagazine.com\/mx\/wp-content\/uploads\/sites\/13\/2021\/04\/GRAZIAFERRAGAMO_05_0370.jpg\" class=\"lazy\" alt=\"D\u00e9jate conquistar por la visi\u00f3n fresca y primaveral de Salvatore Ferragamo desde Mil\u00e1n\" \/><\/div><div class=\"grazia-gallery-text\"><div class=\"page\" title=\"Page 9\">\n<div class=\"layoutArea\">\n<div class=\"column\">\n<p>UN AZUL PARA CONQUISTAR.<\/p>\n<p>Vestido en seda, <strong>Salvatore Ferragamo<\/strong>.<\/p>\n<\/div>\n<\/div>\n<\/div>\n<\/div><\/figure><figure class=\"gallery-item grazia-gallery-show-text\"><div class=\"gallery-icon landscape\"><img loading=\"lazy\" decoding=\"async\" width=\"1000\" height=\"1250\" src=\"https:\/\/graziamagazine.com\/mx\/wp-content\/uploads\/sites\/13\/2021\/04\/GRAZIAFERRAGAMO_05_0318.jpg\" class=\"lazy\" alt=\"D\u00e9jate conquistar por la visi\u00f3n fresca y primaveral de Salvatore Ferragamo desde Mil\u00e1n\" \/><\/div><div class=\"grazia-gallery-text\"><div class=\"page\" title=\"Page 12\">\n<div class=\"layoutArea\">\n<div class=\"column\">\n<p>MATCH POINT.<\/p>\n<p>Anne: vestido en seda, <strong>Salvatore Ferragamo<\/strong>.<\/p>\n<p>Amerigo: sue\u0301ter en tejido de punto, <strong>Salvatore Ferragamo<\/strong>.<\/p>\n<\/div>\n<\/div>\n<\/div>\n<\/div><\/figure><figure class=\"gallery-item grazia-gallery-show-text\"><div class=\"gallery-icon landscape\"><img loading=\"lazy\" decoding=\"async\" width=\"1000\" height=\"1250\" src=\"https:\/\/graziamagazine.com\/mx\/wp-content\/uploads\/sites\/13\/2021\/04\/GRAZIAFERRAGAMO_10_0699.jpg\" class=\"lazy\" alt=\"D\u00e9jate conquistar por la visi\u00f3n fresca y primaveral de Salvatore Ferragamo desde Mil\u00e1n\" \/><\/div><div class=\"grazia-gallery-text\"><div class=\"page\" title=\"Page 13\">\n<div class=\"layoutArea\">\n<div class=\"column\">\n<p>EL TACO\u0301N F DE FERRAGAMO SIN DUDA SERA\u0301 UNO DE LOS PROTAGONISTAS DE LA TEMPORADA.<\/p>\n<p>Sandalias F-Heel y Shoulder Bag, <strong>Salvatore Ferragamo<\/strong>.<\/p>\n<\/div>\n<\/div>\n<\/div>\n<\/div><\/figure><figure class=\"gallery-item grazia-gallery-show-text\"><div class=\"gallery-icon landscape\"><img loading=\"lazy\" decoding=\"async\" width=\"1000\" height=\"1250\" src=\"https:\/\/graziamagazine.com\/mx\/wp-content\/uploads\/sites\/13\/2021\/04\/GRAZIAFERRAGAMO_01_0029.jpg\" class=\"lazy\" alt=\"D\u00e9jate conquistar por la visi\u00f3n fresca y primaveral de Salvatore Ferragamo desde Mil\u00e1n\" \/><\/div><div class=\"grazia-gallery-text\"><div class=\"page\" title=\"Page 14\">\n<div class=\"layoutArea\">\n<div class=\"column\">\n<p>\u00a1ABRA\u0301ZAME!<\/p>\n<p>Amerigo: sue\u0301ter en tejido de punto y pantalo\u0301n, <strong>Salvatore Ferragamo<\/strong>.<\/p>\n<p>Anne: top, <strong>Salvatore Ferragamo<\/strong>.<\/p>\n<\/div>\n<\/div>\n<\/div>\n<\/div><\/figure><\/div><\/div>\n<p>&nbsp;<\/p>\n<div class=\"page\" title=\"Page 1\">\n<div class=\"layoutArea\">\n<div class=\"column\">\n<h5><em>Fotograf\u00edas: Marcello Arena<\/em><\/h5>\n<h5><em>Editora de moda: Annie Lask<\/em><\/h5>\n<h5><em><span style=\"line-height: 1.4em\">Coordinacio\u0301n de moda: Camilla Rolla<\/span><\/em><\/h5>\n<h5><em><span style=\"line-height: 1.4em\">Asistente de moda: Chiara Colzani<\/span><\/em><\/h5>\n<h5><em><span style=\"line-height: 1.4em\">Maquillaje: Mattia Andreoli @studiorepossi<\/span><\/em><\/h5>\n<h5><em><span style=\"line-height: 1.4em\">Pelo: Eddy Scudo @JulianWatson<\/span><\/em><\/h5>\n<h5><em><span style=\"line-height: 1.4em\">Modelos: Anne @fashion y Amerigo @IMG<\/span><\/em><\/h5>\n<div class=\"page\" title=\"Page 14\">\n<div class=\"layoutArea\">\n<div class=\"column\">\n<h5><em>Produccio\u0301n: Studio Repossi<\/em><\/h5>\n<\/div>\n<\/div>\n<\/div>\n<\/div>\n<\/div>\n<\/div>\n","protected":false},"author":11636,"featured_media":95292,"template":"","format":"standard","categories":[4],"acf":[],"yoast_head":"<!-- This site is optimized with the Yoast SEO Premium plugin v18.5 (Yoast SEO v20.4) - https:\/\/yoast.com\/wordpress\/plugins\/seo\/ -->\n<title>D\u00e9jate conquistar por la visi\u00f3n fresca y primaveral de Salvatore Ferragamo | Grazia M\u00e9xico y Latinoam\u00e9rica<\/title>\n<meta name=\"description\" content=\"La primavera lleg\u00f3 cargada de color y energ\u00eda. Descubre la visi\u00f3n fresca de Salvatore Ferragamo desde el otro lado del mar.\" \/>\n<meta name=\"robots\" content=\"index, follow, max-snippet:-1, max-image-preview:large, max-video-preview:-1\" \/>\n<link rel=\"canonical\" href=\"https:\/\/graziamagazine.com\/mx\/articles\/dejate-conquistar-por-la-vision-fresca-y-primaveral-de-salvatore-ferragamo-desde-milan\/\" \/>\n<meta property=\"og:locale\" content=\"es_MX\" \/>\n<meta property=\"og:type\" content=\"article\" \/>\n<meta property=\"og:title\" content=\"D\u00e9jate conquistar por la visi\u00f3n fresca y primaveral de Salvatore Ferragamo\" \/>\n<meta property=\"og:description\" content=\"La primavera lleg\u00f3 cargada de color y energ\u00eda. Descubre la visi\u00f3n fresca de Salvatore Ferragamo desde el otro lado del mar.\" \/>\n<meta property=\"og:url\" content=\"https:\/\/graziamagazine.com\/mx\/articles\/dejate-conquistar-por-la-vision-fresca-y-primaveral-de-salvatore-ferragamo-desde-milan\/\" \/>\n<meta property=\"og:site_name\" content=\"Grazia M\u00e9xico y Latinoam\u00e9rica\" \/>\n<meta property=\"article:modified_time\" content=\"2021-04-05T15:15:26+00:00\" \/>\n<meta property=\"og:image\" content=\"https:\/\/graziamagazine.com\/mx\/wp-content\/uploads\/sites\/13\/2021\/04\/GRAZIAFERRAGAMO_05_0370.jpg\" \/>\n\t<meta property=\"og:image:width\" content=\"1024\" \/>\n\t<meta property=\"og:image:height\" content=\"683\" \/>\n\t<meta property=\"og:image:type\" content=\"image\/jpeg\" \/>\n<meta name=\"twitter:card\" content=\"summary_large_image\" \/>\n<script type=\"application\/ld+json\" class=\"yoast-schema-graph\">{\"@context\":\"https:\/\/schema.org\",\"@graph\":[{\"@type\":\"WebPage\",\"@id\":\"https:\/\/graziamagazine.com\/mx\/articles\/dejate-conquistar-por-la-vision-fresca-y-primaveral-de-salvatore-ferragamo-desde-milan\/\",\"url\":\"https:\/\/graziamagazine.com\/mx\/articles\/dejate-conquistar-por-la-vision-fresca-y-primaveral-de-salvatore-ferragamo-desde-milan\/\",\"name\":\"D\u00e9jate conquistar por la visi\u00f3n fresca y primaveral de Salvatore Ferragamo | Grazia M\u00e9xico y Latinoam\u00e9rica\",\"isPartOf\":{\"@id\":\"https:\/\/graziamagazine.com\/mx\/#website\"},\"datePublished\":\"2021-04-05T12:00:54+00:00\",\"dateModified\":\"2021-04-05T15:15:26+00:00\",\"description\":\"La primavera lleg\u00f3 cargada de color y energ\u00eda. Descubre la visi\u00f3n fresca de Salvatore Ferragamo desde el otro lado del mar.\",\"breadcrumb\":{\"@id\":\"https:\/\/graziamagazine.com\/mx\/articles\/dejate-conquistar-por-la-vision-fresca-y-primaveral-de-salvatore-ferragamo-desde-milan\/#breadcrumb\"},\"inLanguage\":\"es-MX\",\"potentialAction\":[{\"@type\":\"ReadAction\",\"target\":[\"https:\/\/graziamagazine.com\/mx\/articles\/dejate-conquistar-por-la-vision-fresca-y-primaveral-de-salvatore-ferragamo-desde-milan\/\"]}]},{\"@type\":\"BreadcrumbList\",\"@id\":\"https:\/\/graziamagazine.com\/mx\/articles\/dejate-conquistar-por-la-vision-fresca-y-primaveral-de-salvatore-ferragamo-desde-milan\/#breadcrumb\",\"itemListElement\":[{\"@type\":\"ListItem\",\"position\":1,\"name\":\"Home\",\"item\":\"https:\/\/graziamagazine.com\/mx\/\"},{\"@type\":\"ListItem\",\"position\":2,\"name\":\"D\u00e9jate conquistar por la visi\u00f3n fresca y primaveral de Salvatore Ferragamo\"}]},{\"@type\":\"WebSite\",\"@id\":\"https:\/\/graziamagazine.com\/mx\/#website\",\"url\":\"https:\/\/graziamagazine.com\/mx\/\",\"name\":\"Grazia M\u00e9xico y Latinoam\u00e9rica\",\"description\":\"Grazia es moda, belleza y noticias  de actualidad \",\"potentialAction\":[{\"@type\":\"SearchAction\",\"target\":{\"@type\":\"EntryPoint\",\"urlTemplate\":\"https:\/\/graziamagazine.com\/mx\/?s={search_term_string}\"},\"query-input\":\"required name=search_term_string\"}],\"inLanguage\":\"es-MX\"}]}<\/script>\n<!-- \/ Yoast SEO Premium plugin. -->","yoast_head_json":{"title":"D\u00e9jate conquistar por la visi\u00f3n fresca y primaveral de Salvatore Ferragamo | Grazia M\u00e9xico y Latinoam\u00e9rica","description":"La primavera lleg\u00f3 cargada de color y energ\u00eda. Descubre la visi\u00f3n fresca de Salvatore Ferragamo desde el otro lado del mar.","robots":{"index":"index","follow":"follow","max-snippet":"max-snippet:-1","max-image-preview":"max-image-preview:large","max-video-preview":"max-video-preview:-1"},"canonical":"https:\/\/graziamagazine.com\/mx\/articles\/dejate-conquistar-por-la-vision-fresca-y-primaveral-de-salvatore-ferragamo-desde-milan\/","og_locale":"es_MX","og_type":"article","og_title":"D\u00e9jate conquistar por la visi\u00f3n fresca y primaveral de Salvatore Ferragamo","og_description":"La primavera lleg\u00f3 cargada de color y energ\u00eda. Descubre la visi\u00f3n fresca de Salvatore Ferragamo desde el otro lado del mar.","og_url":"https:\/\/graziamagazine.com\/mx\/articles\/dejate-conquistar-por-la-vision-fresca-y-primaveral-de-salvatore-ferragamo-desde-milan\/","og_site_name":"Grazia M\u00e9xico y Latinoam\u00e9rica","article_modified_time":"2021-04-05T15:15:26+00:00","og_image":[{"url":"https:\/\/graziamagazine.com\/mx\/wp-content\/uploads\/sites\/13\/2021\/04\/GRAZIAFERRAGAMO_05_0370.jpg","width":1024,"height":683,"type":"image\/jpeg"}],"twitter_card":"summary_large_image","schema":{"@context":"https:\/\/schema.org","@graph":[{"@type":"WebPage","@id":"https:\/\/graziamagazine.com\/mx\/articles\/dejate-conquistar-por-la-vision-fresca-y-primaveral-de-salvatore-ferragamo-desde-milan\/","url":"https:\/\/graziamagazine.com\/mx\/articles\/dejate-conquistar-por-la-vision-fresca-y-primaveral-de-salvatore-ferragamo-desde-milan\/","name":"D\u00e9jate conquistar por la visi\u00f3n fresca y primaveral de Salvatore Ferragamo | Grazia M\u00e9xico y Latinoam\u00e9rica","isPartOf":{"@id":"https:\/\/graziamagazine.com\/mx\/#website"},"datePublished":"2021-04-05T12:00:54+00:00","dateModified":"2021-04-05T15:15:26+00:00","description":"La primavera lleg\u00f3 cargada de color y energ\u00eda. Descubre la visi\u00f3n fresca de Salvatore Ferragamo desde el otro lado del mar.","breadcrumb":{"@id":"https:\/\/graziamagazine.com\/mx\/articles\/dejate-conquistar-por-la-vision-fresca-y-primaveral-de-salvatore-ferragamo-desde-milan\/#breadcrumb"},"inLanguage":"es-MX","potentialAction":[{"@type":"ReadAction","target":["https:\/\/graziamagazine.com\/mx\/articles\/dejate-conquistar-por-la-vision-fresca-y-primaveral-de-salvatore-ferragamo-desde-milan\/"]}]},{"@type":"BreadcrumbList","@id":"https:\/\/graziamagazine.com\/mx\/articles\/dejate-conquistar-por-la-vision-fresca-y-primaveral-de-salvatore-ferragamo-desde-milan\/#breadcrumb","itemListElement":[{"@type":"ListItem","position":1,"name":"Home","item":"https:\/\/graziamagazine.com\/mx\/"},{"@type":"ListItem","position":2,"name":"D\u00e9jate conquistar por la visi\u00f3n fresca y primaveral de Salvatore Ferragamo"}]},{"@type":"WebSite","@id":"https:\/\/graziamagazine.com\/mx\/#website","url":"https:\/\/graziamagazine.com\/mx\/","name":"Grazia M\u00e9xico y Latinoam\u00e9rica","description":"Grazia es moda, belleza y noticias  de actualidad ","potentialAction":[{"@type":"SearchAction","target":{"@type":"EntryPoint","urlTemplate":"https:\/\/graziamagazine.com\/mx\/?s={search_term_string}"},"query-input":"required name=search_term_string"}],"inLanguage":"es-MX"}]}},"jetpack_sharing_enabled":true,"distributor_meta":false,"distributor_terms":false,"distributor_media":false,"distributor_original_site_name":"Grazia M\u00e9xico y Latinoam\u00e9rica","distributor_original_site_url":"https:\/\/graziamagazine.com\/mx","push-errors":false,"_links":{"self":[{"href":"https:\/\/graziamagazine.com\/mx\/wp-json\/wp\/v2\/articles\/95282"}],"collection":[{"href":"https:\/\/graziamagazine.com\/mx\/wp-json\/wp\/v2\/articles"}],"about":[{"href":"https:\/\/graziamagazine.com\/mx\/wp-json\/wp\/v2\/types\/articles"}],"author":[{"embeddable":true,"href":"https:\/\/graziamagazine.com\/mx\/wp-json\/wp\/v2\/users\/11636"}],"wp:featuredmedia":[{"embeddable":true,"href":"https:\/\/graziamagazine.com\/mx\/wp-json\/wp\/v2\/media\/95292"}],"wp:attachment":[{"href":"https:\/\/graziamagazine.com\/mx\/wp-json\/wp\/v2\/media?parent=95282"}],"wp:term":[{"taxonomy":"category","embeddable":true,"href":"https:\/\/graziamagazine.com\/mx\/wp-json\/wp\/v2\/categories?post=95282"}],"curies":[{"name":"wp","href":"https:\/\/api.w.org\/{rel}","templated":true}]}}