{"id":95237,"date":"2021-03-31T11:30:52","date_gmt":"2021-03-31T16:30:52","guid":{"rendered":"https:\/\/graziamagazine.com\/mx\/?post_type=articles&#038;p=95237"},"modified":"2021-03-31T12:49:27","modified_gmt":"2021-03-31T17:49:27","slug":"alexander-mcqueen-y-balenciaga-dejaran-de-usar-pieles-de-animales-en-sus-disenos","status":"publish","type":"articles","link":"https:\/\/graziamagazine.com\/mx\/articles\/alexander-mcqueen-y-balenciaga-dejaran-de-usar-pieles-de-animales-en-sus-disenos\/","title":{"rendered":"Alexander McQueen y Balenciaga dejar\u00e1n de usar pieles de animales en sus dise\u00f1os"},"content":{"rendered":"<p><span style=\"font-weight: 400\">\u00a1Adi\u00f3s a la crueldad animal! Para sumarse a la creciente tendencia de respeto a los animales en la industria de la moda, dos importantes marcas que hasta ahora han usado con frecuencia pieles de animales, han anunciado que dejar\u00e1n de hacerlo. Hablamos de <\/span><b>Alexander McQueen y Balenciaga<\/b><span style=\"font-weight: 400\">, y para ellos tenemos aplausos y agradecimiento.<\/span><\/p>\n<p><span style=\"font-weight: 400\">Pero eso no significa que en las pr\u00f3ximas colecciones habr\u00e1 ausencia de los abrigos y prendas en los que usualmente se usan pieles, pues poco a poco todo se va encaminando hacia piel sint\u00e9tica. De esta manera, varias marcas han presentado sus nuevas colecciones a trav\u00e9s de abrigos de piel sint\u00e9tica esponjosos, voluminosos y abrigadores. Como ejemplo est\u00e1n los abrigos forrados con lentejuelas de Prada, la ropa deportiva de Givenchy o el estilo \u201cYeti\u201d de Miu Miu, tendencia creciente en la que los dise\u00f1adores est\u00e1n explorando la dualidad en una misma prenda para brindar comodidad y opulencia en la vida <\/span><i><span style=\"font-weight: 400\">post <\/span><\/i><span style=\"font-weight: 400\">pand\u00e9mica.<\/span><\/p>\n<p><span style=\"font-weight: 400\">Junto a Alexander McQueen y Balenciaga &#8211; ambas marcas propiedad de <\/span><b>Grupo Kering<\/b><span style=\"font-weight: 400\"> &#8211; otras marcas de lujo han decidido eliminar gradualmente el uso de pieles de animales. <\/span><b>Burberry, Versace <\/b><span style=\"font-weight: 400\">y <\/span><b>Chanel<\/b><span style=\"font-weight: 400\">, han optado por alternativas sostenibles y libres de crueldad animal. \u00a1Bien ah\u00ed!<\/span><\/p>\n<p><span style=\"font-weight: 400\">En realidad Balenciaga no ha utilizado pieles desde las primeras colecciones de su actual directora creativa, Demna Gvasalia, pero ahora ya es una acci\u00f3n por escrito que forma parte de la pol\u00edtica de marca. De hecho, otras marcas del Grupo Kering como <\/span><b>Gucci y Bottega Veneta<\/b><span style=\"font-weight: 400\">, ya llevan m\u00e1s tiempo sin usar pieles de animales y &#8211; por el contrario &#8211; est\u00e1n probando e impulsando alternativas \u00e9ticas como <\/span><b>Mylo<\/b><span style=\"font-weight: 400\">, una tecnolog\u00eda que desarrolla sustitutos de cuero libres de crueldad animal a partir de hongos.<\/span><\/p>\n<p><span style=\"font-weight: 400\">Y es que, de acuerdo con un informe publicado en 2019, la demanda de alternativas veganas por parte de los consumidores aument\u00f3 en un 258% en Estados Unidos y Reino Unido, solo en ese a\u00f1o, lo que refleja la evoluci\u00f3n cultural proveniente del cambio generacional que trae consigo mayor conciencia social, ambiental y humana.\u00a0<\/span><\/p>\n<p><span style=\"font-weight: 400\">Aunque otra tem\u00e1tica est\u00e1 por tocar la puerta: el veganismo que libera de crueldad a los animales no siempre es sin\u00f3nimo de sustentabilidad, por lo que si bien la piel sint\u00e9tica es una victoria para el respeto animal, el sustituirla con poli\u00e9ster o acr\u00edlico &#8211; materiales creados a base de petr\u00f3leo &#8211; implican mayor contaminaci\u00f3n ambiental. Sin duda es un tema igual de importante.<\/span><\/p>\n<p><span style=\"font-weight: 400\">\u00a1Pero estas son excelentes noticias! Un d\u00eda a la vez, un paso a la vez, para ir avanzando hacia un mundo m\u00e1s respetuoso con todo el entorno natural sin que eso implique un retroceso para la industria de la moda, tema que afortunadamente ya est\u00e1n poniendo sobre la mesa marcas de renombre como las que te hemos mencionado.\u00a0<\/span><\/p>\n<p><em><strong>*IMAGEN: Getty Images<\/strong><\/em><\/p>\n","protected":false},"author":11628,"featured_media":95239,"template":"","format":"standard","categories":[114],"acf":[],"yoast_head":"<!-- This site is optimized with the Yoast SEO Premium plugin v18.5 (Yoast SEO v20.4) - https:\/\/yoast.com\/wordpress\/plugins\/seo\/ -->\n<title>Alexander McQueen y Balenciaga dejar\u00e1n de usar pieles de animales en sus dise\u00f1os | Grazia M\u00e9xico y Latinoam\u00e9rica<\/title>\n<meta name=\"description\" content=\"Dos marcas de lujo m\u00e1s se suman a la creciente tendencia del respeto animal.\" \/>\n<meta name=\"robots\" content=\"index, follow, max-snippet:-1, max-image-preview:large, max-video-preview:-1\" \/>\n<link rel=\"canonical\" href=\"https:\/\/graziamagazine.com\/mx\/articles\/alexander-mcqueen-y-balenciaga-dejaran-de-usar-pieles-de-animales-en-sus-disenos\/\" \/>\n<meta property=\"og:locale\" content=\"es_MX\" \/>\n<meta property=\"og:type\" content=\"article\" \/>\n<meta property=\"og:title\" content=\"Alexander McQueen y Balenciaga dejar\u00e1n de usar pieles de animales en sus dise\u00f1os\" \/>\n<meta property=\"og:description\" content=\"Dos marcas de lujo m\u00e1s se suman a la creciente tendencia del respeto animal.\" \/>\n<meta property=\"og:url\" content=\"https:\/\/graziamagazine.com\/mx\/articles\/alexander-mcqueen-y-balenciaga-dejaran-de-usar-pieles-de-animales-en-sus-disenos\/\" \/>\n<meta property=\"og:site_name\" content=\"Grazia M\u00e9xico y Latinoam\u00e9rica\" \/>\n<meta property=\"article:modified_time\" content=\"2021-03-31T17:49:27+00:00\" \/>\n<meta property=\"og:image\" content=\"https:\/\/graziamagazine.com\/mx\/wp-content\/uploads\/sites\/13\/2021\/03\/balenciaga-fall-2020-paris-fashion-week_10564746n.jpg?fit=683%2C352\" \/>\n\t<meta property=\"og:image:width\" content=\"683\" \/>\n\t<meta property=\"og:image:height\" content=\"352\" \/>\n\t<meta property=\"og:image:type\" content=\"image\/jpeg\" \/>\n<meta name=\"twitter:card\" content=\"summary_large_image\" \/>\n<meta name=\"twitter:label1\" content=\"Est. reading time\" \/>\n\t<meta name=\"twitter:data1\" content=\"2 minutos\" \/>\n<script type=\"application\/ld+json\" class=\"yoast-schema-graph\">{\"@context\":\"https:\/\/schema.org\",\"@graph\":[{\"@type\":\"WebPage\",\"@id\":\"https:\/\/graziamagazine.com\/mx\/articles\/alexander-mcqueen-y-balenciaga-dejaran-de-usar-pieles-de-animales-en-sus-disenos\/\",\"url\":\"https:\/\/graziamagazine.com\/mx\/articles\/alexander-mcqueen-y-balenciaga-dejaran-de-usar-pieles-de-animales-en-sus-disenos\/\",\"name\":\"Alexander McQueen y Balenciaga dejar\u00e1n de usar pieles de animales en sus dise\u00f1os | Grazia M\u00e9xico y Latinoam\u00e9rica\",\"isPartOf\":{\"@id\":\"https:\/\/graziamagazine.com\/mx\/#website\"},\"datePublished\":\"2021-03-31T16:30:52+00:00\",\"dateModified\":\"2021-03-31T17:49:27+00:00\",\"description\":\"Dos marcas de lujo m\u00e1s se suman a la creciente tendencia del respeto animal.\",\"breadcrumb\":{\"@id\":\"https:\/\/graziamagazine.com\/mx\/articles\/alexander-mcqueen-y-balenciaga-dejaran-de-usar-pieles-de-animales-en-sus-disenos\/#breadcrumb\"},\"inLanguage\":\"es-MX\",\"potentialAction\":[{\"@type\":\"ReadAction\",\"target\":[\"https:\/\/graziamagazine.com\/mx\/articles\/alexander-mcqueen-y-balenciaga-dejaran-de-usar-pieles-de-animales-en-sus-disenos\/\"]}]},{\"@type\":\"BreadcrumbList\",\"@id\":\"https:\/\/graziamagazine.com\/mx\/articles\/alexander-mcqueen-y-balenciaga-dejaran-de-usar-pieles-de-animales-en-sus-disenos\/#breadcrumb\",\"itemListElement\":[{\"@type\":\"ListItem\",\"position\":1,\"name\":\"Home\",\"item\":\"https:\/\/graziamagazine.com\/mx\/\"},{\"@type\":\"ListItem\",\"position\":2,\"name\":\"Alexander McQueen y Balenciaga dejar\u00e1n de usar pieles de animales en sus dise\u00f1os\"}]},{\"@type\":\"WebSite\",\"@id\":\"https:\/\/graziamagazine.com\/mx\/#website\",\"url\":\"https:\/\/graziamagazine.com\/mx\/\",\"name\":\"Grazia M\u00e9xico y Latinoam\u00e9rica\",\"description\":\"Grazia es moda, belleza y noticias  de actualidad \",\"potentialAction\":[{\"@type\":\"SearchAction\",\"target\":{\"@type\":\"EntryPoint\",\"urlTemplate\":\"https:\/\/graziamagazine.com\/mx\/?s={search_term_string}\"},\"query-input\":\"required name=search_term_string\"}],\"inLanguage\":\"es-MX\"}]}<\/script>\n<!-- \/ Yoast SEO Premium plugin. -->","yoast_head_json":{"title":"Alexander McQueen y Balenciaga dejar\u00e1n de usar pieles de animales en sus dise\u00f1os | Grazia M\u00e9xico y Latinoam\u00e9rica","description":"Dos marcas de lujo m\u00e1s se suman a la creciente tendencia del respeto animal.","robots":{"index":"index","follow":"follow","max-snippet":"max-snippet:-1","max-image-preview":"max-image-preview:large","max-video-preview":"max-video-preview:-1"},"canonical":"https:\/\/graziamagazine.com\/mx\/articles\/alexander-mcqueen-y-balenciaga-dejaran-de-usar-pieles-de-animales-en-sus-disenos\/","og_locale":"es_MX","og_type":"article","og_title":"Alexander McQueen y Balenciaga dejar\u00e1n de usar pieles de animales en sus dise\u00f1os","og_description":"Dos marcas de lujo m\u00e1s se suman a la creciente tendencia del respeto animal.","og_url":"https:\/\/graziamagazine.com\/mx\/articles\/alexander-mcqueen-y-balenciaga-dejaran-de-usar-pieles-de-animales-en-sus-disenos\/","og_site_name":"Grazia M\u00e9xico y Latinoam\u00e9rica","article_modified_time":"2021-03-31T17:49:27+00:00","og_image":[{"width":683,"height":352,"url":"https:\/\/graziamagazine.com\/mx\/wp-content\/uploads\/sites\/13\/2021\/03\/balenciaga-fall-2020-paris-fashion-week_10564746n.jpg?fit=683%2C352","type":"image\/jpeg"}],"twitter_card":"summary_large_image","twitter_misc":{"Est. reading time":"2 minutos"},"schema":{"@context":"https:\/\/schema.org","@graph":[{"@type":"WebPage","@id":"https:\/\/graziamagazine.com\/mx\/articles\/alexander-mcqueen-y-balenciaga-dejaran-de-usar-pieles-de-animales-en-sus-disenos\/","url":"https:\/\/graziamagazine.com\/mx\/articles\/alexander-mcqueen-y-balenciaga-dejaran-de-usar-pieles-de-animales-en-sus-disenos\/","name":"Alexander McQueen y Balenciaga dejar\u00e1n de usar pieles de animales en sus dise\u00f1os | Grazia M\u00e9xico y Latinoam\u00e9rica","isPartOf":{"@id":"https:\/\/graziamagazine.com\/mx\/#website"},"datePublished":"2021-03-31T16:30:52+00:00","dateModified":"2021-03-31T17:49:27+00:00","description":"Dos marcas de lujo m\u00e1s se suman a la creciente tendencia del respeto animal.","breadcrumb":{"@id":"https:\/\/graziamagazine.com\/mx\/articles\/alexander-mcqueen-y-balenciaga-dejaran-de-usar-pieles-de-animales-en-sus-disenos\/#breadcrumb"},"inLanguage":"es-MX","potentialAction":[{"@type":"ReadAction","target":["https:\/\/graziamagazine.com\/mx\/articles\/alexander-mcqueen-y-balenciaga-dejaran-de-usar-pieles-de-animales-en-sus-disenos\/"]}]},{"@type":"BreadcrumbList","@id":"https:\/\/graziamagazine.com\/mx\/articles\/alexander-mcqueen-y-balenciaga-dejaran-de-usar-pieles-de-animales-en-sus-disenos\/#breadcrumb","itemListElement":[{"@type":"ListItem","position":1,"name":"Home","item":"https:\/\/graziamagazine.com\/mx\/"},{"@type":"ListItem","position":2,"name":"Alexander McQueen y Balenciaga dejar\u00e1n de usar pieles de animales en sus dise\u00f1os"}]},{"@type":"WebSite","@id":"https:\/\/graziamagazine.com\/mx\/#website","url":"https:\/\/graziamagazine.com\/mx\/","name":"Grazia M\u00e9xico y Latinoam\u00e9rica","description":"Grazia es moda, belleza y noticias  de actualidad ","potentialAction":[{"@type":"SearchAction","target":{"@type":"EntryPoint","urlTemplate":"https:\/\/graziamagazine.com\/mx\/?s={search_term_string}"},"query-input":"required name=search_term_string"}],"inLanguage":"es-MX"}]}},"jetpack_sharing_enabled":true,"distributor_meta":false,"distributor_terms":false,"distributor_media":false,"distributor_original_site_name":"Grazia M\u00e9xico y Latinoam\u00e9rica","distributor_original_site_url":"https:\/\/graziamagazine.com\/mx","push-errors":false,"_links":{"self":[{"href":"https:\/\/graziamagazine.com\/mx\/wp-json\/wp\/v2\/articles\/95237"}],"collection":[{"href":"https:\/\/graziamagazine.com\/mx\/wp-json\/wp\/v2\/articles"}],"about":[{"href":"https:\/\/graziamagazine.com\/mx\/wp-json\/wp\/v2\/types\/articles"}],"author":[{"embeddable":true,"href":"https:\/\/graziamagazine.com\/mx\/wp-json\/wp\/v2\/users\/11628"}],"wp:featuredmedia":[{"embeddable":true,"href":"https:\/\/graziamagazine.com\/mx\/wp-json\/wp\/v2\/media\/95239"}],"wp:attachment":[{"href":"https:\/\/graziamagazine.com\/mx\/wp-json\/wp\/v2\/media?parent=95237"}],"wp:term":[{"taxonomy":"category","embeddable":true,"href":"https:\/\/graziamagazine.com\/mx\/wp-json\/wp\/v2\/categories?post=95237"}],"curies":[{"name":"wp","href":"https:\/\/api.w.org\/{rel}","templated":true}]}}