{"id":95025,"date":"2021-03-25T16:45:00","date_gmt":"2021-03-25T21:45:00","guid":{"rendered":"https:\/\/graziamagazine.com\/mx\/?post_type=articles&#038;p=95025"},"modified":"2021-03-25T17:59:03","modified_gmt":"2021-03-25T22:59:03","slug":"celebrity-style-los-skinny-jeans-tenis-basicos-de-emrata","status":"publish","type":"articles","link":"https:\/\/graziamagazine.com\/mx\/articles\/celebrity-style-los-skinny-jeans-tenis-basicos-de-emrata\/","title":{"rendered":"Celebrity Style: Los skinny jeans + tenis b\u00e1sicos de Emrata"},"content":{"rendered":"<p>Entre las prendas y accesorios predilectos que nos dan las tendencias cada temporada, existen ciertos looks que nunca pasan de moda y que siempre son una elecci\u00f3n acertada para cualquier ocasi\u00f3n.<\/p>\n<p>En esta ocasi\u00f3n es<strong> Emily Ratajkowski<\/strong> quien trae de regreso estos skinny jeans que ya d\u00e1bamos por muertos, con un look de puros b\u00e1sicos la modelo nos dio una lecci\u00f3n de estilo, lo mejor&#8230; lo puedes recrear muy f\u00e1cilmente.<\/p>\n<p><img loading=\"lazy\" decoding=\"async\" class=\"alignnone size-medium wp-image-95079\" src=\"https:\/\/graziamagazine.com\/mx\/wp-content\/uploads\/sites\/13\/2021\/03\/emily-ratajkowski-vaqueros-pitillo-zapatillas-blancas-elle-00-1616331490.jpg?w=300\" alt=\"Celebrity Style: Los skinny jeans + tenis b\u00e1sicos de Emrata\" width=\"300\" height=\"450\" \/><\/p>\n<p>Por las calles de la Gran Manzana podemos ver a Emily paseando junto a su beb\u00e9 con un incre\u00edble street style, luciendo unos <strong><em>skinny jeans<\/em> <\/strong>con un<strong><em> blazer<\/em> de corte &#8216;oversize&#8217;<\/strong> y un su\u00e9ter de botones negro. El toque que lleva a otro nivel el look son unos <strong><em>sneakers<\/em><\/strong> <b>blancos<\/b>\u00a0de corte cl\u00e1sico combinadas con unos llamativos calcetines de color rojo. Pura esencia &#8216;retro&#8217; que no hace otra cosa m\u00e1s que darle ese toque de color a todo el look.<\/p>\n<p>Espec\u00edficamente, Ratajkowski opt\u00f3 por las zapatillas<a href=\"https:\/\/www.ssense.com\/en-us\/women\/product\/reebok-classics\/off-white-and-green-club-c-85-vintage-sneakers\/6091941?clickref=1101lfknYr8s&amp;utm_source=PH_305950&amp;utm_medium=affiliate&amp;utm_content=0&amp;utm_term=https%3A%2F%2Fwww.harpersbazaar.com%2Fcelebrity%2Flatest%2Fa35896189%2Femily-ratajkowski-mom-style-baby-slys-first-nyc-outing%2F&amp;utm_campaign=\" target=\"_blank\" rel=\"noopener\" target=\"_blank\"><strong> Reebok Classics Off-White<\/strong> <strong>y Green Club C 85 Vintage<\/strong><\/a>, elaboradas de cuero de ca\u00f1a baja cuentan con mucho acolchado para mayor comodidad y una suela de goma con suela tonal. Tienen un precio bastante accesible teniendo en cuenta que gracias a su modelo y color puedes combinarlo con cualquier cosa.<\/p>\n<p><img loading=\"lazy\" decoding=\"async\" class=\"alignnone size-medium wp-image-95043\" src=\"https:\/\/graziamagazine.com\/mx\/wp-content\/uploads\/sites\/13\/2021\/03\/1616377087-211749F128001_1.jpg?w=450\" alt=\"Celebrity Style: Los skinny jeans + tenis b\u00e1sicos de Emrata \" width=\"450\" height=\"197\" \/><\/p>\n<h5><em>*IM\u00c1GENES: <span class=\"image-copyright\">Getty Images, Reebok, Emily Ratajkowski<\/span><\/em><\/h5>\n","protected":false},"author":27779,"featured_media":95048,"template":"","format":"standard","categories":[2,4],"acf":[],"yoast_head":"<!-- This site is optimized with the Yoast SEO Premium plugin v18.5 (Yoast SEO v20.4) - https:\/\/yoast.com\/wordpress\/plugins\/seo\/ -->\n<title>Celebrity Style: Los skinny jeans + tenis b\u00e1sicos de Emrata | Grazia M\u00e9xico y Latinoam\u00e9rica<\/title>\n<meta name=\"description\" content=\"Con prendas b\u00e1sicas y los accesorios correctos, la modelo nos da unas clases de estilo (y comodidad) por las calles de Nueva York.\" \/>\n<meta name=\"robots\" content=\"index, follow, max-snippet:-1, max-image-preview:large, max-video-preview:-1\" \/>\n<link rel=\"canonical\" href=\"https:\/\/graziamagazine.com\/mx\/articles\/celebrity-style-los-skinny-jeans-tenis-basicos-de-emrata\/\" \/>\n<meta property=\"og:locale\" content=\"es_MX\" \/>\n<meta property=\"og:type\" content=\"article\" \/>\n<meta property=\"og:title\" content=\"Celebrity Style: Los skinny jeans + tenis b\u00e1sicos de Emrata\" \/>\n<meta property=\"og:description\" content=\"Con prendas b\u00e1sicas y los accesorios correctos, la modelo nos da unas clases de estilo (y comodidad) por las calles de Nueva York.\" \/>\n<meta property=\"og:url\" content=\"https:\/\/graziamagazine.com\/mx\/articles\/celebrity-style-los-skinny-jeans-tenis-basicos-de-emrata\/\" \/>\n<meta property=\"og:site_name\" content=\"Grazia M\u00e9xico y Latinoam\u00e9rica\" \/>\n<meta property=\"article:modified_time\" content=\"2021-03-25T22:59:03+00:00\" \/>\n<meta property=\"og:image\" content=\"https:\/\/graziamagazine.com\/mx\/wp-content\/uploads\/sites\/13\/2021\/03\/135540978_250770126466545_1535993436415425553_n.jpg?fit=1080%2C753\" \/>\n\t<meta property=\"og:image:width\" content=\"1080\" \/>\n\t<meta property=\"og:image:height\" content=\"753\" \/>\n\t<meta property=\"og:image:type\" content=\"image\/jpeg\" \/>\n<meta name=\"twitter:card\" content=\"summary_large_image\" \/>\n<meta name=\"twitter:label1\" content=\"Est. reading time\" \/>\n\t<meta name=\"twitter:data1\" content=\"1 minuto\" \/>\n<script type=\"application\/ld+json\" class=\"yoast-schema-graph\">{\"@context\":\"https:\/\/schema.org\",\"@graph\":[{\"@type\":\"WebPage\",\"@id\":\"https:\/\/graziamagazine.com\/mx\/articles\/celebrity-style-los-skinny-jeans-tenis-basicos-de-emrata\/\",\"url\":\"https:\/\/graziamagazine.com\/mx\/articles\/celebrity-style-los-skinny-jeans-tenis-basicos-de-emrata\/\",\"name\":\"Celebrity Style: Los skinny jeans + tenis b\u00e1sicos de Emrata | Grazia M\u00e9xico y Latinoam\u00e9rica\",\"isPartOf\":{\"@id\":\"https:\/\/graziamagazine.com\/mx\/#website\"},\"datePublished\":\"2021-03-25T21:45:00+00:00\",\"dateModified\":\"2021-03-25T22:59:03+00:00\",\"description\":\"Con prendas b\u00e1sicas y los accesorios correctos, la modelo nos da unas clases de estilo (y comodidad) por las calles de Nueva York.\",\"breadcrumb\":{\"@id\":\"https:\/\/graziamagazine.com\/mx\/articles\/celebrity-style-los-skinny-jeans-tenis-basicos-de-emrata\/#breadcrumb\"},\"inLanguage\":\"es-MX\",\"potentialAction\":[{\"@type\":\"ReadAction\",\"target\":[\"https:\/\/graziamagazine.com\/mx\/articles\/celebrity-style-los-skinny-jeans-tenis-basicos-de-emrata\/\"]}]},{\"@type\":\"BreadcrumbList\",\"@id\":\"https:\/\/graziamagazine.com\/mx\/articles\/celebrity-style-los-skinny-jeans-tenis-basicos-de-emrata\/#breadcrumb\",\"itemListElement\":[{\"@type\":\"ListItem\",\"position\":1,\"name\":\"Home\",\"item\":\"https:\/\/graziamagazine.com\/mx\/\"},{\"@type\":\"ListItem\",\"position\":2,\"name\":\"Celebrity Style: Los skinny jeans + tenis b\u00e1sicos de Emrata\"}]},{\"@type\":\"WebSite\",\"@id\":\"https:\/\/graziamagazine.com\/mx\/#website\",\"url\":\"https:\/\/graziamagazine.com\/mx\/\",\"name\":\"Grazia M\u00e9xico y Latinoam\u00e9rica\",\"description\":\"Grazia es moda, belleza y noticias  de actualidad \",\"potentialAction\":[{\"@type\":\"SearchAction\",\"target\":{\"@type\":\"EntryPoint\",\"urlTemplate\":\"https:\/\/graziamagazine.com\/mx\/?s={search_term_string}\"},\"query-input\":\"required name=search_term_string\"}],\"inLanguage\":\"es-MX\"}]}<\/script>\n<!-- \/ Yoast SEO Premium plugin. -->","yoast_head_json":{"title":"Celebrity Style: Los skinny jeans + tenis b\u00e1sicos de Emrata | Grazia M\u00e9xico y Latinoam\u00e9rica","description":"Con prendas b\u00e1sicas y los accesorios correctos, la modelo nos da unas clases de estilo (y comodidad) por las calles de Nueva York.","robots":{"index":"index","follow":"follow","max-snippet":"max-snippet:-1","max-image-preview":"max-image-preview:large","max-video-preview":"max-video-preview:-1"},"canonical":"https:\/\/graziamagazine.com\/mx\/articles\/celebrity-style-los-skinny-jeans-tenis-basicos-de-emrata\/","og_locale":"es_MX","og_type":"article","og_title":"Celebrity Style: Los skinny jeans + tenis b\u00e1sicos de Emrata","og_description":"Con prendas b\u00e1sicas y los accesorios correctos, la modelo nos da unas clases de estilo (y comodidad) por las calles de Nueva York.","og_url":"https:\/\/graziamagazine.com\/mx\/articles\/celebrity-style-los-skinny-jeans-tenis-basicos-de-emrata\/","og_site_name":"Grazia M\u00e9xico y Latinoam\u00e9rica","article_modified_time":"2021-03-25T22:59:03+00:00","og_image":[{"width":1080,"height":753,"url":"https:\/\/graziamagazine.com\/mx\/wp-content\/uploads\/sites\/13\/2021\/03\/135540978_250770126466545_1535993436415425553_n.jpg?fit=1080%2C753","type":"image\/jpeg"}],"twitter_card":"summary_large_image","twitter_misc":{"Est. reading time":"1 minuto"},"schema":{"@context":"https:\/\/schema.org","@graph":[{"@type":"WebPage","@id":"https:\/\/graziamagazine.com\/mx\/articles\/celebrity-style-los-skinny-jeans-tenis-basicos-de-emrata\/","url":"https:\/\/graziamagazine.com\/mx\/articles\/celebrity-style-los-skinny-jeans-tenis-basicos-de-emrata\/","name":"Celebrity Style: Los skinny jeans + tenis b\u00e1sicos de Emrata | Grazia M\u00e9xico y Latinoam\u00e9rica","isPartOf":{"@id":"https:\/\/graziamagazine.com\/mx\/#website"},"datePublished":"2021-03-25T21:45:00+00:00","dateModified":"2021-03-25T22:59:03+00:00","description":"Con prendas b\u00e1sicas y los accesorios correctos, la modelo nos da unas clases de estilo (y comodidad) por las calles de Nueva York.","breadcrumb":{"@id":"https:\/\/graziamagazine.com\/mx\/articles\/celebrity-style-los-skinny-jeans-tenis-basicos-de-emrata\/#breadcrumb"},"inLanguage":"es-MX","potentialAction":[{"@type":"ReadAction","target":["https:\/\/graziamagazine.com\/mx\/articles\/celebrity-style-los-skinny-jeans-tenis-basicos-de-emrata\/"]}]},{"@type":"BreadcrumbList","@id":"https:\/\/graziamagazine.com\/mx\/articles\/celebrity-style-los-skinny-jeans-tenis-basicos-de-emrata\/#breadcrumb","itemListElement":[{"@type":"ListItem","position":1,"name":"Home","item":"https:\/\/graziamagazine.com\/mx\/"},{"@type":"ListItem","position":2,"name":"Celebrity Style: Los skinny jeans + tenis b\u00e1sicos de Emrata"}]},{"@type":"WebSite","@id":"https:\/\/graziamagazine.com\/mx\/#website","url":"https:\/\/graziamagazine.com\/mx\/","name":"Grazia M\u00e9xico y Latinoam\u00e9rica","description":"Grazia es moda, belleza y noticias  de actualidad ","potentialAction":[{"@type":"SearchAction","target":{"@type":"EntryPoint","urlTemplate":"https:\/\/graziamagazine.com\/mx\/?s={search_term_string}"},"query-input":"required name=search_term_string"}],"inLanguage":"es-MX"}]}},"jetpack_sharing_enabled":true,"distributor_meta":false,"distributor_terms":false,"distributor_media":false,"distributor_original_site_name":"Grazia M\u00e9xico y Latinoam\u00e9rica","distributor_original_site_url":"https:\/\/graziamagazine.com\/mx","push-errors":false,"_links":{"self":[{"href":"https:\/\/graziamagazine.com\/mx\/wp-json\/wp\/v2\/articles\/95025"}],"collection":[{"href":"https:\/\/graziamagazine.com\/mx\/wp-json\/wp\/v2\/articles"}],"about":[{"href":"https:\/\/graziamagazine.com\/mx\/wp-json\/wp\/v2\/types\/articles"}],"author":[{"embeddable":true,"href":"https:\/\/graziamagazine.com\/mx\/wp-json\/wp\/v2\/users\/27779"}],"wp:featuredmedia":[{"embeddable":true,"href":"https:\/\/graziamagazine.com\/mx\/wp-json\/wp\/v2\/media\/95048"}],"wp:attachment":[{"href":"https:\/\/graziamagazine.com\/mx\/wp-json\/wp\/v2\/media?parent=95025"}],"wp:term":[{"taxonomy":"category","embeddable":true,"href":"https:\/\/graziamagazine.com\/mx\/wp-json\/wp\/v2\/categories?post=95025"}],"curies":[{"name":"wp","href":"https:\/\/api.w.org\/{rel}","templated":true}]}}