{"id":95002,"date":"2021-03-24T14:02:44","date_gmt":"2021-03-24T19:02:44","guid":{"rendered":"https:\/\/graziamagazine.com\/mx\/?post_type=articles&#038;p=95002"},"modified":"2021-03-24T14:56:22","modified_gmt":"2021-03-24T19:56:22","slug":"la-nueva-cruella-se-estrenara-primero-en-disney","status":"publish","type":"articles","link":"https:\/\/graziamagazine.com\/mx\/articles\/la-nueva-cruella-se-estrenara-primero-en-disney\/","title":{"rendered":"La nueva Cruella se estrenar\u00e1 tambi\u00e9n en Disney +"},"content":{"rendered":"<p>Las plataformas de <em>streaming<\/em> se han convertido en un canal m\u00e1s que habitual en nuestras vidas. Sentarnos a disfrutar de los \u00faltimos estrenos, y esperarlos contando los d\u00edas es algo que todos hacemos, y quien no miente o no est\u00e1 en el mundo digital que vivimos. Las plataformas cada vez invierten m\u00e1s en grandes producciones, tanto que los \u00faltimos premios del cine y la televisi\u00f3n est\u00e1n llenos de nominados que proceden de estos ecosistemas digitales, incluido los pr\u00f3ximos Premios Oscar.<\/p>\n<p>La \u00faltima en sumarse a su estreno a trav\u00e9s de streaming es <em>Cruella<\/em>, la nueva versi\u00f3n protagonizada por <a href=\"https:\/\/bit.ly\/3jYLd7h\" target=\"_blank\"><strong>Emma Stone<\/strong><\/a> que est\u00e1 haciendo correr r\u00edos de tinta y ni siquiera ha llegado a la gran pantalla, y que supone un de las grandes apuestas de Disney. Ya sab\u00edamos que su estreno ser\u00eda el pr\u00f3ximo mes de mayo, pero el gigante del entretenimiento, es decir <strong>Disney, ha confirmado que su estreno ser\u00e1 el pr\u00f3ximo d\u00eda 28 de mayo y lo har\u00e1 tambi\u00e9n a trav\u00e9s de su plataforma de <em>streaming<\/em> Disney +,\u00a0<\/strong>uno de los m\u00faltiples cambios en cuestiones de entretenimiento que ha tra\u00eddo la pandemia.<\/p>\n<p>Como te hemos venido contando, la nueva Cruella se centra en los primeros a\u00f1os de esta villana cuando trataba de hacerse un hueco en el mundo de la moda, una mujer an\u00e1rquica y punk, en plena revoluci\u00f3n punk de la Inglaterra de los a\u00f1os 70, y con la ciudad de Londres como escenario. De momento no sabemos bien c\u00f3mo se podr\u00e1 ver en M\u00e9xico, s\u00ed sabemos que en Estados Unidos podr\u00e1 verse con el acceso &#8220;Premier Access&#8221;, el cual supone un costo de 30 d\u00f3lares por renta, y habr\u00e1 que esperar para saber si en M\u00e9xico estar\u00e1 incluida en la <a href=\"https:\/\/bit.ly\/2GrzK0K\" target=\"_blank\">suscripci\u00f3n normal de Disney +<\/a> habr\u00e1 que hacer un pago extra.<\/p>\n<p>Te dejamos el segundo <a href=\"https:\/\/bit.ly\/3dlRnNJ\" target=\"_blank\">tr\u00e1iler<\/a> para que vayas teniendo m\u00e1s ganas de Cruella:<\/p>\n<p><iframe loading=\"lazy\" title=\"CRUELLA Trailer 2 (2021) Emma Stone, Disney Movie\" width=\"500\" height=\"281\" src=\"https:\/\/www.youtube.com\/embed\/9u-t0-9JS4o?feature=oembed\" frameborder=\"0\" allow=\"accelerometer; autoplay; clipboard-write; encrypted-media; gyroscope; picture-in-picture\" allowfullscreen><\/iframe><\/p>\n<p><strong><em>*IMAGEN: Cortes\u00eda de Disney<\/em><\/strong><\/p>\n","protected":false},"author":11653,"featured_media":95009,"template":"","format":"standard","categories":[114],"acf":[],"yoast_head":"<!-- This site is optimized with the Yoast SEO Premium plugin v18.5 (Yoast SEO v20.4) - https:\/\/yoast.com\/wordpress\/plugins\/seo\/ -->\n<title>La nueva Cruella se estrenar\u00e1 tambi\u00e9n en Disney + | Grazia M\u00e9xico y Latinoam\u00e9rica<\/title>\n<meta name=\"description\" content=\"Disney confirma que una de sus grandes apuestas se estrenar\u00e1 al mismo tiempo en cines y en su plataforma de streaming. \u00a1Y sabemos la fecha exacta!\" \/>\n<meta name=\"robots\" content=\"index, follow, max-snippet:-1, max-image-preview:large, max-video-preview:-1\" \/>\n<link rel=\"canonical\" href=\"https:\/\/graziamagazine.com\/mx\/articles\/la-nueva-cruella-se-estrenara-primero-en-disney\/\" \/>\n<meta property=\"og:locale\" content=\"es_MX\" \/>\n<meta property=\"og:type\" content=\"article\" \/>\n<meta property=\"og:title\" content=\"La nueva Cruella se estrenar\u00e1 tambi\u00e9n en Disney +\" \/>\n<meta property=\"og:description\" content=\"Disney confirma que una de sus grandes apuestas se estrenar\u00e1 al mismo tiempo en cines y en su plataforma de streaming. \u00a1Y sabemos la fecha exacta!\" \/>\n<meta property=\"og:url\" content=\"https:\/\/graziamagazine.com\/mx\/articles\/la-nueva-cruella-se-estrenara-primero-en-disney\/\" \/>\n<meta property=\"og:site_name\" content=\"Grazia M\u00e9xico y Latinoam\u00e9rica\" \/>\n<meta property=\"article:modified_time\" content=\"2021-03-24T19:56:22+00:00\" \/>\n<meta property=\"og:image\" content=\"https:\/\/graziamagazine.com\/mx\/wp-content\/uploads\/sites\/13\/2021\/03\/cruella-trailer-pelicula-disney-emma-stone-892841-1.jpg?fit=1200%2C650\" \/>\n\t<meta property=\"og:image:width\" content=\"1200\" \/>\n\t<meta property=\"og:image:height\" content=\"650\" \/>\n\t<meta property=\"og:image:type\" content=\"image\/jpeg\" \/>\n<meta name=\"twitter:card\" content=\"summary_large_image\" \/>\n<meta name=\"twitter:label1\" content=\"Est. reading time\" \/>\n\t<meta name=\"twitter:data1\" content=\"2 minutos\" \/>\n<script type=\"application\/ld+json\" class=\"yoast-schema-graph\">{\"@context\":\"https:\/\/schema.org\",\"@graph\":[{\"@type\":\"WebPage\",\"@id\":\"https:\/\/graziamagazine.com\/mx\/articles\/la-nueva-cruella-se-estrenara-primero-en-disney\/\",\"url\":\"https:\/\/graziamagazine.com\/mx\/articles\/la-nueva-cruella-se-estrenara-primero-en-disney\/\",\"name\":\"La nueva Cruella se estrenar\u00e1 tambi\u00e9n en Disney + | Grazia M\u00e9xico y Latinoam\u00e9rica\",\"isPartOf\":{\"@id\":\"https:\/\/graziamagazine.com\/mx\/#website\"},\"datePublished\":\"2021-03-24T19:02:44+00:00\",\"dateModified\":\"2021-03-24T19:56:22+00:00\",\"description\":\"Disney confirma que una de sus grandes apuestas se estrenar\u00e1 al mismo tiempo en cines y en su plataforma de streaming. \u00a1Y sabemos la fecha exacta!\",\"breadcrumb\":{\"@id\":\"https:\/\/graziamagazine.com\/mx\/articles\/la-nueva-cruella-se-estrenara-primero-en-disney\/#breadcrumb\"},\"inLanguage\":\"es-MX\",\"potentialAction\":[{\"@type\":\"ReadAction\",\"target\":[\"https:\/\/graziamagazine.com\/mx\/articles\/la-nueva-cruella-se-estrenara-primero-en-disney\/\"]}]},{\"@type\":\"BreadcrumbList\",\"@id\":\"https:\/\/graziamagazine.com\/mx\/articles\/la-nueva-cruella-se-estrenara-primero-en-disney\/#breadcrumb\",\"itemListElement\":[{\"@type\":\"ListItem\",\"position\":1,\"name\":\"Home\",\"item\":\"https:\/\/graziamagazine.com\/mx\/\"},{\"@type\":\"ListItem\",\"position\":2,\"name\":\"La nueva Cruella se estrenar\u00e1 tambi\u00e9n en Disney +\"}]},{\"@type\":\"WebSite\",\"@id\":\"https:\/\/graziamagazine.com\/mx\/#website\",\"url\":\"https:\/\/graziamagazine.com\/mx\/\",\"name\":\"Grazia M\u00e9xico y Latinoam\u00e9rica\",\"description\":\"Grazia es moda, belleza y noticias  de actualidad \",\"potentialAction\":[{\"@type\":\"SearchAction\",\"target\":{\"@type\":\"EntryPoint\",\"urlTemplate\":\"https:\/\/graziamagazine.com\/mx\/?s={search_term_string}\"},\"query-input\":\"required name=search_term_string\"}],\"inLanguage\":\"es-MX\"}]}<\/script>\n<!-- \/ Yoast SEO Premium plugin. -->","yoast_head_json":{"title":"La nueva Cruella se estrenar\u00e1 tambi\u00e9n en Disney + | Grazia M\u00e9xico y Latinoam\u00e9rica","description":"Disney confirma que una de sus grandes apuestas se estrenar\u00e1 al mismo tiempo en cines y en su plataforma de streaming. \u00a1Y sabemos la fecha exacta!","robots":{"index":"index","follow":"follow","max-snippet":"max-snippet:-1","max-image-preview":"max-image-preview:large","max-video-preview":"max-video-preview:-1"},"canonical":"https:\/\/graziamagazine.com\/mx\/articles\/la-nueva-cruella-se-estrenara-primero-en-disney\/","og_locale":"es_MX","og_type":"article","og_title":"La nueva Cruella se estrenar\u00e1 tambi\u00e9n en Disney +","og_description":"Disney confirma que una de sus grandes apuestas se estrenar\u00e1 al mismo tiempo en cines y en su plataforma de streaming. \u00a1Y sabemos la fecha exacta!","og_url":"https:\/\/graziamagazine.com\/mx\/articles\/la-nueva-cruella-se-estrenara-primero-en-disney\/","og_site_name":"Grazia M\u00e9xico y Latinoam\u00e9rica","article_modified_time":"2021-03-24T19:56:22+00:00","og_image":[{"width":1200,"height":650,"url":"https:\/\/graziamagazine.com\/mx\/wp-content\/uploads\/sites\/13\/2021\/03\/cruella-trailer-pelicula-disney-emma-stone-892841-1.jpg?fit=1200%2C650","type":"image\/jpeg"}],"twitter_card":"summary_large_image","twitter_misc":{"Est. reading time":"2 minutos"},"schema":{"@context":"https:\/\/schema.org","@graph":[{"@type":"WebPage","@id":"https:\/\/graziamagazine.com\/mx\/articles\/la-nueva-cruella-se-estrenara-primero-en-disney\/","url":"https:\/\/graziamagazine.com\/mx\/articles\/la-nueva-cruella-se-estrenara-primero-en-disney\/","name":"La nueva Cruella se estrenar\u00e1 tambi\u00e9n en Disney + | Grazia M\u00e9xico y Latinoam\u00e9rica","isPartOf":{"@id":"https:\/\/graziamagazine.com\/mx\/#website"},"datePublished":"2021-03-24T19:02:44+00:00","dateModified":"2021-03-24T19:56:22+00:00","description":"Disney confirma que una de sus grandes apuestas se estrenar\u00e1 al mismo tiempo en cines y en su plataforma de streaming. \u00a1Y sabemos la fecha exacta!","breadcrumb":{"@id":"https:\/\/graziamagazine.com\/mx\/articles\/la-nueva-cruella-se-estrenara-primero-en-disney\/#breadcrumb"},"inLanguage":"es-MX","potentialAction":[{"@type":"ReadAction","target":["https:\/\/graziamagazine.com\/mx\/articles\/la-nueva-cruella-se-estrenara-primero-en-disney\/"]}]},{"@type":"BreadcrumbList","@id":"https:\/\/graziamagazine.com\/mx\/articles\/la-nueva-cruella-se-estrenara-primero-en-disney\/#breadcrumb","itemListElement":[{"@type":"ListItem","position":1,"name":"Home","item":"https:\/\/graziamagazine.com\/mx\/"},{"@type":"ListItem","position":2,"name":"La nueva Cruella se estrenar\u00e1 tambi\u00e9n en Disney +"}]},{"@type":"WebSite","@id":"https:\/\/graziamagazine.com\/mx\/#website","url":"https:\/\/graziamagazine.com\/mx\/","name":"Grazia M\u00e9xico y Latinoam\u00e9rica","description":"Grazia es moda, belleza y noticias  de actualidad ","potentialAction":[{"@type":"SearchAction","target":{"@type":"EntryPoint","urlTemplate":"https:\/\/graziamagazine.com\/mx\/?s={search_term_string}"},"query-input":"required name=search_term_string"}],"inLanguage":"es-MX"}]}},"jetpack_sharing_enabled":true,"distributor_meta":false,"distributor_terms":false,"distributor_media":false,"distributor_original_site_name":"Grazia M\u00e9xico y Latinoam\u00e9rica","distributor_original_site_url":"https:\/\/graziamagazine.com\/mx","push-errors":false,"_links":{"self":[{"href":"https:\/\/graziamagazine.com\/mx\/wp-json\/wp\/v2\/articles\/95002"}],"collection":[{"href":"https:\/\/graziamagazine.com\/mx\/wp-json\/wp\/v2\/articles"}],"about":[{"href":"https:\/\/graziamagazine.com\/mx\/wp-json\/wp\/v2\/types\/articles"}],"author":[{"embeddable":true,"href":"https:\/\/graziamagazine.com\/mx\/wp-json\/wp\/v2\/users\/11653"}],"wp:featuredmedia":[{"embeddable":true,"href":"https:\/\/graziamagazine.com\/mx\/wp-json\/wp\/v2\/media\/95009"}],"wp:attachment":[{"href":"https:\/\/graziamagazine.com\/mx\/wp-json\/wp\/v2\/media?parent=95002"}],"wp:term":[{"taxonomy":"category","embeddable":true,"href":"https:\/\/graziamagazine.com\/mx\/wp-json\/wp\/v2\/categories?post=95002"}],"curies":[{"name":"wp","href":"https:\/\/api.w.org\/{rel}","templated":true}]}}