{"id":94886,"date":"2021-03-22T16:59:34","date_gmt":"2021-03-22T21:59:34","guid":{"rendered":"https:\/\/graziamagazine.com\/mx\/?post_type=articles&#038;p=94886"},"modified":"2021-03-22T18:32:53","modified_gmt":"2021-03-22T23:32:53","slug":"celebrity-style-los-chalecos-son-la-tendencia-favorita-de-kendall-jenner-y-harry-styles","status":"publish","type":"articles","link":"https:\/\/graziamagazine.com\/mx\/articles\/celebrity-style-los-chalecos-son-la-tendencia-favorita-de-kendall-jenner-y-harry-styles\/","title":{"rendered":"Celebrity Style: Los chalecos son la tendencia favorita de Kendall Jenner y Harry Styles"},"content":{"rendered":"<p>Con todo el estilo y buena energ\u00eda de primavera,<strong> Kendall Jenner<\/strong> y<strong> Harry Styles<\/strong>\u00a0le han dado la bienvenida a la prenda favorita de Chandler Bing \u00a1y nos encanta! Los <strong>chalecos<\/strong>\u00a0de punto empezaron a usarse desde el pasado diciembre, pero para esta \u00faltima temporada vienen con todo, en diferentes texturas, estampados, colores, largos y patrones gr\u00e1ficos.<\/p>\n<p>El interprete de\u00a0<em>Watermelon Sugar\u00a0<\/em>ha sido durante mucho tiempo fan\u00e1tico de esta prenda, lo hemos visto lucirla en todos los tonos y formas. De hecho, el a\u00f1o pasado hizo un homenaje a Lady Di con uno de borregos, y sin importar la temporada, el cantante ha convertido los chalecos de punto en un <em>statement<\/em> de sus <em>looks<\/em> siempre tan setenteros.<\/p>\n<div class=\"content-gallery\"><div class=\"gallery-placeholder\"><div class=\"spinner\"><\/div><\/div><span class=\"gallery-pagination\"><\/span><div id=\"gallery-1\" class=\"gallery galleryid-94886 gallery-columns- gallery-size-\"><figure class=\"gallery-item\"><div class=\"gallery-icon landscape\"><img loading=\"lazy\" decoding=\"async\" width=\"422\" height=\"750\" src=\"https:\/\/graziamagazine.com\/mx\/wp-content\/uploads\/sites\/13\/2021\/03\/Harry-styles-sheep-diana.jpg\" class=\"lazy\" alt=\"\" \/><\/div><\/figure><figure class=\"gallery-item\"><div class=\"gallery-icon landscape\"><img loading=\"lazy\" decoding=\"async\" width=\"960\" height=\"1440\" src=\"https:\/\/graziamagazine.com\/mx\/wp-content\/uploads\/sites\/13\/2021\/03\/5fdb92922400006a259fa6e1-1.jpeg\" class=\"lazy\" alt=\"\" \/><\/div><\/figure><\/div><\/div>\n<p>Y parece que su exnovia, Kendall, ha estado inspir\u00e1ndose en su estilo. Pase\u00e1ndose por las calles de la Gran Manzana, fot\u00f3grafos captaron a la modelo en el<em> outfit<\/em> que ya todas queremos para la primavera: pantalones en verde, mocasines marrones y un chaleco de rayas sobre una camisa b\u00e1sica en blanco. Tal parece que Jenner hubiera asaltado el armario de Harry. \u00bfLa mejor parte? <strong>Este <a href=\"https:\/\/shop.mango.com\/mx\/mujer\/cardigans-y-jerseis-chalecos\/chaleco-punto-multicolor_87064057.html\" target=\"_blank\">chaleco es de Mango<\/a><\/strong> \u00a1y puede ser tuyo! Su precio es de 899 pesos mexicano.<\/p>\n<div class=\"content-gallery\"><div class=\"gallery-placeholder\"><div class=\"spinner\"><\/div><\/div><span class=\"gallery-pagination\"><\/span><div id=\"gallery-2\" class=\"gallery galleryid-94886 gallery-columns- gallery-size-\"><figure class=\"gallery-item\"><div class=\"gallery-icon landscape\"><img loading=\"lazy\" decoding=\"async\" width=\"1024\" height=\"1536\" src=\"https:\/\/graziamagazine.com\/mx\/wp-content\/uploads\/sites\/13\/2021\/03\/GettyImages-1308281043.jpg\" class=\"lazy\" alt=\"Celebrity Style: Los chalecos son la tendencia favorita de Kendall Jenner y Harry Styles\" \/><\/div><\/figure><figure class=\"gallery-item\"><div class=\"gallery-icon landscape\"><img loading=\"lazy\" decoding=\"async\" width=\"1024\" height=\"1641\" src=\"https:\/\/graziamagazine.com\/mx\/wp-content\/uploads\/sites\/13\/2021\/03\/GettyImages-1231869152.jpg\" class=\"lazy\" alt=\"Celebrity Style: Los chalecos son la tendencia favorita de Kendall Jenner y Harry Styles\" \/><\/div><\/figure><figure class=\"gallery-item\"><div class=\"gallery-icon landscape\"><img loading=\"lazy\" decoding=\"async\" width=\"1013\" height=\"1013\" src=\"https:\/\/graziamagazine.com\/mx\/wp-content\/uploads\/sites\/13\/2021\/03\/slide252023.jpeg\" class=\"lazy\" alt=\"Celebrity Style: Los chalecos son la tendencia favorita de Kendall Jenner y Harry Styles\" \/><\/div><\/figure><\/div><\/div>\n<p>&nbsp;<\/p>\n<p>No importa si est\u00e1s buscando invertir en un chaleco de lujo o en uno<em> low cost<\/em>, nosotras nos dimos a la tarea de buscar las mejores opciones para que luzcas espectacular toda la temporada y le des un toque distintivo a tus <em>outftits<\/em> de primavera:<\/p>\n<div class=\"content-gallery\"><div class=\"gallery-placeholder\"><div class=\"spinner\"><\/div><\/div><span class=\"gallery-pagination\"><\/span><div id=\"gallery-3\" class=\"gallery galleryid-94886 gallery-columns- gallery-size-\"><figure class=\"gallery-item\"><div class=\"gallery-icon landscape\"><img loading=\"lazy\" decoding=\"async\" width=\"828\" height=\"1245\" src=\"https:\/\/graziamagazine.com\/mx\/wp-content\/uploads\/sites\/13\/2021\/03\/IMG-4005.jpg\" class=\"lazy\" alt=\"Celebrity Style: Los chalecos son la tendencia favorita de Kendall Jenner y Harry Styles\" \/><\/div><figcaption class=\"wp-caption-text gallery-caption\" id=\"gallery-3-94904\">\u00a1Con mucho brillo! De Gucci. Lo encuentras en Farfetch. <\/figcaption><\/figure><figure class=\"gallery-item\"><div class=\"gallery-icon landscape\"><img loading=\"lazy\" decoding=\"async\" width=\"500\" height=\"755\" src=\"https:\/\/graziamagazine.com\/mx\/wp-content\/uploads\/sites\/13\/2021\/03\/Captura-de-pantalla-2021-03-22-a-las-16.12.24-e1616451258255.png\" class=\"lazy\" alt=\"Celebrity Style: Los chalecos son la tendencia favorita de Kendall Jenner y Harry Styles\" \/><\/div><figcaption class=\"wp-caption-text gallery-caption\" id=\"gallery-3-94898\">Chaleco en verde, de Zara. <\/figcaption><\/figure><figure class=\"gallery-item\"><div class=\"gallery-icon landscape\"><img loading=\"lazy\" decoding=\"async\" width=\"828\" height=\"1218\" src=\"https:\/\/graziamagazine.com\/mx\/wp-content\/uploads\/sites\/13\/2021\/03\/IMG-4004.jpg\" class=\"lazy\" alt=\"Celebrity Style: Los chalecos son la tendencia favorita de Kendall Jenner y Harry Styles\" \/><\/div><figcaption class=\"wp-caption-text gallery-caption\" id=\"gallery-3-94905\">Y porque los rombos no pueden faltar, este lo encuentras en Zara. <\/figcaption><\/figure><figure class=\"gallery-item\"><div class=\"gallery-icon landscape\"><img loading=\"lazy\" decoding=\"async\" width=\"900\" height=\"1235\" src=\"https:\/\/graziamagazine.com\/mx\/wp-content\/uploads\/sites\/13\/2021\/03\/1113451400_2_5_2.jpg\" class=\"lazy\" alt=\"Celebrity Style: Los chalecos son la tendencia favorita de Kendall Jenner y Harry Styles\" \/><\/div><figcaption class=\"wp-caption-text gallery-caption\" id=\"gallery-3-94901\">A cuadros en diferentes tonos de azul, de Uterq\u00fce.<\/figcaption><\/figure><figure class=\"gallery-item\"><div class=\"gallery-icon landscape\"><img loading=\"lazy\" decoding=\"async\" width=\"568\" height=\"727\" src=\"https:\/\/graziamagazine.com\/mx\/wp-content\/uploads\/sites\/13\/2021\/03\/Captura-de-pantalla-2021-03-22-a-las-16.43.50-e1616453064212.png\" class=\"lazy\" alt=\"Celebrity Style: Los chalecos son la tendencia favorita de Kendall Jenner y Harry Styles\" \/><\/div><figcaption class=\"wp-caption-text gallery-caption\" id=\"gallery-3-94899\">De rombos y en verde: el color estelar de la primavera. Lo encuentras en SHEIN. <\/figcaption><\/figure><figure class=\"gallery-item\"><div class=\"gallery-icon landscape\"><img loading=\"lazy\" decoding=\"async\" width=\"1090\" height=\"1803\" src=\"https:\/\/graziamagazine.com\/mx\/wp-content\/uploads\/sites\/13\/2021\/03\/c\u0327.jpg\" class=\"lazy\" alt=\"Celebrity Style: Los chalecos son la tendencia favorita de Kendall Jenner y Harry Styles\" \/><\/div><figcaption class=\"wp-caption-text gallery-caption\" id=\"gallery-3-94900\">En tonos pasteles, de Stradivarius. <\/figcaption><\/figure><figure class=\"gallery-item\"><div class=\"gallery-icon landscape\"><img loading=\"lazy\" decoding=\"async\" width=\"900\" height=\"1235\" src=\"https:\/\/graziamagazine.com\/mx\/wp-content\/uploads\/sites\/13\/2021\/03\/1093451712_2_5_2.jpg\" class=\"lazy\" alt=\"Celebrity Style: Los chalecos son la tendencia favorita de Kendall Jenner y Harry Styles\" \/><\/div><figcaption class=\"wp-caption-text gallery-caption\" id=\"gallery-3-94902\">Minimalista y muy al estilo Kendall Jenner, de Uterq\u00fce.<\/figcaption><\/figure><figure class=\"gallery-item\"><div class=\"gallery-icon landscape\"><img loading=\"lazy\" decoding=\"async\" width=\"828\" height=\"1088\" src=\"https:\/\/graziamagazine.com\/mx\/wp-content\/uploads\/sites\/13\/2021\/03\/IMG-4006.jpg\" class=\"lazy\" alt=\"Celebrity Style: Los chalecos son la tendencia favorita de Kendall Jenner y Harry Styles\" \/><\/div><figcaption class=\"wp-caption-text gallery-caption\" id=\"gallery-3-94903\">Con aberturas y colores en contraste, de Burberry. Lo encuentras en Farfetch. <\/figcaption><\/figure><\/div><\/div>\n<h5><em>Fotograf\u00edas: Getty Images, Cortes\u00edas<\/em><\/h5>\n","protected":false},"author":11656,"featured_media":94906,"template":"","format":"standard","categories":[2,4],"acf":[],"yoast_head":"<!-- This site is optimized with the Yoast SEO Premium plugin v18.5 (Yoast SEO v20.4) - https:\/\/yoast.com\/wordpress\/plugins\/seo\/ -->\n<title>Celebrity Style: Los chalecos son la tendencia favorita de Kendall Jenner y Harry Styles | Grazia M\u00e9xico y Latinoam\u00e9rica<\/title>\n<meta name=\"description\" content=\"Kendall Jenner parece estar inspir\u00e1ndose en el estilo de Harry Styles \u00a1y nos encanta!\" \/>\n<meta name=\"robots\" content=\"index, follow, max-snippet:-1, max-image-preview:large, max-video-preview:-1\" \/>\n<link rel=\"canonical\" href=\"https:\/\/graziamagazine.com\/mx\/articles\/celebrity-style-los-chalecos-son-la-tendencia-favorita-de-kendall-jenner-y-harry-styles\/\" \/>\n<meta property=\"og:locale\" content=\"es_MX\" \/>\n<meta property=\"og:type\" content=\"article\" \/>\n<meta property=\"og:title\" content=\"Celebrity Style: Los chalecos son la tendencia favorita de Kendall Jenner y Harry Styles\" \/>\n<meta property=\"og:description\" content=\"Kendall Jenner parece estar inspir\u00e1ndose en el estilo de Harry Styles \u00a1y nos encanta!\" \/>\n<meta property=\"og:url\" content=\"https:\/\/graziamagazine.com\/mx\/articles\/celebrity-style-los-chalecos-son-la-tendencia-favorita-de-kendall-jenner-y-harry-styles\/\" \/>\n<meta property=\"og:site_name\" content=\"Grazia M\u00e9xico y Latinoam\u00e9rica\" \/>\n<meta property=\"article:modified_time\" content=\"2021-03-22T23:32:53+00:00\" \/>\n<meta property=\"og:image\" content=\"https:\/\/graziamagazine.com\/mx\/wp-content\/uploads\/sites\/13\/2021\/03\/GettyImages-1231869152-1.jpg?fit=1024%2C708\" \/>\n\t<meta property=\"og:image:width\" content=\"1024\" \/>\n\t<meta property=\"og:image:height\" content=\"708\" \/>\n\t<meta property=\"og:image:type\" content=\"image\/jpeg\" \/>\n<meta name=\"twitter:card\" content=\"summary_large_image\" \/>\n<meta name=\"twitter:label1\" content=\"Est. reading time\" \/>\n\t<meta name=\"twitter:data1\" content=\"1 minuto\" \/>\n<script type=\"application\/ld+json\" class=\"yoast-schema-graph\">{\"@context\":\"https:\/\/schema.org\",\"@graph\":[{\"@type\":\"WebPage\",\"@id\":\"https:\/\/graziamagazine.com\/mx\/articles\/celebrity-style-los-chalecos-son-la-tendencia-favorita-de-kendall-jenner-y-harry-styles\/\",\"url\":\"https:\/\/graziamagazine.com\/mx\/articles\/celebrity-style-los-chalecos-son-la-tendencia-favorita-de-kendall-jenner-y-harry-styles\/\",\"name\":\"Celebrity Style: Los chalecos son la tendencia favorita de Kendall Jenner y Harry Styles | Grazia M\u00e9xico y Latinoam\u00e9rica\",\"isPartOf\":{\"@id\":\"https:\/\/graziamagazine.com\/mx\/#website\"},\"datePublished\":\"2021-03-22T21:59:34+00:00\",\"dateModified\":\"2021-03-22T23:32:53+00:00\",\"description\":\"Kendall Jenner parece estar inspir\u00e1ndose en el estilo de Harry Styles \u00a1y nos encanta!\",\"breadcrumb\":{\"@id\":\"https:\/\/graziamagazine.com\/mx\/articles\/celebrity-style-los-chalecos-son-la-tendencia-favorita-de-kendall-jenner-y-harry-styles\/#breadcrumb\"},\"inLanguage\":\"es-MX\",\"potentialAction\":[{\"@type\":\"ReadAction\",\"target\":[\"https:\/\/graziamagazine.com\/mx\/articles\/celebrity-style-los-chalecos-son-la-tendencia-favorita-de-kendall-jenner-y-harry-styles\/\"]}]},{\"@type\":\"BreadcrumbList\",\"@id\":\"https:\/\/graziamagazine.com\/mx\/articles\/celebrity-style-los-chalecos-son-la-tendencia-favorita-de-kendall-jenner-y-harry-styles\/#breadcrumb\",\"itemListElement\":[{\"@type\":\"ListItem\",\"position\":1,\"name\":\"Home\",\"item\":\"https:\/\/graziamagazine.com\/mx\/\"},{\"@type\":\"ListItem\",\"position\":2,\"name\":\"Celebrity Style: Los chalecos son la tendencia favorita de Kendall Jenner y Harry Styles\"}]},{\"@type\":\"WebSite\",\"@id\":\"https:\/\/graziamagazine.com\/mx\/#website\",\"url\":\"https:\/\/graziamagazine.com\/mx\/\",\"name\":\"Grazia M\u00e9xico y Latinoam\u00e9rica\",\"description\":\"Grazia es moda, belleza y noticias  de actualidad \",\"potentialAction\":[{\"@type\":\"SearchAction\",\"target\":{\"@type\":\"EntryPoint\",\"urlTemplate\":\"https:\/\/graziamagazine.com\/mx\/?s={search_term_string}\"},\"query-input\":\"required name=search_term_string\"}],\"inLanguage\":\"es-MX\"}]}<\/script>\n<!-- \/ Yoast SEO Premium plugin. -->","yoast_head_json":{"title":"Celebrity Style: Los chalecos son la tendencia favorita de Kendall Jenner y Harry Styles | Grazia M\u00e9xico y Latinoam\u00e9rica","description":"Kendall Jenner parece estar inspir\u00e1ndose en el estilo de Harry Styles \u00a1y nos encanta!","robots":{"index":"index","follow":"follow","max-snippet":"max-snippet:-1","max-image-preview":"max-image-preview:large","max-video-preview":"max-video-preview:-1"},"canonical":"https:\/\/graziamagazine.com\/mx\/articles\/celebrity-style-los-chalecos-son-la-tendencia-favorita-de-kendall-jenner-y-harry-styles\/","og_locale":"es_MX","og_type":"article","og_title":"Celebrity Style: Los chalecos son la tendencia favorita de Kendall Jenner y Harry Styles","og_description":"Kendall Jenner parece estar inspir\u00e1ndose en el estilo de Harry Styles \u00a1y nos encanta!","og_url":"https:\/\/graziamagazine.com\/mx\/articles\/celebrity-style-los-chalecos-son-la-tendencia-favorita-de-kendall-jenner-y-harry-styles\/","og_site_name":"Grazia M\u00e9xico y Latinoam\u00e9rica","article_modified_time":"2021-03-22T23:32:53+00:00","og_image":[{"width":1024,"height":708,"url":"https:\/\/graziamagazine.com\/mx\/wp-content\/uploads\/sites\/13\/2021\/03\/GettyImages-1231869152-1.jpg?fit=1024%2C708","type":"image\/jpeg"}],"twitter_card":"summary_large_image","twitter_misc":{"Est. reading time":"1 minuto"},"schema":{"@context":"https:\/\/schema.org","@graph":[{"@type":"WebPage","@id":"https:\/\/graziamagazine.com\/mx\/articles\/celebrity-style-los-chalecos-son-la-tendencia-favorita-de-kendall-jenner-y-harry-styles\/","url":"https:\/\/graziamagazine.com\/mx\/articles\/celebrity-style-los-chalecos-son-la-tendencia-favorita-de-kendall-jenner-y-harry-styles\/","name":"Celebrity Style: Los chalecos son la tendencia favorita de Kendall Jenner y Harry Styles | Grazia M\u00e9xico y Latinoam\u00e9rica","isPartOf":{"@id":"https:\/\/graziamagazine.com\/mx\/#website"},"datePublished":"2021-03-22T21:59:34+00:00","dateModified":"2021-03-22T23:32:53+00:00","description":"Kendall Jenner parece estar inspir\u00e1ndose en el estilo de Harry Styles \u00a1y nos encanta!","breadcrumb":{"@id":"https:\/\/graziamagazine.com\/mx\/articles\/celebrity-style-los-chalecos-son-la-tendencia-favorita-de-kendall-jenner-y-harry-styles\/#breadcrumb"},"inLanguage":"es-MX","potentialAction":[{"@type":"ReadAction","target":["https:\/\/graziamagazine.com\/mx\/articles\/celebrity-style-los-chalecos-son-la-tendencia-favorita-de-kendall-jenner-y-harry-styles\/"]}]},{"@type":"BreadcrumbList","@id":"https:\/\/graziamagazine.com\/mx\/articles\/celebrity-style-los-chalecos-son-la-tendencia-favorita-de-kendall-jenner-y-harry-styles\/#breadcrumb","itemListElement":[{"@type":"ListItem","position":1,"name":"Home","item":"https:\/\/graziamagazine.com\/mx\/"},{"@type":"ListItem","position":2,"name":"Celebrity Style: Los chalecos son la tendencia favorita de Kendall Jenner y Harry Styles"}]},{"@type":"WebSite","@id":"https:\/\/graziamagazine.com\/mx\/#website","url":"https:\/\/graziamagazine.com\/mx\/","name":"Grazia M\u00e9xico y Latinoam\u00e9rica","description":"Grazia es moda, belleza y noticias  de actualidad ","potentialAction":[{"@type":"SearchAction","target":{"@type":"EntryPoint","urlTemplate":"https:\/\/graziamagazine.com\/mx\/?s={search_term_string}"},"query-input":"required name=search_term_string"}],"inLanguage":"es-MX"}]}},"jetpack_sharing_enabled":true,"distributor_meta":false,"distributor_terms":false,"distributor_media":false,"distributor_original_site_name":"Grazia M\u00e9xico y Latinoam\u00e9rica","distributor_original_site_url":"https:\/\/graziamagazine.com\/mx","push-errors":false,"_links":{"self":[{"href":"https:\/\/graziamagazine.com\/mx\/wp-json\/wp\/v2\/articles\/94886"}],"collection":[{"href":"https:\/\/graziamagazine.com\/mx\/wp-json\/wp\/v2\/articles"}],"about":[{"href":"https:\/\/graziamagazine.com\/mx\/wp-json\/wp\/v2\/types\/articles"}],"author":[{"embeddable":true,"href":"https:\/\/graziamagazine.com\/mx\/wp-json\/wp\/v2\/users\/11656"}],"wp:featuredmedia":[{"embeddable":true,"href":"https:\/\/graziamagazine.com\/mx\/wp-json\/wp\/v2\/media\/94906"}],"wp:attachment":[{"href":"https:\/\/graziamagazine.com\/mx\/wp-json\/wp\/v2\/media?parent=94886"}],"wp:term":[{"taxonomy":"category","embeddable":true,"href":"https:\/\/graziamagazine.com\/mx\/wp-json\/wp\/v2\/categories?post=94886"}],"curies":[{"name":"wp","href":"https:\/\/api.w.org\/{rel}","templated":true}]}}