{"id":9479,"date":"2016-10-25T08:45:24","date_gmt":"2016-10-25T14:45:24","guid":{"rendered":"https:\/\/graziamagazine.com\/mx\/?p=9479"},"modified":"2020-02-27T18:40:49","modified_gmt":"2020-02-27T23:40:49","slug":"gladys-tamez-millinery-la-mad-hatter-de-lady-gaga","status":"publish","type":"articles","link":"https:\/\/graziamagazine.com\/mx\/articles\/gladys-tamez-millinery-la-mad-hatter-de-lady-gaga\/","title":{"rendered":"Gladys Tamez Millinery: la mad hatter de Lady Gaga"},"content":{"rendered":"<p><b>Gladys Tamez Millinery, La dise\u00f1adora de ra\u00edces mexicanas, es la responsable de su ahora ic\u00f3nico \u201cLady Joanne\u201d. Con\u00f3cela.<\/b><!--more--><\/p>\n<p><img loading=\"lazy\" decoding=\"async\" class=\"alignnone wp-image-25010 size-large\" title=\"Gladys Tamez Millinery: la mad hatter de Lady Gaga\" src=\"https:\/\/graziamagazine.com\/mx\/wp-content\/uploads\/sites\/13\/2016\/10\/1477372495300.cached-700x467.jpg\" alt=\"Gladys Tamez Millinery: la mad hatter de Lady Gaga\" width=\"700\" height=\"467\" \/><\/p>\n<p><span style=\"font-weight: 400;\">Desde el primer momento en que <strong>Lady Gaga<\/strong> apareci\u00f3 en la pantalla de tu tele \u2013o de tu laptop, apelando a tu naturaleza <em>millennial<\/em>\u2013 \u00a0dos cosas llamaron tu atenci\u00f3n: su peculiar belleza y su pelo. La int\u00e9rprete de <strong>\u201cPoker Face\u201d<\/strong> hizo socialmente aceptado anudar la melena en un mo\u00f1o, enrularlo con latas de refresco, ponerle un tocado de tel\u00e9fono deconstruido o voluminizarlo y pintarlo de color. <\/span><\/p>\n<p><span style=\"font-weight: 400;\">Tras una pausa en su carrera,<strong> Lady Gaga<\/strong> regresa con una imagen mucho m\u00e1s familiar y menos alocada que la que durante a\u00f1os, ostent\u00f3. <strong>\u201cJoanne\u201d<\/strong> es el nombre de su nuevo material discogr\u00e1fico para el cual posa con micro shorts de denim, braless y con un accesorio que est\u00e1 causando revuelo, tal y como lo hicieran sus complejos <strong>McQueenadillos<\/strong> en aquellos a\u00f1os en que le cantaba a un<strong> \u201cBad Romance\u201d<\/strong>.<\/span><\/p>\n<blockquote class=\"instagram-media\" data-instgrm-captioned data-instgrm-version=\"7\" style=\" background:#FFF; border:0; border-radius:3px; box-shadow:0 0 1px 0 rgba(0,0,0,0.5),0 1px 10px 0 rgba(0,0,0,0.15); margin: 1px; max-width:500px; padding:0; width:99.375%; width:-webkit-calc(100% - 2px); width:calc(100% - 2px);\">\n<div style=\"padding:8px;\">\n<div style=\" background:#F8F8F8; line-height:0; margin-top:40px; padding:61.66666666666667% 0; text-align:center; width:100%;\">\n<div style=\" background:url(data:image\/png;base64,iVBORw0KGgoAAAANSUhEUgAAACwAAAAsCAMAAAApWqozAAAABGdBTUEAALGPC\/xhBQAAAAFzUkdCAK7OHOkAAAAMUExURczMzPf399fX1+bm5mzY9AMAAADiSURBVDjLvZXbEsMgCES5\/P8\/t9FuRVCRmU73JWlzosgSIIZURCjo\/ad+EQJJB4Hv8BFt+IDpQoCx1wjOSBFhh2XssxEIYn3ulI\/6MNReE07UIWJEv8UEOWDS88LY97kqyTliJKKtuYBbruAyVh5wOHiXmpi5we58Ek028czwyuQdLKPG1Bkb4NnM+VeAnfHqn1k4+GPT6uGQcvu2h2OVuIf\/gWUFyy8OWEpdyZSa3aVCqpVoVvzZZ2VTnn2wU8qzVjDDetO90GSy9mVLqtgYSy231MxrY6I2gGqjrTY0L8fxCxfCBbhWrsYYAAAAAElFTkSuQmCC); display:block; height:44px; margin:0 auto -44px; position:relative; top:-22px; width:44px;\"><\/div>\n<\/div>\n<p style=\" margin:8px 0 0 0; padding:0 4px;\"> <a href=\"https:\/\/www.instagram.com\/p\/BL4ZagshNfG\/\" style=\" color:#000; font-family:Arial,sans-serif; font-size:14px; font-style:normal; font-weight:normal; line-height:17px; text-decoration:none; word-wrap:break-word;\" target=\"_blank\" target=\"_blank\">#LadyGaga on #SNL TONIGHT! Performing songs from her new released album #Joanne @nbcsnl #GladysTamezMillinery @ladygaga in the DANDY #hat SHOP NOW http:\/\/www.gladystamez.com\/product\/lady-dandy #JoanneVibes #Regram @applemusic<\/a><\/p>\n<p style=\" color:#c9c8cd; font-family:Arial,sans-serif; font-size:14px; line-height:17px; margin-bottom:0; margin-top:8px; overflow:hidden; padding:8px 0 7px; text-align:center; text-overflow:ellipsis; white-space:nowrap;\">A post shared by gladys_tamez_millinery (@gladys_tamez_millinery) on <time style=\" font-family:Arial,sans-serif; font-size:14px; line-height:17px;\" datetime=\"2016-10-22T22:01:07+00:00\">Oct 22, 2016 at 3:01pm PDT<\/time><\/p>\n<\/div>\n<\/blockquote>\n<p><script async defer src=\"\/\/platform.instagram.com\/en_US\/embeds.js\"><\/script><\/p>\n<p><span style=\"font-weight: 400;\">Gr\u00e1bate bien el nombre de <strong>Gladys Tamez Millinery<\/strong>; la dise\u00f1adora responsable del sombrero rosa que <strong>Stephanie<\/strong> (nombre de pila de la cantante) no suelta ni un instante. La pieza en cuesti\u00f3n es una adaptaci\u00f3n de <strong>\u201cMarianne\u201d<\/strong>, un sombrero de su colecci\u00f3n <strong>\u201cFashion Icons\u201d<\/strong> de <strong>2013<\/strong> al cual le exager\u00f3 el borde y ti\u00f1\u00f3 de rosa pastel.<\/span><\/p>\n<blockquote><p><span style=\"font-weight: 400;\"><strong><em>\u201cGaga fue la primera en pedirlo en rosa\u201d<\/em><\/strong>, declar\u00f3 la mexicana a<strong> The Daily Beast<\/strong>. <\/span><\/p><\/blockquote>\n<p><span style=\"font-weight: 400;\"><strong><em>\u201cNecesitas tener much\u00edsima confianza para usar sombreros, pues juegan el papel de moldear personalidades. La primer cosa que alguien ve cuando caminas por la calle es tu cara. Cuando pienso en alguien veo sus ojos, su cara y despu\u00e9s imagino el sombrero que se pondr\u00edan\u201d<\/em><\/strong>, detall\u00f3.<\/span><\/p>\n<p><span style=\"font-weight: 400;\">Si bien, esta pieza en particular ha vuelto los ojos del mundo a <strong>Gladys<\/strong>; su relaci\u00f3n no es cosa nueva. Desde su primer \u00e1lbum, la rubia ha presumido varios de sus dise\u00f1os, mismos a los que confiesa<strong><em> \u201caltera las siluetas, los colores y los listones\u201d<\/em><\/strong>.<\/span><\/p>\n<p><span style=\"font-weight: 400;\"><strong>\u201cBianca\u201d<\/strong> y<strong> \u201cLady Dandy\u201d<\/strong> son otras de las propuestas que le robaron el coraz\u00f3n y que la han acompa\u00f1ado en momentos cruciales de su carrera. Para este \u00e1lbum en particular, <strong>Gladys<\/strong> relata que <strong>Gaga <em>\u201cse puso el sombrero, se meti\u00f3 en la tina y empez\u00f3 a escribirlo\u201d<\/em><\/strong>.<\/span><\/p>\n<p><span style=\"font-weight: 400;\">Los <strong><em>#LittleMonsters<\/em><\/strong> pueden hacer suyas dos piezas edici\u00f3n especial por <strong>$350 d\u00f3lares<\/strong> por el <strong>\u201cLady Bianca\u201d<\/strong> y <strong>$680<\/strong> por <strong>\u201cLady Joanne\u201d<\/strong>.<\/span><\/p>\n","protected":false},"author":11636,"featured_media":9482,"template":"","format":"standard","categories":[2,4,10],"acf":[],"yoast_head":"<!-- This site is optimized with the Yoast SEO Premium plugin v18.5 (Yoast SEO v20.4) - https:\/\/yoast.com\/wordpress\/plugins\/seo\/ -->\n<title>Gladys Tamez Millinery: la mad hatter de Lady Gaga | Grazia M\u00e9xico y Latinoam\u00e9rica<\/title>\n<meta name=\"description\" content=\"Gladys Tamez Millinery, La dise\u00f1adora de ra\u00edces mexicanas, es la responsable de su ahora ic\u00f3nico \u201cLady Joanne\u201d. Con\u00f3cela.\" \/>\n<meta name=\"robots\" content=\"index, follow, max-snippet:-1, max-image-preview:large, max-video-preview:-1\" \/>\n<link rel=\"canonical\" href=\"https:\/\/graziamagazine.com\/mx\/articles\/gladys-tamez-millinery-la-mad-hatter-de-lady-gaga\/\" \/>\n<meta property=\"og:locale\" content=\"es_MX\" \/>\n<meta property=\"og:type\" content=\"article\" \/>\n<meta property=\"og:title\" content=\"Gladys Tamez Millinery: la mad hatter de Lady Gaga\" \/>\n<meta property=\"og:description\" content=\"Gladys Tamez Millinery, La dise\u00f1adora de ra\u00edces mexicanas, es la responsable de su ahora ic\u00f3nico \u201cLady Joanne\u201d. Con\u00f3cela.\" \/>\n<meta property=\"og:url\" content=\"https:\/\/graziamagazine.com\/mx\/articles\/gladys-tamez-millinery-la-mad-hatter-de-lady-gaga\/\" \/>\n<meta property=\"og:site_name\" content=\"Grazia M\u00e9xico y Latinoam\u00e9rica\" \/>\n<meta property=\"article:modified_time\" content=\"2020-02-27T23:40:49+00:00\" \/>\n<meta property=\"og:image\" content=\"https:\/\/graziamagazine.com\/mx\/wp-content\/uploads\/sites\/13\/2016\/10\/ladygagagladcov-e1582846743948.jpg?fit=800%2C495\" \/>\n\t<meta property=\"og:image:width\" content=\"800\" \/>\n\t<meta property=\"og:image:height\" content=\"495\" \/>\n\t<meta property=\"og:image:type\" content=\"image\/jpeg\" \/>\n<meta name=\"twitter:card\" content=\"summary_large_image\" \/>\n<meta name=\"twitter:label1\" content=\"Est. reading time\" \/>\n\t<meta name=\"twitter:data1\" content=\"2 minutos\" \/>\n<script type=\"application\/ld+json\" class=\"yoast-schema-graph\">{\"@context\":\"https:\/\/schema.org\",\"@graph\":[{\"@type\":\"WebPage\",\"@id\":\"https:\/\/graziamagazine.com\/mx\/articles\/gladys-tamez-millinery-la-mad-hatter-de-lady-gaga\/\",\"url\":\"https:\/\/graziamagazine.com\/mx\/articles\/gladys-tamez-millinery-la-mad-hatter-de-lady-gaga\/\",\"name\":\"Gladys Tamez Millinery: la mad hatter de Lady Gaga | Grazia M\u00e9xico y Latinoam\u00e9rica\",\"isPartOf\":{\"@id\":\"https:\/\/graziamagazine.com\/mx\/#website\"},\"datePublished\":\"2016-10-25T14:45:24+00:00\",\"dateModified\":\"2020-02-27T23:40:49+00:00\",\"description\":\"Gladys Tamez Millinery, La dise\u00f1adora de ra\u00edces mexicanas, es la responsable de su ahora ic\u00f3nico \u201cLady Joanne\u201d. Con\u00f3cela.\",\"breadcrumb\":{\"@id\":\"https:\/\/graziamagazine.com\/mx\/articles\/gladys-tamez-millinery-la-mad-hatter-de-lady-gaga\/#breadcrumb\"},\"inLanguage\":\"es-MX\",\"potentialAction\":[{\"@type\":\"ReadAction\",\"target\":[\"https:\/\/graziamagazine.com\/mx\/articles\/gladys-tamez-millinery-la-mad-hatter-de-lady-gaga\/\"]}]},{\"@type\":\"BreadcrumbList\",\"@id\":\"https:\/\/graziamagazine.com\/mx\/articles\/gladys-tamez-millinery-la-mad-hatter-de-lady-gaga\/#breadcrumb\",\"itemListElement\":[{\"@type\":\"ListItem\",\"position\":1,\"name\":\"Home\",\"item\":\"https:\/\/graziamagazine.com\/mx\/\"},{\"@type\":\"ListItem\",\"position\":2,\"name\":\"Gladys Tamez Millinery: la mad hatter de Lady Gaga\"}]},{\"@type\":\"WebSite\",\"@id\":\"https:\/\/graziamagazine.com\/mx\/#website\",\"url\":\"https:\/\/graziamagazine.com\/mx\/\",\"name\":\"Grazia M\u00e9xico y Latinoam\u00e9rica\",\"description\":\"Grazia es moda, belleza y noticias  de actualidad \",\"potentialAction\":[{\"@type\":\"SearchAction\",\"target\":{\"@type\":\"EntryPoint\",\"urlTemplate\":\"https:\/\/graziamagazine.com\/mx\/?s={search_term_string}\"},\"query-input\":\"required name=search_term_string\"}],\"inLanguage\":\"es-MX\"}]}<\/script>\n<!-- \/ Yoast SEO Premium plugin. -->","yoast_head_json":{"title":"Gladys Tamez Millinery: la mad hatter de Lady Gaga | Grazia M\u00e9xico y Latinoam\u00e9rica","description":"Gladys Tamez Millinery, La dise\u00f1adora de ra\u00edces mexicanas, es la responsable de su ahora ic\u00f3nico \u201cLady Joanne\u201d. Con\u00f3cela.","robots":{"index":"index","follow":"follow","max-snippet":"max-snippet:-1","max-image-preview":"max-image-preview:large","max-video-preview":"max-video-preview:-1"},"canonical":"https:\/\/graziamagazine.com\/mx\/articles\/gladys-tamez-millinery-la-mad-hatter-de-lady-gaga\/","og_locale":"es_MX","og_type":"article","og_title":"Gladys Tamez Millinery: la mad hatter de Lady Gaga","og_description":"Gladys Tamez Millinery, La dise\u00f1adora de ra\u00edces mexicanas, es la responsable de su ahora ic\u00f3nico \u201cLady Joanne\u201d. Con\u00f3cela.","og_url":"https:\/\/graziamagazine.com\/mx\/articles\/gladys-tamez-millinery-la-mad-hatter-de-lady-gaga\/","og_site_name":"Grazia M\u00e9xico y Latinoam\u00e9rica","article_modified_time":"2020-02-27T23:40:49+00:00","og_image":[{"width":800,"height":495,"url":"https:\/\/graziamagazine.com\/mx\/wp-content\/uploads\/sites\/13\/2016\/10\/ladygagagladcov-e1582846743948.jpg?fit=800%2C495","type":"image\/jpeg"}],"twitter_card":"summary_large_image","twitter_misc":{"Est. reading time":"2 minutos"},"schema":{"@context":"https:\/\/schema.org","@graph":[{"@type":"WebPage","@id":"https:\/\/graziamagazine.com\/mx\/articles\/gladys-tamez-millinery-la-mad-hatter-de-lady-gaga\/","url":"https:\/\/graziamagazine.com\/mx\/articles\/gladys-tamez-millinery-la-mad-hatter-de-lady-gaga\/","name":"Gladys Tamez Millinery: la mad hatter de Lady Gaga | Grazia M\u00e9xico y Latinoam\u00e9rica","isPartOf":{"@id":"https:\/\/graziamagazine.com\/mx\/#website"},"datePublished":"2016-10-25T14:45:24+00:00","dateModified":"2020-02-27T23:40:49+00:00","description":"Gladys Tamez Millinery, La dise\u00f1adora de ra\u00edces mexicanas, es la responsable de su ahora ic\u00f3nico \u201cLady Joanne\u201d. Con\u00f3cela.","breadcrumb":{"@id":"https:\/\/graziamagazine.com\/mx\/articles\/gladys-tamez-millinery-la-mad-hatter-de-lady-gaga\/#breadcrumb"},"inLanguage":"es-MX","potentialAction":[{"@type":"ReadAction","target":["https:\/\/graziamagazine.com\/mx\/articles\/gladys-tamez-millinery-la-mad-hatter-de-lady-gaga\/"]}]},{"@type":"BreadcrumbList","@id":"https:\/\/graziamagazine.com\/mx\/articles\/gladys-tamez-millinery-la-mad-hatter-de-lady-gaga\/#breadcrumb","itemListElement":[{"@type":"ListItem","position":1,"name":"Home","item":"https:\/\/graziamagazine.com\/mx\/"},{"@type":"ListItem","position":2,"name":"Gladys Tamez Millinery: la mad hatter de Lady Gaga"}]},{"@type":"WebSite","@id":"https:\/\/graziamagazine.com\/mx\/#website","url":"https:\/\/graziamagazine.com\/mx\/","name":"Grazia M\u00e9xico y Latinoam\u00e9rica","description":"Grazia es moda, belleza y noticias  de actualidad ","potentialAction":[{"@type":"SearchAction","target":{"@type":"EntryPoint","urlTemplate":"https:\/\/graziamagazine.com\/mx\/?s={search_term_string}"},"query-input":"required name=search_term_string"}],"inLanguage":"es-MX"}]}},"jetpack_sharing_enabled":true,"distributor_meta":false,"distributor_terms":false,"distributor_media":false,"distributor_original_site_name":"Grazia M\u00e9xico y Latinoam\u00e9rica","distributor_original_site_url":"https:\/\/graziamagazine.com\/mx","push-errors":false,"_links":{"self":[{"href":"https:\/\/graziamagazine.com\/mx\/wp-json\/wp\/v2\/articles\/9479"}],"collection":[{"href":"https:\/\/graziamagazine.com\/mx\/wp-json\/wp\/v2\/articles"}],"about":[{"href":"https:\/\/graziamagazine.com\/mx\/wp-json\/wp\/v2\/types\/articles"}],"author":[{"embeddable":true,"href":"https:\/\/graziamagazine.com\/mx\/wp-json\/wp\/v2\/users\/11636"}],"wp:featuredmedia":[{"embeddable":true,"href":"https:\/\/graziamagazine.com\/mx\/wp-json\/wp\/v2\/media\/9482"}],"wp:attachment":[{"href":"https:\/\/graziamagazine.com\/mx\/wp-json\/wp\/v2\/media?parent=9479"}],"wp:term":[{"taxonomy":"category","embeddable":true,"href":"https:\/\/graziamagazine.com\/mx\/wp-json\/wp\/v2\/categories?post=9479"}],"curies":[{"name":"wp","href":"https:\/\/api.w.org\/{rel}","templated":true}]}}