{"id":94522,"date":"2021-03-11T14:45:04","date_gmt":"2021-03-11T19:45:04","guid":{"rendered":"https:\/\/graziamagazine.com\/mx\/?post_type=articles&#038;p=94522"},"modified":"2021-03-11T15:45:28","modified_gmt":"2021-03-11T20:45:28","slug":"descubre-las-tendencias-que-no-pueden-faltar-en-tu-armario-para-primavera-verano","status":"publish","type":"articles","link":"https:\/\/graziamagazine.com\/mx\/articles\/descubre-las-tendencias-que-no-pueden-faltar-en-tu-armario-para-primavera-verano\/","title":{"rendered":"Descubre las tendencias que no pueden faltar en tu armario para primavera-verano"},"content":{"rendered":"<div class=\"page\" title=\"Page 1\">\n<div class=\"section\">\n<div class=\"layoutArea\">\n<div class=\"column\">\n<p>La nueva estacio\u0301n llega cargada de energi\u0301a, frescura y alegri\u0301a. El sol empieza a ser protagonista de los di\u0301as del calendario. <strong>Moncler<\/strong> lo sabe y por eso tiene distintas voces que se traducen en colecciones increi\u0301bles con voz propia, listas para cantar.<\/p>\n<p>El cambio de estaci\u00f3n se antoja fresco y relajado. <span style=\"line-height: 1.4em\">La propuesta de Moncler para mujer presenta tonos meta\u0301licos, camuflajes en rosa y gris, olivos, rayas y estampados que armonizan con blanco, marfil, khaki, azul i\u0301ndigo y negro.<\/span><\/p>\n<div class=\"content-gallery\"><div class=\"gallery-placeholder\"><div class=\"spinner\"><\/div><\/div><span class=\"gallery-pagination\"><\/span><div id=\"gallery-1\" class=\"gallery galleryid-94522 gallery-columns- gallery-size-\"><figure class=\"gallery-item grazia-gallery-show-text\"><div class=\"gallery-icon landscape\"><img loading=\"lazy\" decoding=\"async\" width=\"700\" height=\"875\" src=\"https:\/\/graziamagazine.com\/mx\/wp-content\/uploads\/sites\/13\/2021\/03\/Copia-de-MONCLER-COLLECTION-WOMAN-SS21_42.jpg\" class=\"lazy\" alt=\"\" \/><\/div><div class=\"grazia-gallery-text\"><p>Gabardona y chamarra, <strong>Moncler<\/strong>.<\/p>\n<\/div><\/figure><figure class=\"gallery-item grazia-gallery-show-text\"><div class=\"gallery-icon landscape\"><img loading=\"lazy\" decoding=\"async\" width=\"2000\" height=\"2000\" src=\"https:\/\/graziamagazine.com\/mx\/wp-content\/uploads\/sites\/13\/2021\/03\/G10931A52U0054AL7221_Z.jpg\" class=\"lazy\" alt=\"\" \/><\/div><div class=\"grazia-gallery-text\"><div class=\"page\" title=\"Page 3\">\n<div class=\"layoutArea\">\n<div class=\"column\">\n<p>Chamarra Sador, <strong>Moncler<\/strong>.<\/p>\n<\/div>\n<\/div>\n<\/div>\n<\/div><\/figure><figure class=\"gallery-item grazia-gallery-show-text\"><div class=\"gallery-icon landscape\"><img loading=\"lazy\" decoding=\"async\" width=\"2000\" height=\"2000\" src=\"https:\/\/graziamagazine.com\/mx\/wp-content\/uploads\/sites\/13\/2021\/03\/G10931D50400C039182H_Z.jpg\" class=\"lazy\" alt=\"\" \/><\/div><div class=\"grazia-gallery-text\"><div class=\"page\" title=\"Page 3\">\n<div class=\"layoutArea\">\n<div class=\"column\">\n<p>Gabardina Lin, <strong>Moncler<\/strong>.<\/p>\n<\/div>\n<\/div>\n<\/div>\n<\/div><\/figure><figure class=\"gallery-item grazia-gallery-show-text\"><div class=\"gallery-icon landscape\"><img decoding=\"async\" src=\"https:\/\/graziamagazine.com\/mx\/wp-content\/uploads\/sites\/13\/2021\/03\/G10933G51500A0189035_Z.jpg\" class=\"lazy\" alt=\"\" \/><\/div><div class=\"grazia-gallery-text\"><div class=\"page\" title=\"Page 3\">\n<div class=\"layoutArea\">\n<div class=\"column\">\n<p>Capa con hoodie, <strong>Moncler<\/strong>.<\/p>\n<\/div>\n<\/div>\n<\/div>\n<\/div><\/figure><figure class=\"gallery-item grazia-gallery-show-text\"><div class=\"gallery-icon landscape\"><img loading=\"lazy\" decoding=\"async\" width=\"2000\" height=\"2000\" src=\"https:\/\/graziamagazine.com\/mx\/wp-content\/uploads\/sites\/13\/2021\/03\/G109B4G7000004747999_Z.jpg\" class=\"lazy\" alt=\"\" \/><\/div><div class=\"grazia-gallery-text\"><div class=\"page\" title=\"Page 3\">\n<div class=\"layoutArea\">\n<div class=\"column\">\n<p>Botines de hule Ginette con suela antiderrapante, <strong>Moncler<\/strong>.<\/p>\n<\/div>\n<\/div>\n<\/div>\n<\/div><\/figure><figure class=\"gallery-item grazia-gallery-show-text\"><div class=\"gallery-icon landscape\"><img loading=\"lazy\" decoding=\"async\" width=\"2000\" height=\"2000\" src=\"https:\/\/graziamagazine.com\/mx\/wp-content\/uploads\/sites\/13\/2021\/03\/G109B5M700005958Z510_Z.jpg\" class=\"lazy\" alt=\"\" \/><\/div><div class=\"grazia-gallery-text\"><div class=\"page\" title=\"Page 3\">\n<div class=\"layoutArea\">\n<div class=\"column\">\n<p>Rin\u0303onera Felicie, <strong>Moncler<\/strong>.<\/p>\n<\/div>\n<\/div>\n<\/div>\n<\/div><\/figure><figure class=\"gallery-item grazia-gallery-show-text\"><div class=\"gallery-icon landscape\"><img loading=\"lazy\" decoding=\"async\" width=\"2000\" height=\"2000\" src=\"https:\/\/graziamagazine.com\/mx\/wp-content\/uploads\/sites\/13\/2021\/03\/G109B4M7284002SSM510_Z.jpg\" class=\"lazy\" alt=\"\" \/><\/div><div class=\"grazia-gallery-text\"><div class=\"page\" title=\"Page 3\">\n<div class=\"layoutArea\">\n<div class=\"column\">\n<p>Tenis Precipice, <strong>Moncler<\/strong>.<\/p>\n<\/div>\n<\/div>\n<\/div>\n<\/div><\/figure><figure class=\"gallery-item grazia-gallery-show-text\"><div class=\"gallery-icon landscape\"><img loading=\"lazy\" decoding=\"async\" width=\"2000\" height=\"2000\" src=\"https:\/\/graziamagazine.com\/mx\/wp-content\/uploads\/sites\/13\/2021\/03\/G109B5D5040002SSP778_Z.jpg\" class=\"lazy\" alt=\"\" \/><\/div><div class=\"grazia-gallery-text\"><div class=\"page\" title=\"Page 3\">\n<div class=\"layoutArea\">\n<div class=\"column\">\n<p>Tote Raya Small, <strong>Moncler<\/strong>.<\/p>\n<\/div>\n<\/div>\n<\/div>\n<\/div><\/figure><\/div><\/div>\n<\/div>\n<p><span style=\"line-height: 1.4em\">Todos estos colores nos llevan de Hollywood a Normandi\u0301a, Kensington y Kioto, sin olvidar los colores so\u0301lidos y algunos toques en tonos a\u0301cidos y vibrantes.<\/span><\/p>\n<p><span style=\"line-height: 1.4em\">Para la primavera de 2021, el <\/span><em style=\"line-height: 1.4em\">oversize<\/em><span style=\"line-height: 1.4em\"> se transforma en sin\u00f3nimo de estilo. Playa o ciudad, esta colecci\u00f3n refleja una inspiraci\u00f3n marina tan urbana como simple.<\/span><\/p>\n<p>&nbsp;<\/p>\n<div class=\"column\">\n<div class=\"page\" title=\"Page 1\">\n<div class=\"section\">\n<div class=\"layoutArea\">\n<div class=\"column\">\n<div class=\"content-gallery\"><div class=\"gallery-placeholder\"><div class=\"spinner\"><\/div><\/div><span class=\"gallery-pagination\"><\/span><div id=\"gallery-2\" class=\"gallery galleryid-94522 gallery-columns- gallery-size-\"><figure class=\"gallery-item grazia-gallery-show-text\"><div class=\"gallery-icon landscape\"><img decoding=\"async\" src=\"https:\/\/graziamagazine.com\/mx\/wp-content\/uploads\/sites\/13\/2021\/03\/2-MONCLER-1952_WOMENSWEAR_EDITORIAL-IMAGES_16-copia.jpg\" class=\"lazy\" alt=\"Descubre las tendencias que no pueden faltar en tu armario para primavera-verano\" \/><\/div><div class=\"grazia-gallery-text\"><div class=\"page\" title=\"Page 1\">\n<div class=\"section\">\n<div class=\"layoutArea\">\n<div class=\"column\">\n<p>CAPAS Y CAPAS DE LUZ DISEN\u0303ADAS POR VERONICA LEONI PARA 2 MONCLER 1952.<\/p>\n<div class=\"page\" title=\"Page 1\">\n<div class=\"section\">\n<div class=\"layoutArea\">\n<div class=\"column\">\n<p>Chamarra Opal, chamarra DiamondLong y sandalias Lydia, todo,\u00a02 MONCLER 1952, <strong>Moncler<\/strong>.<\/p>\n<p>Pantalo\u0301n de pierna ancha, <strong>Moncler<\/strong>.<\/p>\n<\/div>\n<\/div>\n<\/div>\n<\/div>\n<\/div>\n<\/div>\n<\/div>\n<\/div>\n<\/div><\/figure><figure class=\"gallery-item grazia-gallery-show-text\"><div class=\"gallery-icon landscape\"><img loading=\"lazy\" decoding=\"async\" width=\"2000\" height=\"2000\" src=\"https:\/\/graziamagazine.com\/mx\/wp-content\/uploads\/sites\/13\/2021\/03\/2-MONCLER-1952_WOMENSWEAR_STILL-LIFE-IMAGES_7.jpg\" class=\"lazy\" alt=\"Descubre las tendencias que no pueden faltar en tu armario para primavera-verano\" \/><\/div><div class=\"grazia-gallery-text\"><div class=\"page\" title=\"Page 1\">\n<div class=\"section\">\n<div class=\"layoutArea\">\n<div class=\"column\">\n<p>Chaleco largo Aventurine, 2 MONCLER 1952, <strong>Moncler<\/strong>.<\/p>\n<\/div>\n<\/div>\n<\/div>\n<\/div>\n<\/div><\/figure><figure class=\"gallery-item grazia-gallery-show-text\"><div class=\"gallery-icon landscape\"><img decoding=\"async\" src=\"https:\/\/graziamagazine.com\/mx\/wp-content\/uploads\/sites\/13\/2021\/03\/2-MONCLER-1952_WOMENSWEAR_STILL-LIFE-IMAGES_10.jpg\" class=\"lazy\" alt=\"Descubre las tendencias que no pueden faltar en tu armario para primavera-verano\" \/><\/div><div class=\"grazia-gallery-text\"><div class=\"page\" title=\"Page 1\">\n<div class=\"section\">\n<div class=\"layoutArea\">\n<div class=\"column\">\n<p>Pantalo\u0301n cropped, 2 MONCLER 1952, <strong>Moncler<\/strong>.<\/p>\n<\/div>\n<\/div>\n<\/div>\n<\/div>\n<\/div><\/figure><figure class=\"gallery-item grazia-gallery-show-text\"><div class=\"gallery-icon landscape\"><img loading=\"lazy\" decoding=\"async\" width=\"2000\" height=\"2000\" src=\"https:\/\/graziamagazine.com\/mx\/wp-content\/uploads\/sites\/13\/2021\/03\/2-MONCLER-1952_WOMENSWEAR_STILL-LIFE-IMAGES_15.jpg\" class=\"lazy\" alt=\"Descubre las tendencias que no pueden faltar en tu armario para primavera-verano\" \/><\/div><div class=\"grazia-gallery-text\"><div class=\"page\" title=\"Page 1\">\n<div class=\"section\">\n<div class=\"layoutArea\">\n<div class=\"column\">\n<p>Sandalias Lydia,\u00a02 MONCLER 1952, <strong>Moncler<\/strong>.<\/p>\n<\/div>\n<\/div>\n<\/div>\n<\/div>\n<\/div><\/figure><figure class=\"gallery-item grazia-gallery-show-text\"><div class=\"gallery-icon landscape\"><img loading=\"lazy\" decoding=\"async\" width=\"2000\" height=\"2000\" src=\"https:\/\/graziamagazine.com\/mx\/wp-content\/uploads\/sites\/13\/2021\/03\/2-MONCLER-1952_WOMENSWEAR_STILL-LIFE-IMAGES_9.jpg\" class=\"lazy\" alt=\"Descubre las tendencias que no pueden faltar en tu armario para primavera-verano\" \/><\/div><div class=\"grazia-gallery-text\"><div class=\"page\" title=\"Page 1\">\n<div class=\"section\">\n<div class=\"layoutArea\">\n<div class=\"column\">\n<p>Chamarra DiamondLong, 2 MONCLER 1952, <strong>Moncler<\/strong>.<\/p>\n<\/div>\n<\/div>\n<\/div>\n<\/div>\n<\/div><\/figure><figure class=\"gallery-item grazia-gallery-show-text\"><div class=\"gallery-icon landscape\"><img decoding=\"async\" src=\"https:\/\/graziamagazine.com\/mx\/wp-content\/uploads\/sites\/13\/2021\/03\/2-MONCLER-1952_WOMENSWEAR_STILL-LIFE-IMAGES_16.jpg\" class=\"lazy\" alt=\"Descubre las tendencias que no pueden faltar en tu armario para primavera-verano\" \/><\/div><div class=\"grazia-gallery-text\"><div class=\"page\" title=\"Page 1\">\n<div class=\"section\">\n<div class=\"layoutArea\">\n<div class=\"column\">\n<p>BolsaTuya, 2 MONCLER 1952, <strong>Moncler<\/strong>.<\/p>\n<\/div>\n<\/div>\n<\/div>\n<\/div>\n<\/div><\/figure><figure class=\"gallery-item grazia-gallery-show-text\"><div class=\"gallery-icon landscape\"><img loading=\"lazy\" decoding=\"async\" width=\"2000\" height=\"2000\" src=\"https:\/\/graziamagazine.com\/mx\/wp-content\/uploads\/sites\/13\/2021\/03\/2-MONCLER-1952_WOMENSWEAR_STILL-LIFE-IMAGES_14.jpg\" class=\"lazy\" alt=\"Descubre las tendencias que no pueden faltar en tu armario para primavera-verano\" \/><\/div><div class=\"grazia-gallery-text\"><div class=\"page\" title=\"Page 1\">\n<div class=\"section\">\n<div class=\"layoutArea\">\n<div class=\"column\">\n<p>T-shirt rayada,\u00a02 MONCLER 1952, <strong>Moncler<\/strong>.<\/p>\n<\/div>\n<\/div>\n<\/div>\n<\/div>\n<\/div><\/figure><\/div><\/div>\n<\/div>\n<div class=\"page\" title=\"Page 2\">\n<div class=\"section\">\n<div class=\"layoutArea\">\n<div class=\"column\">\n<p>En el lado masculino los cortes sartoriales, una vuelta por Marrakesh, tonalidades de khaki y una actitud urbana engloban el avant garde que vibra en cada pieza de la coleccio\u0301n. Colores atrevidos conviven con tonos naturales para hacer una mezcla que culmina en el humor de las T-shirts.<\/p>\n<\/div>\n<\/div>\n<\/div>\n<\/div>\n<div class=\"column\">\n<div class=\"content-gallery\"><div class=\"gallery-placeholder\"><div class=\"spinner\"><\/div><\/div><span class=\"gallery-pagination\"><\/span><div id=\"gallery-3\" class=\"gallery galleryid-94522 gallery-columns- gallery-size-\"><figure class=\"gallery-item grazia-gallery-show-text\"><div class=\"gallery-icon landscape\"><img loading=\"lazy\" decoding=\"async\" width=\"700\" height=\"874\" src=\"https:\/\/graziamagazine.com\/mx\/wp-content\/uploads\/sites\/13\/2021\/03\/2-MONCLER-1952_MENSWEAR_EDITORIAL-IMAGES_5.jpg\" class=\"lazy\" alt=\"Descubre las tendencias que no pueden faltar en tu armario para primavera-verano\" \/><\/div><div class=\"grazia-gallery-text\"><div class=\"page\" title=\"Page 2\">\n<div class=\"section\">\n<div class=\"layoutArea\">\n<div class=\"column\">\n<p>ESCALA A OTRO NIVEL DE LA MANO DE SERGIO ZAMBON, RESPONSABLE DE LA PARTE MASCULINA DE 2 MONCLER 1952.<\/p>\n<div class=\"page\" title=\"Page 2\">\n<div class=\"section\">\n<div class=\"layoutArea\">\n<div class=\"column\">\n<p>Chamarra Kalalau y tenis Seventy, todo, 2 MONCLER 1952, <strong>Moncler<\/strong>.<\/p>\n<p>Bermudas, <strong>Moncler<\/strong>.<\/p>\n<\/div>\n<\/div>\n<\/div>\n<\/div>\n<\/div>\n<\/div>\n<\/div>\n<\/div>\n<\/div><\/figure><figure class=\"gallery-item grazia-gallery-show-text\"><div class=\"gallery-icon landscape\"><img decoding=\"async\" src=\"https:\/\/graziamagazine.com\/mx\/wp-content\/uploads\/sites\/13\/2021\/03\/2-MONCLER-1952_MENSWEAR_STILL-LIFE-IMAGES_3.jpg\" class=\"lazy\" alt=\"Descubre las tendencias que no pueden faltar en tu armario para primavera-verano\" \/><\/div><div class=\"grazia-gallery-text\"><div class=\"page\" title=\"Page 2\">\n<div class=\"section\">\n<div class=\"layoutArea\">\n<div class=\"column\">\n<p>Chamarra Leppard, 2 MONCLER 1952, <strong>Moncler<\/strong>.<\/p>\n<\/div>\n<\/div>\n<\/div>\n<\/div>\n<\/div><\/figure><figure class=\"gallery-item grazia-gallery-show-text\"><div class=\"gallery-icon landscape\"><img decoding=\"async\" src=\"https:\/\/graziamagazine.com\/mx\/wp-content\/uploads\/sites\/13\/2021\/03\/2-MONCLER-1952_MENSWEAR_STILL-LIFE-IMAGES_13.jpg\" class=\"lazy\" alt=\"Descubre las tendencias que no pueden faltar en tu armario para primavera-verano\" \/><\/div><div class=\"grazia-gallery-text\"><div class=\"page\" title=\"Page 2\">\n<div class=\"section\">\n<div class=\"layoutArea\">\n<div class=\"column\">\n<p>Pantalo\u0301n,\u00a02 MONCLER 1952, <strong>Moncler<\/strong>.<\/p>\n<\/div>\n<\/div>\n<\/div>\n<\/div>\n<\/div><\/figure><figure class=\"gallery-item grazia-gallery-show-text\"><div class=\"gallery-icon landscape\"><img decoding=\"async\" src=\"https:\/\/graziamagazine.com\/mx\/wp-content\/uploads\/sites\/13\/2021\/03\/2-MONCLER-1952_MENSWEAR_STILL-LIFE-IMAGES_18.jpg\" class=\"lazy\" alt=\"Descubre las tendencias que no pueden faltar en tu armario para primavera-verano\" \/><\/div><div class=\"grazia-gallery-text\"><div class=\"page\" title=\"Page 2\">\n<div class=\"section\">\n<div class=\"layoutArea\">\n<div class=\"column\">\n<p>T-shirt, 2 MONCLER 1952, <strong>Moncler<\/strong>.<\/p>\n<\/div>\n<\/div>\n<\/div>\n<\/div>\n<\/div><\/figure><figure class=\"gallery-item grazia-gallery-show-text\"><div class=\"gallery-icon landscape\"><img decoding=\"async\" src=\"https:\/\/graziamagazine.com\/mx\/wp-content\/uploads\/sites\/13\/2021\/03\/2-MONCLER-1952_MENSWEAR_STILL-LIFE-IMAGES_20.jpg\" class=\"lazy\" alt=\"Descubre las tendencias que no pueden faltar en tu armario para primavera-verano\" \/><\/div><div class=\"grazia-gallery-text\"><div class=\"page\" title=\"Page 2\">\n<div class=\"section\">\n<div class=\"layoutArea\">\n<div class=\"column\">\n<p>Tenis Seventy,\u00a02 MONCLER 1952, <strong>Moncler<\/strong>.<\/p>\n<\/div>\n<\/div>\n<\/div>\n<\/div>\n<\/div><\/figure><figure class=\"gallery-item grazia-gallery-show-text\"><div class=\"gallery-icon landscape\"><img loading=\"lazy\" decoding=\"async\" width=\"2000\" height=\"2000\" src=\"https:\/\/graziamagazine.com\/mx\/wp-content\/uploads\/sites\/13\/2021\/03\/G10911B52380549SK20E_Z.jpg\" class=\"lazy\" alt=\"\" \/><\/div><div class=\"grazia-gallery-text\"><div class=\"page\" title=\"Page 4\">\n<div class=\"layoutArea\">\n<div class=\"column\">\n<p>Saco con plumas de ganso y hoodie, <strong>Moncler<\/strong>.<\/p>\n<\/div>\n<\/div>\n<\/div>\n<\/div><\/figure><figure class=\"gallery-item grazia-gallery-show-text\"><div class=\"gallery-icon landscape\"><img loading=\"lazy\" decoding=\"async\" width=\"2000\" height=\"2000\" src=\"https:\/\/graziamagazine.com\/mx\/wp-content\/uploads\/sites\/13\/2021\/03\/G109A4M7360002SS6004_Z.jpg\" class=\"lazy\" alt=\"\" \/><\/div><div class=\"grazia-gallery-text\"><div class=\"page\" title=\"Page 4\">\n<div class=\"layoutArea\">\n<div class=\"column\">\n<p>Tenis de bota, <strong>Moncler<\/strong>.<\/p>\n<\/div>\n<\/div>\n<\/div>\n<\/div><\/figure><figure class=\"gallery-item grazia-gallery-show-text\"><div class=\"gallery-icon landscape\"><img loading=\"lazy\" decoding=\"async\" width=\"2000\" height=\"2000\" src=\"https:\/\/graziamagazine.com\/mx\/wp-content\/uploads\/sites\/13\/2021\/03\/G109A5A7040002SSX74B_Z.jpg\" class=\"lazy\" alt=\"\" \/><\/div><div class=\"grazia-gallery-text\"><p>Backpack, <strong>Moncler<\/strong>.<\/p>\n<\/div><\/figure><figure class=\"gallery-item grazia-gallery-show-text\"><div class=\"gallery-icon landscape\"><img loading=\"lazy\" decoding=\"async\" width=\"2000\" height=\"2000\" src=\"https:\/\/graziamagazine.com\/mx\/wp-content\/uploads\/sites\/13\/2021\/03\/G109A6B7030002ST0936_Z.jpg\" class=\"lazy\" alt=\"\" \/><\/div><div class=\"grazia-gallery-text\"><div class=\"page\" title=\"Page 4\">\n<div class=\"layoutArea\">\n<div class=\"column\">\n<p>Accesorio para celular, <strong>Moncler<\/strong>.<\/p>\n<\/div>\n<\/div>\n<\/div>\n<\/div><\/figure><figure class=\"gallery-item grazia-gallery-show-text\"><div class=\"gallery-icon landscape\"><img loading=\"lazy\" decoding=\"async\" width=\"2000\" height=\"2000\" src=\"https:\/\/graziamagazine.com\/mx\/wp-content\/uploads\/sites\/13\/2021\/03\/G10911B7180068352835_Z.jpg\" class=\"lazy\" alt=\"\" \/><\/div><div class=\"grazia-gallery-text\"><div class=\"page\" title=\"Page 4\">\n<div class=\"layoutArea\">\n<div class=\"column\">\n<p>Chamarra larga con cuello alto, <strong>Moncler.<\/strong><\/p>\n<\/div>\n<\/div>\n<\/div>\n<\/div><\/figure><figure class=\"gallery-item grazia-gallery-show-text\"><div class=\"gallery-icon landscape\"><img loading=\"lazy\" decoding=\"async\" width=\"2000\" height=\"2000\" src=\"https:\/\/graziamagazine.com\/mx\/wp-content\/uploads\/sites\/13\/2021\/03\/G10919C77660V9170849_Z.jpg\" class=\"lazy\" alt=\"\" \/><\/div><div class=\"grazia-gallery-text\"><div class=\"page\" title=\"Page 4\">\n<div class=\"layoutArea\">\n<div class=\"column\">\n<p>C\u00e1rdigan, <strong>Moncler<\/strong>.<\/p>\n<\/div>\n<\/div>\n<\/div>\n<\/div><\/figure><\/div><\/div>\n<p>\u00bfCu\u00e1les son tus prendas y accesorios favoritos?<\/p>\n<div class=\"page\" title=\"Page 1\">\n<div class=\"section\">\n<div class=\"layoutArea\">\n<div class=\"column\"><\/div>\n<\/div>\n<\/div>\n<\/div>\n<div class=\"page\" title=\"Page 2\">\n<div class=\"section\">\n<div class=\"layoutArea\">\n<div class=\"column\">\n<h5><em>*IM\u00c1GENES: Cortes\u00eda Moncler<\/em><\/h5>\n<\/div>\n<\/div>\n<\/div>\n<\/div>\n<\/div>\n<\/div>\n<\/div>\n<\/div>\n<\/div>\n<\/div>\n<\/div>\n<\/div>\n","protected":false},"author":11636,"featured_media":94542,"template":"","format":"standard","categories":[4],"acf":[],"yoast_head":"<!-- This site is optimized with the Yoast SEO Premium plugin v18.5 (Yoast SEO v20.4) - https:\/\/yoast.com\/wordpress\/plugins\/seo\/ -->\n<title>Descubre las tendencias que no pueden faltar en tu armario para primavera-verano | Grazia M\u00e9xico y Latinoam\u00e9rica<\/title>\n<meta name=\"description\" content=\"Moncler tiene la gu\u00eda de prendas y accesorios imprescindibles para la temporada. \u00a1No te la pierdas y logra los mejores outfits con estas opciones!\" \/>\n<meta name=\"robots\" content=\"index, follow, max-snippet:-1, max-image-preview:large, max-video-preview:-1\" \/>\n<link rel=\"canonical\" href=\"https:\/\/graziamagazine.com\/mx\/articles\/descubre-las-tendencias-que-no-pueden-faltar-en-tu-armario-para-primavera-verano\/\" \/>\n<meta property=\"og:locale\" content=\"es_MX\" \/>\n<meta property=\"og:type\" content=\"article\" \/>\n<meta property=\"og:title\" content=\"Descubre las tendencias que no pueden faltar en tu armario para primavera-verano\" \/>\n<meta property=\"og:description\" content=\"Moncler tiene la gu\u00eda de prendas y accesorios imprescindibles para la temporada. \u00a1No te la pierdas y logra los mejores outfits con estas opciones!\" \/>\n<meta property=\"og:url\" content=\"https:\/\/graziamagazine.com\/mx\/articles\/descubre-las-tendencias-que-no-pueden-faltar-en-tu-armario-para-primavera-verano\/\" \/>\n<meta property=\"og:site_name\" content=\"Grazia M\u00e9xico y Latinoam\u00e9rica\" \/>\n<meta property=\"article:modified_time\" content=\"2021-03-11T20:45:28+00:00\" \/>\n<meta property=\"og:image\" content=\"https:\/\/graziamagazine.com\/mx\/wp-content\/uploads\/sites\/13\/2021\/03\/2-MONCLER-1952_WOMENSWEAR_EDITORIAL-IMAGES_16-1.jpg?fit=2564%2C1717\" \/>\n\t<meta property=\"og:image:width\" content=\"2564\" \/>\n\t<meta property=\"og:image:height\" content=\"1717\" \/>\n\t<meta property=\"og:image:type\" content=\"image\/jpeg\" \/>\n<meta name=\"twitter:card\" content=\"summary_large_image\" \/>\n<meta name=\"twitter:label1\" content=\"Est. reading time\" \/>\n\t<meta name=\"twitter:data1\" content=\"1 minuto\" \/>\n<script type=\"application\/ld+json\" class=\"yoast-schema-graph\">{\"@context\":\"https:\/\/schema.org\",\"@graph\":[{\"@type\":\"WebPage\",\"@id\":\"https:\/\/graziamagazine.com\/mx\/articles\/descubre-las-tendencias-que-no-pueden-faltar-en-tu-armario-para-primavera-verano\/\",\"url\":\"https:\/\/graziamagazine.com\/mx\/articles\/descubre-las-tendencias-que-no-pueden-faltar-en-tu-armario-para-primavera-verano\/\",\"name\":\"Descubre las tendencias que no pueden faltar en tu armario para primavera-verano | Grazia M\u00e9xico y Latinoam\u00e9rica\",\"isPartOf\":{\"@id\":\"https:\/\/graziamagazine.com\/mx\/#website\"},\"datePublished\":\"2021-03-11T19:45:04+00:00\",\"dateModified\":\"2021-03-11T20:45:28+00:00\",\"description\":\"Moncler tiene la gu\u00eda de prendas y accesorios imprescindibles para la temporada. \u00a1No te la pierdas y logra los mejores outfits con estas opciones!\",\"breadcrumb\":{\"@id\":\"https:\/\/graziamagazine.com\/mx\/articles\/descubre-las-tendencias-que-no-pueden-faltar-en-tu-armario-para-primavera-verano\/#breadcrumb\"},\"inLanguage\":\"es-MX\",\"potentialAction\":[{\"@type\":\"ReadAction\",\"target\":[\"https:\/\/graziamagazine.com\/mx\/articles\/descubre-las-tendencias-que-no-pueden-faltar-en-tu-armario-para-primavera-verano\/\"]}]},{\"@type\":\"BreadcrumbList\",\"@id\":\"https:\/\/graziamagazine.com\/mx\/articles\/descubre-las-tendencias-que-no-pueden-faltar-en-tu-armario-para-primavera-verano\/#breadcrumb\",\"itemListElement\":[{\"@type\":\"ListItem\",\"position\":1,\"name\":\"Home\",\"item\":\"https:\/\/graziamagazine.com\/mx\/\"},{\"@type\":\"ListItem\",\"position\":2,\"name\":\"Descubre las tendencias que no pueden faltar en tu armario para primavera-verano\"}]},{\"@type\":\"WebSite\",\"@id\":\"https:\/\/graziamagazine.com\/mx\/#website\",\"url\":\"https:\/\/graziamagazine.com\/mx\/\",\"name\":\"Grazia M\u00e9xico y Latinoam\u00e9rica\",\"description\":\"Grazia es moda, belleza y noticias  de actualidad \",\"potentialAction\":[{\"@type\":\"SearchAction\",\"target\":{\"@type\":\"EntryPoint\",\"urlTemplate\":\"https:\/\/graziamagazine.com\/mx\/?s={search_term_string}\"},\"query-input\":\"required name=search_term_string\"}],\"inLanguage\":\"es-MX\"}]}<\/script>\n<!-- \/ Yoast SEO Premium plugin. -->","yoast_head_json":{"title":"Descubre las tendencias que no pueden faltar en tu armario para primavera-verano | Grazia M\u00e9xico y Latinoam\u00e9rica","description":"Moncler tiene la gu\u00eda de prendas y accesorios imprescindibles para la temporada. \u00a1No te la pierdas y logra los mejores outfits con estas opciones!","robots":{"index":"index","follow":"follow","max-snippet":"max-snippet:-1","max-image-preview":"max-image-preview:large","max-video-preview":"max-video-preview:-1"},"canonical":"https:\/\/graziamagazine.com\/mx\/articles\/descubre-las-tendencias-que-no-pueden-faltar-en-tu-armario-para-primavera-verano\/","og_locale":"es_MX","og_type":"article","og_title":"Descubre las tendencias que no pueden faltar en tu armario para primavera-verano","og_description":"Moncler tiene la gu\u00eda de prendas y accesorios imprescindibles para la temporada. \u00a1No te la pierdas y logra los mejores outfits con estas opciones!","og_url":"https:\/\/graziamagazine.com\/mx\/articles\/descubre-las-tendencias-que-no-pueden-faltar-en-tu-armario-para-primavera-verano\/","og_site_name":"Grazia M\u00e9xico y Latinoam\u00e9rica","article_modified_time":"2021-03-11T20:45:28+00:00","og_image":[{"width":2564,"height":1717,"url":"https:\/\/graziamagazine.com\/mx\/wp-content\/uploads\/sites\/13\/2021\/03\/2-MONCLER-1952_WOMENSWEAR_EDITORIAL-IMAGES_16-1.jpg?fit=2564%2C1717","type":"image\/jpeg"}],"twitter_card":"summary_large_image","twitter_misc":{"Est. reading time":"1 minuto"},"schema":{"@context":"https:\/\/schema.org","@graph":[{"@type":"WebPage","@id":"https:\/\/graziamagazine.com\/mx\/articles\/descubre-las-tendencias-que-no-pueden-faltar-en-tu-armario-para-primavera-verano\/","url":"https:\/\/graziamagazine.com\/mx\/articles\/descubre-las-tendencias-que-no-pueden-faltar-en-tu-armario-para-primavera-verano\/","name":"Descubre las tendencias que no pueden faltar en tu armario para primavera-verano | Grazia M\u00e9xico y Latinoam\u00e9rica","isPartOf":{"@id":"https:\/\/graziamagazine.com\/mx\/#website"},"datePublished":"2021-03-11T19:45:04+00:00","dateModified":"2021-03-11T20:45:28+00:00","description":"Moncler tiene la gu\u00eda de prendas y accesorios imprescindibles para la temporada. \u00a1No te la pierdas y logra los mejores outfits con estas opciones!","breadcrumb":{"@id":"https:\/\/graziamagazine.com\/mx\/articles\/descubre-las-tendencias-que-no-pueden-faltar-en-tu-armario-para-primavera-verano\/#breadcrumb"},"inLanguage":"es-MX","potentialAction":[{"@type":"ReadAction","target":["https:\/\/graziamagazine.com\/mx\/articles\/descubre-las-tendencias-que-no-pueden-faltar-en-tu-armario-para-primavera-verano\/"]}]},{"@type":"BreadcrumbList","@id":"https:\/\/graziamagazine.com\/mx\/articles\/descubre-las-tendencias-que-no-pueden-faltar-en-tu-armario-para-primavera-verano\/#breadcrumb","itemListElement":[{"@type":"ListItem","position":1,"name":"Home","item":"https:\/\/graziamagazine.com\/mx\/"},{"@type":"ListItem","position":2,"name":"Descubre las tendencias que no pueden faltar en tu armario para primavera-verano"}]},{"@type":"WebSite","@id":"https:\/\/graziamagazine.com\/mx\/#website","url":"https:\/\/graziamagazine.com\/mx\/","name":"Grazia M\u00e9xico y Latinoam\u00e9rica","description":"Grazia es moda, belleza y noticias  de actualidad ","potentialAction":[{"@type":"SearchAction","target":{"@type":"EntryPoint","urlTemplate":"https:\/\/graziamagazine.com\/mx\/?s={search_term_string}"},"query-input":"required name=search_term_string"}],"inLanguage":"es-MX"}]}},"jetpack_sharing_enabled":true,"distributor_meta":false,"distributor_terms":false,"distributor_media":false,"distributor_original_site_name":"Grazia M\u00e9xico y Latinoam\u00e9rica","distributor_original_site_url":"https:\/\/graziamagazine.com\/mx","push-errors":false,"_links":{"self":[{"href":"https:\/\/graziamagazine.com\/mx\/wp-json\/wp\/v2\/articles\/94522"}],"collection":[{"href":"https:\/\/graziamagazine.com\/mx\/wp-json\/wp\/v2\/articles"}],"about":[{"href":"https:\/\/graziamagazine.com\/mx\/wp-json\/wp\/v2\/types\/articles"}],"author":[{"embeddable":true,"href":"https:\/\/graziamagazine.com\/mx\/wp-json\/wp\/v2\/users\/11636"}],"wp:featuredmedia":[{"embeddable":true,"href":"https:\/\/graziamagazine.com\/mx\/wp-json\/wp\/v2\/media\/94542"}],"wp:attachment":[{"href":"https:\/\/graziamagazine.com\/mx\/wp-json\/wp\/v2\/media?parent=94522"}],"wp:term":[{"taxonomy":"category","embeddable":true,"href":"https:\/\/graziamagazine.com\/mx\/wp-json\/wp\/v2\/categories?post=94522"}],"curies":[{"name":"wp","href":"https:\/\/api.w.org\/{rel}","templated":true}]}}