{"id":94357,"date":"2021-03-08T13:00:00","date_gmt":"2021-03-08T18:00:00","guid":{"rendered":"https:\/\/graziamagazine.com\/mx\/?post_type=articles&#038;p=94357"},"modified":"2021-03-08T14:47:23","modified_gmt":"2021-03-08T19:47:23","slug":"pomellato-for-women-la-conversacion-entre-jane-fonda-y-jameela-jamil-que-aborda-temas-como-la-desigualdad-de-genero-y-la-vulnerabilidad-femenina","status":"publish","type":"articles","link":"https:\/\/graziamagazine.com\/mx\/articles\/pomellato-for-women-la-conversacion-entre-jane-fonda-y-jameela-jamil-que-aborda-temas-como-la-desigualdad-de-genero-y-la-vulnerabilidad-femenina\/","title":{"rendered":"Pomellato For Women: una conversaci\u00f3n entre Jane Fonda y Jameela Jamil"},"content":{"rendered":"<p>La marca de joyer\u00eda italiana, <strong>Pomellato<\/strong> ha decidido lanzar <em><strong>Pomellato For Women<\/strong>,<\/em> una pl\u00e1tica (en formato podcast)\u00a0 entre <strong>Jane Fonda <\/strong>y <strong>Jameela Jamil, que aborda temas como la desigualdad de g\u00e9nero y la vulnerabilidad femenina<\/strong>. Con el prop\u00f3sito de conmemorar el<strong> D\u00eda Internacional de la Mujer<\/strong> ambas ponen en foco en temas como la desigualdad, los privilegios, la valent\u00eda y la resiliencia.<\/p>\n<p>La entrevista capta a las dos personalidades intergeneracionales, <strong>Jameela Jamil<\/strong>, una de las primeras <strong>feministas<\/strong> y activistas de Hollywood,\u00a0 activista que aboga por la inclusi\u00f3n y <strong>Jane Fonda,<\/strong> actriz que utiliza su influencia para concienciar sobre el <strong>activismo<\/strong>. Ambas se sientan en una sala donde el punto focal son ellas solas, sin ninguna distracci\u00f3n, en un ambiente donde lo \u00fanico que importa son las palabras y pensamientos que intercambian dichas personalidades.<\/p>\n<div class=\"content-gallery\"><div class=\"gallery-placeholder\"><div class=\"spinner\"><\/div><\/div><span class=\"gallery-pagination\"><\/span><div id=\"gallery-1\" class=\"gallery galleryid-94357 gallery-columns- gallery-size-\"><figure class=\"gallery-item\"><div class=\"gallery-icon landscape\"><img loading=\"lazy\" decoding=\"async\" width=\"2362\" height=\"3642\" src=\"https:\/\/graziamagazine.com\/mx\/wp-content\/uploads\/sites\/13\/2021\/03\/Jameela-Jamil-for-PomellatoForWomen-video-2021.jpg\" class=\"lazy\" alt=\"Pomellato For Women: La conversaci\u00f3n entre Jane Fonda y Jameela Jamil que aborda temas como la desigualdad de g\u00e9nero y la vulnerabilidad femenina\" \/><\/div><\/figure><figure class=\"gallery-item\"><div class=\"gallery-icon landscape\"><img loading=\"lazy\" decoding=\"async\" width=\"2362\" height=\"3543\" src=\"https:\/\/graziamagazine.com\/mx\/wp-content\/uploads\/sites\/13\/2021\/03\/Jane-Fonda-for-PomellatoForWomen-video-2021.jpg\" class=\"lazy\" alt=\"Pomellato For Women: La conversaci\u00f3n entre Jane Fonda y Jameela Jamil que aborda temas como la desigualdad de g\u00e9nero y la vulnerabilidad femenina\" \/><\/div><\/figure><\/div><\/div>\n<p>En traje blanco con joyas de la nueva colecci\u00f3n <strong><em>Kintsugi de Pomellato<\/em><\/strong>,\u00a0Fonda nos llena de conversaciones sobre el activismo, la emergencia clim\u00e1tica, la supremac\u00eda de la raza blanca y la historia generalizada de la desigualdad de g\u00e9nero, en donde junto a\u00a0Jamil llegan a la conclusi\u00f3n de que entre las <strong>vulnerabilidades<\/strong> y heridas de las mujeres emerge su asombrosa capacidad de <strong>resiliencia<\/strong>.<\/p>\n<p>El v\u00eddeo <strong><em>Pomellato For Women <\/em><\/strong>se emitir\u00e1 el 8 de marzo y <a href=\"https:\/\/omny.fm\/shows\/women-in-motion\/jane-jameela\" target=\"_blank\">la entrevista completa se difundir\u00e1 como un p\u00f3dcast de la serie <strong><em>Women In Motion de Kering<\/em><\/strong><\/a>, un programa creado por Kering en 2015 que destaca, a trav\u00e9s de sus charlas y premios, la creatividad y la singularidad de mujeres que cuyo trabajo en las artes y la cultura est\u00e1 ayudando a transformar nuestra visi\u00f3n del mundo.<\/p>\n<p><iframe loading=\"lazy\" title=\"Spotify Embed: Jane &amp; Jameela\" width=\"100%\" height=\"232\" allowtransparency=\"true\" frameborder=\"0\" allow=\"encrypted-media\" src=\"https:\/\/open.spotify.com\/embed-podcast\/episode\/1bk3yp5w0TbaniZ1SY0cX7?si=5a12387c6e624ca9\"><\/iframe><\/p>\n<p>Iniciativas como estas ayudan a que la lucha por la mujer sea m\u00e1s visibilizada, y con ello llegue a m\u00e1s lugares para que se haga una voz m\u00e1s grande para todas aquellas que no pueden alzarla. Sin duda alguna, <strong><em>Pomellato For Women\u00a0<\/em><\/strong>abre los ojos y los pensamientos de muchos y contribuye a la lucha del d\u00eda a d\u00eda de la mujer.<\/p>\n<p><iframe loading=\"lazy\" title=\"Pomellato for Women - International Women&#039;s Day 2021 - 60 secs\" width=\"500\" height=\"281\" src=\"https:\/\/www.youtube.com\/embed\/d-DWk3CFZgA?feature=oembed\" frameborder=\"0\" allow=\"accelerometer; autoplay; clipboard-write; encrypted-media; gyroscope; picture-in-picture\" allowfullscreen><\/iframe><\/p>\n<h5><em>*IMAGEN: Pomellato<\/em><\/h5>\n","protected":false},"author":27779,"featured_media":94393,"template":"","format":"standard","categories":[114,9864],"acf":[],"yoast_head":"<!-- This site is optimized with the Yoast SEO Premium plugin v18.5 (Yoast SEO v20.4) - https:\/\/yoast.com\/wordpress\/plugins\/seo\/ -->\n<title>Pomellato For Women: una conversaci\u00f3n entre Jane Fonda y Jameela Jamil | Grazia M\u00e9xico y Latinoam\u00e9rica<\/title>\n<meta name=\"description\" content=\"Pomellato se ha unido a la lucha por las mujeres con esta incre\u00edble iniciativa\" \/>\n<meta name=\"robots\" content=\"index, follow, max-snippet:-1, max-image-preview:large, max-video-preview:-1\" \/>\n<link rel=\"canonical\" href=\"https:\/\/graziamagazine.com\/mx\/articles\/pomellato-for-women-la-conversacion-entre-jane-fonda-y-jameela-jamil-que-aborda-temas-como-la-desigualdad-de-genero-y-la-vulnerabilidad-femenina\/\" \/>\n<meta property=\"og:locale\" content=\"es_MX\" \/>\n<meta property=\"og:type\" content=\"article\" \/>\n<meta property=\"og:title\" content=\"Pomellato For Women: una conversaci\u00f3n entre Jane Fonda y Jameela Jamil\" \/>\n<meta property=\"og:description\" content=\"Pomellato se ha unido a la lucha por las mujeres con esta incre\u00edble iniciativa\" \/>\n<meta property=\"og:url\" content=\"https:\/\/graziamagazine.com\/mx\/articles\/pomellato-for-women-la-conversacion-entre-jane-fonda-y-jameela-jamil-que-aborda-temas-como-la-desigualdad-de-genero-y-la-vulnerabilidad-femenina\/\" \/>\n<meta property=\"og:site_name\" content=\"Grazia M\u00e9xico y Latinoam\u00e9rica\" \/>\n<meta property=\"article:modified_time\" content=\"2021-03-08T19:47:23+00:00\" \/>\n<meta property=\"og:image\" content=\"https:\/\/graziamagazine.com\/mx\/wp-content\/uploads\/sites\/13\/2021\/03\/Jane-Fonda-Jameela-Jamil-for-PomellatoForWomen-video-2021.jpg?fit=3544%2C2362\" \/>\n\t<meta property=\"og:image:width\" content=\"3544\" \/>\n\t<meta property=\"og:image:height\" content=\"2362\" \/>\n\t<meta property=\"og:image:type\" content=\"image\/jpeg\" \/>\n<meta name=\"twitter:card\" content=\"summary_large_image\" \/>\n<meta name=\"twitter:label1\" content=\"Est. reading time\" \/>\n\t<meta name=\"twitter:data1\" content=\"2 minutos\" \/>\n<script type=\"application\/ld+json\" class=\"yoast-schema-graph\">{\"@context\":\"https:\/\/schema.org\",\"@graph\":[{\"@type\":\"WebPage\",\"@id\":\"https:\/\/graziamagazine.com\/mx\/articles\/pomellato-for-women-la-conversacion-entre-jane-fonda-y-jameela-jamil-que-aborda-temas-como-la-desigualdad-de-genero-y-la-vulnerabilidad-femenina\/\",\"url\":\"https:\/\/graziamagazine.com\/mx\/articles\/pomellato-for-women-la-conversacion-entre-jane-fonda-y-jameela-jamil-que-aborda-temas-como-la-desigualdad-de-genero-y-la-vulnerabilidad-femenina\/\",\"name\":\"Pomellato For Women: una conversaci\u00f3n entre Jane Fonda y Jameela Jamil | Grazia M\u00e9xico y Latinoam\u00e9rica\",\"isPartOf\":{\"@id\":\"https:\/\/graziamagazine.com\/mx\/#website\"},\"datePublished\":\"2021-03-08T18:00:00+00:00\",\"dateModified\":\"2021-03-08T19:47:23+00:00\",\"description\":\"Pomellato se ha unido a la lucha por las mujeres con esta incre\u00edble iniciativa\",\"breadcrumb\":{\"@id\":\"https:\/\/graziamagazine.com\/mx\/articles\/pomellato-for-women-la-conversacion-entre-jane-fonda-y-jameela-jamil-que-aborda-temas-como-la-desigualdad-de-genero-y-la-vulnerabilidad-femenina\/#breadcrumb\"},\"inLanguage\":\"es-MX\",\"potentialAction\":[{\"@type\":\"ReadAction\",\"target\":[\"https:\/\/graziamagazine.com\/mx\/articles\/pomellato-for-women-la-conversacion-entre-jane-fonda-y-jameela-jamil-que-aborda-temas-como-la-desigualdad-de-genero-y-la-vulnerabilidad-femenina\/\"]}]},{\"@type\":\"BreadcrumbList\",\"@id\":\"https:\/\/graziamagazine.com\/mx\/articles\/pomellato-for-women-la-conversacion-entre-jane-fonda-y-jameela-jamil-que-aborda-temas-como-la-desigualdad-de-genero-y-la-vulnerabilidad-femenina\/#breadcrumb\",\"itemListElement\":[{\"@type\":\"ListItem\",\"position\":1,\"name\":\"Home\",\"item\":\"https:\/\/graziamagazine.com\/mx\/\"},{\"@type\":\"ListItem\",\"position\":2,\"name\":\"Pomellato For Women: una conversaci\u00f3n entre Jane Fonda y Jameela Jamil\"}]},{\"@type\":\"WebSite\",\"@id\":\"https:\/\/graziamagazine.com\/mx\/#website\",\"url\":\"https:\/\/graziamagazine.com\/mx\/\",\"name\":\"Grazia M\u00e9xico y Latinoam\u00e9rica\",\"description\":\"Grazia es moda, belleza y noticias  de actualidad \",\"potentialAction\":[{\"@type\":\"SearchAction\",\"target\":{\"@type\":\"EntryPoint\",\"urlTemplate\":\"https:\/\/graziamagazine.com\/mx\/?s={search_term_string}\"},\"query-input\":\"required name=search_term_string\"}],\"inLanguage\":\"es-MX\"}]}<\/script>\n<!-- \/ Yoast SEO Premium plugin. -->","yoast_head_json":{"title":"Pomellato For Women: una conversaci\u00f3n entre Jane Fonda y Jameela Jamil | Grazia M\u00e9xico y Latinoam\u00e9rica","description":"Pomellato se ha unido a la lucha por las mujeres con esta incre\u00edble iniciativa","robots":{"index":"index","follow":"follow","max-snippet":"max-snippet:-1","max-image-preview":"max-image-preview:large","max-video-preview":"max-video-preview:-1"},"canonical":"https:\/\/graziamagazine.com\/mx\/articles\/pomellato-for-women-la-conversacion-entre-jane-fonda-y-jameela-jamil-que-aborda-temas-como-la-desigualdad-de-genero-y-la-vulnerabilidad-femenina\/","og_locale":"es_MX","og_type":"article","og_title":"Pomellato For Women: una conversaci\u00f3n entre Jane Fonda y Jameela Jamil","og_description":"Pomellato se ha unido a la lucha por las mujeres con esta incre\u00edble iniciativa","og_url":"https:\/\/graziamagazine.com\/mx\/articles\/pomellato-for-women-la-conversacion-entre-jane-fonda-y-jameela-jamil-que-aborda-temas-como-la-desigualdad-de-genero-y-la-vulnerabilidad-femenina\/","og_site_name":"Grazia M\u00e9xico y Latinoam\u00e9rica","article_modified_time":"2021-03-08T19:47:23+00:00","og_image":[{"width":3544,"height":2362,"url":"https:\/\/graziamagazine.com\/mx\/wp-content\/uploads\/sites\/13\/2021\/03\/Jane-Fonda-Jameela-Jamil-for-PomellatoForWomen-video-2021.jpg?fit=3544%2C2362","type":"image\/jpeg"}],"twitter_card":"summary_large_image","twitter_misc":{"Est. reading time":"2 minutos"},"schema":{"@context":"https:\/\/schema.org","@graph":[{"@type":"WebPage","@id":"https:\/\/graziamagazine.com\/mx\/articles\/pomellato-for-women-la-conversacion-entre-jane-fonda-y-jameela-jamil-que-aborda-temas-como-la-desigualdad-de-genero-y-la-vulnerabilidad-femenina\/","url":"https:\/\/graziamagazine.com\/mx\/articles\/pomellato-for-women-la-conversacion-entre-jane-fonda-y-jameela-jamil-que-aborda-temas-como-la-desigualdad-de-genero-y-la-vulnerabilidad-femenina\/","name":"Pomellato For Women: una conversaci\u00f3n entre Jane Fonda y Jameela Jamil | Grazia M\u00e9xico y Latinoam\u00e9rica","isPartOf":{"@id":"https:\/\/graziamagazine.com\/mx\/#website"},"datePublished":"2021-03-08T18:00:00+00:00","dateModified":"2021-03-08T19:47:23+00:00","description":"Pomellato se ha unido a la lucha por las mujeres con esta incre\u00edble iniciativa","breadcrumb":{"@id":"https:\/\/graziamagazine.com\/mx\/articles\/pomellato-for-women-la-conversacion-entre-jane-fonda-y-jameela-jamil-que-aborda-temas-como-la-desigualdad-de-genero-y-la-vulnerabilidad-femenina\/#breadcrumb"},"inLanguage":"es-MX","potentialAction":[{"@type":"ReadAction","target":["https:\/\/graziamagazine.com\/mx\/articles\/pomellato-for-women-la-conversacion-entre-jane-fonda-y-jameela-jamil-que-aborda-temas-como-la-desigualdad-de-genero-y-la-vulnerabilidad-femenina\/"]}]},{"@type":"BreadcrumbList","@id":"https:\/\/graziamagazine.com\/mx\/articles\/pomellato-for-women-la-conversacion-entre-jane-fonda-y-jameela-jamil-que-aborda-temas-como-la-desigualdad-de-genero-y-la-vulnerabilidad-femenina\/#breadcrumb","itemListElement":[{"@type":"ListItem","position":1,"name":"Home","item":"https:\/\/graziamagazine.com\/mx\/"},{"@type":"ListItem","position":2,"name":"Pomellato For Women: una conversaci\u00f3n entre Jane Fonda y Jameela Jamil"}]},{"@type":"WebSite","@id":"https:\/\/graziamagazine.com\/mx\/#website","url":"https:\/\/graziamagazine.com\/mx\/","name":"Grazia M\u00e9xico y Latinoam\u00e9rica","description":"Grazia es moda, belleza y noticias  de actualidad ","potentialAction":[{"@type":"SearchAction","target":{"@type":"EntryPoint","urlTemplate":"https:\/\/graziamagazine.com\/mx\/?s={search_term_string}"},"query-input":"required name=search_term_string"}],"inLanguage":"es-MX"}]}},"jetpack_sharing_enabled":true,"distributor_meta":false,"distributor_terms":false,"distributor_media":false,"distributor_original_site_name":"Grazia M\u00e9xico y Latinoam\u00e9rica","distributor_original_site_url":"https:\/\/graziamagazine.com\/mx","push-errors":false,"_links":{"self":[{"href":"https:\/\/graziamagazine.com\/mx\/wp-json\/wp\/v2\/articles\/94357"}],"collection":[{"href":"https:\/\/graziamagazine.com\/mx\/wp-json\/wp\/v2\/articles"}],"about":[{"href":"https:\/\/graziamagazine.com\/mx\/wp-json\/wp\/v2\/types\/articles"}],"author":[{"embeddable":true,"href":"https:\/\/graziamagazine.com\/mx\/wp-json\/wp\/v2\/users\/27779"}],"wp:featuredmedia":[{"embeddable":true,"href":"https:\/\/graziamagazine.com\/mx\/wp-json\/wp\/v2\/media\/94393"}],"wp:attachment":[{"href":"https:\/\/graziamagazine.com\/mx\/wp-json\/wp\/v2\/media?parent=94357"}],"wp:term":[{"taxonomy":"category","embeddable":true,"href":"https:\/\/graziamagazine.com\/mx\/wp-json\/wp\/v2\/categories?post=94357"}],"curies":[{"name":"wp","href":"https:\/\/api.w.org\/{rel}","templated":true}]}}