{"id":94070,"date":"2021-02-26T09:30:04","date_gmt":"2021-02-26T14:30:04","guid":{"rendered":"https:\/\/graziamagazine.com\/mx\/?post_type=articles&#038;p=94070"},"modified":"2021-02-26T11:52:45","modified_gmt":"2021-02-26T16:52:45","slug":"emma-watson-se-retira-de-la-actuacion","status":"publish","type":"articles","link":"https:\/\/graziamagazine.com\/mx\/articles\/emma-watson-se-retira-de-la-actuacion\/","title":{"rendered":"Emma Watson, \u00bfse retira de la actuaci\u00f3n?"},"content":{"rendered":"<p><b>Emma Watson<\/b><span style=\"font-weight: 400;\"> se ha convertido en tendencia luego de que se filtrara la noticia de que abandonar\u00e1 la actuaci\u00f3n y, por supuesto, sus fans enloquecieron, al preguntarse qu\u00e9 ser\u00e1 del mundo sin ver la cara de la actriz brit\u00e1nica en las pantallas. Y aunque la informaci\u00f3n apunta a que esto es cierto, lo es al menos parcialmente.<\/span><\/p>\n<p><span style=\"font-weight: 400;\">Todo comenz\u00f3 porque su agente, <\/span><b>Jason Weinberg<\/b><span style=\"font-weight: 400;\">, declar\u00f3 que Watson est\u00e1 &#8220;inactiva&#8221;, para luego decir que &#8220;parece hablar de una pel\u00edcula porque ha dejado de actuar&#8221;. Adem\u00e1s, una fuente agreg\u00f3 que la raz\u00f3n principal podr\u00eda deberse a que quiere centrarse en su relaci\u00f3n con su novio <\/span><b>Leo Robinton.<\/b><span style=\"font-weight: 400;\"> Pero, la verdad, Emma Watson ha demostrado ser del tipo de mujer que no abandonar\u00eda su propia carrera por alguien m\u00e1s, cuando puede tener ambos, \u00bfnos crees?<\/span><\/p>\n<p><span style=\"font-weight: 400;\">&#8220;<em>Emma ha pasado a la clandestinidad; se est\u00e1 estableciendo con Leo. Est\u00e1n escondidos. Tal vez ella quiera una familia. La p\u00e1gina oficial de Instagram de Emma est\u00e1 inactiva y no se est\u00e1 actualizando<\/em>&#8220;, a\u00f1adi\u00f3 esta fuente, que considera que el \u201cretiro\u201d de Emma est\u00e1 basado en su ausencia de la industria en los \u00faltimos meses y la falta de actualizaci\u00f3n de su perfil de Instagram.\u00a0<\/span><\/p>\n<p><span style=\"font-weight: 400;\">Pero Weinberg, a\u00f1adi\u00f3 en un comunicado que Emma no est\u00e1 empacando ni se est\u00e1 retirando para vivir una vida \u201cartesanal\u201d en Los Angeles. &#8220;<em>Las cuentas de redes sociales de Emma est\u00e1n inactivas, pero su carrera no<\/em>&#8220;.<\/span><\/p>\n<p><span style=\"font-weight: 400;\">Entonces, como todo el mundo, Emma merece de un descanso de la vida p\u00fablica y dejar de compartir el minuto a minuto de su vida en redes sociales, especialmente durante la pandemia. Tambi\u00e9n tiene derecho de darse un <\/span><i><span style=\"font-weight: 400;\">break<\/span><\/i><span style=\"font-weight: 400;\"> de la actuaci\u00f3n, justo en el momento en que la industria cinematogr\u00e1fica se ha detenido o avanza a mucho mayor lentitud que el ritmo habitual.<\/span><\/p>\n<p><span style=\"font-weight: 400;\">Pero claro, fue justamente por ser la actriz que dio vida a Hermione Granger que sus fan\u00e1ticos casi \u201cse infartan\u201d con tan solo pensar en la posibilidad de su retiro, as\u00ed que fue una tendencia en redes sociales bastante v\u00e1lida. Tranquilas, \u00a1tenemos Emma Watson para rato!<\/span><\/p>\n<p><em><strong>*IMAGEN: Getty Images<\/strong><\/em><\/p>\n","protected":false},"author":11628,"featured_media":94073,"template":"","format":"standard","categories":[2],"acf":[],"yoast_head":"<!-- This site is optimized with the Yoast SEO Premium plugin v18.5 (Yoast SEO v20.4) - https:\/\/yoast.com\/wordpress\/plugins\/seo\/ -->\n<title>Emma Watson, \u00bfse retira de la actuaci\u00f3n? | Grazia M\u00e9xico y Latinoam\u00e9rica<\/title>\n<meta name=\"description\" content=\"El agente de la actriz dijo algunas palabras poco claras que alteraron a sus fans.\" \/>\n<meta name=\"robots\" content=\"index, follow, max-snippet:-1, max-image-preview:large, max-video-preview:-1\" \/>\n<link rel=\"canonical\" href=\"https:\/\/graziamagazine.com\/mx\/articles\/emma-watson-se-retira-de-la-actuacion\/\" \/>\n<meta property=\"og:locale\" content=\"es_MX\" \/>\n<meta property=\"og:type\" content=\"article\" \/>\n<meta property=\"og:title\" content=\"Emma Watson, \u00bfse retira de la actuaci\u00f3n?\" \/>\n<meta property=\"og:description\" content=\"El agente de la actriz dijo algunas palabras poco claras que alteraron a sus fans.\" \/>\n<meta property=\"og:url\" content=\"https:\/\/graziamagazine.com\/mx\/articles\/emma-watson-se-retira-de-la-actuacion\/\" \/>\n<meta property=\"og:site_name\" content=\"Grazia M\u00e9xico y Latinoam\u00e9rica\" \/>\n<meta property=\"article:modified_time\" content=\"2021-02-26T16:52:45+00:00\" \/>\n<meta property=\"og:image\" content=\"https:\/\/graziamagazine.com\/mx\/wp-content\/uploads\/sites\/13\/2021\/02\/que-significa-que-emma-watson-se-haya-unido-a-kering-como-miembro-de-su-junta-directiva-destacada-1.jpeg?fit=800%2C450\" \/>\n\t<meta property=\"og:image:width\" content=\"800\" \/>\n\t<meta property=\"og:image:height\" content=\"450\" \/>\n\t<meta property=\"og:image:type\" content=\"image\/jpeg\" \/>\n<meta name=\"twitter:card\" content=\"summary_large_image\" \/>\n<meta name=\"twitter:label1\" content=\"Est. reading time\" \/>\n\t<meta name=\"twitter:data1\" content=\"2 minutos\" \/>\n<script type=\"application\/ld+json\" class=\"yoast-schema-graph\">{\"@context\":\"https:\/\/schema.org\",\"@graph\":[{\"@type\":\"WebPage\",\"@id\":\"https:\/\/graziamagazine.com\/mx\/articles\/emma-watson-se-retira-de-la-actuacion\/\",\"url\":\"https:\/\/graziamagazine.com\/mx\/articles\/emma-watson-se-retira-de-la-actuacion\/\",\"name\":\"Emma Watson, \u00bfse retira de la actuaci\u00f3n? | Grazia M\u00e9xico y Latinoam\u00e9rica\",\"isPartOf\":{\"@id\":\"https:\/\/graziamagazine.com\/mx\/#website\"},\"datePublished\":\"2021-02-26T14:30:04+00:00\",\"dateModified\":\"2021-02-26T16:52:45+00:00\",\"description\":\"El agente de la actriz dijo algunas palabras poco claras que alteraron a sus fans.\",\"breadcrumb\":{\"@id\":\"https:\/\/graziamagazine.com\/mx\/articles\/emma-watson-se-retira-de-la-actuacion\/#breadcrumb\"},\"inLanguage\":\"es-MX\",\"potentialAction\":[{\"@type\":\"ReadAction\",\"target\":[\"https:\/\/graziamagazine.com\/mx\/articles\/emma-watson-se-retira-de-la-actuacion\/\"]}]},{\"@type\":\"BreadcrumbList\",\"@id\":\"https:\/\/graziamagazine.com\/mx\/articles\/emma-watson-se-retira-de-la-actuacion\/#breadcrumb\",\"itemListElement\":[{\"@type\":\"ListItem\",\"position\":1,\"name\":\"Home\",\"item\":\"https:\/\/graziamagazine.com\/mx\/\"},{\"@type\":\"ListItem\",\"position\":2,\"name\":\"Emma Watson, \u00bfse retira de la actuaci\u00f3n?\"}]},{\"@type\":\"WebSite\",\"@id\":\"https:\/\/graziamagazine.com\/mx\/#website\",\"url\":\"https:\/\/graziamagazine.com\/mx\/\",\"name\":\"Grazia M\u00e9xico y Latinoam\u00e9rica\",\"description\":\"Grazia es moda, belleza y noticias  de actualidad \",\"potentialAction\":[{\"@type\":\"SearchAction\",\"target\":{\"@type\":\"EntryPoint\",\"urlTemplate\":\"https:\/\/graziamagazine.com\/mx\/?s={search_term_string}\"},\"query-input\":\"required name=search_term_string\"}],\"inLanguage\":\"es-MX\"}]}<\/script>\n<!-- \/ Yoast SEO Premium plugin. -->","yoast_head_json":{"title":"Emma Watson, \u00bfse retira de la actuaci\u00f3n? | Grazia M\u00e9xico y Latinoam\u00e9rica","description":"El agente de la actriz dijo algunas palabras poco claras que alteraron a sus fans.","robots":{"index":"index","follow":"follow","max-snippet":"max-snippet:-1","max-image-preview":"max-image-preview:large","max-video-preview":"max-video-preview:-1"},"canonical":"https:\/\/graziamagazine.com\/mx\/articles\/emma-watson-se-retira-de-la-actuacion\/","og_locale":"es_MX","og_type":"article","og_title":"Emma Watson, \u00bfse retira de la actuaci\u00f3n?","og_description":"El agente de la actriz dijo algunas palabras poco claras que alteraron a sus fans.","og_url":"https:\/\/graziamagazine.com\/mx\/articles\/emma-watson-se-retira-de-la-actuacion\/","og_site_name":"Grazia M\u00e9xico y Latinoam\u00e9rica","article_modified_time":"2021-02-26T16:52:45+00:00","og_image":[{"width":800,"height":450,"url":"https:\/\/graziamagazine.com\/mx\/wp-content\/uploads\/sites\/13\/2021\/02\/que-significa-que-emma-watson-se-haya-unido-a-kering-como-miembro-de-su-junta-directiva-destacada-1.jpeg?fit=800%2C450","type":"image\/jpeg"}],"twitter_card":"summary_large_image","twitter_misc":{"Est. reading time":"2 minutos"},"schema":{"@context":"https:\/\/schema.org","@graph":[{"@type":"WebPage","@id":"https:\/\/graziamagazine.com\/mx\/articles\/emma-watson-se-retira-de-la-actuacion\/","url":"https:\/\/graziamagazine.com\/mx\/articles\/emma-watson-se-retira-de-la-actuacion\/","name":"Emma Watson, \u00bfse retira de la actuaci\u00f3n? | Grazia M\u00e9xico y Latinoam\u00e9rica","isPartOf":{"@id":"https:\/\/graziamagazine.com\/mx\/#website"},"datePublished":"2021-02-26T14:30:04+00:00","dateModified":"2021-02-26T16:52:45+00:00","description":"El agente de la actriz dijo algunas palabras poco claras que alteraron a sus fans.","breadcrumb":{"@id":"https:\/\/graziamagazine.com\/mx\/articles\/emma-watson-se-retira-de-la-actuacion\/#breadcrumb"},"inLanguage":"es-MX","potentialAction":[{"@type":"ReadAction","target":["https:\/\/graziamagazine.com\/mx\/articles\/emma-watson-se-retira-de-la-actuacion\/"]}]},{"@type":"BreadcrumbList","@id":"https:\/\/graziamagazine.com\/mx\/articles\/emma-watson-se-retira-de-la-actuacion\/#breadcrumb","itemListElement":[{"@type":"ListItem","position":1,"name":"Home","item":"https:\/\/graziamagazine.com\/mx\/"},{"@type":"ListItem","position":2,"name":"Emma Watson, \u00bfse retira de la actuaci\u00f3n?"}]},{"@type":"WebSite","@id":"https:\/\/graziamagazine.com\/mx\/#website","url":"https:\/\/graziamagazine.com\/mx\/","name":"Grazia M\u00e9xico y Latinoam\u00e9rica","description":"Grazia es moda, belleza y noticias  de actualidad ","potentialAction":[{"@type":"SearchAction","target":{"@type":"EntryPoint","urlTemplate":"https:\/\/graziamagazine.com\/mx\/?s={search_term_string}"},"query-input":"required name=search_term_string"}],"inLanguage":"es-MX"}]}},"jetpack_sharing_enabled":true,"distributor_meta":false,"distributor_terms":false,"distributor_media":false,"distributor_original_site_name":"Grazia M\u00e9xico y Latinoam\u00e9rica","distributor_original_site_url":"https:\/\/graziamagazine.com\/mx","push-errors":false,"_links":{"self":[{"href":"https:\/\/graziamagazine.com\/mx\/wp-json\/wp\/v2\/articles\/94070"}],"collection":[{"href":"https:\/\/graziamagazine.com\/mx\/wp-json\/wp\/v2\/articles"}],"about":[{"href":"https:\/\/graziamagazine.com\/mx\/wp-json\/wp\/v2\/types\/articles"}],"author":[{"embeddable":true,"href":"https:\/\/graziamagazine.com\/mx\/wp-json\/wp\/v2\/users\/11628"}],"wp:featuredmedia":[{"embeddable":true,"href":"https:\/\/graziamagazine.com\/mx\/wp-json\/wp\/v2\/media\/94073"}],"wp:attachment":[{"href":"https:\/\/graziamagazine.com\/mx\/wp-json\/wp\/v2\/media?parent=94070"}],"wp:term":[{"taxonomy":"category","embeddable":true,"href":"https:\/\/graziamagazine.com\/mx\/wp-json\/wp\/v2\/categories?post=94070"}],"curies":[{"name":"wp","href":"https:\/\/api.w.org\/{rel}","templated":true}]}}