{"id":93879,"date":"2021-02-23T09:00:17","date_gmt":"2021-02-23T14:00:17","guid":{"rendered":"https:\/\/graziamagazine.com\/mx\/?post_type=articles&#038;p=93879"},"modified":"2021-02-23T11:14:08","modified_gmt":"2021-02-23T16:14:08","slug":"danna-paola-usara-su-voz-para-doblar-la-cinta-de-disney-raya-y-el-ultimo-dragon","status":"publish","type":"articles","link":"https:\/\/graziamagazine.com\/mx\/articles\/danna-paola-usara-su-voz-para-doblar-la-cinta-de-disney-raya-y-el-ultimo-dragon\/","title":{"rendered":"Danna Paola pondr\u00e1 su voz para doblar la cinta de Disney \u2018Raya y el \u00faltimo drag\u00f3n\u2019"},"content":{"rendered":"<p><span style=\"font-weight: 400\">La carrera de<\/span><b> Danna Paola<\/b><span style=\"font-weight: 400\"> contin\u00faa creciendo tanto en la m\u00fasica como en la actuaci\u00f3n. Esta vez, la mexicana anunci\u00f3 que volver\u00e1 a trabajar con <\/span><b>Disney<\/b><span style=\"font-weight: 400\"> para dar la voz en espa\u00f1ol a la protagonista de <\/span><b><i>Raya y el \u00faltimo drag\u00f3n<\/i><\/b><span style=\"font-weight: 400\">, cinta que se estrena el pr\u00f3ximo 5 de marzo en en cines y en <\/span><b>Disney+ Premier Access.<\/b><span style=\"font-weight: 400\"> Ella misma hizo muy emocionada el anuncio en su cuenta de Instagram y te contamos todos los detalles.<\/span><\/p>\n<p><span style=\"font-weight: 400\">\u201c\u00a1Estoy muy emocionada! \u00a1Por fin! Voy a prestarle mi voz en la versi\u00f3n en espa\u00f1ol a Raya, la protagonista de <\/span><i><span style=\"font-weight: 400\">Raya y el \u00daltimo Drag\u00f3n<\/span><\/i><span style=\"font-weight: 400\">, el pr\u00f3ximo estreno de Disney. Adem\u00e1s, interpretar\u00e9 la canci\u00f3n \u2018<\/span><b>Hasta Vencer<\/b><span style=\"font-weight: 400\">\u2019 para la banda sonora en espa\u00f1ol de la pel\u00edcula. Dentro de poquito van a poder ver el video musical que hicimos con muuuucho amor. \u00a1Ya quiero! Est\u00e9n muuuuy atentos\u201d, escribi\u00f3 Danna Paola en su cuenta de Instagram, junto a una imagen promocional de la cinta y un video en el que podemos ver toda su emoci\u00f3n.\u00a0<\/span><\/p>\n<blockquote><p><span style=\"font-weight: 400\">El proceso fue muy interesante, me divert\u00ed, estaba muy emocionada y creo que Raya se ha convertido en uno de mis personajes favoritos<\/span><\/p><\/blockquote>\n<blockquote class=\"instagram-media\" data-instgrm-captioned data-instgrm-permalink=\"https:\/\/www.instagram.com\/p\/CLe9EfHslTo\/?utm_source=ig_embed&amp;utm_campaign=loading\" data-instgrm-version=\"13\" style=\" background:#FFF; border:0; border-radius:3px; box-shadow:0 0 1px 0 rgba(0,0,0,0.5),0 1px 10px 0 rgba(0,0,0,0.15); margin: 1px; max-width:658px; min-width:326px; padding:0; width:99.375%; width:-webkit-calc(100% - 2px); width:calc(100% - 2px);\">\n<div style=\"padding:16px;\"> <a href=\"https:\/\/www.instagram.com\/p\/CLe9EfHslTo\/?utm_source=ig_embed&amp;utm_campaign=loading\" style=\" background:#FFFFFF; line-height:0; padding:0 0; text-align:center; text-decoration:none; width:100%;\" target=\"_blank\"> <\/p>\n<div style=\" display: flex; flex-direction: row; align-items: center;\">\n<div style=\"background-color: #F4F4F4; border-radius: 50%; flex-grow: 0; height: 40px; margin-right: 14px; width: 40px;\"><\/div>\n<div style=\"display: flex; flex-direction: column; flex-grow: 1; justify-content: center;\">\n<div style=\" background-color: #F4F4F4; border-radius: 4px; flex-grow: 0; height: 14px; margin-bottom: 6px; width: 100px;\"><\/div>\n<div style=\" background-color: #F4F4F4; border-radius: 4px; flex-grow: 0; height: 14px; width: 60px;\"><\/div>\n<\/div>\n<\/div>\n<div style=\"padding: 19% 0;\"><\/div>\n<div style=\"display:block; height:50px; margin:0 auto 12px; width:50px;\"><svg width=\"50px\" height=\"50px\" viewBox=\"0 0 60 60\" version=\"1.1\" xmlns=\"https:\/\/www.w3.org\/2000\/svg\" xmlns:xlink=\"https:\/\/www.w3.org\/1999\/xlink\"><g stroke=\"none\" stroke-width=\"1\" fill=\"none\" fill-rule=\"evenodd\"><g transform=\"translate(-511.000000, -20.000000)\" fill=\"#000000\"><g><path d=\"M556.869,30.41 C554.814,30.41 553.148,32.076 553.148,34.131 C553.148,36.186 554.814,37.852 556.869,37.852 C558.924,37.852 560.59,36.186 560.59,34.131 C560.59,32.076 558.924,30.41 556.869,30.41 M541,60.657 C535.114,60.657 530.342,55.887 530.342,50 C530.342,44.114 535.114,39.342 541,39.342 C546.887,39.342 551.658,44.114 551.658,50 C551.658,55.887 546.887,60.657 541,60.657 M541,33.886 C532.1,33.886 524.886,41.1 524.886,50 C524.886,58.899 532.1,66.113 541,66.113 C549.9,66.113 557.115,58.899 557.115,50 C557.115,41.1 549.9,33.886 541,33.886 M565.378,62.101 C565.244,65.022 564.756,66.606 564.346,67.663 C563.803,69.06 563.154,70.057 562.106,71.106 C561.058,72.155 560.06,72.803 558.662,73.347 C557.607,73.757 556.021,74.244 553.102,74.378 C549.944,74.521 548.997,74.552 541,74.552 C533.003,74.552 532.056,74.521 528.898,74.378 C525.979,74.244 524.393,73.757 523.338,73.347 C521.94,72.803 520.942,72.155 519.894,71.106 C518.846,70.057 518.197,69.06 517.654,67.663 C517.244,66.606 516.755,65.022 516.623,62.101 C516.479,58.943 516.448,57.996 516.448,50 C516.448,42.003 516.479,41.056 516.623,37.899 C516.755,34.978 517.244,33.391 517.654,32.338 C518.197,30.938 518.846,29.942 519.894,28.894 C520.942,27.846 521.94,27.196 523.338,26.654 C524.393,26.244 525.979,25.756 528.898,25.623 C532.057,25.479 533.004,25.448 541,25.448 C548.997,25.448 549.943,25.479 553.102,25.623 C556.021,25.756 557.607,26.244 558.662,26.654 C560.06,27.196 561.058,27.846 562.106,28.894 C563.154,29.942 563.803,30.938 564.346,32.338 C564.756,33.391 565.244,34.978 565.378,37.899 C565.522,41.056 565.552,42.003 565.552,50 C565.552,57.996 565.522,58.943 565.378,62.101 M570.82,37.631 C570.674,34.438 570.167,32.258 569.425,30.349 C568.659,28.377 567.633,26.702 565.965,25.035 C564.297,23.368 562.623,22.342 560.652,21.575 C558.743,20.834 556.562,20.326 553.369,20.18 C550.169,20.033 549.148,20 541,20 C532.853,20 531.831,20.033 528.631,20.18 C525.438,20.326 523.257,20.834 521.349,21.575 C519.376,22.342 517.703,23.368 516.035,25.035 C514.368,26.702 513.342,28.377 512.574,30.349 C511.834,32.258 511.326,34.438 511.181,37.631 C511.035,40.831 511,41.851 511,50 C511,58.147 511.035,59.17 511.181,62.369 C511.326,65.562 511.834,67.743 512.574,69.651 C513.342,71.625 514.368,73.296 516.035,74.965 C517.703,76.634 519.376,77.658 521.349,78.425 C523.257,79.167 525.438,79.673 528.631,79.82 C531.831,79.965 532.853,80.001 541,80.001 C549.148,80.001 550.169,79.965 553.369,79.82 C556.562,79.673 558.743,79.167 560.652,78.425 C562.623,77.658 564.297,76.634 565.965,74.965 C567.633,73.296 568.659,71.625 569.425,69.651 C570.167,67.743 570.674,65.562 570.82,62.369 C570.966,59.17 571,58.147 571,50 C571,41.851 570.966,40.831 570.82,37.631\"><\/path><\/g><\/g><\/g><\/svg><\/div>\n<div style=\"padding-top: 8px;\">\n<div style=\" color:#3897f0; font-family:Arial,sans-serif; font-size:14px; font-style:normal; font-weight:550; line-height:18px;\"> View this post on Instagram<\/div>\n<\/div>\n<div style=\"padding: 12.5% 0;\"><\/div>\n<div style=\"display: flex; flex-direction: row; margin-bottom: 14px; align-items: center;\">\n<div>\n<div style=\"background-color: #F4F4F4; border-radius: 50%; height: 12.5px; width: 12.5px; transform: translateX(0px) translateY(7px);\"><\/div>\n<div style=\"background-color: #F4F4F4; height: 12.5px; transform: rotate(-45deg) translateX(3px) translateY(1px); width: 12.5px; flex-grow: 0; margin-right: 14px; margin-left: 2px;\"><\/div>\n<div style=\"background-color: #F4F4F4; border-radius: 50%; height: 12.5px; width: 12.5px; transform: translateX(9px) translateY(-18px);\"><\/div>\n<\/div>\n<div style=\"margin-left: 8px;\">\n<div style=\" background-color: #F4F4F4; border-radius: 50%; flex-grow: 0; height: 20px; width: 20px;\"><\/div>\n<div style=\" width: 0; height: 0; border-top: 2px solid transparent; border-left: 6px solid #f4f4f4; border-bottom: 2px solid transparent; transform: translateX(16px) translateY(-4px) rotate(30deg)\"><\/div>\n<\/div>\n<div style=\"margin-left: auto;\">\n<div style=\" width: 0px; border-top: 8px solid #F4F4F4; border-right: 8px solid transparent; transform: translateY(16px);\"><\/div>\n<div style=\" background-color: #F4F4F4; flex-grow: 0; height: 12px; width: 16px; transform: translateY(-4px);\"><\/div>\n<div style=\" width: 0; height: 0; border-top: 8px solid #F4F4F4; border-left: 8px solid transparent; transform: translateY(-4px) translateX(8px);\"><\/div>\n<\/div>\n<\/div>\n<div style=\"display: flex; flex-direction: column; flex-grow: 1; justify-content: center; margin-bottom: 24px;\">\n<div style=\" background-color: #F4F4F4; border-radius: 4px; flex-grow: 0; height: 14px; margin-bottom: 6px; width: 224px;\"><\/div>\n<div style=\" background-color: #F4F4F4; border-radius: 4px; flex-grow: 0; height: 14px; width: 144px;\"><\/div>\n<\/div>\n<p><\/a><\/p>\n<p style=\" color:#c9c8cd; font-family:Arial,sans-serif; font-size:14px; line-height:17px; margin-bottom:0; margin-top:8px; overflow:hidden; padding:8px 0 7px; text-align:center; text-overflow:ellipsis; white-space:nowrap;\"><a href=\"https:\/\/www.instagram.com\/p\/CLe9EfHslTo\/?utm_source=ig_embed&amp;utm_campaign=loading\" style=\" color:#c9c8cd; font-family:Arial,sans-serif; font-size:14px; font-style:normal; font-weight:normal; line-height:17px; text-decoration:none;\" target=\"_blank\" target=\"_blank\">A post shared by Danna Paola (@dannapaola)<\/a><\/p>\n<\/div>\n<\/blockquote>\n<p><script async src=\"\/\/platform.instagram.com\/en_US\/embeds.js\"><\/script><\/p>\n<p><span style=\"font-weight: 400\">Por su parte, <\/span><b>Disney Plus Latin America<\/b><span style=\"font-weight: 400\"> escribi\u00f3 en su cuenta de Twitter que \u201cDanna Paola ser\u00e1 la voz de Raya en la versi\u00f3n doblada de <\/span><i><span style=\"font-weight: 400\">Raya and the Last Dragon.<\/span><\/i><span style=\"font-weight: 400\"> E interpretar\u00e1 <\/span><i><span style=\"font-weight: 400\">Hasta vencer<\/span><\/i><span style=\"font-weight: 400\">, canci\u00f3n que formar\u00e1 parte de la banda sonora de la pel\u00edcula\u201d.<\/span><\/p>\n<p><span style=\"font-weight: 400\">Esta no es la primera vez que la cantante trabaja para Disney, lo hizo ya en 2010 dando voz a la versi\u00f3n en espa\u00f1ol de Rapunzel en <\/span><b><i>Enredados<\/i><\/b><span style=\"font-weight: 400\">, y lo hizo de una manera espectacular.<\/span><\/p>\n<p><span style=\"font-weight: 400\">Esta colaboraci\u00f3n con Disney es anunciada en medio del atravesado lanzamiento de su \u00e1lbum <\/span><b>KO<\/b><span style=\"font-weight: 400\">, el mes pasado, tras haberse filtrado ilegalmente un d\u00eda antes de su lanzamiento oficial. La int\u00e9rprete comparti\u00f3 la noticia con sus seguidores, habl\u00f3 sobre el susto que experiment\u00f3 y las acciones realizadas por las plataformas de transmisi\u00f3n de m\u00fasica para proteger el material.<\/span><\/p>\n<blockquote class=\"twitter-tweet\" data-width=\"500\" data-dnt=\"true\">\n<p lang=\"es\" dir=\"ltr\">.<a href=\"https:\/\/twitter.com\/dannapaola?ref_src=twsrc%5Etfw\" target=\"_blank\">@dannapaola<\/a> ser\u00e1 la voz de Raya en la versi\u00f3n doblada de Raya y el \u00daltimo Drag\u00f3n. \ud83d\udc8e E interpretar\u00e1 \u201cHasta vencer\u201d, canci\u00f3n que formar\u00e1 parte de la banda sonora de la pel\u00edcula.<\/p>\n<p>Estreno mundial 5 de marzo en cines y en <a href=\"https:\/\/twitter.com\/hashtag\/DisneyPlus?src=hash&amp;ref_src=twsrc%5Etfw\" target=\"_blank\">#DisneyPlus<\/a> Premier Access con costo adicional. <a href=\"https:\/\/twitter.com\/hashtag\/DisneyRaya?src=hash&amp;ref_src=twsrc%5Etfw\" target=\"_blank\">#DisneyRaya<\/a> <a href=\"https:\/\/t.co\/K6KISUFC1J\" target=\"_blank\">pic.twitter.com\/K6KISUFC1J<\/a><\/p>\n<p>&mdash; Disney+ Latinoam\u00e9rica (@disneyplusla) <a href=\"https:\/\/twitter.com\/disneyplusla\/status\/1363126262164766727?ref_src=twsrc%5Etfw\" target=\"_blank\">February 20, 2021<\/a><\/p><\/blockquote>\n<p><script async src=\"https:\/\/platform.twitter.com\/widgets.js\" charset=\"utf-8\"><\/script><\/p>\n<p><span style=\"font-weight: 400\">\u201cAlgo muy loco pas\u00f3. Hace un tiempo jur\u00e9, como artista y como persona, y dije: &#8216;Meh, esas cosas nunca me van a pasar&#8217; y, dicho y hecho (\u2026) Lo \u00fanico que s\u00e9 es que se filtr\u00f3 el \u00e1lbum. Y me qued\u00e9 conmocionada y grit\u00e9, y fue como una locura, no pod\u00eda creer lo que estaba pasando\u201d, cont\u00f3 en su cuenta oficial de Instagram.<\/span><\/p>\n<p><span style=\"font-weight: 400\">La cantante y actriz comparti\u00f3 que este lanzamiento era el m\u00e1s importante de su vida y carrera y que, tras la filtraci\u00f3n, las plataformas digitales buscaron minimizar el da\u00f1o y decidieron lanzar el material discogr\u00e1fico un d\u00eda antes de la fecha prevista. \u201cLas plataformas, obviamente para proteger el contenido y para que saliera de buena calidad y todo, bueno, lanz\u00f3 el \u00e1lbum antes de tiempo. Literal, un d\u00eda antes. Por protecci\u00f3n del contenido, en este caso <\/span><b>Spotify<\/b><span style=\"font-weight: 400\">, lanz\u00f3 el \u00e1lbum a proteger y que toda la comunicaci\u00f3n fue directamente con las plataformas\u201d, a\u00f1adi\u00f3 en un Instagram Live.<\/span><\/p>\n<p><span style=\"font-weight: 400\">Y tras ese trago amargo que al final result\u00f3 ser \u201cpublicidad gratuita\u201d para el nuevo \u00e1lbum, Danna Paola hace este anuncio que nos alegra la vida y \u00a1ya queremos ver la pel\u00edcula!<\/span><\/p>\n<p><iframe loading=\"lazy\" title=\"Raya y El \u00daltimo Drag\u00f3n | Tr\u00e1iler Oficial Subtitulado\" width=\"500\" height=\"281\" src=\"https:\/\/www.youtube.com\/embed\/PF8_9NloAuQ?feature=oembed\" frameborder=\"0\" allow=\"accelerometer; autoplay; clipboard-write; encrypted-media; gyroscope; picture-in-picture\" allowfullscreen><\/iframe><\/p>\n<p><strong><em>*IMAGEN: Cortes\u00eda Disney<\/em><\/strong><\/p>\n","protected":false},"author":11628,"featured_media":93884,"template":"","format":"standard","categories":[114],"acf":[],"yoast_head":"<!-- This site is optimized with the Yoast SEO Premium plugin v18.5 (Yoast SEO v20.4) - https:\/\/yoast.com\/wordpress\/plugins\/seo\/ -->\n<title>Danna Paola pondr\u00e1 su voz para doblar la cinta de Disney \u2018Raya y el \u00faltimo drag\u00f3n\u2019 | Grazia M\u00e9xico y Latinoam\u00e9rica<\/title>\n<meta name=\"description\" content=\"La actriz prestar\u00e1 por segunda vez su voz para un proyecto de Disney.\" \/>\n<meta name=\"robots\" content=\"index, follow, max-snippet:-1, max-image-preview:large, max-video-preview:-1\" \/>\n<link rel=\"canonical\" href=\"https:\/\/graziamagazine.com\/mx\/articles\/danna-paola-usara-su-voz-para-doblar-la-cinta-de-disney-raya-y-el-ultimo-dragon\/\" \/>\n<meta property=\"og:locale\" content=\"es_MX\" \/>\n<meta property=\"og:type\" content=\"article\" \/>\n<meta property=\"og:title\" content=\"Danna Paola pondr\u00e1 su voz para doblar la cinta de Disney \u2018Raya y el \u00faltimo drag\u00f3n\u2019\" \/>\n<meta property=\"og:description\" content=\"La actriz prestar\u00e1 por segunda vez su voz para un proyecto de Disney.\" \/>\n<meta property=\"og:url\" content=\"https:\/\/graziamagazine.com\/mx\/articles\/danna-paola-usara-su-voz-para-doblar-la-cinta-de-disney-raya-y-el-ultimo-dragon\/\" \/>\n<meta property=\"og:site_name\" content=\"Grazia M\u00e9xico y Latinoam\u00e9rica\" \/>\n<meta property=\"article:modified_time\" content=\"2021-02-23T16:14:08+00:00\" \/>\n<meta property=\"og:image\" content=\"https:\/\/graziamagazine.com\/mx\/wp-content\/uploads\/sites\/13\/2021\/02\/Danna-Paola-scaled-1.jpg?fit=2560%2C1707\" \/>\n\t<meta property=\"og:image:width\" content=\"2560\" \/>\n\t<meta property=\"og:image:height\" content=\"1707\" \/>\n\t<meta property=\"og:image:type\" content=\"image\/jpeg\" \/>\n<meta name=\"twitter:card\" content=\"summary_large_image\" \/>\n<meta name=\"twitter:label1\" content=\"Est. reading time\" \/>\n\t<meta name=\"twitter:data1\" content=\"3 minutos\" \/>\n<script type=\"application\/ld+json\" class=\"yoast-schema-graph\">{\"@context\":\"https:\/\/schema.org\",\"@graph\":[{\"@type\":\"WebPage\",\"@id\":\"https:\/\/graziamagazine.com\/mx\/articles\/danna-paola-usara-su-voz-para-doblar-la-cinta-de-disney-raya-y-el-ultimo-dragon\/\",\"url\":\"https:\/\/graziamagazine.com\/mx\/articles\/danna-paola-usara-su-voz-para-doblar-la-cinta-de-disney-raya-y-el-ultimo-dragon\/\",\"name\":\"Danna Paola pondr\u00e1 su voz para doblar la cinta de Disney \u2018Raya y el \u00faltimo drag\u00f3n\u2019 | Grazia M\u00e9xico y Latinoam\u00e9rica\",\"isPartOf\":{\"@id\":\"https:\/\/graziamagazine.com\/mx\/#website\"},\"datePublished\":\"2021-02-23T14:00:17+00:00\",\"dateModified\":\"2021-02-23T16:14:08+00:00\",\"description\":\"La actriz prestar\u00e1 por segunda vez su voz para un proyecto de Disney.\",\"breadcrumb\":{\"@id\":\"https:\/\/graziamagazine.com\/mx\/articles\/danna-paola-usara-su-voz-para-doblar-la-cinta-de-disney-raya-y-el-ultimo-dragon\/#breadcrumb\"},\"inLanguage\":\"es-MX\",\"potentialAction\":[{\"@type\":\"ReadAction\",\"target\":[\"https:\/\/graziamagazine.com\/mx\/articles\/danna-paola-usara-su-voz-para-doblar-la-cinta-de-disney-raya-y-el-ultimo-dragon\/\"]}]},{\"@type\":\"BreadcrumbList\",\"@id\":\"https:\/\/graziamagazine.com\/mx\/articles\/danna-paola-usara-su-voz-para-doblar-la-cinta-de-disney-raya-y-el-ultimo-dragon\/#breadcrumb\",\"itemListElement\":[{\"@type\":\"ListItem\",\"position\":1,\"name\":\"Home\",\"item\":\"https:\/\/graziamagazine.com\/mx\/\"},{\"@type\":\"ListItem\",\"position\":2,\"name\":\"Danna Paola pondr\u00e1 su voz para doblar la cinta de Disney \u2018Raya y el \u00faltimo drag\u00f3n\u2019\"}]},{\"@type\":\"WebSite\",\"@id\":\"https:\/\/graziamagazine.com\/mx\/#website\",\"url\":\"https:\/\/graziamagazine.com\/mx\/\",\"name\":\"Grazia M\u00e9xico y Latinoam\u00e9rica\",\"description\":\"Grazia es moda, belleza y noticias  de actualidad \",\"potentialAction\":[{\"@type\":\"SearchAction\",\"target\":{\"@type\":\"EntryPoint\",\"urlTemplate\":\"https:\/\/graziamagazine.com\/mx\/?s={search_term_string}\"},\"query-input\":\"required name=search_term_string\"}],\"inLanguage\":\"es-MX\"}]}<\/script>\n<!-- \/ Yoast SEO Premium plugin. -->","yoast_head_json":{"title":"Danna Paola pondr\u00e1 su voz para doblar la cinta de Disney \u2018Raya y el \u00faltimo drag\u00f3n\u2019 | Grazia M\u00e9xico y Latinoam\u00e9rica","description":"La actriz prestar\u00e1 por segunda vez su voz para un proyecto de Disney.","robots":{"index":"index","follow":"follow","max-snippet":"max-snippet:-1","max-image-preview":"max-image-preview:large","max-video-preview":"max-video-preview:-1"},"canonical":"https:\/\/graziamagazine.com\/mx\/articles\/danna-paola-usara-su-voz-para-doblar-la-cinta-de-disney-raya-y-el-ultimo-dragon\/","og_locale":"es_MX","og_type":"article","og_title":"Danna Paola pondr\u00e1 su voz para doblar la cinta de Disney \u2018Raya y el \u00faltimo drag\u00f3n\u2019","og_description":"La actriz prestar\u00e1 por segunda vez su voz para un proyecto de Disney.","og_url":"https:\/\/graziamagazine.com\/mx\/articles\/danna-paola-usara-su-voz-para-doblar-la-cinta-de-disney-raya-y-el-ultimo-dragon\/","og_site_name":"Grazia M\u00e9xico y Latinoam\u00e9rica","article_modified_time":"2021-02-23T16:14:08+00:00","og_image":[{"width":2560,"height":1707,"url":"https:\/\/graziamagazine.com\/mx\/wp-content\/uploads\/sites\/13\/2021\/02\/Danna-Paola-scaled-1.jpg?fit=2560%2C1707","type":"image\/jpeg"}],"twitter_card":"summary_large_image","twitter_misc":{"Est. reading time":"3 minutos"},"schema":{"@context":"https:\/\/schema.org","@graph":[{"@type":"WebPage","@id":"https:\/\/graziamagazine.com\/mx\/articles\/danna-paola-usara-su-voz-para-doblar-la-cinta-de-disney-raya-y-el-ultimo-dragon\/","url":"https:\/\/graziamagazine.com\/mx\/articles\/danna-paola-usara-su-voz-para-doblar-la-cinta-de-disney-raya-y-el-ultimo-dragon\/","name":"Danna Paola pondr\u00e1 su voz para doblar la cinta de Disney \u2018Raya y el \u00faltimo drag\u00f3n\u2019 | Grazia M\u00e9xico y Latinoam\u00e9rica","isPartOf":{"@id":"https:\/\/graziamagazine.com\/mx\/#website"},"datePublished":"2021-02-23T14:00:17+00:00","dateModified":"2021-02-23T16:14:08+00:00","description":"La actriz prestar\u00e1 por segunda vez su voz para un proyecto de Disney.","breadcrumb":{"@id":"https:\/\/graziamagazine.com\/mx\/articles\/danna-paola-usara-su-voz-para-doblar-la-cinta-de-disney-raya-y-el-ultimo-dragon\/#breadcrumb"},"inLanguage":"es-MX","potentialAction":[{"@type":"ReadAction","target":["https:\/\/graziamagazine.com\/mx\/articles\/danna-paola-usara-su-voz-para-doblar-la-cinta-de-disney-raya-y-el-ultimo-dragon\/"]}]},{"@type":"BreadcrumbList","@id":"https:\/\/graziamagazine.com\/mx\/articles\/danna-paola-usara-su-voz-para-doblar-la-cinta-de-disney-raya-y-el-ultimo-dragon\/#breadcrumb","itemListElement":[{"@type":"ListItem","position":1,"name":"Home","item":"https:\/\/graziamagazine.com\/mx\/"},{"@type":"ListItem","position":2,"name":"Danna Paola pondr\u00e1 su voz para doblar la cinta de Disney \u2018Raya y el \u00faltimo drag\u00f3n\u2019"}]},{"@type":"WebSite","@id":"https:\/\/graziamagazine.com\/mx\/#website","url":"https:\/\/graziamagazine.com\/mx\/","name":"Grazia M\u00e9xico y Latinoam\u00e9rica","description":"Grazia es moda, belleza y noticias  de actualidad ","potentialAction":[{"@type":"SearchAction","target":{"@type":"EntryPoint","urlTemplate":"https:\/\/graziamagazine.com\/mx\/?s={search_term_string}"},"query-input":"required name=search_term_string"}],"inLanguage":"es-MX"}]}},"jetpack_sharing_enabled":true,"distributor_meta":false,"distributor_terms":false,"distributor_media":false,"distributor_original_site_name":"Grazia M\u00e9xico y Latinoam\u00e9rica","distributor_original_site_url":"https:\/\/graziamagazine.com\/mx","push-errors":false,"_links":{"self":[{"href":"https:\/\/graziamagazine.com\/mx\/wp-json\/wp\/v2\/articles\/93879"}],"collection":[{"href":"https:\/\/graziamagazine.com\/mx\/wp-json\/wp\/v2\/articles"}],"about":[{"href":"https:\/\/graziamagazine.com\/mx\/wp-json\/wp\/v2\/types\/articles"}],"author":[{"embeddable":true,"href":"https:\/\/graziamagazine.com\/mx\/wp-json\/wp\/v2\/users\/11628"}],"wp:featuredmedia":[{"embeddable":true,"href":"https:\/\/graziamagazine.com\/mx\/wp-json\/wp\/v2\/media\/93884"}],"wp:attachment":[{"href":"https:\/\/graziamagazine.com\/mx\/wp-json\/wp\/v2\/media?parent=93879"}],"wp:term":[{"taxonomy":"category","embeddable":true,"href":"https:\/\/graziamagazine.com\/mx\/wp-json\/wp\/v2\/categories?post=93879"}],"curies":[{"name":"wp","href":"https:\/\/api.w.org\/{rel}","templated":true}]}}